{"id":39654,"date":"2024-04-01T15:51:14","date_gmt":"2024-04-01T18:51:14","guid":{"rendered":"https:\/\/www.tjes.jus.br\/corregedoria\/?p=39654"},"modified":"2024-07-31T15:48:00","modified_gmt":"2024-07-31T18:48:00","slug":"ato-normativo-conjunto-no-02-2024-disp-01-04-2024","status":"publish","type":"post","link":"https:\/\/www.tjes.jus.br\/corregedoria\/2024\/04\/01\/ato-normativo-conjunto-no-02-2024-disp-01-04-2024\/","title":{"rendered":"ATO NORMATIVO CONJUNTO N\u00ba 003\/2024 \u2013 DISP. 01\/04\/2024 &#8211; ALTERADO"},"content":{"rendered":"\n<p style=\"text-align: center;\"><strong><span style=\"color: #ff0000;\">ALTERADO PELO<\/span> <a href=\"https:\/\/www.tjes.jus.br\/corregedoria\/2024\/07\/31\/ato-normativo-conjunto-no-014-2024-disp-20-06-2024\/\">ATO NORMATIVO CONJUNTO N\u00ba 014\/2024<\/a> <span style=\"color: #ff0000;\">DISP. 20\/06\/2024<\/span><\/strong><\/p>\n<p align=\"center\"><strong>PODER JUDICI\u00c1RIO DO ESTADO DO ESP\u00cdRITO SANTO &#8211; PJES<\/strong><\/p>\n<p align=\"center\">RUA DESEMBARGADOR HOMERO MAFRA,60 &#8211; Bairro ENSEADA DO SU\u00c1 &#8211; CEP 29050906 &#8211; Vit\u00f3ria &#8211; ES &#8211; www.tjes.jus.br<\/p>\n<p align=\"center\">\u00a0<\/p>\n<p style=\"text-align: center;\" align=\"center\"><strong>ATO NORMATIVO CONJUNTO N\u00ba\u00a0 003\/2024<\/strong><\/p>\n<p align=\"justify\">\u00a0<\/p>\n<p align=\"justify\">Altera a composi\u00e7\u00e3o do Comit\u00ea Gestor Local da Pol\u00edtica Judici\u00e1ria para a Primeira Inf\u00e2ncia.<\/p>\n<p align=\"justify\">\u00a0<\/p>\n<p>\u00a0<\/p>\n<p align=\"justify\">O Excelent\u00edssimo Senhor\u00a0Desembargador SAMUEL MEIRA BRASIL J\u00daNIOR, Presidente do Tribunal de Justi\u00e7a do Estado do Esp\u00edrito Santo, o Excelent\u00edssimo Senhor Desembargador WILLIAN SILVA, Corregedor Geral de Justi\u00e7a do Estado do Esp\u00edrito Santo, e o Excelent\u00edssimo Senhor Desembargador JORGE HENRIQUE VALLE DOS SANTOS, Supervisor das Varas da Inf\u00e2ncia e Juventude, no uso de suas atribui\u00e7\u00f5es legais e,<\/p>\n<p align=\"justify\">\u00a0<\/p>\n<p>\u00a0<\/p>\n<p>\u00a0<\/p>\n<p align=\"justify\">RESOLVEM:<\/p>\n<p align=\"justify\">\u00a0<\/p>\n<p>\u00a0<\/p>\n<p>\u00a0<\/p>\n<p align=\"justify\">Art. 1\u00ba Alterar a composi\u00e7\u00e3o do Comit\u00ea Gestor Local da Pol\u00edtica Judici\u00e1ria para a Primeira Inf\u00e2ncia (CGLPJPI), vinculado \u00e0 Presid\u00eancia deste Egr\u00e9gio Tribunal, que passa a ser integrado\u00a0pelos seguintes membros:<\/p>\n<p align=\"justify\">\u00a0<\/p>\n<p>\u00a0<\/p>\n<p align=\"justify\">I \u2013 o Supervisor das Varas de Inf\u00e2ncia e Juventude, Desembargador Jorge Henrique Valle dos Santos, que o coordenar\u00e1.<\/p>\n<p>\u00a0<\/p>\n<p align=\"justify\">II \u2013 o Coordenador das Varas de Inf\u00e2ncia e Juventude, Juiz Arion Merg\u00e1r;<\/p>\n<p>\u00a0<\/p>\n<p align=\"justify\">III \u2013 a ju\u00edza auxiliar da\u00a0Corregedoria Geral da Justi\u00e7a, Dra. Gisele Souza de Oliveira;<\/p>\n<p>\u00a0<\/p>\n<p align=\"justify\">IV \u2013 a representante da Coordenadoria Estadual da Mulher em Situa\u00e7\u00e3o de Viol\u00eancia Dom\u00e9stica e Familiar, Ju\u00edza Herm\u00ednia Maria Silveira Azoury;<\/p>\n<p>\u00a0<\/p>\n<p align=\"justify\">V \u2013 o representante do F\u00f3rum Permanente de Ju\u00edzes de Fam\u00edlia do Tribunal de Justi\u00e7a do Esp\u00edrito Santo (FORFAM), Juiz F\u00e1bio Gomes e Gama J\u00fanior.<\/p>\n<p>\u00a0<\/p>\n<p align=\"justify\">VI- a representante com atua\u00e7\u00e3o junto ao Grupo de Monitoramento e Fiscaliza\u00e7\u00e3o do Sistema Carcer\u00e1rio e do Sistema Socioeducativo (GMF-SS), Ju\u00edza Viviane Brito Borille;<\/p>\n<p>\u00a0<\/p>\n<p align=\"justify\">VII &#8211; o representante do N\u00facleo Gestor de Justi\u00e7a Restaurativa do Poder Judici\u00e1rio do Esp\u00edrito Santo (NUGJUR), Analista Judici\u00e1rio \u2013 Psic\u00f3logo, Leandro Gama Moraes.<\/p>\n<p class=\"p5\"><span class=\"s1\">VIII<strong> &#8211;<\/strong> o representante da Justi\u00e7a Federal da Se\u00e7\u00e3o Judici\u00e1ria do Esp\u00edrito Santo, Dr. Rogerio Moreira Alves, Juiz Federal da Se\u00e7\u00e3o Judici\u00e1ria do Esp\u00edrito Santo; &#8211; <strong>ALTERADO PELO <a href=\"https:\/\/www.tjes.jus.br\/corregedoria\/2024\/07\/31\/ato-normativo-conjunto-no-014-2024-disp-20-06-2024\/\">ATO NORMATIVO CONJUNTO N\u00ba 014\/2024<\/a> DISP. 20\/06\/2024<\/strong><\/span><\/p>\n<p class=\"p5\"><span class=\"s1\">IX &#8211; a representante do Tribunal Regional do Trabalho da 17\u00aa Regi\u00e3o, Dra. Denise Marsico do Couto, Ju\u00edza Federal do Trabalho.- <strong>ALTERADO PELO <a href=\"https:\/\/www.tjes.jus.br\/corregedoria\/2024\/07\/31\/ato-normativo-conjunto-no-014-2024-disp-20-06-2024\/\">ATO NORMATIVO CONJUNTO N\u00ba 014\/2024<\/a> DISP. 20\/06\/2024<\/strong><\/span><\/p>\n<p align=\"justify\">Art. 2\u00ba O CGLPJPI poder\u00e1 convidar representantes de institui\u00e7\u00f5es do Sistema de Garantia de Direitos da Crian\u00e7a e do Adolescente, da Se\u00e7\u00e3o Judici\u00e1ria do Esp\u00edrito Santo \u2013 Justi\u00e7a Federal, do Tribunal do Trabalho da 17\u00aa Regi\u00e3o, do Minist\u00e9rio P\u00fablico do Estado do Esp\u00edrito Santo, da Procuradoria do Trabalho da 17\u00aa Regi\u00e3o, da Procuradoria da Rep\u00fablica no Esp\u00edrito Santo, da Defensoria P\u00fablica do Estado do Esp\u00edrito Santo, da Defensoria P\u00fablica da Uni\u00e3o, da Pol\u00edcia Civil do Esp\u00edrito Santo, al\u00e9m de especialistas, para realizarem a\u00e7\u00f5es espec\u00edficas que exijam a integra\u00e7\u00e3o e a coopera\u00e7\u00e3o interinstitucional para cumprimento da Resolu\u00e7\u00e3o n.\u00ba 470\/2022 do CNJ.<\/p>\n<p align=\"justify\">\u00a0<\/p>\n<p>\u00a0<\/p>\n<p>\u00a0<\/p>\n<p align=\"justify\">Art. 3\u00ba O CGLPJPI ter\u00e1 por finalidade fomentar a governan\u00e7a colaborativa, tanto no \u00e2mbito do Poder Judici\u00e1rio Estadual, quanto do Sistema de Garantia de Direitos, para o alcance dos objetivos da pol\u00edtica judici\u00e1ria direcionados \u00e0 primeira inf\u00e2ncia.<\/p>\n<p align=\"justify\">\u00a0<\/p>\n<p>\u00a0<\/p>\n<p>\u00a0<\/p>\n<p align=\"justify\">Art. 4\u00ba O CGLPJPI dever\u00e1 apresentar plano de a\u00e7\u00e3o para garantia do atendimento integrado \u00e0s crian\u00e7as na primeira inf\u00e2ncia, no prazo a ser estabelecido pelo Comit\u00ea Gestor Nacional, visando garantir a implanta\u00e7\u00e3o, o desenvolvimento, a difus\u00e3o, o monitoramento e a avalia\u00e7\u00e3o da Pol\u00edtica Judici\u00e1ria Nacional para a Primeira Inf\u00e2ncia.<\/p>\n<p>\u00a0<\/p>\n<p align=\"justify\">\u00a71\u00ba Compete ao CGLPJPI coordenar o trabalho de elabora\u00e7\u00e3o do plano de a\u00e7\u00e3o de que trata o caput, bem como monitorar a sua implementa\u00e7\u00e3o.<\/p>\n<p>\u00a0<\/p>\n<p align=\"justify\">\u00a72\u00ba O plano de a\u00e7\u00e3o dever\u00e1 indicar, observadas as peculiaridades das respectivas esferas jurisdicionais, os meios para cumprimento das obriga\u00e7\u00f5es necess\u00e1rias \u00e0 efetividade da Pol\u00edtica Judici\u00e1ria Nacional para a Primeira Inf\u00e2ncia.<\/p>\n<p>\u00a0<\/p>\n<p align=\"justify\">\u00a73\u00ba O plano de a\u00e7\u00e3o dever\u00e1 ser revisto no m\u00ednimo anualmente para o aprimoramento cont\u00ednuo da implementa\u00e7\u00e3o da pol\u00edtica judici\u00e1ria e an\u00e1lise dos resultados alcan\u00e7ados.<\/p>\n<p>\u00a0<\/p>\n<p align=\"justify\">\u00a74\u00ba O CGLPJPI reunir-se-\u00e1 por determina\u00e7\u00e3o do Coordenador, que atuar\u00e1 de acordo com o disposto nos artigos 2\u00ba e 12 da Resolu\u00e7\u00e3o n.\u00ba 470\/2022 do CNJ.<\/p>\n<p align=\"justify\">\u00a0<\/p>\n<p>\u00a0<\/p>\n<p>\u00a0<\/p>\n<p align=\"justify\">Art. 5\u00ba A realiza\u00e7\u00e3o dos trabalhos do CGLPJPI n\u00e3o importar\u00e1 no uso de recursos or\u00e7ament\u00e1rios extras.<\/p>\n<p align=\"justify\">\u00a0<\/p>\n<p>\u00a0<\/p>\n<p>\u00a0<\/p>\n<p align=\"justify\">Art. 6\u00ba Fica obrigat\u00f3ria a inclus\u00e3o do polo processual do tipo \u201ccrian\u00e7a interessada\u201d, contendo nome, CPF e data de nascimento em todas as a\u00e7\u00f5es judiciais que envolvam interesses de crian\u00e7as na forma do art. 15 da Resolu\u00e7\u00e3o n\u00ba 470\/2022.<\/p>\n<p align=\"justify\">\u00a0<\/p>\n<p>\u00a0<\/p>\n<p>\u00a0<\/p>\n<p align=\"justify\">Art. 7\u00ba Fica reconhecida como atividade inerente \u00e0 fun\u00e7\u00e3o judicial, para efeito de produtividade, a participa\u00e7\u00e3o de magistrados na concretiza\u00e7\u00e3o dos fluxos vinculados \u00e0 constru\u00e7\u00e3o da Pol\u00edtica Judici\u00e1ria local da Primeira Inf\u00e2ncia, observando-se as peculiaridades de sua jurisdi\u00e7\u00e3o.<\/p>\n<p align=\"justify\">\u00a0<\/p>\n<p>\u00a0<\/p>\n<p>\u00a0<\/p>\n<p align=\"justify\">Art. 8\u00ba Este Ato entra em vigor na data de sua publica\u00e7\u00e3o, revogando o <a href=\"https:\/\/www.tjes.jus.br\/corregedoria\/2023\/04\/20\/ato-normativo-conjunto-no-07-2023-disp-20-04-2023\/\">Ato Normativo Conjunto n\u00ba 07\/2023.<\/a><\/p>\n<p align=\"justify\">\u00a0<\/p>\n<p>\u00a0<\/p>\n<p align=\"justify\">Publique-se.<\/p>\n<p align=\"justify\">\u00a0<\/p>\n<p>\u00a0<\/p>\n<p align=\"justify\">Vit\u00f3ria, 13 de mar\u00e7o de 2024.<\/p>\n<p align=\"justify\"><br \/>\u00a0<\/p>\n<p>\u00a0<\/p>\n<p>\u00a0<\/p>\n<p align=\"center\"><strong>Desembargador SAMUEL MEIRA BRASIL JR<br \/>Presidente<\/strong><\/p>\n<p align=\"center\">\u00a0<\/p>\n<p align=\"center\">\u00a0<\/p>\n<p>\u00a0<\/p>\n<p>\u00a0<\/p>\n<p align=\"center\"><strong>Desembargador WILLIAN SILVA<br \/>Corregedor Geral<\/strong><\/p>\n<p align=\"center\">\u00a0<\/p>\n<p align=\"center\">\u00a0<\/p>\n<p>\u00a0<\/p>\n<p>\u00a0<\/p>\n<p align=\"center\"><strong>Desembargador JORGE HENRIQUE VALLE DOS SANTOS<br \/>Supervisor das Varas da Inf\u00e2ncia e Juventude<\/strong><\/p>\n","protected":false},"excerpt":{"rendered":"<p>ALTERADO PELO ATO NORMATIVO CONJUNTO N\u00ba 014\/2024 DISP. 20\/06\/2024 PODER JUDICI\u00c1RIO DO ESTADO DO ESP\u00cdRITO SANTO &#8211; PJES RUA DESEMBARGADOR HOMERO MAFRA,60 &#8211; Bairro ENSEADA DO SU\u00c1 &#8211; CEP 29050906 &#8211; Vit\u00f3ria &#8211; ES &#8211; www.tjes.jus.br \u00a0 ATO NORMATIVO CONJUNTO N\u00ba\u00a0 003\/2024 \u00a0 Altera a composi\u00e7\u00e3o do Comit\u00ea Gestor Local da Pol\u00edtica Judici\u00e1ria para a [&hellip;]<\/p>\n","protected":false},"author":8,"featured_media":0,"comment_status":"closed","ping_status":"closed","sticky":false,"template":"","format":"standard","meta":{"footnotes":""},"categories":[4,14],"tags":[],"_links":{"self":[{"href":"https:\/\/www.tjes.jus.br\/corregedoria\/wp-json\/wp\/v2\/posts\/39654"}],"collection":[{"href":"https:\/\/www.tjes.jus.br\/corregedoria\/wp-json\/wp\/v2\/posts"}],"about":[{"href":"https:\/\/www.tjes.jus.br\/corregedoria\/wp-json\/wp\/v2\/types\/post"}],"author":[{"embeddable":true,"href":"https:\/\/www.tjes.jus.br\/corregedoria\/wp-json\/wp\/v2\/users\/8"}],"replies":[{"embeddable":true,"href":"https:\/\/www.tjes.jus.br\/corregedoria\/wp-json\/wp\/v2\/comments?post=39654"}],"version-history":[{"count":7,"href":"https:\/\/www.tjes.jus.br\/corregedoria\/wp-json\/wp\/v2\/posts\/39654\/revisions"}],"predecessor-version":[{"id":40394,"href":"https:\/\/www.tjes.jus.br\/corregedoria\/wp-json\/wp\/v2\/posts\/39654\/revisions\/40394"}],"wp:attachment":[{"href":"https:\/\/www.tjes.jus.br\/corregedoria\/wp-json\/wp\/v2\/media?parent=39654"}],"wp:term":[{"taxonomy":"category","embeddable":true,"href":"https:\/\/www.tjes.jus.br\/corregedoria\/wp-json\/wp\/v2\/categories?post=39654"},{"taxonomy":"post_tag","embeddable":true,"href":"https:\/\/www.tjes.jus.br\/corregedoria\/wp-json\/wp\/v2\/tags?post=39654"}],"curies":[{"name":"wp","href":"https:\/\/api.w.org\/{rel}","templated":true}]}}