{"id":39738,"date":"2024-04-09T14:43:13","date_gmt":"2024-04-09T17:43:13","guid":{"rendered":"https:\/\/www.tjes.jus.br\/corregedoria\/?p=39738"},"modified":"2024-04-09T14:43:14","modified_gmt":"2024-04-09T17:43:14","slug":"ato-normativo-no-079-2024-disp-05-04-2024","status":"publish","type":"post","link":"https:\/\/www.tjes.jus.br\/corregedoria\/2024\/04\/09\/ato-normativo-no-079-2024-disp-05-04-2024\/","title":{"rendered":"ATO NORMATIVO N\u00ba 079\/2024 \u2013 DISP. 05\/04\/2024"},"content":{"rendered":"\n<p class=\"p1\" style=\"text-align: center;\"><span class=\"s1\">PODER JUDICI\u00c1RIO DO ESTADO DO ESP\u00cdRITO SANTO &#8211; PJES<\/span><\/p>\n<p class=\"p2\" style=\"text-align: center;\"><span class=\"s1\">RUA DESEMBARGADOR HOMERO MAFRA,60 &#8211; Bairro ENSEADA DO SU\u00c1 &#8211; CEP 29050906 &#8211; Vit\u00f3ria &#8211; ES &#8211;\u00a0<\/span><\/p>\n<p>\u00a0<\/p>\n<p class=\"p4\" style=\"text-align: center;\"><span class=\"s1\"><strong>ATO NORMATIVO N\u00ba 079\/2024<\/strong><\/span><\/p>\n<p class=\"p5\">\u00a0<\/p>\n<p>\u00a0<\/p>\n<p class=\"p5\"><span class=\"s1\">O Presidente do Tribunal de Justi\u00e7a do Estado do Esp\u00edrito Santo, no uso de suas atribui\u00e7\u00f5es legais e regimentais,<\/span><\/p>\n<p class=\"p5\">\u00a0<\/p>\n<p>\u00a0<\/p>\n<p class=\"p5\"><span class=\"s1\">Considerando o teor do Processo SEI n\u00ba 7000014-76.2024.8.08.0048, oriundo da 3\u00aa Vara C\u00edvel do Ju\u00edzo da Serra \u2013 Comarca da Capital,<\/span><\/p>\n<p class=\"p5\">\u00a0<\/p>\n<p>\u00a0<\/p>\n<p>\u00a0<\/p>\n<p class=\"p5\"><span class=\"s1\"><strong>RESOLVE:<\/strong><\/span><\/p>\n<p class=\"p5\">\u00a0<\/p>\n<p>\u00a0<\/p>\n<p>\u00a0<\/p>\n<p class=\"p5\"><span class=\"s1\">Art. 1\u00ba \u2013 Prorrogar, por mais 60 (sessenta) dias, a contar de 15 de mar\u00e7o de 2024, a suspens\u00e3o dos prazos processuais com rela\u00e7\u00e3o aos processos f\u00edsicos que tramitam na 3\u00aa Vara C\u00edvel do Ju\u00edzo da Serra \u2013 Comarca da Capital, e que ainda n\u00e3o foram cadastrados e virtualizados no sistema PJe, sem preju\u00edzo da realiza\u00e7\u00e3o das audi\u00eancias designadas e da aprecia\u00e7\u00e3o das medidas urgentes, conforme o <a href=\"https:\/\/www.tjes.jus.br\/corregedoria\/2022\/04\/06\/ato-normativo-conjunto-no-007-2022-disp-06-04-2022-republicacao\/\">Ato Normativo Conjunto n\u00ba 007\/2022.<\/a><\/span><\/p>\n<p class=\"p5\">\u00a0<\/p>\n<p>\u00a0<\/p>\n<p>\u00a0<\/p>\n<p class=\"p5\"><span class=\"s1\">Art. 2\u00ba \u2013 Este ato entra em vigor na data da sua publica\u00e7\u00e3o.<\/span><\/p>\n<p class=\"p5\">\u00a0<\/p>\n<p>\u00a0<\/p>\n<p class=\"p5\"><span class=\"s1\">Publique-se.<\/span><\/p>\n<p class=\"p5\">\u00a0<\/p>\n<p>\u00a0<\/p>\n<p class=\"p5\"><span class=\"s1\">Vit\u00f3ria\/ES, 03 de abril de 2024.<\/span><\/p>\n<p class=\"p5\">\u00a0<\/p>\n<p>\u00a0<\/p>\n<p>\u00a0<\/p>\n<p class=\"p4\" style=\"text-align: center;\"><span class=\"s1\"><strong>Desembargador\u00a0SAMUEL MEIRA BR<\/strong><\/span><span class=\"s2\"><strong>ASIL JR.<\/strong><\/span><\/p>\n<p class=\"p6\" style=\"text-align: center;\"><span class=\"s1\"><strong>Presidente<\/strong><\/span><\/p>\n","protected":false},"excerpt":{"rendered":"<p>PODER JUDICI\u00c1RIO DO ESTADO DO ESP\u00cdRITO SANTO &#8211; PJES RUA DESEMBARGADOR HOMERO MAFRA,60 &#8211; Bairro ENSEADA DO SU\u00c1 &#8211; CEP 29050906 &#8211; Vit\u00f3ria &#8211; ES &#8211;\u00a0 \u00a0 ATO NORMATIVO N\u00ba 079\/2024 \u00a0 \u00a0 O Presidente do Tribunal de Justi\u00e7a do Estado do Esp\u00edrito Santo, no uso de suas atribui\u00e7\u00f5es legais e regimentais, \u00a0 \u00a0 Considerando [&hellip;]<\/p>\n","protected":false},"author":8,"featured_media":0,"comment_status":"closed","ping_status":"closed","sticky":false,"template":"","format":"standard","meta":{"footnotes":""},"categories":[4,14],"tags":[],"_links":{"self":[{"href":"https:\/\/www.tjes.jus.br\/corregedoria\/wp-json\/wp\/v2\/posts\/39738"}],"collection":[{"href":"https:\/\/www.tjes.jus.br\/corregedoria\/wp-json\/wp\/v2\/posts"}],"about":[{"href":"https:\/\/www.tjes.jus.br\/corregedoria\/wp-json\/wp\/v2\/types\/post"}],"author":[{"embeddable":true,"href":"https:\/\/www.tjes.jus.br\/corregedoria\/wp-json\/wp\/v2\/users\/8"}],"replies":[{"embeddable":true,"href":"https:\/\/www.tjes.jus.br\/corregedoria\/wp-json\/wp\/v2\/comments?post=39738"}],"version-history":[{"count":1,"href":"https:\/\/www.tjes.jus.br\/corregedoria\/wp-json\/wp\/v2\/posts\/39738\/revisions"}],"predecessor-version":[{"id":39739,"href":"https:\/\/www.tjes.jus.br\/corregedoria\/wp-json\/wp\/v2\/posts\/39738\/revisions\/39739"}],"wp:attachment":[{"href":"https:\/\/www.tjes.jus.br\/corregedoria\/wp-json\/wp\/v2\/media?parent=39738"}],"wp:term":[{"taxonomy":"category","embeddable":true,"href":"https:\/\/www.tjes.jus.br\/corregedoria\/wp-json\/wp\/v2\/categories?post=39738"},{"taxonomy":"post_tag","embeddable":true,"href":"https:\/\/www.tjes.jus.br\/corregedoria\/wp-json\/wp\/v2\/tags?post=39738"}],"curies":[{"name":"wp","href":"https:\/\/api.w.org\/{rel}","templated":true}]}}