{"id":39954,"date":"2024-04-29T13:24:54","date_gmt":"2024-04-29T16:24:54","guid":{"rendered":"https:\/\/www.tjes.jus.br\/corregedoria\/?p=39954"},"modified":"2024-04-29T13:25:12","modified_gmt":"2024-04-29T16:25:12","slug":"corregedor-geral-da-justica-participa-do-93o-encontro-nacional-do-corregedores-em-tocantins","status":"publish","type":"post","link":"https:\/\/www.tjes.jus.br\/corregedoria\/2024\/04\/29\/corregedor-geral-da-justica-participa-do-93o-encontro-nacional-do-corregedores-em-tocantins\/","title":{"rendered":"Corregedor-Geral da Justi\u00e7a participa do 93\u00ba Encontro Nacional do Corregedores em Tocantins"},"content":{"rendered":"\n<p>O corregedor-geral da Justi\u00e7a Estadual, desembargador Willian Silva, participou, em Tocantins, do 93\u00aa Encontro Nacional dos Corregedores (Encoge), ocorrido nos dias 24, 25 e 26 de abril e que reuniu magistrados e magistradas de todas as unidades da federa\u00e7\u00e3o, para debater temas voltados para o di\u00e1logo, transpar\u00eancia, inova\u00e7\u00e3o, governan\u00e7a fundi\u00e1ria e desenvolvimento sustent\u00e1vel.<\/p>\n<p>Durante a abertura do encontro, o desembargador Willian Silva foi agraciado com a Medalha de Honra ao M\u00e9rito \u2018D\u00e9cio Ant\u00f4nio Erpen\u2019, do Col\u00e9gio Permanente de Corregedores Gerais do Brasil. A condecora\u00e7\u00e3o \u00e9 entregue a pessoas que contribuem de modo eficaz para o aperfei\u00e7oamento e celeridade da presta\u00e7\u00e3o jurisdicional aos cidad\u00e3os brasileiros.<\/p>\n<p>O corregedor-geral da Justi\u00e7a estava acompanhado dos ju\u00edzes corregedores Gisele Souza de Oliveira, C\u00e1ssio Jorge Trist\u00e3o Guedes e Ana Claudia Faria, bem como dos servidores F\u00e1bio Leite e Marcos Marinho.<\/p>\n<p>Vit\u00f3ria, 29 de abril de 2024<\/p>\n<p>Foto: Rondinelli Ribeiro<\/p>\n","protected":false},"excerpt":{"rendered":"<p>O corregedor-geral da Justi\u00e7a Estadual, desembargador Willian Silva, participou, em Tocantins, do 93\u00aa Encontro Nacional dos Corregedores (Encoge), ocorrido nos dias 24, 25 e 26 de abril e que reuniu magistrados e magistradas de todas as unidades da federa\u00e7\u00e3o, para debater temas voltados para o di\u00e1logo, transpar\u00eancia, inova\u00e7\u00e3o, governan\u00e7a fundi\u00e1ria e desenvolvimento sustent\u00e1vel. Durante a [&hellip;]<\/p>\n","protected":false},"author":18,"featured_media":39955,"comment_status":"closed","ping_status":"closed","sticky":false,"template":"","format":"standard","meta":{"footnotes":""},"categories":[1],"tags":[],"_links":{"self":[{"href":"https:\/\/www.tjes.jus.br\/corregedoria\/wp-json\/wp\/v2\/posts\/39954"}],"collection":[{"href":"https:\/\/www.tjes.jus.br\/corregedoria\/wp-json\/wp\/v2\/posts"}],"about":[{"href":"https:\/\/www.tjes.jus.br\/corregedoria\/wp-json\/wp\/v2\/types\/post"}],"author":[{"embeddable":true,"href":"https:\/\/www.tjes.jus.br\/corregedoria\/wp-json\/wp\/v2\/users\/18"}],"replies":[{"embeddable":true,"href":"https:\/\/www.tjes.jus.br\/corregedoria\/wp-json\/wp\/v2\/comments?post=39954"}],"version-history":[{"count":2,"href":"https:\/\/www.tjes.jus.br\/corregedoria\/wp-json\/wp\/v2\/posts\/39954\/revisions"}],"predecessor-version":[{"id":39957,"href":"https:\/\/www.tjes.jus.br\/corregedoria\/wp-json\/wp\/v2\/posts\/39954\/revisions\/39957"}],"wp:featuredmedia":[{"embeddable":true,"href":"https:\/\/www.tjes.jus.br\/corregedoria\/wp-json\/wp\/v2\/media\/39955"}],"wp:attachment":[{"href":"https:\/\/www.tjes.jus.br\/corregedoria\/wp-json\/wp\/v2\/media?parent=39954"}],"wp:term":[{"taxonomy":"category","embeddable":true,"href":"https:\/\/www.tjes.jus.br\/corregedoria\/wp-json\/wp\/v2\/categories?post=39954"},{"taxonomy":"post_tag","embeddable":true,"href":"https:\/\/www.tjes.jus.br\/corregedoria\/wp-json\/wp\/v2\/tags?post=39954"}],"curies":[{"name":"wp","href":"https:\/\/api.w.org\/{rel}","templated":true}]}}