{"id":40694,"date":"2024-08-06T17:52:57","date_gmt":"2024-08-06T20:52:57","guid":{"rendered":"https:\/\/www.tjes.jus.br\/corregedoria\/?p=40694"},"modified":"2024-10-14T13:08:30","modified_gmt":"2024-10-14T16:08:30","slug":"ato-normativo-no-164-2024-disp-22-07-2024","status":"publish","type":"post","link":"https:\/\/www.tjes.jus.br\/corregedoria\/2024\/08\/06\/ato-normativo-no-164-2024-disp-22-07-2024\/","title":{"rendered":"ATO NORMATIVO N\u00ba 164\/2024 \u2013 DISP. 22\/07\/2024 &#8211; SEM EFEITO"},"content":{"rendered":"\n<h4 style=\"text-align: center;\" align=\"center\"><span style=\"color: #ff0000;\"><strong>TORNADO SEM EFEITO PELO <a href=\"https:\/\/www.tjes.jus.br\/corregedoria\/2024\/10\/14\/ato-normativo-no-225-2024-disp-14-10-2024\/\">ATO NORMATIVO N\u00ba225\/2024<\/a> DISP. 11\/10\/2024<\/strong><\/span><\/h4>\n<p align=\"center\">PODER JUDICI\u00c1RIO DO ESTADO DO ESP\u00cdRITO SANTO &#8211; PJES<\/p>\n<p align=\"center\">RUA DESEMBARGADOR HOMERO MAFRA,60 &#8211; Bairro ENSEADA DO SU\u00c1 &#8211; CEP 29050906 &#8211; Vit\u00f3ria &#8211; ES &#8211; www.tjes.jus.br<\/p>\n<p>\u00a0<\/p>\n<p align=\"center\"><strong>ATO NORMATIVO N\u00ba 164\/2024<\/strong><\/p>\n<p>\u00a0<\/p>\n<p>\u00a0<\/p>\n<p style=\"text-align: left;\" align=\"right\"><strong>Indica Encarregado pelo Tratamento de Dados Pessoais no \u00e2mbito do Poder Judici\u00e1rio do Estado do Esp\u00edrito Santo.<\/strong><\/p>\n<p>\u00a0<\/p>\n<p>\u00a0<\/p>\n<p>\u00a0<\/p>\n<p align=\"justify\"><strong>O PRESIDENTE DO TRIBUNAL DE JUSTI\u00c7A DO ESTADO DO ESP\u00cdRITO SANTO, DESEMBARGADOR SAMUEL MEIRA BRASIL JR.<\/strong>, no uso de suas atribui\u00e7\u00f5es legais e regimentais.<\/p>\n<p align=\"justify\">\u00a0<\/p>\n<p>\u00a0<\/p>\n<p align=\"justify\"><strong>CONSIDERANDO<\/strong>\u00a0o artigo 41 da Lei n\u00ba 13.709, de 14 de agosto de 2018, que determina a necessidade de indica\u00e7\u00e3o de encarregado pelo tratamento de dados pessoais pelo controlador;<\/p>\n<p>\u00a0<\/p>\n<p align=\"justify\"><strong>CONSIDERANDO<\/strong>\u00a0a Resolu\u00e7\u00e3o n\u00ba 363, de 12 de janeiro de 2021, do Conselho Nacional de Justi\u00e7a (CNJ), que estabelece medidas para o processo de adequa\u00e7\u00e3o \u00e0 Lei Geral de Prote\u00e7\u00e3o de Dados Pessoais a serem adotadas pelos tribunais;<\/p>\n<p>\u00a0<\/p>\n<p align=\"justify\"><strong>CONSIDERANDO<\/strong>\u00a0a Resolu\u00e7\u00e3o CD\/ANPD n\u00ba 18, de 16 de julho de 2024, da Ag\u00eancia Nacional de Prote\u00e7\u00e3o de Dados, que trata da atua\u00e7\u00e3o do encarregado pelo tratamento de dados pessoais.<\/p>\n<p align=\"justify\">\u00a0<\/p>\n<p align=\"justify\">\u00a0<\/p>\n<p>\u00a0<\/p>\n<p align=\"justify\"><strong>RESOLVE:<\/strong><\/p>\n<p align=\"justify\">\u00a0<\/p>\n<p>\u00a0<\/p>\n<p>\u00a0<\/p>\n<p align=\"justify\"><strong>Art. 1\u00ba<\/strong>\u00a0Indicar a servidora Ana Carolina Sim\u00f5es Pimentel como Encarregada pelo Tratamento de Dados Pessoais do Poder Judici\u00e1rio do Estado do Esp\u00edrito Santo.<\/p>\n<p align=\"justify\">\u00a0<\/p>\n<p>\u00a0<\/p>\n<p>\u00a0<\/p>\n<p align=\"justify\"><strong>Art. 2\u00ba<\/strong>\u00a0Em caso de afastamento do Encarregado pelo Tratamento de Dados Pessoais, um suplente previamente designado exercer\u00e1 sua fun\u00e7\u00e3o.<\/p>\n<p>\u00a0<\/p>\n<p align=\"justify\">Par\u00e1grafo \u00fanico. O suplente do Encarregado pelo Tratamento de Dados Pessoais ser\u00e1 indicado pelo Comit\u00ea Gestor de Prote\u00e7\u00e3o de Dados Pessoais preferencialmente dentre os membros do Comit\u00ea.<\/p>\n<p align=\"justify\">\u00a0<\/p>\n<p>\u00a0<\/p>\n<p>\u00a0<\/p>\n<p align=\"justify\"><strong>Art. 3\u00ba<\/strong>\u00a0Compete ao Encarregado pelo Tratamento de Dados Pessoais:<\/p>\n<p>\u00a0<\/p>\n<p align=\"justify\">I &#8211; Orientar os magistrados, servidores, estagi\u00e1rios e terceirizados do Poder Judici\u00e1rio do Esp\u00edrito Santo a respeito das pr\u00e1ticas a serem adotadas em rela\u00e7\u00e3o \u00e0 prote\u00e7\u00e3o de dados pessoais;<\/p>\n<p>\u00a0<\/p>\n<p align=\"justify\">II &#8211; Receber as comunica\u00e7\u00f5es da Autoridade Nacional de Prote\u00e7\u00e3o de Dados e adotar provid\u00eancias cab\u00edveis;<\/p>\n<p>\u00a0<\/p>\n<p align=\"justify\">III &#8211; Aceitar reclama\u00e7\u00f5es e comunica\u00e7\u00f5es de titulares de dados pessoais, prestar esclarecimentos e adotar provid\u00eancias;<\/p>\n<p>\u00a0<\/p>\n<p align=\"justify\">IV &#8211; Solicitar orienta\u00e7\u00e3o do Comit\u00ea Gestor de Prote\u00e7\u00e3o de Dados Pessoais em situa\u00e7\u00f5es complexas relacionadas \u00e0 prote\u00e7\u00e3o de dados pessoais;<\/p>\n<p>\u00a0<\/p>\n<p align=\"justify\">V &#8211; Desempenhar outras atividades afins, destinadas ao Encarregado pelo Tratamento de Dados Pessoais nos normativos vigentes.<\/p>\n<p align=\"justify\">\u00a0<\/p>\n<p align=\"justify\">\u00a0<\/p>\n<p>\u00a0<\/p>\n<p>\u00a0<\/p>\n<p align=\"justify\"><strong>Art. 4\u00ba\u00a0<\/strong>Este Ato entra em vigor na data de sua publica\u00e7\u00e3o.<\/p>\n<p align=\"justify\">\u00a0<\/p>\n<p align=\"justify\">\u00a0<\/p>\n<p>\u00a0<\/p>\n<p align=\"justify\">Publique-se.<\/p>\n<p>\u00a0<\/p>\n<p style=\"text-align: left;\" align=\"right\">Vit\u00f3ria-ES, 22 julho de 2024.<\/p>\n<p align=\"justify\">\u00a0<\/p>\n<p align=\"justify\">\u00a0<\/p>\n<p>\u00a0<\/p>\n<p>\u00a0<\/p>\n<p align=\"center\"><strong>DESEMBARGADOR SAMUEL MEIRA BRASIL J\u00daNIOR<\/strong><\/p>\n<p align=\"center\"><strong>Presidente<\/strong><\/p>\n","protected":false},"excerpt":{"rendered":"<p>TORNADO SEM EFEITO PELO ATO NORMATIVO N\u00ba225\/2024 DISP. 11\/10\/2024 PODER JUDICI\u00c1RIO DO ESTADO DO ESP\u00cdRITO SANTO &#8211; PJES RUA DESEMBARGADOR HOMERO MAFRA,60 &#8211; Bairro ENSEADA DO SU\u00c1 &#8211; CEP 29050906 &#8211; Vit\u00f3ria &#8211; ES &#8211; www.tjes.jus.br \u00a0 ATO NORMATIVO N\u00ba 164\/2024 \u00a0 \u00a0 Indica Encarregado pelo Tratamento de Dados Pessoais no \u00e2mbito do Poder Judici\u00e1rio [&hellip;]<\/p>\n","protected":false},"author":8,"featured_media":0,"comment_status":"closed","ping_status":"closed","sticky":false,"template":"","format":"standard","meta":{"footnotes":""},"categories":[4,14],"tags":[],"_links":{"self":[{"href":"https:\/\/www.tjes.jus.br\/corregedoria\/wp-json\/wp\/v2\/posts\/40694"}],"collection":[{"href":"https:\/\/www.tjes.jus.br\/corregedoria\/wp-json\/wp\/v2\/posts"}],"about":[{"href":"https:\/\/www.tjes.jus.br\/corregedoria\/wp-json\/wp\/v2\/types\/post"}],"author":[{"embeddable":true,"href":"https:\/\/www.tjes.jus.br\/corregedoria\/wp-json\/wp\/v2\/users\/8"}],"replies":[{"embeddable":true,"href":"https:\/\/www.tjes.jus.br\/corregedoria\/wp-json\/wp\/v2\/comments?post=40694"}],"version-history":[{"count":2,"href":"https:\/\/www.tjes.jus.br\/corregedoria\/wp-json\/wp\/v2\/posts\/40694\/revisions"}],"predecessor-version":[{"id":41351,"href":"https:\/\/www.tjes.jus.br\/corregedoria\/wp-json\/wp\/v2\/posts\/40694\/revisions\/41351"}],"wp:attachment":[{"href":"https:\/\/www.tjes.jus.br\/corregedoria\/wp-json\/wp\/v2\/media?parent=40694"}],"wp:term":[{"taxonomy":"category","embeddable":true,"href":"https:\/\/www.tjes.jus.br\/corregedoria\/wp-json\/wp\/v2\/categories?post=40694"},{"taxonomy":"post_tag","embeddable":true,"href":"https:\/\/www.tjes.jus.br\/corregedoria\/wp-json\/wp\/v2\/tags?post=40694"}],"curies":[{"name":"wp","href":"https:\/\/api.w.org\/{rel}","templated":true}]}}