{"id":40938,"date":"2024-08-16T14:58:02","date_gmt":"2024-08-16T17:58:02","guid":{"rendered":"https:\/\/www.tjes.jus.br\/corregedoria\/?p=40938"},"modified":"2024-08-16T14:58:04","modified_gmt":"2024-08-16T17:58:04","slug":"ato-normativo-no-180-2024-disp-16-08-2024-republicacao","status":"publish","type":"post","link":"https:\/\/www.tjes.jus.br\/corregedoria\/2024\/08\/16\/ato-normativo-no-180-2024-disp-16-08-2024-republicacao\/","title":{"rendered":"ATO NORMATIVO N\u00ba 180\/2024 \u2013 DISP. 16\/08\/2024 &#8211; REPUBLICA\u00c7\u00c3O"},"content":{"rendered":"\n<div class=\"override-text\" align=\"center\">\n<p>PODER JUDICI\u00c1RIO DO ESTADO DO ESP\u00cdRITO SANTO &#8211; PJES<\/p>\n<p>RUA DESEMBARGADOR HOMERO MAFRA,60 &#8211; Bairro ENSEADA DO SU\u00c1 &#8211; CEP 29050906 &#8211; Vit\u00f3ria &#8211; ES &#8211;\u00a0<a href=\"https:\/\/www.tjes.jus.br\/\">www.tjes.jus.br<\/a><\/p>\n<p>\u00a0<\/p>\n<p>\u00a0<\/p>\n<\/div>\n<p class=\"Texto_Centralizado_Maiusculas\" style=\"text-align: center;\"><strong>ATO NORMATIVO N\u00ba 180\/2024<\/strong><\/p>\n<p>\u00a0<\/p>\n<p>\u00a0<\/p>\n<p>Altera a composi\u00e7\u00e3o da Comiss\u00e3o de Heteroidentifica\u00e7\u00e3o e da Comiss\u00e3o Recursal de Heteroidentifica\u00e7\u00e3o, no \u00e2mbito do Poder Judici\u00e1rio do Estado do Esp\u00edrito Santo, institu\u00eddas pelo Ato Normativo n\u00ba 030\/2024, alterado pelos Atos Normativos 036\/2024 e 147\/2024.<\/p>\n<p>\u00a0<\/p>\n<p><strong>O PRESIDENTE DO TRIBUNAL DE JUSTI\u00c7A DO ESTADO DO ESP\u00cdRITO SANTO (TJES)<\/strong>, no uso de suas atribui\u00e7\u00f5es legais e regimentais,<\/p>\n<p>\u00a0<\/p>\n<p>\u00a0<\/p>\n<p align=\"center\"><strong>RESOLVE:<\/strong><\/p>\n<p>\u00a0<\/p>\n<p><br \/><strong>Art. 1\u00ba\u00a0<\/strong>Alterar a composi\u00e7\u00e3o da Comiss\u00e3o de Heteroidentifica\u00e7\u00e3o, que passa a ser integrada pelos seguintes membros:<\/p>\n<p>\u00a0<\/p>\n<p>I &#8211; titulares:<\/p>\n<p>a) Willian Silva &#8211; Desembargador \u2013 Presidente;<\/p>\n<p>b) Gisele Souza de Oliveira, Ju\u00edza de Direito;<\/p>\n<p>c) Ana Cl\u00e1udia Rodrigues de Faria, Ju\u00edza de Direito;<\/p>\n<p>d) Jussiara dos Santos Martins de Souza, servidora;<\/p>\n<p>e) Rita de C\u00e1ssia Barcelos Almeida, servidora.<\/p>\n<p>\u00a0<\/p>\n<p>II &#8211; suplentes:<\/p>\n<p>a) Janete Vargas Sim\u00f5es, Desembargadora;<\/p>\n<p>b) Cl\u00e1udia Vieira de Oliveira Ara\u00fajo, Ju\u00edza de Direito;<\/p>\n<p>c) Lorena Rossoni Nogueira, servidora;<\/p>\n<p>d) Marcos Manoel Oliveira da Silva, servidor;<\/p>\n<p>e) Vald\u00e9cio Carlos da Silva J\u00fanior, servidor.<\/p>\n<p>\u00a0<\/p>\n<p>Par\u00e1grafo \u00fanico. Fica designada a servidora Rita de C\u00e1ssia Barcelos Almeida para secretariar a referida comiss\u00e3o.<\/p>\n<p>\u00a0<\/p>\n<p><br \/><strong>Art. 2\u00ba.<\/strong>\u00a0Alterar a composi\u00e7\u00e3o da Comiss\u00e3o Recursal de Heteroidentifica\u00e7\u00e3o, que passa a ser integrada pelos seguintes membros:<\/p>\n<p>\u00a0<\/p>\n<p>I \u2013 Titulares<\/p>\n<p>a) Ednalva da Penha Binda, Ju\u00edza de Direito;<\/p>\n<p>b) Paulo C\u00e9sar de Carvalho, Juiz de Direito;<\/p>\n<p>c) Maria Izabel Pereira de Azevedo Alto\u00e9, Ju\u00edza de Direito.<\/p>\n<p>\u00a0<\/p>\n<p>II \u2013 Suplentes<\/p>\n<p>a) Maiza Silva Santos,\u00a0Ju\u00edza de Direito;<\/p>\n<p>b) Leandro Silva Oliveira, servidor.<\/p>\n<p>\u00a0<\/p>\n<p>Par\u00e1grafo \u00fanico. Fica designado o servidor Leandro Silva Oliveira para secretariar a referida comiss\u00e3o.<\/p>\n<p>\u00a0<\/p>\n<p><br \/><strong>Art. 3\u00ba<\/strong>. Este Ato Normativo entra em vigor na data de sua publica\u00e7\u00e3o.<\/p>\n<p>\u00a0<\/p>\n<p>\u00a0<\/p>\n<p><strong>Republicado por conter incorre\u00e7\u00e3o.<\/strong><\/p>\n<p>\u00a0<\/p>\n<p>\u00a0<\/p>\n<p align=\"center\">Desembargador\u00a0<strong>SAMUEL MEIRA BRASIL JR.<\/strong><\/p>\n<p align=\"center\">Presidente<\/p>\n","protected":false},"excerpt":{"rendered":"<p>PODER JUDICI\u00c1RIO DO ESTADO DO ESP\u00cdRITO SANTO &#8211; PJES RUA DESEMBARGADOR HOMERO MAFRA,60 &#8211; Bairro ENSEADA DO SU\u00c1 &#8211; CEP 29050906 &#8211; Vit\u00f3ria &#8211; ES &#8211;\u00a0www.tjes.jus.br \u00a0 \u00a0 ATO NORMATIVO N\u00ba 180\/2024 \u00a0 \u00a0 Altera a composi\u00e7\u00e3o da Comiss\u00e3o de Heteroidentifica\u00e7\u00e3o e da Comiss\u00e3o Recursal de Heteroidentifica\u00e7\u00e3o, no \u00e2mbito do Poder Judici\u00e1rio do Estado do [&hellip;]<\/p>\n","protected":false},"author":8,"featured_media":0,"comment_status":"closed","ping_status":"closed","sticky":false,"template":"","format":"standard","meta":{"footnotes":""},"categories":[4,14],"tags":[],"_links":{"self":[{"href":"https:\/\/www.tjes.jus.br\/corregedoria\/wp-json\/wp\/v2\/posts\/40938"}],"collection":[{"href":"https:\/\/www.tjes.jus.br\/corregedoria\/wp-json\/wp\/v2\/posts"}],"about":[{"href":"https:\/\/www.tjes.jus.br\/corregedoria\/wp-json\/wp\/v2\/types\/post"}],"author":[{"embeddable":true,"href":"https:\/\/www.tjes.jus.br\/corregedoria\/wp-json\/wp\/v2\/users\/8"}],"replies":[{"embeddable":true,"href":"https:\/\/www.tjes.jus.br\/corregedoria\/wp-json\/wp\/v2\/comments?post=40938"}],"version-history":[{"count":1,"href":"https:\/\/www.tjes.jus.br\/corregedoria\/wp-json\/wp\/v2\/posts\/40938\/revisions"}],"predecessor-version":[{"id":40939,"href":"https:\/\/www.tjes.jus.br\/corregedoria\/wp-json\/wp\/v2\/posts\/40938\/revisions\/40939"}],"wp:attachment":[{"href":"https:\/\/www.tjes.jus.br\/corregedoria\/wp-json\/wp\/v2\/media?parent=40938"}],"wp:term":[{"taxonomy":"category","embeddable":true,"href":"https:\/\/www.tjes.jus.br\/corregedoria\/wp-json\/wp\/v2\/categories?post=40938"},{"taxonomy":"post_tag","embeddable":true,"href":"https:\/\/www.tjes.jus.br\/corregedoria\/wp-json\/wp\/v2\/tags?post=40938"}],"curies":[{"name":"wp","href":"https:\/\/api.w.org\/{rel}","templated":true}]}}