{"id":4108,"date":"2016-07-13T14:55:55","date_gmt":"2016-07-13T17:55:55","guid":{"rendered":"https:\/\/www.tjes.jus.br\/corregedoria\/?p=4108"},"modified":"2017-03-14T17:36:30","modified_gmt":"2017-03-14T20:36:30","slug":"resolucao-no-0372002-publ-25092002","status":"publish","type":"post","link":"https:\/\/www.tjes.jus.br\/corregedoria\/2016\/07\/13\/resolucao-no-0372002-publ-25092002\/","title":{"rendered":"RESOLU\u00c7\u00c3O N\u00ba 037\/2002 &#8211; PUBL. 25\/09\/2002 &#8211; REVOGADA"},"content":{"rendered":"<p style=\"text-align: center;\"><strong><del>PODER JUDICI\u00c1RIO DO ESTADO DO ESP\u00cdRITO SANTO<\/del><\/strong><br \/>\n<strong> <del> TRIBUNAL DE JUSTI\u00c7A<\/del><\/strong><\/p>\n<p style=\"text-align: center;\"><del><strong>RESOLU\u00c7\u00c3O N\u00ba 037\/2002<\/strong><\/del><\/p>\n<p style=\"text-align: justify;\"><em><del>Disp\u00f5e sobre o Regulamento do PROJETO JUSTI\u00c7A COMUNIT\u00c1RIA<\/del><\/em><\/p>\n<p style=\"text-align: justify;\"><del>O DESEMBARGADOR ALEMER FERRAZ MOULIN, PRESIDENTE DO TRIBUNAL DE JUSTI\u00c7A DO ESTADO DO ESP\u00cdRITO SANTO, no uso de suas atribui\u00e7\u00f5es legais e tendo em vista DECIS\u00c3O do Egr\u00e9gio Tribunal Pleno em sess\u00e3o realizada em 19\/09\/02;<\/del><\/p>\n<p style=\"text-align: justify;\"><del>CONSIDERANDO a institui\u00e7\u00e3o do Projeto Justi\u00e7a Comunit\u00e1ria, em todo o Estado nos termos da Resolu\u00e7\u00e3o N\u00ba 036\/2002, publicada no DJ de 24\/09\/02;<\/del><\/p>\n<p style=\"text-align: justify;\"><del>CONSIDERANDO a necessidade de regulamenta\u00e7\u00e3o da referia presta\u00e7\u00e3o de servi\u00e7o;<\/del><\/p>\n<p style=\"text-align: justify;\"><del>CONSIDERANDO a necessidade de se estabelecer regras espec\u00edficas de atua\u00e7\u00e3o aplic\u00e1veis ao Projeto Justi\u00e7a Comunit\u00e1ria;<\/del><\/p>\n<p style=\"text-align: justify;\"><del>RESOLVE:<\/del><\/p>\n<p style=\"text-align: justify;\"><del>Art. 1\u00ba Regulamentar em todo o Estado do Esp\u00edrito Santo o Projeto Justi\u00e7a Comunit\u00e1ria, que caracterizar-se-\u00e1 pelo atendimento gratuito \u00e0s popula\u00e7\u00f5es carentes na solu\u00e7\u00e3o de quest\u00f5es jurisdicionais nas esferas do Juizado Especial C\u00edvel, Vara Especializada da Inf\u00e2ncia e Juventude e Vara de Fam\u00edlia.<\/del><\/p>\n<p style=\"text-align: justify;\"><del>DA REALIZA\u00c7\u00c3O DAS ATIVIDADES<\/del><\/p>\n<p style=\"text-align: justify;\"><del>Art. 2\u00ba As atividades ser\u00e3o realizadas aos s\u00e1bados, sendo uma vez por m\u00eas em cada uma das localidades previamente indicadas pelos munic\u00edpios, de acordo com cronograma estabelecido pela coordena\u00e7\u00e3o do Projeto e, preferencialmente, em locais de f\u00e1cil acesso da popula\u00e7\u00e3o atendida.<\/del><\/p>\n<p style=\"text-align: justify;\"><del>DOS MAGISTRADOS<\/del><\/p>\n<p style=\"text-align: justify;\"><del>Art. 3\u00ba Atuar\u00e3o no Projeto Justi\u00e7a Comunit\u00e1ria os magistrados que detenham compet\u00eancia para o Juizado Especial C\u00edvel, Vara Especializada da Inf\u00e2ncia e Juventude e Vara de Fam\u00edlia.<\/del><\/p>\n<p style=\"text-align: justify;\"><del>\u00a7 1\u00ba Nas comarcas onde exista mais de um juiz poder\u00e1, a crit\u00e9rio da Presid\u00eancia do Tribunal de Justi\u00e7a, ser\u00e1 estabelecido cronograma com escala de revezamento.<\/del><\/p>\n<p style=\"text-align: justify;\"><del>\u00a7 2\u00ba Demonstrada a necessidade, poder\u00e1 ser designado juiz de outra Comarca para atuar em conjunto nas atividades, sem preju\u00edzo de suas fun\u00e7\u00f5es habituais. Nesta hip\u00f3tese, a designa\u00e7\u00e3o ser\u00e1 precedida de consulta e anu\u00eancia do magistrado.<\/del><\/p>\n<p style=\"text-align: justify;\"><del>\u00a7 3\u00ba Os magistrados que atuarem nas atividades do N\u00facleo de Atendimento aos s\u00e1bados, far\u00e3o jus \u00e0 gratifica\u00e7\u00e3o por presta\u00e7\u00e3o de servi\u00e7os extraordin\u00e1rios, nos termos dos arts. 128, inc. VIII e \u00a72\u00ba e 129, ambos da Lei Complementar n\u00ba 234\/02.<\/del><\/p>\n<p style=\"text-align: justify;\"><del>DOS AUXILIARES<\/del><\/p>\n<p style=\"text-align: justify;\"><del>Art. 4\u00ba Poder\u00e3o atuar no Projeto Justi\u00e7a Comunit\u00e1ria todos os conciliadores e servidores do quadro do Poder Judici\u00e1rio, que ser\u00e3o previamente indicados pela Coordena\u00e7\u00e3o do Projeto, mediante escala de trabalho publicada atrav\u00e9s de portaria da Presid\u00eancia.<\/del><\/p>\n<p style=\"text-align: justify;\"><del>Art. 5\u00ba Os conciliadores e servidores que atuarem nas atividades do Projeto Justi\u00e7a Comunit\u00e1ria, far\u00e3o jus a folgas compensat\u00f3rias, estabelecidas na propor\u00e7\u00e3o de 02 (dois) dias de folga para cada s\u00e1bado trabalhado.<\/del><\/p>\n<p style=\"text-align: justify;\"><del>Art. 5\u00ba Pela participa\u00e7\u00e3o comprovada nos plant\u00f5es judici\u00e1rios realizados atrav\u00e9s do projeto Justi\u00e7a Comunit\u00e1ria, os servidores escalados far\u00e3o jus ao recebimento de gratifica\u00e7\u00e3o de plant\u00e3o judici\u00e1rio prevista no artigo 36 da Lei n\u00ba 7.854\/04, de 22\/09\/04, regulamentado pela resolu\u00e7\u00e3o n\u00ba 07\/05, de 03\/03\/05, do Egr\u00e9gio Tribunal Pleno. <strong>(Alterado pela <a href=\"https:\/\/www.tjes.jus.br\/corregedoria\/index.php\/2016\/12\/16\/resolucao-no-172005-publ-em-02052005\/\" target=\"_blank\">Resolu\u00e7\u00e3o n\u00ba 17\/2005, publicado em 02\/05\/2005<\/a>)<\/strong><\/del><\/p>\n<p style=\"text-align: justify;\"><del>\u00a7 1\u00ba Para apura\u00e7\u00e3o dos dias trabalhados, na forma do caput deste artigo, o magistrado coordenador do Projeto dever\u00e1 emitir declara\u00e7\u00e3o, na qual constar\u00e3o os nomes dos servidores e conciliadores, com o n\u00famero de dias trabalhados, enviando-a \u00e0 Corregedoria Geral de Justi\u00e7a.<\/del><\/p>\n<p style=\"text-align: justify;\"><del>\u00a7 2\u00ba N\u00e3o fazem jus \u00e0s folgas os servidores que tiverem atuado nas atividades como estagi\u00e1rios e\/ou volunt\u00e1rios, em decorr\u00eancia de conv\u00eanios firmados com as universidades e as faculdades.<\/del><\/p>\n<p style=\"text-align: justify;\"><del>\u00a7 3\u00ba A folga dever\u00e1 ser gozada dentro do prazo de 12 (doze) meses, a contar da data da atividade realizada.<\/del><\/p>\n<p style=\"text-align: justify;\"><del>Art. 6\u00ba Poder\u00e3o atuar no Projeto Justi\u00e7a Comunit\u00e1ria os acad\u00eamicos das universidades e faculdades que tenham conv\u00eanio com o Tribunal de Justi\u00e7a para atividades complementares ou de est\u00e1gios.<\/del><\/p>\n<p style=\"text-align: justify;\"><del>\u00a7 1\u00ba &#8211; A presta\u00e7\u00e3o de servi\u00e7os em quest\u00e3o ser\u00e1 volunt\u00e1ria, de acordo com a Lei n\u00ba 9.608\/98 (Lei do Voluntariado).<\/del><\/p>\n<p style=\"text-align: justify;\"><del>\u00a7 2\u00ba &#8211; Ficar\u00e1 a cargo da Coordena\u00e7\u00e3o do Projeto a convoca\u00e7\u00e3o, bem como a fiscaliza\u00e7\u00e3o e declara\u00e7\u00e3o das atividades desenvolvidas para fins de est\u00e1gio e atividades complementares, fornecendo a documenta\u00e7\u00e3o necess\u00e1ria \u00e0 institui\u00e7\u00e3o de ensino.<\/del><\/p>\n<p style=\"text-align: justify;\"><del>DOS CUSTOS<\/del><\/p>\n<p style=\"text-align: justify;\"><del>Art. 7\u00ba Os custos para a realiza\u00e7\u00e3o do Projeto Justi\u00e7a Comunit\u00e1ria depender\u00e3o de pr\u00e9via autoriza\u00e7\u00e3o do Presidente do Tribunal de Justi\u00e7a.<\/del><\/p>\n<p style=\"text-align: justify;\"><del>Par\u00e1grafo \u00fanico &#8211; poder\u00e3o ser realizadas parcerias com institui\u00e7\u00f5es p\u00fablicas, universidades\/faculdades ou empresas locais.<\/del><\/p>\n<p style=\"text-align: justify;\"><del>DA DIVULGA\u00c7\u00c3O<\/del><\/p>\n<p style=\"text-align: justify;\"><del>Art. 8\u00ba A Assessoria de Imprensa do Tribunal de Justi\u00e7a ser\u00e1 respons\u00e1vel pela divulga\u00e7\u00e3o de todas as informa\u00e7\u00f5es relativas \u00e0s atividades realizadas no Estado.<\/del><\/p>\n<p style=\"text-align: justify;\"><del>Par\u00e1grafo \u00fanico &#8211; Para esta finalidade, a Coordena\u00e7\u00e3o do Projeto dever\u00e1 fornecer, com anteced\u00eancia, todos os dados das atividades e, ap\u00f3s, remeter \u00e0 assessoria relat\u00f3rio e fotos sobre as atividades desenvolvidas.<\/del><\/p>\n<p style=\"text-align: justify;\"><del>Art. 9\u00ba Fica expressamente vedada qualquer publicidade de car\u00e1ter pol\u00edtico-partid\u00e1rio ou de promo\u00e7\u00e3o pessoal.<\/del><\/p>\n<p style=\"text-align: justify;\"><del>DAS CUSTAS, DESPESAS E HONOR\u00c1RIOS<\/del><\/p>\n<p style=\"text-align: justify;\"><del>Art. 10 Na forma da lei, \u00e9 garantido o atendimento gratuito no Projeto Justi\u00e7a Comunit\u00e1ria, isento de custas, honor\u00e1rios ou qualquer outra despesa processual.<\/del><\/p>\n<p style=\"text-align: justify;\"><del>Par\u00e1grafo \u00fanico &#8211; Comparecendo a parte desacompanhada de advogado, ser-lhe-\u00e1 nomeado Defensor Dativo.<\/del><\/p>\n<p style=\"text-align: justify;\"><del>DAS DISPOSI\u00c7\u00d5ES FINAIS<\/del><\/p>\n<p style=\"text-align: justify;\"><del>Art. 11 Todas as diverg\u00eancias e d\u00favidas decorrentes deste Provimento ser\u00e3o solucionadas pela Presid\u00eancia do Tribunal de Justi\u00e7a.<\/del><\/p>\n<p style=\"text-align: justify;\"><del>Art. 12 Revogam-se as disposi\u00e7\u00f5es em contr\u00e1rio.<\/del><\/p>\n<p style=\"text-align: justify;\"><del>Art. 13 Este provimento entrar\u00e1 em vigor na data de sua publica\u00e7\u00e3o.<\/del><\/p>\n<p style=\"text-align: justify;\"><del>PUBLIQUE-SE.<\/del><\/p>\n<p style=\"text-align: center;\"><del>Vit\u00f3ria\/ES, 24 de setembro de 2002.<\/del><\/p>\n<p style=\"text-align: center;\"><del>Desembargador ALEMER FERRAZ MOULIN<\/del><br \/>\n<del>Presidente<\/del><\/p>\n<h2 style=\"text-align: center;\"><del><span style=\"color: #ff0000;\">ALTERADA PELA <a href=\"https:\/\/www.tjes.jus.br\/corregedoria\/index.php\/2016\/12\/16\/resolucao-no-172005-publ-em-02052005\/\" target=\"_blank\">RESOLU\u00c7\u00c3O 017\/2005<\/a>\u00a0&#8211; DISP. 02\/05\/2005<\/span><\/del><\/h2>\n<h2 style=\"text-align: center;\"><span style=\"color: #ff0000;\">REVOGADA PELA <a href=\"https:\/\/www.tjes.jus.br\/corregedoria\/index.php\/2016\/07\/13\/resolucao-no-0142016-disp-13072016\/\" target=\"_blank\">RESOLU\u00c7\u00c3O 014\/2016<\/a> &#8211; DISP. 13\/07\/2016<\/span><\/h2>\n","protected":false},"excerpt":{"rendered":"<p>PODER JUDICI\u00c1RIO DO ESTADO DO ESP\u00cdRITO SANTO TRIBUNAL DE JUSTI\u00c7A RESOLU\u00c7\u00c3O N\u00ba 037\/2002 Disp\u00f5e sobre o Regulamento do PROJETO JUSTI\u00c7A COMUNIT\u00c1RIA O DESEMBARGADOR ALEMER FERRAZ MOULIN, PRESIDENTE DO TRIBUNAL DE JUSTI\u00c7A DO ESTADO DO ESP\u00cdRITO SANTO, no uso de suas atribui\u00e7\u00f5es legais e tendo em vista DECIS\u00c3O do Egr\u00e9gio Tribunal Pleno em sess\u00e3o realizada em [&hellip;]<\/p>\n","protected":false},"author":1,"featured_media":0,"comment_status":"open","ping_status":"open","sticky":false,"template":"","format":"standard","meta":{"footnotes":""},"categories":[14,13],"tags":[],"_links":{"self":[{"href":"https:\/\/www.tjes.jus.br\/corregedoria\/wp-json\/wp\/v2\/posts\/4108"}],"collection":[{"href":"https:\/\/www.tjes.jus.br\/corregedoria\/wp-json\/wp\/v2\/posts"}],"about":[{"href":"https:\/\/www.tjes.jus.br\/corregedoria\/wp-json\/wp\/v2\/types\/post"}],"author":[{"embeddable":true,"href":"https:\/\/www.tjes.jus.br\/corregedoria\/wp-json\/wp\/v2\/users\/1"}],"replies":[{"embeddable":true,"href":"https:\/\/www.tjes.jus.br\/corregedoria\/wp-json\/wp\/v2\/comments?post=4108"}],"version-history":[{"count":9,"href":"https:\/\/www.tjes.jus.br\/corregedoria\/wp-json\/wp\/v2\/posts\/4108\/revisions"}],"predecessor-version":[{"id":12775,"href":"https:\/\/www.tjes.jus.br\/corregedoria\/wp-json\/wp\/v2\/posts\/4108\/revisions\/12775"}],"wp:attachment":[{"href":"https:\/\/www.tjes.jus.br\/corregedoria\/wp-json\/wp\/v2\/media?parent=4108"}],"wp:term":[{"taxonomy":"category","embeddable":true,"href":"https:\/\/www.tjes.jus.br\/corregedoria\/wp-json\/wp\/v2\/categories?post=4108"},{"taxonomy":"post_tag","embeddable":true,"href":"https:\/\/www.tjes.jus.br\/corregedoria\/wp-json\/wp\/v2\/tags?post=4108"}],"curies":[{"name":"wp","href":"https:\/\/api.w.org\/{rel}","templated":true}]}}