{"id":41411,"date":"2024-10-16T14:21:03","date_gmt":"2024-10-16T17:21:03","guid":{"rendered":"https:\/\/www.tjes.jus.br\/corregedoria\/?p=41411"},"modified":"2024-10-16T14:23:57","modified_gmt":"2024-10-16T17:23:57","slug":"portaria-no-25-2024-disp-16-10-2024","status":"publish","type":"post","link":"https:\/\/www.tjes.jus.br\/corregedoria\/2024\/10\/16\/portaria-no-25-2024-disp-16-10-2024\/","title":{"rendered":"PORTARIA N\u00ba 26\/2024 \u2013 DISP. 16\/10\/2024"},"content":{"rendered":"\n<p class=\"Texto_Centralizado_Maiusculas\" style=\"text-align: center;\"><strong>PORTARIA N\u00ba 026\/2024<\/strong><\/p>\n<p>\u00a0<\/p>\n<p class=\"Texto_Justificado\">O Desembargador\u00a0<strong>WILLIAN SILVA<\/strong>, Corregedor-Geral da Justi\u00e7a do Estado do Esp\u00edrito Santo, no uso de suas atribui\u00e7\u00f5es legais e,<\/p>\n<p>\u00a0<\/p>\n<p class=\"Texto_Justificado\" style=\"text-align: justify;\"><strong>CONSIDERANDO<\/strong>\u00a0o que prescreve o art. 35, do C\u00f3digo de Organiza\u00e7\u00e3o Judici\u00e1ria do Estado do Esp\u00edrito Santo, no sentido de ser a Corregedoria Geral da Justi\u00e7a o \u00f3rg\u00e3o de fiscaliza\u00e7\u00e3o, que disciplina a orienta\u00e7\u00e3o administrativa com circunscri\u00e7\u00e3o em todo o Estado;<\/p>\n<p style=\"text-align: justify;\">\u00a0<\/p>\n<p class=\"Texto_Justificado\" style=\"text-align: justify;\"><strong>CONSIDERANDO<\/strong>\u00a0a import\u00e2ncia da realiza\u00e7\u00e3o de correi\u00e7\u00f5es, na conformidade das modalidades previstas no art. 13 do C\u00f3digo de Normas &#8211; Foro Judicial &#8211; Tomo I;<\/p>\n<p style=\"text-align: justify;\">\u00a0<\/p>\n<p class=\"Texto_Justificado\" style=\"text-align: justify;\"><strong>CONSIDERANDO<\/strong>\u00a0a necessidade de altera\u00e7\u00e3o do cronograma de correi\u00e7\u00f5es presenciais previsto na Portaria n\u00ba 001\/2024, de 16\/01\/2024 (alterada pela Portaria n\u00ba 011\/2024, de 21\/02\/2024), visando proporcionar uma melhor condu\u00e7\u00e3o dos trabalhos;<\/p>\n<p style=\"text-align: justify;\">\u00a0<\/p>\n<p class=\"Texto_Justificado\" style=\"text-align: justify;\"><strong>CONSIDERANDO<\/strong>\u00a0a possibilidade de altera\u00e7\u00e3o do cronograma em raz\u00e3o de fatores externos e n\u00e3o previstos quando de sua elabora\u00e7\u00e3o, na forma prevista pelo par\u00e1grafo \u00fanico, do art. 1\u00ba, da Portaria n\u00ba 001\/2024, desta Corregedoria Geral da Justi\u00e7a;<\/p>\n<p style=\"text-align: justify;\">\u00a0<\/p>\n<p class=\"Texto_Justificado\" style=\"text-align: justify;\"><strong>CONSIDERANDO<\/strong>\u00a0a necessidade de ampla divulga\u00e7\u00e3o, transpar\u00eancia e publicidade do cronograma de correi\u00e7\u00f5es do ano de 2024.<\/p>\n<p style=\"text-align: justify;\">\u00a0<\/p>\n<p class=\"Texto_Justificado\" style=\"text-align: justify;\"><strong>RESOLVE:<\/strong><\/p>\n<p style=\"text-align: justify;\">\u00a0<\/p>\n<p class=\"Texto_Justificado\" style=\"text-align: justify;\"><strong>Art. 1\u00ba<\/strong>. Alterar o cronograma de\u00a0<strong>CORREI\u00c7\u00d5ES PRESENCIAIS\u00a0<\/strong>do ano de 2024, previsto no art. 1\u00ba da Portaria n\u00ba 001\/2024, de 16\/01\/2024 (alterada pela Portaria n\u00ba 011\/2024, de 21\/02\/2024),\u00a0<strong>especificamente quanto ao m\u00eas designado para fiscaliza\u00e7\u00e3o das Comarcas de Afonso Cl\u00e1udio, Montanha e Mucurici<\/strong>:<\/p>\n<p>\u00a0<\/p>\n<table border=\"1\" cellspacing=\"1\" cellpadding=\"1\" align=\"center\">\n<tbody>\n<tr>\n<td align=\"center\" bgcolor=\"#030302\">\n<p class=\"Texto_Centralizado\"><strong>M\u00caS<\/strong><\/p>\n<\/td>\n<td align=\"center\" bgcolor=\"#030302\">\n<p class=\"Texto_Centralizado\"><strong>COMARCA\/JU\u00cdZO<\/strong><\/p>\n<\/td>\n<td align=\"center\" bgcolor=\"#030302\">\n<p class=\"Texto_Centralizado\"><strong>MODALIDADE<\/strong><\/p>\n<\/td>\n<\/tr>\n<tr>\n<td colspan=\"1\" rowspan=\"2\" align=\"center\" bgcolor=\"#b5b5b5\">\n<p>\u00a0<\/p>\n<p>\u00a0<\/p>\n<p>\u00a0<\/p>\n<p>\u00a0<strong>MAR\u00c7O<\/strong><\/p>\n<\/td>\n<td align=\"center\" bgcolor=\"#b5b5b5\">\n<p>\u00a0<\/p>\n<p class=\"Texto_Centralizado\"><strong>COMARCA DE JO\u00c3O NEIVA<\/strong><\/p>\n<p>\u00a0<\/p>\n<\/td>\n<td colspan=\"1\" rowspan=\"2\" align=\"center\" bgcolor=\"#b5b5b5\">\n<p>\u00a0<\/p>\n<p>\u00a0<\/p>\n<p>\u00a0<\/p>\n<p>\u00a0ORDIN\u00c1RIA (PRESENCIAL)<\/p>\n<\/td>\n<\/tr>\n<tr>\n<td align=\"center\" bgcolor=\"#b5b5b5\">\n<p>\u00a0<\/p>\n<p class=\"Texto_Centralizado\"><strong>COMARCA DE IBIRA\u00c7U<\/strong><\/p>\n<p>\u00a0<\/p>\n<\/td>\n<\/tr>\n<tr>\n<td colspan=\"1\" rowspan=\"3\" align=\"center\">\n<p>\u00a0<\/p>\n<p>\u00a0<\/p>\n<p>\u00a0<\/p>\n<p>\u00a0<\/p>\n<p class=\"Texto_Centralizado\"><strong>ABRIL<\/strong><\/p>\n<\/td>\n<td align=\"center\">\n<p>\u00a0<\/p>\n<p class=\"Texto_Centralizado\"><strong>COMARCA DE IBITIRAMA<\/strong><\/p>\n<p>\u00a0<\/p>\n<\/td>\n<td colspan=\"1\" rowspan=\"3\" align=\"center\">\n<p>\u00a0<\/p>\n<p>\u00a0<\/p>\n<p>\u00a0<\/p>\n<p>\u00a0<\/p>\n<p class=\"Texto_Centralizado\">ORDIN\u00c1RIA (PRESENCIAL)<\/p>\n<\/td>\n<\/tr>\n<tr>\n<td align=\"center\">\n<p>\u00a0<\/p>\n<p class=\"Texto_Centralizado\"><strong>COMARCA DE RIO BANANAL<\/strong><\/p>\n<p>\u00a0<\/p>\n<\/td>\n<\/tr>\n<tr>\n<td align=\"center\">\n<p>\u00a0<\/p>\n<p class=\"Texto_Centralizado\"><strong>JU\u00cdZO DE FUND\u00c3O<\/strong><\/p>\n<p>\u00a0<\/p>\n<\/td>\n<\/tr>\n<tr>\n<td colspan=\"1\" rowspan=\"2\" align=\"center\" bgcolor=\"#b5b5b5\">\n<p>\u00a0<\/p>\n<p>\u00a0<\/p>\n<p>\u00a0<\/p>\n<p>\u00a0<strong>MAIO<\/strong><\/p>\n<\/td>\n<td align=\"center\" bgcolor=\"#b5b5b5\">\n<p>\u00a0<\/p>\n<p class=\"Texto_Centralizado\"><strong>JU\u00cdZO DE FUND\u00c3O<\/strong><\/p>\n<p>\u00a0<\/p>\n<\/td>\n<td colspan=\"1\" rowspan=\"2\" align=\"center\" bgcolor=\"#b5b5b5\">\n<p>\u00a0<\/p>\n<p>\u00a0<\/p>\n<p>\u00a0<\/p>\n<p>\u00a0ORDIN\u00c1RIA (PRESENCIAL)<\/p>\n<\/td>\n<\/tr>\n<tr>\n<td align=\"center\" bgcolor=\"#b5b5b5\">\n<p>\u00a0<\/p>\n<p class=\"Texto_Centralizado\"><strong>JU\u00cdZO DE VILA VELHA<\/strong><\/p>\n<p>\u00a0<\/p>\n<\/td>\n<\/tr>\n<tr>\n<td colspan=\"1\" rowspan=\"3\" align=\"center\">\n<p>\u00a0<\/p>\n<p>\u00a0<\/p>\n<p>\u00a0<\/p>\n<p>\u00a0<\/p>\n<p class=\"Texto_Centralizado\"><strong>JUNHO<\/strong><\/p>\n<\/td>\n<td align=\"center\">\n<p>\u00a0<\/p>\n<p class=\"Texto_Centralizado\"><strong>COMARCA DE MUNIZ FREIRE<\/strong><\/p>\n<p>\u00a0<\/p>\n<\/td>\n<td colspan=\"1\" rowspan=\"3\" align=\"center\">\n<p>\u00a0<\/p>\n<p>\u00a0<\/p>\n<p>\u00a0<\/p>\n<p>\u00a0<\/p>\n<p class=\"Texto_Centralizado\">ORDIN\u00c1RIA (PRESENCIAL)<\/p>\n<\/td>\n<\/tr>\n<tr>\n<td align=\"center\">\n<p>\u00a0<\/p>\n<p class=\"Texto_Centralizado\"><strong>JU\u00cdZO DE VILA VELHA<\/strong><\/p>\n<p>\u00a0<\/p>\n<\/td>\n<\/tr>\n<tr>\n<td align=\"center\">\n<p>\u00a0<\/p>\n<p class=\"Texto_Centralizado\"><strong>COMARCA DE CASTELO<\/strong><\/p>\n<p>\u00a0<\/p>\n<\/td>\n<\/tr>\n<tr>\n<td colspan=\"1\" rowspan=\"4\" align=\"center\" bgcolor=\"#b5b5b5\">\n<p>\u00a0<\/p>\n<p>\u00a0<\/p>\n<p>\u00a0<\/p>\n<p>\u00a0<\/p>\n<p class=\"Texto_Centralizado\"><strong>JULHO<\/strong><\/p>\n<\/td>\n<td align=\"center\" bgcolor=\"#b5b5b5\">\n<p>\u00a0<\/p>\n<p class=\"Texto_Centralizado\"><strong>JU\u00cdZO DE VILA VELHA<\/strong><\/p>\n<p>\u00a0<\/p>\n<\/td>\n<td colspan=\"1\" rowspan=\"4\" align=\"center\" bgcolor=\"#b5b5b5\">\n<p>\u00a0<\/p>\n<p>\u00a0<\/p>\n<p>\u00a0<\/p>\n<p>\u00a0<\/p>\n<p class=\"Texto_Centralizado\">ORDIN\u00c1RIA (PRESENCIAL)<\/p>\n<\/td>\n<\/tr>\n<tr>\n<td align=\"center\" bgcolor=\"#b5b5b5\">\n<p>\u00a0<\/p>\n<p class=\"Texto_Centralizado\"><strong>COMARCA DE ECOPORANGA<\/strong><\/p>\n<p>\u00a0<\/p>\n<\/td>\n<\/tr>\n<tr>\n<td align=\"center\" bgcolor=\"#b5b5b5\">\n<p>\u00a0<\/p>\n<p class=\"Texto_Centralizado\"><strong>JU\u00cdZO DE VILA VELHA<\/strong><\/p>\n<p>\u00a0<\/p>\n<\/td>\n<\/tr>\n<tr>\n<td align=\"center\" bgcolor=\"#b5b5b5\">\n<p>\u00a0<\/p>\n<p class=\"Texto_Centralizado\"><strong>COMARCA DE PANCAS<\/strong><\/p>\n<p>\u00a0<\/p>\n<\/td>\n<\/tr>\n<tr>\n<td colspan=\"1\" rowspan=\"4\" align=\"center\">\n<p>\u00a0<\/p>\n<p>\u00a0<\/p>\n<p>\u00a0<\/p>\n<p>\u00a0<\/p>\n<p class=\"Texto_Centralizado\"><strong>AGOSTO<\/strong><\/p>\n<\/td>\n<td align=\"center\">\n<p>\u00a0<\/p>\n<p class=\"Texto_Centralizado\"><strong>COMARCA DE PANCAS<\/strong><\/p>\n<p>\u00a0<\/p>\n<\/td>\n<td colspan=\"1\" rowspan=\"4\" align=\"center\">\n<p>\u00a0<\/p>\n<p>\u00a0<\/p>\n<p>\u00a0<\/p>\n<p>\u00a0<\/p>\n<p class=\"Texto_Centralizado\">ORDIN\u00c1RIA (PRESENCIAL)<\/p>\n<\/td>\n<\/tr>\n<tr>\n<td align=\"center\">\n<p>\u00a0<\/p>\n<p class=\"Texto_Centralizado\"><strong>JU\u00cdZO DE VILA VELHA<\/strong><\/p>\n<p>\u00a0<\/p>\n<\/td>\n<\/tr>\n<tr>\n<td align=\"center\">\n<p>\u00a0<\/p>\n<p class=\"Texto_Centralizado\"><strong>COMARCA DE GUA\u00c7U\u00cd<\/strong><\/p>\n<p>\u00a0<\/p>\n<\/td>\n<\/tr>\n<tr>\n<td align=\"center\">\n<p>\u00a0<\/p>\n<p class=\"Texto_Centralizado\"><strong>JU\u00cdZO DE VILA VELHA<\/strong><\/p>\n<p>\u00a0<\/p>\n<\/td>\n<\/tr>\n<tr>\n<td colspan=\"1\" rowspan=\"4\" align=\"center\" bgcolor=\"#b5b5b5\">\n<p>\u00a0<\/p>\n<p>\u00a0<\/p>\n<p>\u00a0<\/p>\n<p>\u00a0<\/p>\n<p class=\"Texto_Centralizado\"><strong>SETEMBRO<\/strong><\/p>\n<\/td>\n<td align=\"center\" bgcolor=\"#b5b5b5\">\n<p>\u00a0<\/p>\n<p class=\"Texto_Centralizado\"><strong>COMARCA DE NOVA VEN\u00c9CIA<\/strong><\/p>\n<p>\u00a0<\/p>\n<\/td>\n<td colspan=\"1\" rowspan=\"4\" align=\"center\" bgcolor=\"#b5b5b5\">\n<p>\u00a0<\/p>\n<p>\u00a0<\/p>\n<p>\u00a0<\/p>\n<p>\u00a0<\/p>\n<p class=\"Texto_Centralizado\">ORDIN\u00c1RIA (PRESENCIAL)<\/p>\n<\/td>\n<\/tr>\n<tr>\n<td align=\"center\" bgcolor=\"#b5b5b5\">\n<p>\u00a0<\/p>\n<p class=\"Texto_Centralizado\"><strong>JU\u00cdZO DE VILA VELHA<\/strong><\/p>\n<p>\u00a0<\/p>\n<\/td>\n<\/tr>\n<tr>\n<td align=\"center\" bgcolor=\"#b5b5b5\">\n<p>\u00a0<\/p>\n<p class=\"Texto_Centralizado\"><strong>COMARCA DE NOVA VEN\u00c9CIA<\/strong><\/p>\n<p>\u00a0<\/p>\n<\/td>\n<\/tr>\n<tr>\n<td align=\"center\" bgcolor=\"#b5b5b5\">\n<p>\u00a0<\/p>\n<p class=\"Texto_Centralizado\"><strong>JU\u00cdZO DE VILA VELHA<\/strong><\/p>\n<p>\u00a0<\/p>\n<\/td>\n<\/tr>\n<tr>\n<td colspan=\"1\" rowspan=\"2\" align=\"center\">\n<p>\u00a0<\/p>\n<p>\u00a0<\/p>\n<p>\u00a0<\/p>\n<p>\u00a0<strong>OUTUBRO<\/strong><\/p>\n<\/td>\n<td align=\"center\">\n<p>\u00a0<\/p>\n<p class=\"Texto_Centralizado\"><strong>COMARCA DE NOVA VEN\u00c9CIA<\/strong><\/p>\n<p>\u00a0<\/p>\n<\/td>\n<td colspan=\"1\" rowspan=\"2\" align=\"center\">\n<p>\u00a0<\/p>\n<p>\u00a0<\/p>\n<p>\u00a0<\/p>\n<p>\u00a0ORDIN\u00c1RIA (PRESENCIAL)<\/p>\n<\/td>\n<\/tr>\n<tr>\n<td align=\"center\">\n<p>\u00a0<\/p>\n<p class=\"Texto_Centralizado\"><strong>JU\u00cdZO DE VIANA<\/strong><\/p>\n<p>\u00a0<\/p>\n<\/td>\n<\/tr>\n<tr>\n<td colspan=\"1\" rowspan=\"1\" align=\"center\" bgcolor=\"#b5b5b5\">\n<p>\u00a0<\/p>\n<p>\u00a0<strong>NOVEMBRO<\/strong><\/p>\n<\/td>\n<td align=\"center\" bgcolor=\"#b5b5b5\">\n<p>\u00a0<\/p>\n<p class=\"Texto_Centralizado\"><strong>COMARCA DE AFONSO CL\u00c1UDIO<\/strong><\/p>\n<p>\u00a0<\/p>\n<\/td>\n<td colspan=\"1\" rowspan=\"1\" align=\"center\" bgcolor=\"#b5b5b5\">\n<p>\u00a0<\/p>\n<p>\u00a0ORDIN\u00c1RIA (PRESENCIAL)<\/p>\n<\/td>\n<\/tr>\n<tr>\n<td colspan=\"1\" rowspan=\"2\" align=\"center\">\n<p>\u00a0<\/p>\n<p>\u00a0<\/p>\n<p class=\"Texto_Centralizado\"><strong>DEZEMBRO<\/strong><\/p>\n<\/td>\n<td align=\"center\">\n<p>\u00a0<\/p>\n<p class=\"Texto_Centralizado\"><strong>COMARCA DE MONTANHA<\/strong><\/p>\n<p>\u00a0<\/p>\n<\/td>\n<td colspan=\"1\" rowspan=\"2\" align=\"center\">\n<p>\u00a0<\/p>\n<p>\u00a0<\/p>\n<p class=\"Texto_Centralizado\">ORDIN\u00c1RIA (PRESENCIAL)<\/p>\n<\/td>\n<\/tr>\n<tr>\n<td align=\"center\">\n<p>\u00a0<\/p>\n<p class=\"Texto_Centralizado\"><strong>COMARCA DE MUCURICI<\/strong><\/p>\n<p>\u00a0<\/p>\n<\/td>\n<\/tr>\n<\/tbody>\n<\/table>\n<p>\u00a0<\/p>\n<p class=\"Texto_Justificado\"><strong>Art. 2\u00ba.<\/strong>\u00a0Esta Portaria entrar\u00e1 em vigor na data da sua publica\u00e7\u00e3o.<\/p>\n<p>\u00a0<\/p>\n<p class=\"Texto_Justificado\">Publique-se. Registre-se. Cumpra-se.<\/p>\n<p>\u00a0<\/p>\n<p class=\"Texto_Justificado\">Vit\u00f3ria\/ES, 11 de outubro de 2024.<\/p>\n<p>\u00a0<\/p>\n<p class=\"Texto_Centralizado\" style=\"text-align: center;\"><strong>Desembargador WILLIAN SILVA<\/strong><\/p>\n<p class=\"Texto_Centralizado\" style=\"text-align: center;\"><strong>Corregedor-Geral da Justi\u00e7a<\/strong><\/p>\n","protected":false},"excerpt":{"rendered":"<p>PORTARIA N\u00ba 026\/2024 \u00a0 O Desembargador\u00a0WILLIAN SILVA, Corregedor-Geral da Justi\u00e7a do Estado do Esp\u00edrito Santo, no uso de suas atribui\u00e7\u00f5es legais e, \u00a0 CONSIDERANDO\u00a0o que prescreve o art. 35, do C\u00f3digo de Organiza\u00e7\u00e3o Judici\u00e1ria do Estado do Esp\u00edrito Santo, no sentido de ser a Corregedoria Geral da Justi\u00e7a o \u00f3rg\u00e3o de fiscaliza\u00e7\u00e3o, que disciplina a [&hellip;]<\/p>\n","protected":false},"author":8,"featured_media":0,"comment_status":"closed","ping_status":"closed","sticky":false,"template":"","format":"standard","meta":{"footnotes":""},"categories":[14,6],"tags":[],"_links":{"self":[{"href":"https:\/\/www.tjes.jus.br\/corregedoria\/wp-json\/wp\/v2\/posts\/41411"}],"collection":[{"href":"https:\/\/www.tjes.jus.br\/corregedoria\/wp-json\/wp\/v2\/posts"}],"about":[{"href":"https:\/\/www.tjes.jus.br\/corregedoria\/wp-json\/wp\/v2\/types\/post"}],"author":[{"embeddable":true,"href":"https:\/\/www.tjes.jus.br\/corregedoria\/wp-json\/wp\/v2\/users\/8"}],"replies":[{"embeddable":true,"href":"https:\/\/www.tjes.jus.br\/corregedoria\/wp-json\/wp\/v2\/comments?post=41411"}],"version-history":[{"count":4,"href":"https:\/\/www.tjes.jus.br\/corregedoria\/wp-json\/wp\/v2\/posts\/41411\/revisions"}],"predecessor-version":[{"id":41416,"href":"https:\/\/www.tjes.jus.br\/corregedoria\/wp-json\/wp\/v2\/posts\/41411\/revisions\/41416"}],"wp:attachment":[{"href":"https:\/\/www.tjes.jus.br\/corregedoria\/wp-json\/wp\/v2\/media?parent=41411"}],"wp:term":[{"taxonomy":"category","embeddable":true,"href":"https:\/\/www.tjes.jus.br\/corregedoria\/wp-json\/wp\/v2\/categories?post=41411"},{"taxonomy":"post_tag","embeddable":true,"href":"https:\/\/www.tjes.jus.br\/corregedoria\/wp-json\/wp\/v2\/tags?post=41411"}],"curies":[{"name":"wp","href":"https:\/\/api.w.org\/{rel}","templated":true}]}}