{"id":41623,"date":"2024-11-11T15:52:24","date_gmt":"2024-11-11T18:52:24","guid":{"rendered":"https:\/\/www.tjes.jus.br\/corregedoria\/?p=41623"},"modified":"2024-11-11T15:52:26","modified_gmt":"2024-11-11T18:52:26","slug":"corregedoria-geral-de-justica-avanca-nas-acoes-do-programa-portas-abertas-para-a-infancia-e-juventude","status":"publish","type":"post","link":"https:\/\/www.tjes.jus.br\/corregedoria\/2024\/11\/11\/corregedoria-geral-de-justica-avanca-nas-acoes-do-programa-portas-abertas-para-a-infancia-e-juventude\/","title":{"rendered":"Corregedoria Geral de Justi\u00e7a avan\u00e7a nas a\u00e7\u00f5es do Programa \u201cPortas Abertas\u201d para a inf\u00e2ncia e juventude"},"content":{"rendered":"\n<div class=\"intro-text\">\n<blockquote>\n<p>Cursos e capacita\u00e7\u00f5es profissionais em v\u00e1rias \u00e1reas est\u00e3o nas metas do programa<\/p>\n<\/blockquote>\n<\/div>\n<p>Ju\u00edzes das Varas de Inf\u00e2ncia e Juventude (protetiva) da Comarca da Capital se reuniram nesta sexta, 8\/11, para avan\u00e7ar e potencializar as a\u00e7\u00f5es do Programa \u201cPortas Abertas\u201d. O Programa \u00e9 fruto de Acordo de Coopera\u00e7\u00e3o T\u00e9cnica entre a Corregedoria Geral da Justi\u00e7a e a Secretaria Estadual da Ci\u00eancia, Tecnologia, Inova\u00e7\u00e3o e Educa\u00e7\u00e3o Profissional \u2013 SECTI e tem como objetivo promover a integra\u00e7\u00e3o respons\u00e1vel e produtiva dos adolescentes institucionalizados por rompimento de la\u00e7os familiares \u00e0 sociedade ap\u00f3s completarem 18 anos, cumprindo assim a Diretriz Estrat\u00e9gica n\u00ba 10 da Corregedoria Nacional de Justi\u00e7a.<\/p>\n<p><img loading=\"lazy\" decoding=\"async\" class=\"size-full wp-image-182351 aligncenter\" src=\"https:\/\/www.tjes.jus.br\/wp-content\/uploads\/reuniao.jpg\" sizes=\"(max-width: 787px) 100vw, 787px\" srcset=\"https:\/\/www.tjes.jus.br\/wp-content\/uploads\/reuniao.jpg 787w, https:\/\/www.tjes.jus.br\/wp-content\/uploads\/reuniao-300x204.jpg 300w\" alt=\"\" width=\"787\" height=\"535\" \/><\/p>\n<p>Entre as a\u00e7\u00f5es do programa \u201cPortas Abertas\u201d est\u00e3o inclu\u00eddos o oferecimento de programas educacionais e de capacita\u00e7\u00e3o profissional, com o uso de tecnologia e inova\u00e7\u00e3o para o desenvolvimento, acompanhamento e suporte aos jovens ap\u00f3s a sa\u00edda das institui\u00e7\u00f5es de acolhimento, viabilizando uma transi\u00e7\u00e3o mais preparada para a vida adulta, atrav\u00e9s de cursos e forma\u00e7\u00f5es em v\u00e1rias \u00e1reas do conhecimento, desde n\u00edvel b\u00e1sico at\u00e9 avan\u00e7ado.<\/p>\n<p>A reuni\u00e3o t\u00e9cnica teve como objetivo realizar a apresenta\u00e7\u00e3o das oportunidades oferecidas pela SECTI aos Magistrados, a fim de garantir o fomento dos encaminhamentos e an\u00e1lise de eventuais entraves ou barreiras para a efetiva participa\u00e7\u00e3o dos adolescentes nos cursos ofertados.<\/p>\n<p><img loading=\"lazy\" decoding=\"async\" class=\"size-full wp-image-182348 aligncenter\" src=\"https:\/\/www.tjes.jus.br\/wp-content\/uploads\/juao.jpg\" sizes=\"(max-width: 787px) 100vw, 787px\" srcset=\"https:\/\/www.tjes.jus.br\/wp-content\/uploads\/juao.jpg 787w, https:\/\/www.tjes.jus.br\/wp-content\/uploads\/juao-300x204.jpg 300w\" alt=\"\" width=\"787\" height=\"535\" \/><\/p>\n<p>Segundo Ju\u00e3o Vitor Santos Silva, Assessor Especial da SECTI hoje mais de 20 mil vagas est\u00e3o dispon\u00edveis e ofertadas gratuitamente pelo estado, em cursos presenciais e online.<\/p>\n<p>\u201cEssa iniciativa \u00e9 de extrema import\u00e2ncia especialmente para os adolescentes que est\u00e3o em servi\u00e7o de acolhimento institucional, tendo em vista que ser\u00e1 mais uma oportunidade de ganharem autonomia mediante a profissionaliza\u00e7\u00e3o.\u201d comemorou Lorena Amaral, Ju\u00edza da Vara da Inf\u00e2ncia e Juventude de Vitoria.<\/p>\n<p><img loading=\"lazy\" decoding=\"async\" class=\"size-full wp-image-182349 aligncenter\" src=\"https:\/\/www.tjes.jus.br\/wp-content\/uploads\/lorena-amaral.jpg\" sizes=\"(max-width: 787px) 100vw, 787px\" srcset=\"https:\/\/www.tjes.jus.br\/wp-content\/uploads\/lorena-amaral.jpg 787w, https:\/\/www.tjes.jus.br\/wp-content\/uploads\/lorena-amaral-300x204.jpg 300w\" alt=\"\" width=\"787\" height=\"535\" \/><\/p>\n<p>\u00a0<\/p>\n<p>\u201cA iniciativa \u00e9 muito importante porque viabiliza o atendimento e forma\u00e7\u00e3o desses jovens em situa\u00e7\u00e3o de vulnerabilidade. A Corregedoria \u00e9 digna de registro e a Coordenadoria e a Supervis\u00e3o da Inf\u00e2ncia e Juventude envidar\u00e1 esfor\u00e7os para o \u00eaxito de todo o trabalho que est\u00e1 sendo desenvolvido.\u201d ressaltou o Coordenador das Varas da Inf\u00e2ncia e da Juventude, Arion Mergar.<\/p>\n<p><img loading=\"lazy\" decoding=\"async\" class=\"size-full wp-image-182350 aligncenter\" src=\"https:\/\/www.tjes.jus.br\/wp-content\/uploads\/Arion_Mergar.jpg\" sizes=\"(max-width: 787px) 100vw, 787px\" srcset=\"https:\/\/www.tjes.jus.br\/wp-content\/uploads\/Arion_Mergar.jpg 787w, https:\/\/www.tjes.jus.br\/wp-content\/uploads\/Arion_Mergar-300x204.jpg 300w\" alt=\"\" width=\"787\" height=\"535\" \/><\/p>\n<p>Participaram pela Corregedoria Geral de Justi\u00e7a os Ju\u00edzes Auxiliares Ezequiel Tur\u00edbio e Gisele Souza de Oliveira e a equipe da Comiss\u00e3o Estadual Judici\u00e1ria de Ado\u00e7\u00e3o \u2013 CEJA -ES, representada pelo coordenador Helerson Silva e as servidoras, Nathalia Pelegrini e Dianne Wruck. Pela SECTI o secret\u00e1rio Bruno Lamas e integrantes das equipes t\u00e9cnicas da Secretaria Estadual da Ci\u00eancia, Tecnologia, Inova\u00e7\u00e3o e Educa\u00e7\u00e3o Profissional e a CEJA\/ES, respons\u00e1vel pela organiza\u00e7\u00e3o da reuni\u00e3o.<\/p>\n<p>\u00a0<\/p>\n<p>Vit\u00f3ria, 08 de novembro de 2024<\/p>\n","protected":false},"excerpt":{"rendered":"<p>Cursos e capacita\u00e7\u00f5es profissionais em v\u00e1rias \u00e1reas est\u00e3o nas metas do programa Ju\u00edzes das Varas de Inf\u00e2ncia e Juventude (protetiva) da Comarca da Capital se reuniram nesta sexta, 8\/11, para avan\u00e7ar e potencializar as a\u00e7\u00f5es do Programa \u201cPortas Abertas\u201d. O Programa \u00e9 fruto de Acordo de Coopera\u00e7\u00e3o T\u00e9cnica entre a Corregedoria Geral da Justi\u00e7a e [&hellip;]<\/p>\n","protected":false},"author":8,"featured_media":41624,"comment_status":"closed","ping_status":"closed","sticky":false,"template":"","format":"standard","meta":{"footnotes":""},"categories":[1],"tags":[],"_links":{"self":[{"href":"https:\/\/www.tjes.jus.br\/corregedoria\/wp-json\/wp\/v2\/posts\/41623"}],"collection":[{"href":"https:\/\/www.tjes.jus.br\/corregedoria\/wp-json\/wp\/v2\/posts"}],"about":[{"href":"https:\/\/www.tjes.jus.br\/corregedoria\/wp-json\/wp\/v2\/types\/post"}],"author":[{"embeddable":true,"href":"https:\/\/www.tjes.jus.br\/corregedoria\/wp-json\/wp\/v2\/users\/8"}],"replies":[{"embeddable":true,"href":"https:\/\/www.tjes.jus.br\/corregedoria\/wp-json\/wp\/v2\/comments?post=41623"}],"version-history":[{"count":2,"href":"https:\/\/www.tjes.jus.br\/corregedoria\/wp-json\/wp\/v2\/posts\/41623\/revisions"}],"predecessor-version":[{"id":41626,"href":"https:\/\/www.tjes.jus.br\/corregedoria\/wp-json\/wp\/v2\/posts\/41623\/revisions\/41626"}],"wp:featuredmedia":[{"embeddable":true,"href":"https:\/\/www.tjes.jus.br\/corregedoria\/wp-json\/wp\/v2\/media\/41624"}],"wp:attachment":[{"href":"https:\/\/www.tjes.jus.br\/corregedoria\/wp-json\/wp\/v2\/media?parent=41623"}],"wp:term":[{"taxonomy":"category","embeddable":true,"href":"https:\/\/www.tjes.jus.br\/corregedoria\/wp-json\/wp\/v2\/categories?post=41623"},{"taxonomy":"post_tag","embeddable":true,"href":"https:\/\/www.tjes.jus.br\/corregedoria\/wp-json\/wp\/v2\/tags?post=41623"}],"curies":[{"name":"wp","href":"https:\/\/api.w.org\/{rel}","templated":true}]}}