{"id":41837,"date":"2024-12-03T17:55:17","date_gmt":"2024-12-03T20:55:17","guid":{"rendered":"https:\/\/www.tjes.jus.br\/corregedoria\/?p=41837"},"modified":"2025-01-13T16:23:44","modified_gmt":"2025-01-13T19:23:44","slug":"ato-normativo-no-287-2024-disp-29-11-2024","status":"publish","type":"post","link":"https:\/\/www.tjes.jus.br\/corregedoria\/2024\/12\/03\/ato-normativo-no-287-2024-disp-29-11-2024\/","title":{"rendered":"ATO NORMATIVO N\u00ba 287\/2024 \u2013 DISP. 29\/11\/2024 &#8211; REPUBLICADO"},"content":{"rendered":"\n<div class=\"override-text\" align=\"center\">\n<h4><span style=\"color: #ff0000;\"><strong>REPUBLICADO EM 13\/01\/2025 POR TER SIDO PUBLICADO COM INCORRE\u00c7\u00c3O (<a href=\"https:\/\/www.tjes.jus.br\/corregedoria\/2025\/01\/13\/ato-normativo-no-287-2024-disp-13-01-2025-republicacao\/\">CLIQUE AQUI)<\/a><\/strong><\/span><\/h4>\n<p><del>PODER JUDICI\u00c1RIO DO ESTADO DO ESP\u00cdRITO SANTO &#8211; PJES<\/del><\/p>\n<p><del>RUA DESEMBARGADOR HOMERO MAFRA,60 &#8211; Bairro ENSEADA DO SU\u00c1 &#8211; CEP 29050906 &#8211; Vit\u00f3ria &#8211; ES &#8211;\u00a0<a href=\"https:\/\/www.tjes.jus.br\/\">www.tjes.jus.br<\/a><\/del><\/p>\n<p>\u00a0<\/p>\n<p>\u00a0<\/p>\n<\/div>\n<p style=\"text-align: center;\" align=\"justify\"><del><strong>ATO NORMATIVO N\u00ba 287\/2024<\/strong><\/del><\/p>\n<p>\u00a0<\/p>\n<p>\u00a0<\/p>\n<p class=\"Texto_Justificado\"><del><strong>O PRESIDENTE DO TRIBUNAL DE JUSTI\u00c7A DO ESTADO DO ESP\u00cdRITO SANTO,<\/strong>\u00a0no uso de suas atribui\u00e7\u00f5es legais e regimentais,<\/del><\/p>\n<p>\u00a0<\/p>\n<p>\u00a0<\/p>\n<p class=\"Texto_Justificado\"><del><strong>CONSIDERANDO\u00a0<\/strong>a exist\u00eancia de feriados decretados em lei;<\/del><\/p>\n<p>\u00a0<\/p>\n<p class=\"Texto_Justificado\"><del><strong>CONSIDERANDO\u00a0<\/strong>que o Poder Judici\u00e1rio deve estabelecer com anteced\u00eancia o calend\u00e1rio de funcionamento das reparti\u00e7\u00f5es que lhe s\u00e3o subordinadas,<\/del><\/p>\n<p>\u00a0<\/p>\n<p>\u00a0<\/p>\n<p class=\"Texto_Justificado\"><del><strong>RESOLVE:<\/strong><\/del><\/p>\n<p>\u00a0<\/p>\n<p>\u00a0<\/p>\n<p class=\"Texto_Justificado\"><del><strong>Art. 1\u00ba.\u00a0<\/strong>Publicar a rela\u00e7\u00e3o de feriados do ano de\u00a0<strong>2025<\/strong>, conforme\u00a0<strong>Anexo \u00danico<\/strong>, de abrang\u00eancia em todo o Poder Judici\u00e1rio do Estado do Esp\u00edrito Santo, sem preju\u00edzo dos feriados, ou pontos facultativos, de cada Munic\u00edpio sede de Comarca e\/ou Ju\u00edzo,\u00a0bem como suspender o expediente das unidades administrativas nos dias 24 e 31 de dezembro de 2024.<\/del><\/p>\n<p>\u00a0<\/p>\n<p class=\"Texto_Justificado\"><del><strong>Art. 2\u00ba.<\/strong>\u00a0As datas de\u00a0<em>Coloniza\u00e7\u00e3o do Solo Esp\u00edrito-Santense,\u00a0<\/em>dia\u00a0<strong>23 de maio de 2025\u00a0<\/strong>(sexta-feira), e de\u00a0<em>Corpus Christi<\/em>, dia\u00a0<strong>30 de maio\u00a0de 2025<\/strong>\u00a0(sexta-feira), ser\u00e3o consideradas ponto facultativo nas unidades do Poder Judici\u00e1rio do Estado do Esp\u00edrito Santo localizadas em Munic\u00edpios onde n\u00e3o houver lei espec\u00edfica que j\u00e1 as considere feriado.<\/del><\/p>\n<p>\u00a0<\/p>\n<p class=\"Texto_Justificado\"><del><strong>Art. 3\u00ba<\/strong>. Os dias n\u00e3o trabalhados nos pontos facultativos devem ser compensados ao longo dos dias \u00fateis seguintes, por meio da extens\u00e3o da jornada de trabalho em 01 (uma) hora, cabendo \u00e0s chefias imediatas a atribui\u00e7\u00e3o de observar o rigoroso cumprimento da carga hor\u00e1ria.<\/del><\/p>\n<p>\u00a0<\/p>\n<p class=\"Texto_Justificado\"><del><strong>Art. 4\u00ba.\u00a0<\/strong>Os efeitos deste Ato Normativo n\u00e3o se aplicam \u00e0s Serventias Extrajudiciais.<\/del><\/p>\n<p>\u00a0<\/p>\n<p>\u00a0<\/p>\n<p class=\"Texto_Justificado\"><del><strong>Publique-se.<\/strong><\/del><\/p>\n<p>\u00a0<\/p>\n<p class=\"Texto_Justificado\"><del><strong>Vit\u00f3ria\/ES, 28 de novembro de 2024.<\/strong><\/del><\/p>\n<p>\u00a0<\/p>\n<p>\u00a0<\/p>\n<p class=\"Texto_Centralizado\" style=\"text-align: center;\"><del><strong>Desembargador SAMUEL MEIRA BRASIL J\u00daNIOR<\/strong><\/del><\/p>\n<p class=\"Texto_Centralizado\" style=\"text-align: center;\"><del><strong>Presidente<\/strong><\/del><\/p>\n<p>\u00a0<\/p>\n<p>\u00a0<\/p>\n<p>\u00a0<\/p>\n<p class=\"Texto_Centralizado_Maiusculas\" style=\"text-align: center;\"><del><strong>ANEXO \u00daNICO \u2013 FERIADOS DO ANO DE\u00a02025<\/strong><\/del><\/p>\n<p>\u00a0<\/p>\n<p>\u00a0<\/p>\n<p>\u00a0<\/p>\n<p class=\"Texto_Justificado\"><del><strong>Janeiro<\/strong><\/del><\/p>\n<p>\u00a0<\/p>\n<p class=\"Texto_Justificado\"><del>01 (quarta-feira) \u2013 Confraterniza\u00e7\u00e3o Universal (art. 1\u00ba da\u00a0<a href=\"https:\/\/www.planalto.gov.br\/ccivil_03\/Leis\/L0662.htm\" target=\"_blank\" rel=\"noopener\">Lei Federal n\u00ba 662\/1949<\/a>, alterada pela\u00a0<a href=\"https:\/\/www.planalto.gov.br\/ccivil_03\/Leis\/2002\/L10607.htm\" target=\"_blank\" rel=\"noopener\">Lei Federal n\u00ba 10.607\/2002<\/a>)<\/del><\/p>\n<p>\u00a0<\/p>\n<p>\u00a0<\/p>\n<p class=\"Texto_Justificado\"><del><strong>Mar\u00e7o<\/strong><\/del><\/p>\n<p>\u00a0<\/p>\n<p class=\"Texto_Justificado\"><del>03\u00a0(segunda-feira) \u2013 Carnaval (art. 141, \u201cb\u201d, da\u00a0<a href=\"https:\/\/www3.al.es.gov.br\/arquivo\/documents\/legislacao\/html\/lec2342002.html\" target=\"_blank\" rel=\"noopener\">Lei Complementar Estadual n\u00ba 234\/2002<\/a>)<\/del><\/p>\n<p class=\"Texto_Justificado\"><del>04 (ter\u00e7a-feira) \u2013 Carnaval (art. 141, \u201cb\u201d, da\u00a0<a href=\"https:\/\/www3.al.es.gov.br\/arquivo\/documents\/legislacao\/html\/lec2342002.html\" target=\"_blank\" rel=\"noopener\">Lei Complementar Estadual n\u00ba 234\/2002<\/a>)<\/del><\/p>\n<p class=\"Texto_Justificado\"><del>05 (quarta-feira) \u2013 Quarta-Feira de Cinzas (art. 141, \u201cb\u201d, da\u00a0<a href=\"https:\/\/www3.al.es.gov.br\/arquivo\/documents\/legislacao\/html\/lec2342002.html\" target=\"_blank\" rel=\"noopener\">Lei Complementar Estadual n\u00ba 234\/2002<\/a>)<\/del><\/p>\n<p>\u00a0<\/p>\n<p>\u00a0<\/p>\n<p class=\"Texto_Justificado\"><del><strong>Abril<\/strong><\/del><\/p>\n<p>\u00a0<\/p>\n<p class=\"Texto_Justificado\"><del>17\u00a0(quinta-feira) \u2013 Quinta-Feira da Semana Santa (art. 141, \u201ca\u201d, da\u00a0<a href=\"https:\/\/www3.al.es.gov.br\/arquivo\/documents\/legislacao\/html\/lec2342002.html\" target=\"_blank\" rel=\"noopener\">Lei Complementar Estadual n\u00ba 234\/2002<\/a>)<\/del><\/p>\n<p class=\"Texto_Justificado\"><del>18\u00a0(sexta-feira) \u2013 Sexta-Feira da Semana Santa (art. 141, \u201ca\u201d, da\u00a0<a href=\"https:\/\/www3.al.es.gov.br\/arquivo\/documents\/legislacao\/html\/lec2342002.html\" target=\"_blank\" rel=\"noopener\">Lei Complementar Estadual n\u00ba 234\/2002<\/a>)<\/del><\/p>\n<p class=\"Texto_Justificado\"><del>21 (segunda-feira)\u00a0\u2013 Tiradentes\u00a0(art. 1\u00ba da\u00a0<a href=\"https:\/\/www.planalto.gov.br\/ccivil_03\/Leis\/L0662.htm\" target=\"_blank\" rel=\"noopener\">Lei Federal n\u00ba 662\/1949<\/a>, alterada pela\u00a0<a href=\"https:\/\/www.planalto.gov.br\/ccivil_03\/Leis\/2002\/L10607.htm\" target=\"_blank\" rel=\"noopener\">Lei Federal n\u00ba 10.607\/2002<\/a>)<\/del><\/p>\n<p class=\"Texto_Justificado\"><del>28\u00a0(segunda-feira) \u2013\u00a0Nossa Senhora da Penha (art. 1\u00ba da\u00a0<a href=\"https:\/\/www3.al.es.gov.br\/Arquivo\/Documents\/legislacao\/html\/LEI110102019.html\" target=\"_blank\" rel=\"noopener\">Lei Estadual n\u00ba 11.010\/2019<\/a>)<\/del><\/p>\n<p>\u00a0<\/p>\n<p>\u00a0<\/p>\n<p class=\"Texto_Justificado\"><del><strong>Maio<\/strong><\/del><\/p>\n<p>\u00a0<\/p>\n<p class=\"Texto_Justificado\"><del>01 (quinta-feira) \u2013 Dia do Trabalho (art. 1\u00ba da\u00a0<a href=\"https:\/\/www.planalto.gov.br\/ccivil_03\/Leis\/L0662.htm\" target=\"_blank\" rel=\"noopener\">Lei Federal n\u00ba 662\/1949<\/a>, alterada pela\u00a0<a href=\"https:\/\/www.planalto.gov.br\/ccivil_03\/Leis\/2002\/L10607.htm\" target=\"_blank\" rel=\"noopener\">Lei Federal n\u00ba 10.607\/2002<\/a>)<\/del><\/p>\n<p class=\"Texto_Justificado\"><del>02\u00a0(sexta-feira) \u2013 Ponto Facultativo<\/del><\/p>\n<p class=\"Texto_Justificado\"><del>23 (sexta-feira) &#8211;\u00a0Coloniza\u00e7\u00e3o do Solo Esp\u00edrito-Santense\u00a0(art. 2\u00ba, par\u00e1grafo \u00fanico, do presente Ato Normativo)<\/del><\/p>\n<p>\u00a0<\/p>\n<p>\u00a0<\/p>\n<p class=\"Texto_Justificado\"><del><strong>Junho<\/strong><\/del><\/p>\n<p>\u00a0<\/p>\n<p class=\"Texto_Justificado\"><del>19 (quinta-feira) &#8211; Corpus Christi\u00a0<\/del><\/p>\n<p class=\"Texto_Justificado\"><del>20 (sexta-feira) \u2013 Ponto Facultativo<\/del><\/p>\n<p>\u00a0<\/p>\n<p>\u00a0<\/p>\n<p class=\"Texto_Justificado\"><del><strong>Agosto\u00a0<\/strong><\/del><\/p>\n<p>\u00a0<\/p>\n<p class=\"Texto_Justificado\"><del>11 (segunda-feira)\u00a0\u2013\u00a0\u00a0Dia do Advogado\u00a0(art. 141, \u201cd\u201d, da\u00a0<a href=\"https:\/\/www3.al.es.gov.br\/arquivo\/documents\/legislacao\/html\/lec2342002.html\" target=\"_blank\" rel=\"noopener\">Lei Complementar Estadual n\u00ba 234\/2002<\/a>)<\/del><\/p>\n<p>\u00a0<\/p>\n<p>\u00a0<\/p>\n<p class=\"Texto_Justificado\"><del><strong>Setembro<\/strong><\/del><\/p>\n<p>\u00a0<\/p>\n<p class=\"Texto_Justificado\"><del>07 (domingo)\u00a0\u2013\u00a0\u00a0Independ\u00eancia do Brasil\u00a0\u00a0(art. 1\u00ba da\u00a0<a href=\"https:\/\/www.planalto.gov.br\/ccivil_03\/Leis\/L0662.htm\" target=\"_blank\" rel=\"noopener\">Lei Federal n\u00ba 662\/1949<\/a>, alterada pela\u00a0<a href=\"https:\/\/www.planalto.gov.br\/ccivil_03\/Leis\/2002\/L10607.htm\" target=\"_blank\" rel=\"noopener\">Lei Federal n\u00ba 10.607\/2002<\/a>)<\/del><\/p>\n<p class=\"Texto_Justificado\"><del>08 (segunda-feira) \u2013\u00a0 Feriado de Nossa Senhora da Vit\u00f3ria no Munic\u00edpio de Vit\u00f3ria\/ES, conforme art. 1\u00ba da Lei Municipal n\u00ba 1.732\/1967\u00a0<\/del><\/p>\n<p>\u00a0<\/p>\n<p>\u00a0<\/p>\n<p class=\"Texto_Justificado\"><del><strong>Outubro<\/strong><\/del><\/p>\n<p>\u00a0<\/p>\n<p class=\"Texto_Justificado\"><del>12 (domingo)\u00a0\u2013 Dia de Nossa Senhora Aparecida\u00a0(art. 141, \u201cd\u201d, da\u00a0<a href=\"https:\/\/www3.al.es.gov.br\/arquivo\/documents\/legislacao\/html\/lec2342002.html\" target=\"_blank\" rel=\"noopener\">Lei Complementar Estadual n\u00ba 234\/2002<\/a>)<\/del><\/p>\n<p class=\"Texto_Justificado\"><del>28 (ter\u00e7a-feira) \u2013 Dia do Servidor P\u00fablico (art. 293 da\u00a0<a href=\"https:\/\/www3.al.es.gov.br\/arquivo\/documents\/legislacao\/html\/lec461994.html\" target=\"_blank\" rel=\"noopener\">Lei Complementar Estadual n\u00ba 46\/1994<\/a>)<\/del><\/p>\n<p>\u00a0<\/p>\n<p>\u00a0<\/p>\n<p class=\"Texto_Justificado\"><del><strong>Novembro<\/strong><\/del><\/p>\n<p>\u00a0<\/p>\n<p class=\"Texto_Justificado\"><del>02 (domingo)\u00a0\u2013 Finados (art. 1\u00ba da\u00a0<a href=\"https:\/\/www.planalto.gov.br\/ccivil_03\/Leis\/L0662.htm\" target=\"_blank\" rel=\"noopener\">Lei Federal n\u00ba 662\/1949<\/a>, alterada pela\u00a0<a href=\"https:\/\/www.planalto.gov.br\/ccivil_03\/Leis\/2002\/L10607.htm\" target=\"_blank\" rel=\"noopener\">Lei Federal n\u00ba 10.607\/2002<\/a>)<\/del><\/p>\n<p class=\"Texto_Justificado\"><del>15 (s\u00e1bado) \u2013 Proclama\u00e7\u00e3o da Rep\u00fablica (art. 1\u00ba da\u00a0<a href=\"https:\/\/www.planalto.gov.br\/ccivil_03\/Leis\/L0662.htm\" target=\"_blank\" rel=\"noopener\">Lei Federal n\u00ba 662\/1949<\/a>, alterada pela\u00a0<a href=\"https:\/\/www.planalto.gov.br\/ccivil_03\/Leis\/2002\/L10607.htm\" target=\"_blank\" rel=\"noopener\">Lei Federal n\u00ba 10.607\/2002<\/a>)<\/del><\/p>\n<p class=\"Texto_Justificado\"><del>20 (quinta-feira) &#8211;\u00a0Dia Nacional de Zumbi dos Palmares e da Consci\u00eancia Negra,\u00a0conforme art. 1\u00ba da\u00a0<a href=\"https:\/\/www.planalto.gov.br\/ccivil_03\/_ato2023-2026\/2023\/lei\/l14759.htm\" target=\"_blank\" rel=\"noopener\">Lei Federal n\u00ba 14.759\/2023<\/a><\/del><\/p>\n<p class=\"Texto_Justificado\"><del>21 (sexta-feira) \u2013 Ponto Facultativo<\/del><\/p>\n<p>\u00a0<\/p>\n<p>\u00a0<\/p>\n<p class=\"Texto_Justificado\"><del><strong>Dezembro<\/strong><\/del><\/p>\n<p>\u00a0<\/p>\n<p class=\"Texto_Justificado\"><del>08 (segunda-feira)\u00a0\u2013\u00a0Dia da Justi\u00e7a\u00a0(art. 141, \u201cd\u201d, da\u00a0<a href=\"https:\/\/www3.al.es.gov.br\/arquivo\/documents\/legislacao\/html\/lec2342002.html\" target=\"_blank\" rel=\"noopener\">Lei Complementar Estadual n\u00ba 234\/2002<\/a>)<\/del><\/p>\n<p class=\"Texto_Justificado\"><del>24 (quarta-feira) \u2013 Ponto Facultativo<\/del><\/p>\n<p class=\"Texto_Justificado\"><del>25 (quinta-feira) \u2013 Natal (art. 1\u00ba da\u00a0<a href=\"https:\/\/www.planalto.gov.br\/ccivil_03\/Leis\/L0662.htm\" target=\"_blank\" rel=\"noopener\">Lei Federal n\u00ba 662\/1949<\/a>, alterada pela\u00a0<a href=\"https:\/\/www.planalto.gov.br\/ccivil_03\/Leis\/2002\/L10607.htm\" target=\"_blank\" rel=\"noopener\">Lei Federal n\u00ba 10.607\/2002<\/a>)<\/del><\/p>\n<p class=\"Texto_Justificado\"><del>31 (quarta-feira) \u2013 Ponto Facultativo<\/del><\/p>\n","protected":false},"excerpt":{"rendered":"<p>REPUBLICADO EM 13\/01\/2025 POR TER SIDO PUBLICADO COM INCORRE\u00c7\u00c3O (CLIQUE AQUI) PODER JUDICI\u00c1RIO DO ESTADO DO ESP\u00cdRITO SANTO &#8211; PJES RUA DESEMBARGADOR HOMERO MAFRA,60 &#8211; Bairro ENSEADA DO SU\u00c1 &#8211; CEP 29050906 &#8211; Vit\u00f3ria &#8211; ES &#8211;\u00a0www.tjes.jus.br \u00a0 \u00a0 ATO NORMATIVO N\u00ba 287\/2024 \u00a0 \u00a0 O PRESIDENTE DO TRIBUNAL DE JUSTI\u00c7A DO ESTADO DO ESP\u00cdRITO [&hellip;]<\/p>\n","protected":false},"author":8,"featured_media":0,"comment_status":"closed","ping_status":"closed","sticky":false,"template":"","format":"standard","meta":{"footnotes":""},"categories":[4,14],"tags":[],"_links":{"self":[{"href":"https:\/\/www.tjes.jus.br\/corregedoria\/wp-json\/wp\/v2\/posts\/41837"}],"collection":[{"href":"https:\/\/www.tjes.jus.br\/corregedoria\/wp-json\/wp\/v2\/posts"}],"about":[{"href":"https:\/\/www.tjes.jus.br\/corregedoria\/wp-json\/wp\/v2\/types\/post"}],"author":[{"embeddable":true,"href":"https:\/\/www.tjes.jus.br\/corregedoria\/wp-json\/wp\/v2\/users\/8"}],"replies":[{"embeddable":true,"href":"https:\/\/www.tjes.jus.br\/corregedoria\/wp-json\/wp\/v2\/comments?post=41837"}],"version-history":[{"count":4,"href":"https:\/\/www.tjes.jus.br\/corregedoria\/wp-json\/wp\/v2\/posts\/41837\/revisions"}],"predecessor-version":[{"id":42164,"href":"https:\/\/www.tjes.jus.br\/corregedoria\/wp-json\/wp\/v2\/posts\/41837\/revisions\/42164"}],"wp:attachment":[{"href":"https:\/\/www.tjes.jus.br\/corregedoria\/wp-json\/wp\/v2\/media?parent=41837"}],"wp:term":[{"taxonomy":"category","embeddable":true,"href":"https:\/\/www.tjes.jus.br\/corregedoria\/wp-json\/wp\/v2\/categories?post=41837"},{"taxonomy":"post_tag","embeddable":true,"href":"https:\/\/www.tjes.jus.br\/corregedoria\/wp-json\/wp\/v2\/tags?post=41837"}],"curies":[{"name":"wp","href":"https:\/\/api.w.org\/{rel}","templated":true}]}}