{"id":41857,"date":"2024-12-04T17:38:59","date_gmt":"2024-12-04T20:38:59","guid":{"rendered":"https:\/\/www.tjes.jus.br\/corregedoria\/?p=41857"},"modified":"2024-12-04T17:39:16","modified_gmt":"2024-12-04T20:39:16","slug":"oficio-circular-cgjes-2387116-2024-disp-04-12-2024","status":"publish","type":"post","link":"https:\/\/www.tjes.jus.br\/corregedoria\/2024\/12\/04\/oficio-circular-cgjes-2387116-2024-disp-04-12-2024\/","title":{"rendered":"OF\u00cdCIO CIRCULAR CGJES 2387116\/2024\u2013 DISP. 04\/12\/2024"},"content":{"rendered":"\n<p align=\"center\"><strong>PODER JUDICI\u00c1RIO DO ESTADO DO ESP\u00cdRITO SANTO &#8211; PJES<\/strong><\/p>\n<p align=\"center\"><strong>CORREGEDORIA GERAL DA\u00a0JUSTI\u00c7A<\/strong><\/p>\n<p align=\"center\">Av. Jo\u00e3o Batista Parra, n\u00ba\u00a0320, Enseada do Su\u00e1 &#8211; Vit\u00f3ria\/ES<br \/>CEP: 29.050-375 &#8211;\u00a0Telefone: (27) 3145-3100<br \/>\u00a0<\/p>\n<p>\u00a0<\/p>\n<p align=\"center\"><strong>OF\u00cdCIO CIRCULAR CGJES\u00a02387116\/7010337-90.2024.8.08.0000<\/strong><\/p>\n<p>\u00a0<\/p>\n<p align=\"justify\">De ordem do\u00a0Exmo. Sr. Desembargador Corregedor-Geral da Justi\u00e7a do Estado do Esp\u00edrito Santo, no uso de suas atribui\u00e7\u00f5es legais e,<\/p>\n<p align=\"justify\">\u00a0<\/p>\n<p>\u00a0<\/p>\n<p align=\"justify\"><strong>CONSIDERANDO<\/strong>\u00a0que a Corregedoria Geral da Justi\u00e7a \u00e9 \u00f3rg\u00e3o de fiscaliza\u00e7\u00e3o, disciplina e orienta\u00e7\u00e3o administrativa, com circunscri\u00e7\u00e3o em todo o Estado, conforme art. 35 da Lei Complementar Estadual n\u00ba 234\/2002 (COJES);<\/p>\n<p align=\"justify\">\u00a0<\/p>\n<p>\u00a0<\/p>\n<p align=\"justify\"><strong>CONSIDERANDO<\/strong>\u00a0o previsto no Art. 1\u00ba do Provimento n\u00ba 052\/2021, disponibilizado no Di\u00e1rio Eletr\u00f4nico da Justi\u00e7a do dia 07 de maio de 2021;<\/p>\n<p align=\"justify\">\u00a0<\/p>\n<p align=\"justify\"><strong>CONSIDERANDO<\/strong>\u00a0o recebimento do e-mail, referente ao Of\u00edcio n\u00ba 092\/2024-CA\u00a0enviado pelo Tribunal de Justi\u00e7a de Mato Grosso;<\/p>\n<p align=\"justify\">\u00a0<\/p>\n<p align=\"justify\"><strong>CONSIDERANDO<\/strong>\u00a0que a referida comunica\u00e7\u00e3o do Cart\u00f3rio de Im\u00f3veis de Paranatinga informa poss\u00edvel falsifica\u00e7\u00e3o de procura\u00e7\u00e3o p\u00fablica, conforme documentos anexados.<\/p>\n<p align=\"justify\">\u00a0<\/p>\n<p align=\"justify\"><strong>CONSIDERANDO<\/strong>\u00a0que a referida Serventia j\u00e1 procedeu o registro da ocorr\u00eancia junto a Policia Civil do Estado de Mato Grosso, conforme Boletim de Ocorr\u00eancia em anexo.<\/p>\n<p align=\"justify\">\u00a0<\/p>\n<p align=\"justify\"><strong>RECOMENDO<\/strong>\u00a0aos Ju\u00edzes de Direito Diretores dos F\u00f3runs, Membros do Minist\u00e9rio P\u00fablico, Advogados, Not\u00e1rios e Registradores, Serventu\u00e1rios e a quem mais possa\u00a0interessar, que observem o comunicado em anexo, e adotem as provid\u00eancias que entenderem pertinentes.<\/p>\n<p align=\"justify\">\u00a0<\/p>\n<p align=\"justify\"><strong>Publique-se. Cumpra-se.<\/strong><\/p>\n<p>\u00a0<\/p>\n<p>Vit\u00f3ria\/ES, 19 de novembro de 2024.<\/p>\n<p align=\"justify\">\u00a0<\/p>\n<p>\u00a0<\/p>\n<p>\u00a0<\/p>\n<p align=\"center\"><strong>MAGALI BARBOSA DE OLIVEIRA<\/strong><\/p>\n<p align=\"center\"><strong>Coordenadora\u00a0de Monitoramento do Foro Judicial e Extrajudicial<\/strong><\/p>\n<p align=\"center\"><strong>Corregedor Geral da Justi\u00e7a<\/strong><\/p>\n<p>\u00a0<\/p>\n<p style=\"text-align: center;\"><strong><a href=\"https:\/\/sistemas.tjes.jus.br\/ediario\/images\/ADULTERACAO_organized_redacted__2_.pdf\">ANEXO &#8211; CLIQUE AQUI<\/a><\/strong><\/p>\n","protected":false},"excerpt":{"rendered":"<p>PODER JUDICI\u00c1RIO DO ESTADO DO ESP\u00cdRITO SANTO &#8211; PJES CORREGEDORIA GERAL DA\u00a0JUSTI\u00c7A Av. Jo\u00e3o Batista Parra, n\u00ba\u00a0320, Enseada do Su\u00e1 &#8211; Vit\u00f3ria\/ESCEP: 29.050-375 &#8211;\u00a0Telefone: (27) 3145-3100\u00a0 \u00a0 OF\u00cdCIO CIRCULAR CGJES\u00a02387116\/7010337-90.2024.8.08.0000 \u00a0 De ordem do\u00a0Exmo. Sr. Desembargador Corregedor-Geral da Justi\u00e7a do Estado do Esp\u00edrito Santo, no uso de suas atribui\u00e7\u00f5es legais e, \u00a0 \u00a0 CONSIDERANDO\u00a0que a [&hellip;]<\/p>\n","protected":false},"author":8,"featured_media":0,"comment_status":"closed","ping_status":"closed","sticky":false,"template":"","format":"standard","meta":{"footnotes":""},"categories":[14,5],"tags":[],"_links":{"self":[{"href":"https:\/\/www.tjes.jus.br\/corregedoria\/wp-json\/wp\/v2\/posts\/41857"}],"collection":[{"href":"https:\/\/www.tjes.jus.br\/corregedoria\/wp-json\/wp\/v2\/posts"}],"about":[{"href":"https:\/\/www.tjes.jus.br\/corregedoria\/wp-json\/wp\/v2\/types\/post"}],"author":[{"embeddable":true,"href":"https:\/\/www.tjes.jus.br\/corregedoria\/wp-json\/wp\/v2\/users\/8"}],"replies":[{"embeddable":true,"href":"https:\/\/www.tjes.jus.br\/corregedoria\/wp-json\/wp\/v2\/comments?post=41857"}],"version-history":[{"count":2,"href":"https:\/\/www.tjes.jus.br\/corregedoria\/wp-json\/wp\/v2\/posts\/41857\/revisions"}],"predecessor-version":[{"id":41859,"href":"https:\/\/www.tjes.jus.br\/corregedoria\/wp-json\/wp\/v2\/posts\/41857\/revisions\/41859"}],"wp:attachment":[{"href":"https:\/\/www.tjes.jus.br\/corregedoria\/wp-json\/wp\/v2\/media?parent=41857"}],"wp:term":[{"taxonomy":"category","embeddable":true,"href":"https:\/\/www.tjes.jus.br\/corregedoria\/wp-json\/wp\/v2\/categories?post=41857"},{"taxonomy":"post_tag","embeddable":true,"href":"https:\/\/www.tjes.jus.br\/corregedoria\/wp-json\/wp\/v2\/tags?post=41857"}],"curies":[{"name":"wp","href":"https:\/\/api.w.org\/{rel}","templated":true}]}}