{"id":42033,"date":"2025-01-08T16:11:12","date_gmt":"2025-01-08T19:11:12","guid":{"rendered":"https:\/\/www.tjes.jus.br\/corregedoria\/?p=42033"},"modified":"2025-08-12T14:05:18","modified_gmt":"2025-08-12T17:05:18","slug":"portaria-no-026-2024-disp-19-12-2024","status":"publish","type":"post","link":"https:\/\/www.tjes.jus.br\/corregedoria\/2025\/01\/08\/portaria-no-026-2024-disp-19-12-2024\/","title":{"rendered":"PORTARIA N\u00ba 026\/2024 \u2013 DISP. 19\/12\/2024 &#8211; ALTERADA"},"content":{"rendered":"\n<p style=\"text-align: center;\"><span style=\"color: #ff0000;\"><strong>ALTERADA PELA <a href=\"https:\/\/www.tjes.jus.br\/corregedoria\/2025\/04\/04\/portaria-no-02-2025-disp-28-03-2025\/\">PORTARIA N\u00ba 002\/2025<\/a> DISP. 04\/04\/2025\u00a0<\/strong><\/span><\/p>\n<p style=\"text-align: center;\"><span style=\"color: #ff0000;\"><strong>ALTERADA PELA <a href=\"https:\/\/www.tjes.jus.br\/corregedoria\/2025\/08\/12\/portaria-no-007-2025-disp-12-08-2025\/\">PORTARIA N\u00ba 007\/2025<\/a> DISP. 12\/08\/2025\u00a0<\/strong><\/span><\/p>\n<p>\u00a0<\/p>\n<p style=\"text-align: center;\"><strong>PORTARIA N\u00ba 026\/2024<\/strong><\/p>\n<p>O Desembargador\u00a0<strong>WILLIAN SILVA<\/strong>, Corregedor-Geral da Justi\u00e7a do Estado do Esp\u00edrito Santo, no uso de suas atribui\u00e7\u00f5es legais e,\u00a0<\/p>\n<p>\u00a0<\/p>\n<p><strong>CONSIDERANDO<\/strong>\u00a0o que prescreve o art. 35, do C\u00f3digo de Organiza\u00e7\u00e3o Judici\u00e1ria do Estado do Esp\u00edrito Santo, no sentido de ser a Corregedoria Geral da Justi\u00e7a o \u00f3rg\u00e3o de fiscaliza\u00e7\u00e3o, que disciplina a orienta\u00e7\u00e3o administrativa com circunscri\u00e7\u00e3o em todo o Estado;<\/p>\n<p>\u00a0<\/p>\n<p><strong>CONSIDERANDO<\/strong>\u00a0a import\u00e2ncia da realiza\u00e7\u00e3o de correi\u00e7\u00f5es, na conformidade das modalidades previstas no art. 13 do C\u00f3digo de Normas &#8211; Foro Judicial &#8211; Tomo I;<\/p>\n<p>\u00a0<\/p>\n<p><strong>CONSIDERANDO<\/strong>, ainda, que o cronograma de correi\u00e7\u00f5es presenciais e virtuais \u00e9 pautado em crit\u00e9rios objetivos, destacando-se, dentre outros, o decurso temporal da \u00faltima correi\u00e7\u00e3o sobre os servi\u00e7os do foro judicial e extrajudicial;<\/p>\n<p>\u00a0<\/p>\n<p><strong>CONSIDERANDO<\/strong>\u00a0a necessidade de ampla divulga\u00e7\u00e3o, transpar\u00eancia e publicidade do cronograma de correi\u00e7\u00f5es do ano de 2025.<\/p>\n<p>\u00a0<\/p>\n<p><strong>RESOLVE:<\/strong><\/p>\n<p>\u00a0<\/p>\n<p><strong>Art. 1\u00ba.<\/strong>\u00a0Determinar a realiza\u00e7\u00e3o de\u00a0<strong>CORREI\u00c7\u00d5ES PRESENCIAIS<\/strong> nas seguintes unidades judici\u00e1rias e serventias extrajudiciais do Estado do Esp\u00edrito Santo: <span style=\"color: #ff0000;\"><strong>ALTERADA PELA <a href=\"https:\/\/www.tjes.jus.br\/corregedoria\/2025\/04\/04\/portaria-no-02-2025-disp-28-03-2025\/\">PORTARIA N\u00ba 002\/2025<\/a> DISP. 04\/04\/2025 ; ALTERADA PELA <a href=\"https:\/\/www.tjes.jus.br\/corregedoria\/2025\/08\/12\/portaria-no-007-2025-disp-12-08-2025\/\">PORTARIA N\u00ba 007\/2025<\/a> DISP. 12\/08\/2025<\/strong><\/span><\/p>\n<table border=\"1\" align=\"center\">\n<tbody>\n<tr>\n<td align=\"center\" valign=\"middle\"><strong>M\u00caS<\/strong><\/td>\n<td align=\"center\" valign=\"middle\"><strong>COMARCA\/JU\u00cdZO<\/strong><\/td>\n<td align=\"center\" valign=\"middle\"><strong>MODALIDADE<\/strong><\/td>\n<\/tr>\n<tr>\n<td rowspan=\"2\" align=\"center\" valign=\"middle\"><strong>MAR\u00c7O<\/strong><\/td>\n<td align=\"center\" valign=\"middle\"><strong>COMARCA DE ANCHIETA<\/strong><\/td>\n<td rowspan=\"2\" align=\"center\" valign=\"middle\"><strong>ORDIN\u00c1RIA (PRESENCIAL)<\/strong><\/td>\n<\/tr>\n<tr>\n<td align=\"center\" valign=\"middle\"><strong>COMARCA DE JAGUAR\u00c9<\/strong><\/td>\n<\/tr>\n<tr>\n<td align=\"center\" valign=\"middle\"><strong>ABRIL<\/strong><\/td>\n<td align=\"center\" valign=\"middle\"><strong>COMARCA DE CONCEI\u00c7\u00c3O DA BARRA<\/strong><\/td>\n<td align=\"center\" valign=\"middle\"><strong>ORDIN\u00c1RIA (PRESENCIAL)<\/strong><\/td>\n<\/tr>\n<tr>\n<td rowspan=\"2\" align=\"center\" valign=\"middle\"><strong>MAIO<\/strong><\/td>\n<td align=\"center\" valign=\"middle\"><strong>COMARCA DE SANTA TERESA<\/strong><\/td>\n<td rowspan=\"2\" align=\"center\" valign=\"middle\"><strong>ORDIN\u00c1RIA (PRESENCIAL)<\/strong><\/td>\n<\/tr>\n<tr>\n<td align=\"center\" valign=\"middle\"><strong>COMARCA DE ALEGRE<\/strong><\/td>\n<\/tr>\n<tr>\n<td align=\"center\" valign=\"middle\"><strong>JUNHO<\/strong><\/td>\n<td align=\"center\" valign=\"middle\"><strong>COMARCA DE DOMINGOS MARTINS<\/strong><\/td>\n<td align=\"center\" valign=\"middle\"><strong>ORDIN\u00c1RIA (PRESENCIAL)<\/strong><\/td>\n<\/tr>\n<tr>\n<td rowspan=\"2\" align=\"center\" valign=\"middle\"><strong>JULHO<\/strong><\/td>\n<td align=\"center\" valign=\"middle\"><strong>COMARCA DE MARECHAL FLORIANO<\/strong><\/td>\n<td rowspan=\"2\" align=\"center\" valign=\"middle\"><strong>ORDIN\u00c1RIA (PRESENCIAL)<\/strong><\/td>\n<\/tr>\n<tr>\n<td align=\"center\" valign=\"middle\"><strong>COMARCA DE VENDA NOVA DO IMIGRANTE<\/strong><\/td>\n<\/tr>\n<tr>\n<td rowspan=\"2\" align=\"center\" valign=\"middle\"><strong>AGOSTO<\/strong><\/td>\n<td align=\"center\" valign=\"middle\"><strong>COMARCA DE SANTA MARIA DE JETIB\u00c1<\/strong><\/td>\n<td rowspan=\"2\" align=\"center\" valign=\"middle\"><strong>ORDIN\u00c1RIA (PRESENCIAL)<\/strong><\/td>\n<\/tr>\n<tr>\n<td align=\"center\" valign=\"middle\"><strong>COMARCA DE VARGEM ALTA<\/strong>*<\/td>\n<\/tr>\n<tr>\n<td rowspan=\"2\" align=\"center\" valign=\"middle\"><strong>SETEMBRO<\/strong><\/td>\n<td align=\"center\" valign=\"middle\"><strong>COMARCA DE\u00a0CONCEI\u00c7\u00c3O DO CASTELO<\/strong>*<\/td>\n<td rowspan=\"2\" align=\"center\" valign=\"middle\"><strong>ORDIN\u00c1RIA (PRESENCIAL)<\/strong><\/td>\n<\/tr>\n<tr>\n<td align=\"center\" valign=\"middle\"><strong>COMARCA DE ALFREDO CHAVES<\/strong>*\u00a0<\/td>\n<\/tr>\n<\/tbody>\n<\/table>\n<p><strong>Art. 2\u00ba.<\/strong>\u00a0Determinar a realiza\u00e7\u00e3o de\u00a0<strong>CORREI\u00c7\u00d5ES VIRTUAIS<\/strong> nas seguintes unidades judici\u00e1rias do Estado do Esp\u00edrito Santo: <span style=\"color: #ff0000;\"><strong>ALTERADA PELA <a href=\"https:\/\/www.tjes.jus.br\/corregedoria\/2025\/04\/04\/portaria-no-02-2025-disp-28-03-2025\/\">PORTARIA N\u00ba 002\/2025<\/a> DISP. 04\/04\/2025<\/strong><\/span> \u00a0<\/p>\n<p>\u00a0<\/p>\n<table style=\"width: 100%; height: 2064px;\" border=\"1\" align=\"center\">\n<tbody>\n<tr style=\"height: 53px;\">\n<td style=\"height: 53px;\" bgcolor=\"#909092\">\n<p><strong>M\u00caS<\/strong><\/p>\n<\/td>\n<td style=\"height: 53px;\" align=\"center\" bgcolor=\"#909092\">\n<p><strong>COMARCA\/JU\u00cdZO<\/strong><\/p>\n<\/td>\n<td style=\"height: 53px;\" bgcolor=\"#909092\">\n<p><strong>MODALIDADE<\/strong><\/p>\n<\/td>\n<\/tr>\n<tr style=\"height: 53px;\">\n<td style=\"height: 661px;\" rowspan=\"12\" align=\"center\">\n<p>\u00a0<\/p>\n<p><strong>FEVEREIRO<\/strong><\/p>\n<\/td>\n<td style=\"height: 53px;\">\n<p><strong>DORES DO RIO PRETO \u2013 VARA \u00daNICA<\/strong><\/p>\n<\/td>\n<td style=\"height: 661px;\" colspan=\"1\" rowspan=\"12\" align=\"center\">\n<p><strong>VIRTUAL<\/strong><\/p>\n<\/td>\n<\/tr>\n<tr style=\"height: 53px;\">\n<td style=\"height: 53px;\">\n<p><strong>MARATA\u00cdZES \u2013 JUIZADO ESPECIAL C\u00cdVEL, CRIMINAL E DA FAZENDA P\u00daBLICA<\/strong><\/p>\n<\/td>\n<\/tr>\n<tr style=\"height: 53px;\">\n<td style=\"height: 53px;\">\n<p><strong>MARATA\u00cdZES \u2013 VARA C\u00cdVEL<\/strong><\/p>\n<\/td>\n<\/tr>\n<tr style=\"height: 53px;\">\n<td style=\"height: 53px;\">\n<p><strong>MARATA\u00cdZES \u2013 VARA DE FAM\u00cdLIA, \u00d3RF\u00c3OS E SUCESS\u00d5ES, INF\u00c2NCIA E JUVENTUDE<\/strong><\/p>\n<\/td>\n<\/tr>\n<tr style=\"height: 78px;\">\n<td style=\"height: 78px;\">\n<p><strong>MARATA\u00cdZES \u2013 VARA DA FAZENDA P\u00daBLICA ESTADUAL, MUNICIPAL E REGISTROS P\u00daBLICOS<\/strong><\/p>\n<\/td>\n<\/tr>\n<tr style=\"height: 53px;\">\n<td style=\"height: 53px;\">\n<p><strong>LARANJA DA TERRA \u2013 VARA \u00daNICA<\/strong><\/p>\n<\/td>\n<\/tr>\n<tr style=\"height: 53px;\">\n<td style=\"height: 53px;\">\n<p><strong>BOM JESUS DO NORTE \u2013 VARA \u00daNICA<\/strong><\/p>\n<\/td>\n<\/tr>\n<tr style=\"height: 53px;\">\n<td style=\"height: 53px;\">\n<p><strong>S\u00c3O JOS\u00c9 DO CAL\u00c7ADO \u2013 VARA \u00daNICA<\/strong><\/p>\n<\/td>\n<\/tr>\n<tr style=\"height: 53px;\">\n<td style=\"height: 53px;\">\n<p><strong>CONCEI\u00c7\u00c3O DO CASTELO \u2013 VARA \u00daNICA<\/strong><\/p>\n<\/td>\n<\/tr>\n<tr style=\"height: 53px;\">\n<td style=\"height: 53px;\">\n<p><strong>ITAPEMIRIM \u2013 1\u00aa VARA C\u00cdVEL<\/strong><\/p>\n<\/td>\n<\/tr>\n<tr style=\"height: 53px;\">\n<td style=\"height: 53px;\">\n<p><strong>ITAPEMIRIM \u2013 1\u00aa VARA CRIMINAL<\/strong><\/p>\n<\/td>\n<\/tr>\n<tr style=\"height: 53px;\">\n<td style=\"height: 53px;\">\n<p><strong>ITAPEMIRIM &#8211; VARA DE FAM\u00cdLIA, \u00d3RF\u00c3OS E SUCESS\u00d5ES, INF\u00c2NCIA E JUVENTUDE<\/strong><\/p>\n<\/td>\n<\/tr>\n<tr style=\"height: 53px;\">\n<td style=\"height: 530px;\" rowspan=\"10\" bgcolor=\"#b4b4b7\">\n<p>\u00a0<\/p>\n<p><strong>MAR\u00c7O<\/strong><\/p>\n<\/td>\n<td style=\"height: 53px;\" bgcolor=\"#b4b4b7\">\n<p><strong>ITAPEMIRIM \u2013 JUIZADO ESPECIAL C\u00cdVEL, CRIMINAL E DA FAZENDA P\u00daBLICA<\/strong><\/p>\n<\/td>\n<td style=\"height: 530px;\" colspan=\"1\" rowspan=\"10\" align=\"center\" bgcolor=\"#b4b4b7\">\n<p><strong>VIRTUAL<\/strong><\/p>\n<\/td>\n<\/tr>\n<tr style=\"height: 53px;\">\n<td style=\"height: 53px;\" bgcolor=\"#b4b4b7\">\n<p><strong>ALTO RIO NOVO \u2013 VARA \u00daNICA<\/strong><\/p>\n<\/td>\n<\/tr>\n<tr style=\"height: 53px;\">\n<td style=\"height: 53px;\" bgcolor=\"#b4b4b7\">\n<p><strong>MANTEN\u00d3POLIS \u2013 VARA \u00daNICA<\/strong><\/p>\n<\/td>\n<\/tr>\n<tr style=\"height: 53px;\">\n<td style=\"height: 53px;\" bgcolor=\"#b4b4b7\">\n<p><strong>ICONHA \u2013 VARA \u00daNICA<\/strong><\/p>\n<\/td>\n<\/tr>\n<tr style=\"height: 53px;\">\n<td style=\"height: 53px;\" bgcolor=\"#b4b4b7\">\n<p><strong>APIAC\u00c1 \u2013 VARA \u00daNICA<\/strong><\/p>\n<\/td>\n<\/tr>\n<tr style=\"height: 53px;\">\n<td style=\"height: 53px;\" bgcolor=\"#b4b4b7\">\n<p><strong>MIMOSO DO SUL \u2013 1\u00aa VARA<\/strong><\/p>\n<\/td>\n<\/tr>\n<tr style=\"height: 53px;\">\n<td style=\"height: 53px;\" bgcolor=\"#b4b4b7\">\n<p><strong>MIMOSO DO SUL \u2013 2\u00aa VARA<\/strong><\/p>\n<\/td>\n<\/tr>\n<tr style=\"height: 53px;\">\n<td style=\"height: 53px;\" bgcolor=\"#b4b4b7\">\n<p><strong>ITAGUA\u00c7U \u2013 VARA \u00daNICA<\/strong><\/p>\n<\/td>\n<\/tr>\n<tr style=\"height: 53px;\">\n<td style=\"height: 53px;\" bgcolor=\"#b4b4b7\">\n<p><strong>ITARANA \u2013 VARA \u00daNICA<\/strong><\/p>\n<\/td>\n<\/tr>\n<tr style=\"height: 53px;\">\n<td style=\"height: 53px;\" bgcolor=\"#b4b4b7\">\n<p><del><strong>COLATINA \u2013 1\u00aa VARA C\u00cdVEL<\/strong><\/del><\/p>\n<\/td>\n<\/tr>\n<tr style=\"height: 53px;\">\n<td style=\"height: 265px;\" rowspan=\"5\" align=\"center\">\n<p>\u00a0<\/p>\n<p><strong>ABRIL<\/strong><\/p>\n<\/td>\n<td style=\"height: 53px;\">\n<p><del><strong>COLATINA \u2013 2\u00aa VARA C\u00cdVEL<\/strong><\/del><\/p>\n<\/td>\n<td style=\"height: 265px;\" colspan=\"1\" rowspan=\"5\" align=\"center\">\n<p><strong>VIRTUAL<\/strong><\/p>\n<\/td>\n<\/tr>\n<tr style=\"height: 53px;\">\n<td style=\"height: 53px;\">\n<p><del><strong>COLATINA \u2013 1\u00aa VARA DE FAM\u00cdLIA, \u00d3RF\u00c3OS E SUCESS\u00d5ES<\/strong><\/del><\/p>\n<\/td>\n<\/tr>\n<tr style=\"height: 53px;\">\n<td style=\"height: 53px;\">\n<p><del><strong>COLATINA \u2013 2\u00aa VARA DE FAM\u00cdLIA, \u00d3RF\u00c3OS E SUCESS\u00d5ES<\/strong><\/del><\/p>\n<\/td>\n<\/tr>\n<tr style=\"height: 53px;\">\n<td style=\"height: 53px;\">\n<p><del><strong>COLATINA \u2013 3\u00aa VARA DE FAM\u00cdLIA, \u00d3RF\u00c3OS E SUCESS\u00d5ES<\/strong><\/del><\/p>\n<\/td>\n<\/tr>\n<tr style=\"height: 53px;\">\n<td style=\"height: 53px;\">\n<p><del><strong>COLATINA \u2013 VARA DA INF\u00c2NCIA E JUVENTUDE<\/strong><\/del><\/p>\n<\/td>\n<\/tr>\n<tr style=\"height: 78px;\">\n<td style=\"height: 449px;\" rowspan=\"8\" bgcolor=\"#b4b4b7\">\n<p>\u00a0<\/p>\n<p><strong>MAIO<\/strong><\/p>\n<\/td>\n<td style=\"height: 78px;\" bgcolor=\"#b4b4b7\">\n<p><del><strong>COLATINA &#8211; VARA DA FAZENDA P\u00daBLICA ESTADUAL, MUNICIPAL, REGISTROS P\u00daBLICOS E MEIO AMBIENTE<\/strong><\/del><\/p>\n<\/td>\n<td style=\"height: 449px;\" colspan=\"1\" rowspan=\"8\" align=\"center\" bgcolor=\"#b4b4b7\">\n<p><strong>VIRTUAL<\/strong><\/p>\n<\/td>\n<\/tr>\n<tr style=\"height: 53px;\">\n<td style=\"height: 53px;\" bgcolor=\"#b4b4b7\">\n<p><del><strong>COLATINA \u2013 1\u00aa VARA CRIMINAL<\/strong><\/del><\/p>\n<\/td>\n<\/tr>\n<tr style=\"height: 53px;\">\n<td style=\"height: 53px;\" bgcolor=\"#b4b4b7\">\n<p><del><strong>COLATINA \u2013 2\u00aa VARA CRIMINAL<\/strong><\/del><\/p>\n<\/td>\n<\/tr>\n<tr style=\"height: 53px;\">\n<td style=\"height: 53px;\" bgcolor=\"#b4b4b7\">\n<p><del><strong>COLATINA \u2013 3\u00aa VARA CRIMINAL<\/strong><\/del><\/p>\n<\/td>\n<\/tr>\n<tr style=\"height: 53px;\">\n<td style=\"height: 53px;\" bgcolor=\"#b4b4b7\">\n<p><del><strong>COLATINA \u2013 4\u00aa VARA CRIMINAL<\/strong><\/del><\/p>\n<\/td>\n<\/tr>\n<tr style=\"height: 53px;\">\n<td style=\"height: 53px;\" bgcolor=\"#b4b4b7\">\n<p><del><strong>COLATINA \u2013 1\u00ba JUIZADO ESPECIAL C\u00cdVEL<\/strong><\/del><\/p>\n<\/td>\n<\/tr>\n<tr style=\"height: 53px;\">\n<td style=\"height: 53px;\" bgcolor=\"#b4b4b7\">\n<p><del><strong>COLATINA \u2013 2\u00ba JUIZADO ESPECIAL C\u00cdVEL<\/strong><\/del><\/p>\n<\/td>\n<\/tr>\n<tr style=\"height: 53px;\">\n<td style=\"height: 53px;\" bgcolor=\"#b4b4b7\">\n<p><del><strong>COLATINA \u2013 3\u00ba JUIZADO ESPECIAL C\u00cdVEL<\/strong><\/del><\/p>\n<\/td>\n<\/tr>\n<tr style=\"height: 53px;\">\n<td style=\"height: 106px;\" rowspan=\"2\" align=\"center\">\n<p>\u00a0<\/p>\n<p><strong>JUNHO<\/strong><\/p>\n<\/td>\n<td style=\"height: 53px;\">\n<p><del><strong>COLATINA \u2013 JUIZADO ESPECIAL CRIMINAL E DA FAZENDA P\u00daBLICA<\/strong><\/del><\/p>\n<\/td>\n<td style=\"height: 106px;\" colspan=\"1\" rowspan=\"2\" align=\"center\">\n<p><strong>VIRTUAL<\/strong><\/p>\n<\/td>\n<\/tr>\n<tr style=\"height: 53px;\">\n<td style=\"height: 53px;\">\n<p><del><strong>MARIL\u00c2NDIA \u2013 VARA \u00daNICA<\/strong><\/del><\/p>\n<\/td>\n<\/tr>\n<\/tbody>\n<\/table>\n<p>\u00a0<\/p>\n<p><strong>Par\u00e1grafo \u00fanico.<\/strong>\u00a0O cronograma descrito nesta Portaria poder\u00e1 sofrer altera\u00e7\u00f5es, a depender de fatores externos n\u00e3o previstos quando de sua elabora\u00e7\u00e3o.<\/p>\n<p>\u00a0<\/p>\n<p><strong>Art. 3\u00ba.\u00a0<\/strong>Durante o per\u00edodo de correi\u00e7\u00e3o, n\u00e3o haver\u00e1 suspens\u00e3o de prazos, interrup\u00e7\u00e3o de distribui\u00e7\u00e3o ou transfer\u00eancia das audi\u00eancias marcadas, procurando-se evitar, ao m\u00e1ximo, preju\u00edzo aos trabalhos ordin\u00e1rios das unidades correicionadas.<\/p>\n<p>\u00a0<\/p>\n<p><strong>Art. 4\u00ba.\u00a0<\/strong>Em conformidade ao art. 13, \u00a7 10\u00ba do C\u00f3digo de Normas &#8211; Foro Judicial &#8211; Tomo I, as unidades judici\u00e1rias mencionadas nos art. 1\u00ba e 2\u00ba desta Portaria,<strong>\u00a0ficam dispensadas da realiza\u00e7\u00e3o de inspe\u00e7\u00f5es judiciais no ano de 2025.<\/strong><\/p>\n<p>\u00a0<\/p>\n<p><strong>Art. 5\u00ba.\u00a0<\/strong>As correi\u00e7\u00f5es presenciais realizadas nas Comarcas mencionadas no art. 1\u00ba englobar\u00e3o o foro extrajudicial.<\/p>\n<p>\u00a0<\/p>\n<p><strong>Art. 6\u00ba.<\/strong>\u00a0Esta Portaria entrar\u00e1 em vigor na data da sua publica\u00e7\u00e3o.<\/p>\n<p>\u00a0<\/p>\n<p>Publique-se.<\/p>\n<p>\u00a0<\/p>\n<p>Vit\u00f3ria\/ES, 18 de dezembro de 2024.<\/p>\n<p>\u00a0<\/p>\n<p style=\"text-align: center;\"><strong>Desembargador WILLIAN SILVA<\/strong><\/p>\n<p style=\"text-align: center;\"><strong>Corregedor-Geral da Justi\u00e7a<\/strong><\/p>\n","protected":false},"excerpt":{"rendered":"<p>ALTERADA PELA PORTARIA N\u00ba 002\/2025 DISP. 04\/04\/2025\u00a0 ALTERADA PELA PORTARIA N\u00ba 007\/2025 DISP. 12\/08\/2025\u00a0 \u00a0 PORTARIA N\u00ba 026\/2024 O Desembargador\u00a0WILLIAN SILVA, Corregedor-Geral da Justi\u00e7a do Estado do Esp\u00edrito Santo, no uso de suas atribui\u00e7\u00f5es legais e,\u00a0 \u00a0 CONSIDERANDO\u00a0o que prescreve o art. 35, do C\u00f3digo de Organiza\u00e7\u00e3o Judici\u00e1ria do Estado do Esp\u00edrito Santo, no sentido [&hellip;]<\/p>\n","protected":false},"author":8,"featured_media":0,"comment_status":"closed","ping_status":"closed","sticky":false,"template":"","format":"standard","meta":{"footnotes":""},"categories":[14,6],"tags":[],"_links":{"self":[{"href":"https:\/\/www.tjes.jus.br\/corregedoria\/wp-json\/wp\/v2\/posts\/42033"}],"collection":[{"href":"https:\/\/www.tjes.jus.br\/corregedoria\/wp-json\/wp\/v2\/posts"}],"about":[{"href":"https:\/\/www.tjes.jus.br\/corregedoria\/wp-json\/wp\/v2\/types\/post"}],"author":[{"embeddable":true,"href":"https:\/\/www.tjes.jus.br\/corregedoria\/wp-json\/wp\/v2\/users\/8"}],"replies":[{"embeddable":true,"href":"https:\/\/www.tjes.jus.br\/corregedoria\/wp-json\/wp\/v2\/comments?post=42033"}],"version-history":[{"count":7,"href":"https:\/\/www.tjes.jus.br\/corregedoria\/wp-json\/wp\/v2\/posts\/42033\/revisions"}],"predecessor-version":[{"id":44574,"href":"https:\/\/www.tjes.jus.br\/corregedoria\/wp-json\/wp\/v2\/posts\/42033\/revisions\/44574"}],"wp:attachment":[{"href":"https:\/\/www.tjes.jus.br\/corregedoria\/wp-json\/wp\/v2\/media?parent=42033"}],"wp:term":[{"taxonomy":"category","embeddable":true,"href":"https:\/\/www.tjes.jus.br\/corregedoria\/wp-json\/wp\/v2\/categories?post=42033"},{"taxonomy":"post_tag","embeddable":true,"href":"https:\/\/www.tjes.jus.br\/corregedoria\/wp-json\/wp\/v2\/tags?post=42033"}],"curies":[{"name":"wp","href":"https:\/\/api.w.org\/{rel}","templated":true}]}}