{"id":42526,"date":"2025-02-21T13:09:50","date_gmt":"2025-02-21T16:09:50","guid":{"rendered":"https:\/\/www.tjes.jus.br\/corregedoria\/?p=42526"},"modified":"2025-02-21T13:13:24","modified_gmt":"2025-02-21T16:13:24","slug":"resolucao-no-14-2025-disp-21-02-2025","status":"publish","type":"post","link":"https:\/\/www.tjes.jus.br\/corregedoria\/2025\/02\/21\/resolucao-no-14-2025-disp-21-02-2025\/","title":{"rendered":"RESOLU\u00c7\u00c3O N\u00ba 14\/2025 \u2013 DISP. 21\/02\/2025"},"content":{"rendered":"\n<div class=\"override-text\" align=\"center\">\n<p>PODER JUDICI\u00c1RIO DO ESTADO DO ESP\u00cdRITO SANTO &#8211; PJES<\/p>\n<p>RUA DESEMBARGADOR HOMERO MAFRA,60 &#8211; Bairro ENSEADA DO SU\u00c1 &#8211; CEP 29050906 &#8211; Vit\u00f3ria &#8211; ES &#8211; www.tjes.jus.br<\/p>\n<\/div>\n<p>\u00a0<\/p>\n<p class=\"Texto_Centralizado_Maiusculas\" style=\"text-align: center;\"><strong>RESOLU\u00c7\u00c3O N<\/strong><strong>\u00ba 014<\/strong><strong>\/2025<\/strong><\/p>\n<p>\u00a0<\/p>\n<p class=\"Texto_Alinhado_Direita\"><em>Reformula o Programa de Resid\u00eancia Jur\u00eddica do Poder Judici\u00e1rio do Estado do Esp\u00edrito Santo.<\/em><\/p>\n<p>\u00a0<\/p>\n<p class=\"Texto_Justificado\" style=\"text-align: justify;\"><strong>CONSIDERANDO\u00a0<\/strong>a necessidade de aprimoramento e adequa\u00e7\u00e3o das regras relativas ao Programa de Resid\u00eancia Jur\u00eddica;<\/p>\n<p style=\"text-align: justify;\">\u00a0<\/p>\n<p class=\"Texto_Justificado\" style=\"text-align: justify;\"><strong>CONSIDERANDO\u00a0<\/strong>o que disp\u00f5e a\u00a0<a href=\"https:\/\/atos.cnj.jus.br\/atos\/detalhar\/4303\" target=\"_blank\" rel=\"noopener\">Resolu\u00e7\u00e3o n\u00ba 439<\/a>, de 7 de janeiro de 2022, do Conselho Nacional de Justi\u00e7a, que autoriza os tribunais a institu\u00edrem programas de resid\u00eancia jur\u00eddica;<\/p>\n<p style=\"text-align: justify;\">\u00a0<\/p>\n<p class=\"Texto_Justificado\" style=\"text-align: justify;\"><strong>CONSIDERANDO\u00a0<\/strong>que o Poder Judici\u00e1rio deve trabalhar pelo aprimoramento e aperfei\u00e7oamento de bachar\u00e9is em Direito, a fim de que possam ser agentes auxiliares de transforma\u00e7\u00e3o e moderniza\u00e7\u00e3o da Justi\u00e7a;<\/p>\n<p style=\"text-align: justify;\">\u00a0<\/p>\n<p class=\"Texto_Justificado\" style=\"text-align: justify;\"><strong>CONSIDERANDO\u00a0<\/strong>a exist\u00eancia de profissionais do ramo de direito rec\u00e9m-formados necessitando de aprofundamento de conhecimento pr\u00e1tico e que podem ser instru\u00eddos por magistrados e servidores;<\/p>\n<p style=\"text-align: justify;\">\u00a0<\/p>\n<p class=\"Texto_Justificado\" style=\"text-align: justify;\"><strong>CONSIDERANDO\u00a0<\/strong>o Programa de Resid\u00eancia Jur\u00eddica como mecanismo de melhoria do aprendizado da atividade jur\u00eddica, que deve ser desenvolvida em gabinete de magistrado, secretarias judiciais, N\u00facleo Permanente de M\u00e9todos Consensuais de Solu\u00e7\u00e3o de Conflitos \u2013 NUPEMEC e Centros Judici\u00e1rios de Solu\u00e7\u00e3o de Conflitos e Cidadania \u2013 CEJUSCs;<\/p>\n<p style=\"text-align: justify;\">\u00a0<\/p>\n<p class=\"Texto_Justificado\" style=\"text-align: justify;\"><strong>CONSIDERANDO<\/strong>\u00a0os termos da Resolu\u00e7\u00e3o CNJ n\u00b0 255, de 04 de setembro de 2018, em especial o art. 2\u00ba, inciso V, que prev\u00ea a participa\u00e7\u00e3o equ\u00e2nime de homens e mulheres, proporcionando a ocupa\u00e7\u00e3o de, no m\u00ednimo, 50% de mulheres na contrata\u00e7\u00e3o de estagi\u00e1rios(as), inclusive nos programas de resid\u00eancia jur\u00eddica;<\/p>\n<p style=\"text-align: justify;\">\u00a0<\/p>\n<p class=\"Texto_Justificado\" style=\"text-align: justify;\"><strong>CONSIDERANDO<\/strong><strong>\u00a0<\/strong>o teor do Procedimentos SEI n\u00ba 7007314-39.2024.8.08.0000 e n\u00ba 7000893-96.2025.8.08.0000, em que, a partir de delibera\u00e7\u00f5es da Presid\u00eancia do Tribunal de Justi\u00e7a do Esp\u00edrito Santo, a Escola da Magistratura deste Estado \u2013 EMES comunica que as solu\u00e7\u00f5es atinentes \u00e0 coordena\u00e7\u00e3o e \u00e0 administra\u00e7\u00e3o do Programa de Resid\u00eancia Jur\u00eddica do PJES dever\u00e3o ser buscadas com exclusividade junto \u00e0 Se\u00e7\u00e3o de Sele\u00e7\u00e3o e Acompanhamento de Est\u00e1gio, unidade diretamente subordinada \u00e0 Secretaria de Gest\u00e3o de Pessoas \u2013 SGP\/TJES;<\/p>\n<p style=\"text-align: justify;\">\u00a0<\/p>\n<p class=\"Texto_Justificado\" style=\"text-align: justify;\"><strong>CONSIDERANDO\u00a0<\/strong>a decis\u00e3o plen\u00e1ria tomada na Sess\u00e3o Ordin\u00e1ria do Egr\u00e9gio Tribunal Pleno, realizada no dia 20 de fevereiro de 2025;<\/p>\n<p style=\"text-align: justify;\">\u00a0<\/p>\n<p class=\"Texto_Justificado\" style=\"text-align: justify;\" align=\"left\"><strong>RESOL<\/strong><strong>VE<\/strong>:<\/p>\n<p style=\"text-align: justify;\">\u00a0<\/p>\n<p class=\"Texto_Justificado\" style=\"text-align: justify;\"><strong>Art.<\/strong><strong>\u00a0<\/strong><strong>1\u00ba.<\/strong><strong>\u00a0<\/strong>Reformular o Programa de Resid\u00eancia Jur\u00eddica, no \u00e2mbito do Poder Judici\u00e1rio do Estado do Esp\u00edrito Santo, objetivando proporcionar o aprimoramento da forma\u00e7\u00e3o te\u00f3rica e pr\u00e1tica dos profissionais do Sistema de Justi\u00e7a.<\/p>\n<p style=\"text-align: justify;\">\u00a0<\/p>\n<p class=\"Texto_Justificado\" style=\"text-align: justify;\"><strong>\u00a7 1\u00ba.\u00a0<\/strong>A Resid\u00eancia Jur\u00eddica constitui modalidade de ensino destinada a bachar\u00e9is em Direito que estejam cursando especializa\u00e7\u00e3o, mestrado, doutorado, p\u00f3s-doutorado ou, ainda, que tenham conclu\u00eddo o curso de gradua\u00e7\u00e3o h\u00e1, no m\u00e1ximo, 5 (cinco) anos.<\/p>\n<p style=\"text-align: justify;\">\u00a0<\/p>\n<p class=\"Texto_Justificado\" style=\"text-align: justify;\"><strong>\u00a7 2\u00ba.\u00a0<\/strong>A Resid\u00eancia Jur\u00eddica consiste no treinamento em servi\u00e7o, abrangendo ensino, pesquisa e extens\u00e3o, bem como aux\u00edlio pr\u00e1tico aos magistrados e servidores do Poder Judici\u00e1rio no desempenho de suas atribui\u00e7\u00f5es institucionais.<\/p>\n<p style=\"text-align: justify;\">\u00a0<\/p>\n<p class=\"Texto_Justificado\" style=\"text-align: justify;\"><strong>\u00a7 3\u00ba.\u00a0<\/strong>O Programa de Resid\u00eancia Jur\u00eddica ter\u00e1 jornada de est\u00e1gio m\u00e1xima de 30 (trinta) horas semanais e dura\u00e7\u00e3o de at\u00e9 36 (trinta e seis) meses, n\u00e3o gerando v\u00ednculo de qualquer natureza com a Administra\u00e7\u00e3o P\u00fablica.<\/p>\n<p style=\"text-align: justify;\">\u00a0<\/p>\n<p class=\"Texto_Justificado\" style=\"text-align: justify;\"><strong>\u00a7 4\u00ba.\u00a0<\/strong>Os residentes receber\u00e3o uma bolsa-aux\u00edlio mensal como pagamento pelas atividades prestadas.<\/p>\n<p style=\"text-align: justify;\">\u00a0<\/p>\n<p class=\"Texto_Justificado\" style=\"text-align: justify;\"><strong>\u00a7 5\u00ba.\u00a0<\/strong>Os residentes desempenhar\u00e3o suas atividades sob a supervis\u00e3o de um magistrado orientador e ficar\u00e3o vinculados \u00e0 Presid\u00eancia, cabendo \u00e0 Secretaria de Gest\u00e3o de Pessoas \u2013 SGP\/TJES a coordena\u00e7\u00e3o operacional e administrativa do Programa, enquanto \u00e0 Escola da Magistratura do Estado do Esp\u00edrito Santo \u2013 EMES a coordena\u00e7\u00e3o acad\u00eamica.<\/p>\n<p style=\"text-align: justify;\">\u00a0<\/p>\n<p class=\"Texto_Justificado\" style=\"text-align: justify;\"><strong>Art. 2\u00ba.\u00a0<\/strong>A admiss\u00e3o no Programa de Resid\u00eancia Jur\u00eddica se dar\u00e1 mediante processo seletivo p\u00fablico, com publica\u00e7\u00e3o de edital e ampla divulga\u00e7\u00e3o, abrangendo a aplica\u00e7\u00e3o de provas objetiva e\u00a0discursiva, de car\u00e1ter classificat\u00f3rio e eliminat\u00f3rio, e observar\u00e1 as regras da\u00a0<a href=\"https:\/\/atos.cnj.jus.br\/atos\/detalhar\/3497\" target=\"_blank\" rel=\"noopener\">Resolu\u00e7\u00e3o CNJ n\u00ba<\/a>\u00a0<a href=\"https:\/\/atos.cnj.jus.br\/atos\/detalhar\/3497\" target=\"_blank\" rel=\"noopener\">336\/2020<\/a>, que versa sobre a promo\u00e7\u00e3o de cotas raciais.<\/p>\n<p style=\"text-align: justify;\">\u00a0<\/p>\n<p class=\"Texto_Justificado\" style=\"text-align: justify;\"><strong>\u00a7 1\u00ba.\u00a0<\/strong>O Programa de Resid\u00eancia Jur\u00eddica ofertar\u00e1 vagas para presta\u00e7\u00e3o de atividades por Regi\u00e3o, Comarca ou Vara, sendo vedada a transfer\u00eancia, cess\u00e3o ou localiza\u00e7\u00e3odo residente para a presta\u00e7\u00e3o de atividades em Regi\u00e3o, Comarca ou Vara distinta daquela para a qual se habilitou no processo seletivo, exceto por decis\u00e3o fundamentada da Presid\u00eancia.<\/p>\n<p style=\"text-align: justify;\">\u00a0<\/p>\n<p class=\"Texto_Justificado\" style=\"text-align: justify;\"><strong>\u00a7 2\u00ba.\u00a0<\/strong>A Presid\u00eancia editar\u00e1 ato normativo fixando o n\u00famero de vagas a serem ofertadas no edital de abertura do processo seletivo e o valor mensal da bolsa-aux\u00edlio do Programa de Resid\u00eancia Jur\u00eddica, observadas a conveni\u00eancia administrativa e a disponibilidade financeira e or\u00e7ament\u00e1ria.<\/p>\n<p style=\"text-align: justify;\">\u00a0<\/p>\n<p class=\"Texto_Justificado\" style=\"text-align: justify;\"><strong>\u00a7 3\u00ba.\u00a0<\/strong>Preferivelmente no primeiro semestre e cada ano, far-se-\u00e1 processo seletivo estadual unificado para preenchimentos de vagas e\/ou cadastro de aluno reserva.<\/p>\n<p style=\"text-align: justify;\">\u00a0<\/p>\n<p class=\"Texto_Justificado\" style=\"text-align: justify;\"><strong>\u00a7 4\u00ba.\u00a0<\/strong>A homologa\u00e7\u00e3o do processo seletivo, em qualquer situa\u00e7\u00e3o, ser\u00e1 de responsabilidade do \u00f3rg\u00e3o ou institui\u00e7\u00e3o que o promove, dependendo o seu resultado final de encaminhamento pr\u00e9vio \u00e0 Comiss\u00e3o de Heteroidentifica\u00e7\u00e3o e da Comiss\u00e3o Recursal de Heteroidentifica\u00e7\u00e3o do Tribunal de Justi\u00e7a do Esp\u00edrito Santo, a fim de serem realizados os procedimentos pertinentes, para se garantir a reserva de vagas destinadas \u00e0s seguintes cotas:<\/p>\n<ol style=\"text-align: justify;\" type=\"I\">\n<li>\n<p class=\"Texto_Justificado\">\u2013 10% (dez por cento) \u00e0s pessoas com defici\u00eancia, desde que a defici\u00eancia seja compat\u00edvel com as atribui\u00e7\u00f5es do cargo, nos termos assegurados pelo inciso VIII do art. 37 da Constitui\u00e7\u00e3o Federal;<\/p>\n<\/li>\n<li>\n<p class=\"Texto_Justificado\">\u2013 30% (trinta por cento) aos pretos ou pardos;<\/p>\n<\/li>\n<li>\n<p class=\"Texto_Justificado\">\u2013 3% (tr\u00eas por cento) aos ind\u00edgenas, sempre que o n\u00famero de vagas oferecidas for igual ou superior a 10 (dez);<\/p>\n<\/li>\n<li>\n<p class=\"Texto_Justificado\">\u2013 50% \u00e0s integrantes mulheres.<\/p>\n<\/li>\n<\/ol>\n<p style=\"text-align: justify;\">\u00a0<\/p>\n<p class=\"Texto_Justificado\" style=\"text-align: justify;\"><strong>Art.<\/strong><strong>\u00a0<\/strong><strong>3\u00ba.<\/strong><strong>\u00a0<\/strong>O processo seletivo ser\u00e1 precedido de edital expedido pela Presid\u00eancia, cuja divulga\u00e7\u00e3o dar-se-\u00e1 mediante:<\/p>\n<ol style=\"text-align: justify;\" type=\"I\">\n<li>\n<p class=\"Texto_Justificado\">\u2013 publica\u00e7\u00e3o integral, por uma vez, no Di\u00e1rio da Justi\u00e7a Eletr\u00f4nico;<\/p>\n<\/li>\n<li>\n<p class=\"Texto_Justificado\">\u2013 publica\u00e7\u00e3o integral nos endere\u00e7os eletr\u00f4nicos do Tribunal de Justi\u00e7a;<\/p>\n<\/li>\n<li>\n<p class=\"Texto_Justificado\">\u2013 afixa\u00e7\u00e3o no quadro de avisos, sem preju\u00edzo da utiliza\u00e7\u00e3o de qualquer outro tipo de an\u00fancio subsidi\u00e1rio, a crit\u00e9rio da Presid\u00eancia.<\/p>\n<\/li>\n<\/ol>\n<p style=\"text-align: justify;\">\u00a0<\/p>\n<p class=\"Texto_Justificado\" style=\"text-align: justify;\"><strong>Art. 4\u00ba.\u00a0<\/strong>Constar\u00e3o do edital, obrigatoriamente:<\/p>\n<ol style=\"text-align: justify;\" type=\"I\">\n<li>\n<p class=\"Texto_Justificado\">\u2013 a composi\u00e7\u00e3o da Comiss\u00e3o Examinadora, a ser designada pela Presid\u00eancia;<\/p>\n<\/li>\n<li>\n<p class=\"Texto_Justificado\">\u2013 o prazo de inscri\u00e7\u00e3o, que ser\u00e1 de, no m\u00ednimo, 30 (trinta) dias, contados da \u00faltima ou \u00fanica publica\u00e7\u00e3o no Di\u00e1rio da Justi\u00e7a Eletr\u00f4nico;<\/p>\n<\/li>\n<li>\n<p class=\"Texto_Justificado\">\u2013 o local e hor\u00e1rio de inscri\u00e7\u00f5es;<\/p>\n<\/li>\n<li>\n<p class=\"Texto_Justificado\">\u2013 o n\u00famero de vagas e, se for o caso, o cronograma estimado de realiza\u00e7\u00e3o das provas;<\/p>\n<\/li>\n<li>\n<p class=\"Texto_Justificado\">\u2013 o conte\u00fado das disciplinas objeto de avalia\u00e7\u00e3o no certame;<\/p>\n<\/li>\n<li>\n<p class=\"Texto_Justificado\">\u2013 os requisitos para ingresso no Programa de Resid\u00eancia Jur\u00eddica;<\/p>\n<\/li>\n<li>\n<p class=\"Texto_Justificado\">\u2013 a rela\u00e7\u00e3o dos documentos necess\u00e1rios \u00e0 inscri\u00e7\u00e3o;<\/p>\n<\/li>\n<li>\n<p class=\"Texto_Justificado\">\u2013 o valor da taxa de inscri\u00e7\u00e3o; e<\/p>\n<\/li>\n<li>\n<p class=\"Texto_Justificado\">\u2013 o prazo para recurso dos resultados das provas.<\/p>\n<\/li>\n<\/ol>\n<p style=\"text-align: justify;\">\u00a0<\/p>\n<p class=\"Texto_Justificado\" style=\"text-align: justify;\"><strong>Par\u00e1grafo \u00fanico<\/strong>. Todas as comunica\u00e7\u00f5es individuais e coletivas aos candidatos inscritos no processo seletivo ser\u00e3o consideradas efetuadas, para todos os efeitos, por sua publica\u00e7\u00e3o em edital no Di\u00e1rio da Justi\u00e7a Eletr\u00f4nico e no portal eletr\u00f4nico do Tribunal de Justi\u00e7a.<\/p>\n<p style=\"text-align: justify;\">\u00a0<\/p>\n<p class=\"Texto_Justificado\" style=\"text-align: justify;\"><strong>Art.<\/strong><strong>\u00a0<\/strong><strong>5\u00ba.<\/strong><strong>\u00a0<\/strong>O processo seletivo se dar\u00e1 pela aplica\u00e7\u00e3o de provas objetiva e discursiva, de car\u00e1ter classificat\u00f3rio e eliminat\u00f3rio, que versar\u00e3o sobre:<\/p>\n<ol style=\"text-align: justify;\" type=\"I\">\n<li>\n<p class=\"Texto_Justificado\">\u2013 Direito Constitucional;<\/p>\n<\/li>\n<li>\n<p class=\"Texto_Justificado\">\u2013 Direito Penal;<\/p>\n<\/li>\n<li>\n<p class=\"Texto_Justificado\">\u2013 Direito Processual Penal;<\/p>\n<\/li>\n<li>\n<p class=\"Texto_Justificado\">\u2013 Direito Civil;<\/p>\n<\/li>\n<li>\n<p class=\"Texto_Justificado\">\u2013 Direito Processual Civil; e<\/p>\n<\/li>\n<li>\n<p class=\"Texto_Justificado\">\u2013 No\u00e7\u00f5es de Inform\u00e1tica.<\/p>\n<\/li>\n<\/ol>\n<p style=\"text-align: justify;\">\u00a0<\/p>\n<p class=\"Texto_Justificado\" style=\"text-align: justify;\"><strong>Art.<\/strong><strong>\u00a0<\/strong><strong>6\u00ba.<\/strong><strong>\u00a0<\/strong>A classifica\u00e7\u00e3o dos candidatos habilitados obedecer\u00e1 \u00e0 ordem decrescente da soma das notas das provas.<\/p>\n<p style=\"text-align: justify;\">\u00a0<\/p>\n<p class=\"Texto_Justificado\" style=\"text-align: justify;\"><strong>Par\u00e1grafo<\/strong><strong>\u00a0<\/strong><strong>\u00fanico<\/strong>. Para efeito de desempate, observar-se-\u00e1 a seguinte ordem:<\/p>\n<ol style=\"text-align: justify;\" type=\"I\">\n<li>\n<p class=\"Texto_Justificado\">\u2013 maior nota da prova objetiva em Direito Constitucional;<\/p>\n<\/li>\n<li>\n<p class=\"Texto_Justificado\">\u2013 maior nota da prova objetiva em Direito Processual Civil;<\/p>\n<\/li>\n<li>\n<p class=\"Texto_Justificado\">\u2013 maior nota da prova objetiva em Direito Processual Penal;<\/p>\n<\/li>\n<li>\n<p class=\"Texto_Justificado\">\u2013 maior nota da prova objetiva em Direito Civil;<\/p>\n<\/li>\n<li>\n<p class=\"Texto_Justificado\">\u2013 maior nota da prova objetiva em Direito Penal;<\/p>\n<\/li>\n<li>\n<p class=\"Texto_Justificado\">\u2013 maior nota da prova objetiva em No\u00e7\u00f5es de Inform\u00e1tica;<\/p>\n<\/li>\n<li>\n<p class=\"Texto_Justificado\">\u2013 maior idade.<\/p>\n<\/li>\n<\/ol>\n<p style=\"text-align: justify;\">\u00a0<\/p>\n<p class=\"Texto_Justificado\" style=\"text-align: justify;\"><strong>Art. 7\u00ba.<\/strong>\u00a0Fica autorizada a celebra\u00e7\u00e3o de conv\u00eanio ou contrata\u00e7\u00e3o de servi\u00e7os de institui\u00e7\u00e3o especializada para a execu\u00e7\u00e3o do processo seletivo.<\/p>\n<p style=\"text-align: justify;\">\u00a0<\/p>\n<p class=\"Texto_Justificado\" style=\"text-align: justify;\"><strong>Art. 8\u00ba<\/strong>. Aplicam-se aos membros da Comiss\u00e3o Examinadora os motivos de suspei\u00e7\u00e3o e de impedimento previstos nos arts. 144 e 145 do C\u00f3digo de Processo Civil.<\/p>\n<p style=\"text-align: justify;\">\u00a0<\/p>\n<p class=\"Texto_Justificado\" style=\"text-align: justify;\"><strong>\u00a7 1\u00ba.\u00a0<\/strong>Constitui tamb\u00e9m motivo de impedimento a inscri\u00e7\u00e3o no processo seletivo de c\u00f4njuge, companheiro ou parente em linha reta, colateral ou por afinidade, at\u00e9 o terceiro grau.<\/p>\n<p style=\"text-align: justify;\">\u00a0<\/p>\n<p class=\"Texto_Justificado\" style=\"text-align: justify;\"><strong>\u00a7 2\u00ba.\u00a0<\/strong>Os motivos de suspei\u00e7\u00e3o e de impedimento dever\u00e3o ser comunicados \u00e0 SGP\/TJES, por escrito, at\u00e9 5 (cinco) dias \u00fateis ap\u00f3s a publica\u00e7\u00e3o da rela\u00e7\u00e3o dos candidatos inscritos no Di\u00e1rio Oficial.<\/p>\n<p style=\"text-align: justify;\">\u00a0<\/p>\n<p class=\"Texto_Justificado\" style=\"text-align: justify;\"><strong>Art. 9\u00ba.\u00a0<\/strong>Compete \u00e0 Presid\u00eancia ou, nas hip\u00f3teses cab\u00edveis, \u00e0s Diretorias dos Foros:<\/p>\n<ol style=\"text-align: justify;\" type=\"I\">\n<li>\n<p class=\"Texto_Justificado\">\u2013 elaborar o edital de abertura do processo seletivo;<\/p>\n<\/li>\n<li>\n<p class=\"Texto_Justificado\">\u2013 fixar o cronograma com as datas;<\/p>\n<\/li>\n<li>\n<p class=\"Texto_Justificado\">\u2013 receber e examinar os requerimentos de inscri\u00e7\u00e3o, deliberando sobre eles;<\/p>\n<\/li>\n<li>\n<p class=\"Texto_Justificado\">\u2013 designar a Comiss\u00e3o Examinadora, observado o percentual de 50% de integrantes mulheres;<\/p>\n<\/li>\n<li>\n<p class=\"Texto_Justificado\">\u2013 prestar informa\u00e7\u00f5es acerca do processo seletivo;<\/p>\n<\/li>\n<li>\n<p class=\"Texto_Justificado\">\u2013 ordenar o quadro classificat\u00f3rio.<\/p>\n<\/li>\n<\/ol>\n<p style=\"text-align: justify;\">\u00a0<\/p>\n<p class=\"Texto_Justificado\" style=\"text-align: justify;\"><strong>Par\u00e1grafo \u00fanico.\u00a0<\/strong>As atribui\u00e7\u00f5es constantes deste dispositivo poder\u00e3o ser delegadas pela Presid\u00eancia \u00e0 institui\u00e7\u00e3o especializada contratada ou conveniada para realiza\u00e7\u00e3o do certame ou de suas espec\u00edficas etapas.<\/p>\n<p style=\"text-align: justify;\">\u00a0<\/p>\n<p class=\"Texto_Justificado\" style=\"text-align: justify;\"><strong>Art. 10.\u00a0<\/strong>Compete \u00e0 Comiss\u00e3o Examinadora:<\/p>\n<ol style=\"text-align: justify;\" type=\"I\">\n<li>\n<p class=\"Texto_Justificado\">\u2013 preparar, aplicar e corrigir as provas;<\/p>\n<\/li>\n<li>\n<p class=\"Texto_Justificado\">\u2013 julgar os recursos interpostos pelos candidatos;<\/p>\n<\/li>\n<li>\n<p class=\"Texto_Justificado\">\u2013 velar pela preserva\u00e7\u00e3o do sigilo das provas;<\/p>\n<\/li>\n<li>\n<p class=\"Texto_Justificado\">\u2013 apresentar a lista de aprovados \u00e0 Presid\u00eancia.<\/p>\n<\/li>\n<\/ol>\n<p style=\"text-align: justify;\">\u00a0<\/p>\n<p class=\"Texto_Justificado\" style=\"text-align: justify;\"><strong>Par\u00e1grafo \u00fanico.\u00a0<\/strong>Das decis\u00f5es proferidas pela Comiss\u00e3o Examinadora n\u00e3o caber\u00e1 recurso \u00e0 SGP\/TJES ou \u00e0 Presid\u00eancia.<\/p>\n<p style=\"text-align: justify;\">\u00a0<\/p>\n<p class=\"Texto_Justificado\" style=\"text-align: justify;\"><strong>Art.<\/strong><strong>\u00a0<\/strong><strong>11.<\/strong><strong>\u00a0<\/strong>Durante o per\u00edodo de realiza\u00e7\u00e3o das provas, n\u00e3o ser\u00e3o permitidos:<\/p>\n<ol style=\"text-align: justify;\" type=\"I\">\n<li>\n<p class=\"Texto_Justificado\">\u2013 qualquer esp\u00e9cie de consulta ou comunica\u00e7\u00e3o entre os candidatos ou entre estes e pessoas estranhas, oralmente ou por escrito;<\/p>\n<\/li>\n<li>\n<p class=\"Texto_Justificado\">\u2013 o uso de livros, c\u00f3digos, manuais, impressos ou anota\u00e7\u00f5es;<\/p>\n<\/li>\n<li>\n<p class=\"Texto_Justificado\">\u2013 o porte de arma.<\/p>\n<\/li>\n<\/ol>\n<p style=\"text-align: justify;\">\u00a0<\/p>\n<p class=\"Texto_Justificado\" style=\"text-align: justify;\"><strong>Art. 12.\u00a0<\/strong>At\u00e9 que sobrevenha o processo seletivo a ser realizado pela Presid\u00eancia, as Diretorias dos Foros, de forma isolada ou conjuntamente com outras pertencentes \u00e0 mesma Regi\u00e3o Judici\u00e1ria, poder\u00e3o realizar, mediante autoriza\u00e7\u00e3o da presid\u00eancia, o processo seletivo para a continuidade do desenvolvimento do Programa de Resid\u00eancia Jur\u00eddica, ficando sujeitas \u00e0s mesmas condi\u00e7\u00f5es definidas nesta Resolu\u00e7\u00e3o.<\/p>\n<p style=\"text-align: justify;\">\u00a0<\/p>\n<p class=\"Texto_Justificado\" style=\"text-align: justify;\"><strong>\u00a7 1\u00ba.\u00a0<\/strong>Na hip\u00f3tese do\u00a0<em>caput<\/em>, toda a realiza\u00e7\u00e3o do processo seletivo fica delegada pela Presid\u00eancia \u00e0s Diretorias dos Foros, tais como a expedi\u00e7\u00e3o do edital, a elabora\u00e7\u00e3o e aplica\u00e7\u00e3o de provas, assim como a classifica\u00e7\u00e3o dos candidatos habilitados, que, para fins de submiss\u00e3o \u00e0 homologa\u00e7\u00e3o final, a ser realizada pela pr\u00f3pria Dire\u00e7\u00e3o do Foro, depender\u00e1 dos pr\u00e9vios procedimentos atribu\u00eddos \u00e0 Comiss\u00e3o de Heteroidentifica\u00e7\u00e3o e da Comiss\u00e3o Recursal de Heteroidentifica\u00e7\u00e3o do Tribunal de Justi\u00e7a do Esp\u00edrito Santo.<\/p>\n<p style=\"text-align: justify;\">\u00a0<\/p>\n<p class=\"Texto_Justificado\" style=\"text-align: justify;\"><strong>\u00a7 2\u00ba.\u00a0<\/strong>Conclu\u00eddo o certame, as Diretorias dos Foros dever\u00e3o disponibilizar o resultado final no Di\u00e1rio da Justi\u00e7a eletr\u00f4nico e encaminhar \u00e0 SGP\/TJES para que sejam procedidos os atos de coordena\u00e7\u00e3o e operacionaliza\u00e7\u00e3o, tais como nomea\u00e7\u00e3o, contrata\u00e7\u00e3o e as demais fases de acompanhamento at\u00e9 a conclus\u00e3o do programa.<\/p>\n<p style=\"text-align: justify;\">\u00a0<\/p>\n<p class=\"Texto_Justificado\" style=\"text-align: justify;\"><strong>\u00a7 3\u00ba.\u00a0<\/strong>As Diretorias dos Foros devem basear seus editais de processo seletivo no modelo padronizado a ser disponibilizado pela SGP\/TJES no portal eletr\u00f4nico do Tribunal de Justi\u00e7a, observando as normas do tema.<\/p>\n<p style=\"text-align: justify;\">\u00a0<\/p>\n<p class=\"Texto_Justificado\" style=\"text-align: justify;\"><strong>\u00a7 4\u00ba.\u00a0<\/strong>Para o exclusivo fim deste artigo, fica ao encargo da Diretoria do Foro do Ju\u00edzo de Vit\u00f3ria\/ES, Comarca da Capital, a sele\u00e7\u00e3o de Residentes Jur\u00eddicos com atua\u00e7\u00e3o no Tribunal de Justi\u00e7a e nas Turmas Recursais, inclusive no N\u00facleo Permanente de M\u00e9todos Consensuais de Solu\u00e7\u00e3o de Conflitos \u2013 NUPEMEC, N\u00facleos de Justi\u00e7a 4.0, N\u00facleo de Acelera\u00e7\u00e3o de Processos \u2013 NAPES e N\u00facleo de Audi\u00eancias de Cust\u00f3dia \u2013 NAC, entre outros.<\/p>\n<p style=\"text-align: justify;\">\u00a0<\/p>\n<p class=\"Texto_Justificado\" style=\"text-align: justify;\"><strong>\u00a7 5\u00ba.\u00a0<\/strong>Mediante autoriza\u00e7\u00e3o da Presid\u00eancia e at\u00e9 a realiza\u00e7\u00e3o de novo processo seletivo, os ju\u00edzes Diretores dos Foros poder\u00e3o convocar novamente os candidatos habilitados no certame promovido pela Presid\u00eancia e que, nomeados, deixaram de tomar posse, passando, por isso, ao final da lista convocat\u00f3ria, a fim de que, no prazo m\u00e1ximo de 30 (trinta) dias, optem por ingressar no programa, formalizando a contrata\u00e7\u00e3o.<\/p>\n<p style=\"text-align: justify;\">\u00a0<\/p>\n<p class=\"Texto_Justificado\" style=\"text-align: justify;\"><strong>Art. 13.\u00a0<\/strong>Ap\u00f3s a homologa\u00e7\u00e3o dos resultados dos processos seletivos pela Presid\u00eancia, o residente ser\u00e1 convocado, por ato publicado no Di\u00e1rio da Justi\u00e7a Eletr\u00f4nico, para formalizar a contrata\u00e7\u00e3o no prazo m\u00e1ximo de 30 (trinta) dias \u00fateis, contados da data da convoca\u00e7\u00e3o, munido dos seguintes documentos:<\/p>\n<ol style=\"text-align: justify;\" type=\"I\">\n<li>\n<p class=\"Texto_Justificado\">\u2013 certid\u00f5es negativas da Justi\u00e7a Eleitoral, Militar e dos distribuidores criminais das Justi\u00e7as Federal, Estadual ou do Distrito Federal dos lugares em que tenha residido nos \u00faltimos 5 (cinco) anos;<\/p>\n<\/li>\n<li>\n<p class=\"Texto_Justificado\">\u2013 declara\u00e7\u00e3o assinada pelo aluno, com firma reconhecida, na qual conste n\u00e3o ter sido indiciado em inqu\u00e9rito policial ou processado criminalmente ou, quando houver, not\u00edcia da ocorr\u00eancia com os esclarecimentos pertinentes, para fins de an\u00e1lise da vida pregressa e atual e da conduta individual e social do aluno selecionado;<\/p>\n<\/li>\n<li>\n<p class=\"Texto_Justificado\">\u2013 comprovante de que est\u00e1 cursando especializa\u00e7\u00e3o, mestrado, doutorado, p\u00f3s-doutorado ou, ainda, que tenha conclu\u00eddo o curso de gradua\u00e7\u00e3o h\u00e1 no m\u00e1ximo 5 (cinco) anos;<\/p>\n<\/li>\n<li>\n<p class=\"Texto_Justificado\">\u2013 declara\u00e7\u00e3o de que n\u00e3o exerce a advocacia;<\/p>\n<\/li>\n<li>\n<p class=\"Texto_Justificado\">\u2013 fotoc\u00f3pia simples de documentos pessoais, conforme rela\u00e7\u00e3o a ser entregue pela Secretaria de Gest\u00e3o de Pessoas;<\/p>\n<\/li>\n<li>\n<p class=\"Texto_Justificado\">\u2013 comprovante de situa\u00e7\u00e3o cadastral no Cadastro de Pessoas F\u00edsicas;<\/p>\n<\/li>\n<li>\n<p class=\"Texto_Justificado\">\u2013 comprovante de dados banc\u00e1rios, no qual conste n\u00famero da ag\u00eancia e da conta banc\u00e1ria de sua titularidade mantida no Banco do Estado do Esp\u00edrito Santo \u2013 BANESTES S.A.<\/p>\n<\/li>\n<\/ol>\n<p style=\"text-align: justify;\">\u00a0<\/p>\n<p class=\"Texto_Justificado\" style=\"text-align: justify;\"><strong>Art. 14.\u00a0<\/strong>O Tribunal de Justi\u00e7a poder\u00e1, mediante conv\u00eanio firmado pela Presid\u00eancia, receber residentes contratados por outras entidades p\u00fablicas ou privadas de acordo com o disposto no \u00a7 1\u00ba do art. 1\u00ba desta Resolu\u00e7\u00e3o, com bolsa-aux\u00edlio paga pela respectiva entidade conveniada, os quais ser\u00e3o lotados de acordo com a conveni\u00eancia e oportunidade administrativas.<\/p>\n<p style=\"text-align: justify;\">\u00a0<\/p>\n<p class=\"Texto_Justificado\" style=\"text-align: justify;\"><strong>Art. 15.\u00a0<\/strong>Os residentes receber\u00e3o orienta\u00e7\u00f5es te\u00f3ricas e pr\u00e1ticas sobre a atua\u00e7\u00e3o do Poder Judici\u00e1rio, ao longo do Programa, do magistrado orientador que oficia na Regi\u00e3o, Comarca ou Vara para a qual se habilitou e foi contratado, dos servidores das secretarias judiciais, do N\u00facleo Permanente de M\u00e9todos Consensuais de Solu\u00e7\u00e3o de Conflitos \u2013 NUPEMEC e dos Centros Judici\u00e1rios de Solu\u00e7\u00e3o de Conflitos e Cidadania \u2013 CEJUSCs em que exercerem suas atividades, bem como participar\u00e1 de<\/p>\n<p class=\"Texto_Justificado\" style=\"text-align: justify;\">atividades e eventos acad\u00eamicos realizados pela EMES, visando \u00e0 capacita\u00e7\u00e3o necess\u00e1ria ao desempenho das atividades voltadas \u00e0 melhoria da presta\u00e7\u00e3o jurisdicional.<\/p>\n<p style=\"text-align: justify;\">\u00a0<\/p>\n<p class=\"Texto_Justificado\" style=\"text-align: justify;\"><strong>Art. 16.\u00a0<\/strong>\u00c9 vedado aos residentes:<\/p>\n<ol style=\"text-align: justify;\" type=\"I\">\n<li>\n<p class=\"Texto_Justificado\">\u2013 assinar pe\u00e7as privativas de membros da magistratura, mesmo em conjunto com o magistrado orientador;<\/p>\n<\/li>\n<li>\n<p class=\"Texto_Justificado\">\u2013 exercer a advocacia durante o per\u00edodo em que estiverem cumprindo seu contrato no Programa de Resid\u00eancia Jur\u00eddica; e<\/p>\n<\/li>\n<li>\n<p class=\"Texto_Justificado\">\u2013 exercer atividades privativas de magistrados e atuar de forma isolada nas atividades final\u00edsticas do Poder Judici\u00e1rio.<\/p>\n<\/li>\n<\/ol>\n<p style=\"text-align: justify;\">\u00a0<\/p>\n<p class=\"Texto_Justificado\" style=\"text-align: justify;\"><strong>Art. 17.\u00a0<\/strong>O valor mensal da bolsa-aux\u00edlio ser\u00e1 sempre proporcional aos dias e horas trabalhados, sendo dever do residente primar pela pontualidade e produtividade.<\/p>\n<p style=\"text-align: justify;\">\u00a0<\/p>\n<p class=\"Texto_Justificado\" style=\"text-align: justify;\"><strong>\u00a7 1\u00ba.\u00a0<\/strong>O residente ressarcir\u00e1 o Tribunal de Justi\u00e7a do valor da bolsa correspondente a entradas tardias, sa\u00eddas antecipadas e afastamentos n\u00e3o autorizados, mediante desconto em folha de pagamento da bolsa-aux\u00edlio seguinte ou mediante processo administrativo de devolu\u00e7\u00e3o de valores, a crit\u00e9rio da administra\u00e7\u00e3o.<\/p>\n<p style=\"text-align: justify;\">\u00a0<\/p>\n<p class=\"Texto_Justificado\" style=\"text-align: justify;\"><strong>\u00a7<\/strong><strong>\u00a0<\/strong><strong>2\u00ba.<\/strong><strong>\u00a0<\/strong>A bolsa-aux\u00edlio mensal ter\u00e1 um valor base e, caso superada a meta de produtividade a ser definida em ato pr\u00f3prio, podr\u00e1 haver uma bonifica\u00e7\u00e3o aos residentes, para incentivar o aprimoramento e aperfei\u00e7oamento de suas forma\u00e7\u00f5es, as habilidades de gest\u00e3o, a organiza\u00e7\u00e3o de tempo e de atribui\u00e7\u00f5es, entre outras.<\/p>\n<p style=\"text-align: justify;\">\u00a0<\/p>\n<p class=\"Texto_Justificado\" style=\"text-align: justify;\"><strong>Art. 18.\u00a0<\/strong>O residente ser\u00e1 desligado do Programa de Resid\u00eancia Jur\u00eddica:<\/p>\n<ol style=\"text-align: justify;\" type=\"I\">\n<li>\n<p class=\"Texto_Justificado\">\u2013 automaticamente, ao t\u00e9rmino do prazo de dura\u00e7\u00e3o do programa;<\/p>\n<\/li>\n<li>\n<p class=\"Texto_Justificado\">\u2013 a pedido;<\/p>\n<\/li>\n<li>\n<p class=\"Texto_Justificado\">\u2013 a qualquer tempo, por conveni\u00eancia da administra\u00e7\u00e3o;<\/p>\n<\/li>\n<li>\n<p class=\"Texto_Justificado\">\u2013 por aus\u00eancia no programa por per\u00edodo superior a 15 (quinze) dias sem a devida justificativa;<\/p>\n<\/li>\n<li>\n<p class=\"Texto_Justificado\">\u2013 por n\u00e3o preencher mais os requisitos para a condi\u00e7\u00e3o de residente;<\/p>\n<\/li>\n<li>\n<p class=\"Texto_Justificado\">\u2013 por n\u00e3o observ\u00e2ncia do disposto nesta Resolu\u00e7\u00e3o;<\/p>\n<\/li>\n<li>\n<p class=\"Texto_Justificado\">\u2013 por pedido fundamentado do magistrado orientador;<\/p>\n<\/li>\n<li>\n<p class=\"Texto_Justificado\">\u2013 por comprova\u00e7\u00e3o de falsidade ou de omiss\u00e3o de informa\u00e7\u00f5es prestadas;\u00a0<\/p>\n<\/li>\n<li>\n<p class=\"Texto_Justificado\">\u2013 em virtude de baixo desempenho ou produtividade;\u00a0<\/p>\n<\/li>\n<li>\n<p class=\"Texto_Justificado\">\u2013 por falta de frequ\u00eancia nos eventos acad\u00eamicos realizados pela EMES.<\/p>\n<\/li>\n<\/ol>\n<p style=\"text-align: justify;\">\u00a0<\/p>\n<p class=\"Texto_Justificado\" style=\"text-align: justify;\"><strong>Art. 19.\u00a0<\/strong>A EMES desenvolver\u00e1 curso espec\u00edfico voltado para os residentes, a ser ministrado anualmente, dividido em dois m\u00f3dulos de, no m\u00ednimo, 20 (vinte) horas-aula cada, al\u00e9m de oferecer programa permanente de forma\u00e7\u00e3o continuada.<\/p>\n<p style=\"text-align: justify;\">\u00a0<\/p>\n<p class=\"Texto_Justificado\" style=\"text-align: justify;\"><strong>Art. 20.\u00a0<\/strong>Observadas a frequ\u00eancia m\u00ednima e a aprova\u00e7\u00e3o em procedimento de avalia\u00e7\u00e3o, o residente far\u00e1 jus ao Certificado de conclus\u00e3o de Programa de Resid\u00eancia Jur\u00eddica, a ser expedido pela EMES, que ser\u00e1 considerado como t\u00edtulo, nos termos da Resolu\u00e7\u00e3o CNJ n\u00ba 75\/2009.<\/p>\n<p style=\"text-align: justify;\">\u00a0<\/p>\n<p class=\"Texto_Justificado\" style=\"text-align: justify;\"><strong>Par\u00e1grafo \u00fanico.\u00a0<\/strong>O certificado poder\u00e1 ser expedido com refer\u00eancia \u00e0 especialidade da unidade judici\u00e1ria para a qual o residente tenha desenvolvido e conclu\u00eddo o Programa.<\/p>\n<p style=\"text-align: justify;\">\u00a0<\/p>\n<p class=\"Texto_Justificado\" style=\"text-align: justify;\"><strong>Art. 21.\u00a0<\/strong>Os recursos para custeio da bolsa-aux\u00edlio do Programa de Resid\u00eancia Jur\u00eddica correr\u00e3o por conta de dota\u00e7\u00e3o or\u00e7ament\u00e1ria do Tribunal de Justi\u00e7a.<\/p>\n<p style=\"text-align: justify;\">\u00a0<\/p>\n<p class=\"Texto_Justificado\" style=\"text-align: justify;\"><strong>Art. 22.\u00a0<\/strong>Ficam revogadas as disposi\u00e7\u00f5es em sentido contr\u00e1rio, especialmente a\u00a0<a href=\"https:\/\/www.tjes.jus.br\/corregedoria\/2022\/04\/01\/resolucao-no-003-2022-disp-01-04-2022\/\">Resolu\u00e7\u00e3o TJES\u00a0003\/2022.<\/a><\/p>\n<p style=\"text-align: justify;\">\u00a0<\/p>\n<p class=\"Texto_Justificado\" style=\"text-align: justify;\"><strong>Art. 23.\u00a0<\/strong>Esta Resolu\u00e7\u00e3o entra em vigor em 30 dias a partir da data de sua publica\u00e7\u00e3o, devendo a EMES disponibilizar pessoal qualificado e preparado para atuar em conjunto com a Secretaria de Gest\u00e3o de Pessoas durante o per\u00edodo de transi\u00e7\u00e3o.<\/p>\n<p>\u00a0<\/p>\n<p>PUBLIQUE-SE.<\/p>\n<p class=\"Texto_Justificado\">Vit\u00f3ria\/ES, 20 de fevereiro de 2025.<\/p>\n<p>\u00a0<\/p>\n<p class=\"Texto_Centralizado\" style=\"text-align: center;\"><strong>Desembargador SAMUEL MEIRA BRASIL JR.<\/strong><\/p>\n<p class=\"Texto_Centralizado\" style=\"text-align: center;\"><strong>Presidente<\/strong><\/p>\n","protected":false},"excerpt":{"rendered":"<p>PODER JUDICI\u00c1RIO DO ESTADO DO ESP\u00cdRITO SANTO &#8211; PJES RUA DESEMBARGADOR HOMERO MAFRA,60 &#8211; Bairro ENSEADA DO SU\u00c1 &#8211; CEP 29050906 &#8211; Vit\u00f3ria &#8211; ES &#8211; www.tjes.jus.br \u00a0 RESOLU\u00c7\u00c3O N\u00ba 014\/2025 \u00a0 Reformula o Programa de Resid\u00eancia Jur\u00eddica do Poder Judici\u00e1rio do Estado do Esp\u00edrito Santo. \u00a0 CONSIDERANDO\u00a0a necessidade de aprimoramento e adequa\u00e7\u00e3o das regras [&hellip;]<\/p>\n","protected":false},"author":8,"featured_media":0,"comment_status":"closed","ping_status":"closed","sticky":false,"template":"","format":"standard","meta":{"footnotes":""},"categories":[14,13],"tags":[],"_links":{"self":[{"href":"https:\/\/www.tjes.jus.br\/corregedoria\/wp-json\/wp\/v2\/posts\/42526"}],"collection":[{"href":"https:\/\/www.tjes.jus.br\/corregedoria\/wp-json\/wp\/v2\/posts"}],"about":[{"href":"https:\/\/www.tjes.jus.br\/corregedoria\/wp-json\/wp\/v2\/types\/post"}],"author":[{"embeddable":true,"href":"https:\/\/www.tjes.jus.br\/corregedoria\/wp-json\/wp\/v2\/users\/8"}],"replies":[{"embeddable":true,"href":"https:\/\/www.tjes.jus.br\/corregedoria\/wp-json\/wp\/v2\/comments?post=42526"}],"version-history":[{"count":2,"href":"https:\/\/www.tjes.jus.br\/corregedoria\/wp-json\/wp\/v2\/posts\/42526\/revisions"}],"predecessor-version":[{"id":42529,"href":"https:\/\/www.tjes.jus.br\/corregedoria\/wp-json\/wp\/v2\/posts\/42526\/revisions\/42529"}],"wp:attachment":[{"href":"https:\/\/www.tjes.jus.br\/corregedoria\/wp-json\/wp\/v2\/media?parent=42526"}],"wp:term":[{"taxonomy":"category","embeddable":true,"href":"https:\/\/www.tjes.jus.br\/corregedoria\/wp-json\/wp\/v2\/categories?post=42526"},{"taxonomy":"post_tag","embeddable":true,"href":"https:\/\/www.tjes.jus.br\/corregedoria\/wp-json\/wp\/v2\/tags?post=42526"}],"curies":[{"name":"wp","href":"https:\/\/api.w.org\/{rel}","templated":true}]}}