{"id":44324,"date":"2025-07-21T13:33:10","date_gmt":"2025-07-21T16:33:10","guid":{"rendered":"https:\/\/www.tjes.jus.br\/corregedoria\/?p=44324"},"modified":"2025-07-22T13:42:48","modified_gmt":"2025-07-22T16:42:48","slug":"resolucao-no-035-2025-disp-21-07-2025","status":"publish","type":"post","link":"https:\/\/www.tjes.jus.br\/corregedoria\/2025\/07\/21\/resolucao-no-035-2025-disp-21-07-2025\/","title":{"rendered":"RESOLU\u00c7\u00c3O N\u00ba 035\/2025 \u2013 DISP. 21\/07\/2025 \u2013 REPUBLICADO"},"content":{"rendered":"\n<h4 style=\"text-align: center;\"><span style=\"color: #ff0000;\"><strong>REPUBLICADO EM 22\/07\/2025 <em>TER SIDO NUMERADO COM INCORRE\u00c7\u00c3O<\/em> (<a href=\"https:\/\/www.tjes.jus.br\/corregedoria\/2025\/07\/22\/resolucao-no-036-2025-disp-22-07-2025-republicacao\/\">CLIQUE AQUI<\/a>)<\/strong><\/span><\/h4>\n<p style=\"text-align: center;\"><del>PODER JUDICI\u00c1RIO DO ESTADO DO ESP\u00cdRITO SANTO &#8211; PJES<\/del><\/p>\n<p style=\"text-align: center;\"><del>RUA DESEMBARGADOR HOMERO MAFRA,60 &#8211; Bairro ENSEADA DO SU\u00c1 &#8211; CEP 29050906 &#8211; Vit\u00f3ria &#8211; ES &#8211; www.tjes.jus.br<\/del><\/p>\n<p style=\"text-align: center;\"><del>TRIBUNAL DE JUSTICA DO ESPIRITO SANTO<\/del><br \/><del>PRESIDENCIA<\/del><\/p>\n<p>\u00a0<\/p>\n<p><del>Processo n\u00ba:\u00a07006600-45.2025.8.08.0000<\/del><\/p>\n<p><br \/><del>\u00a0<\/del><\/p>\n<p style=\"text-align: center;\"><del><strong>RESOLU\u00c7\u00c3O N\u00ba 035\/2025<\/strong><\/del><\/p>\n<p><br \/><br \/><del>\u00a0<\/del><\/p>\n<p>\u00a0<\/p>\n<p><del>O\u00a0<strong>Presidente do Tribunal de Justi\u00e7a do Estado do Esp\u00edrito Santo,<\/strong>\u00a0no uso de suas atribui\u00e7\u00f5es legais e regimentais;<\/del><\/p>\n<p><br \/><del>\u00a0<\/del><\/p>\n<p>\u00a0<\/p>\n<p><del>CONSIDERANDO os princ\u00edpios estabelecidos no artigo 37 da Constitui\u00e7\u00e3o Federal, mormente o da efici\u00eancia da Administra\u00e7\u00e3o;<\/del><\/p>\n<p>\u00a0<\/p>\n<p><del>CONSIDERANDO a edi\u00e7\u00e3o da\u00a0<a href=\"https:\/\/www.planalto.gov.br\/ccivil_03\/_ato2007-2010\/2008\/lei\/l11788.htm\">Lei Federal n\u00ba 11.788<\/a>, de 28 de setembro de 2008, que disp\u00f5e sobre o est\u00e1gio de estudantes;<\/del><\/p>\n<p>\u00a0<\/p>\n<p><del>CONSIDERANDO o disposto pelo artigo 181, par\u00e1grafo \u00fanico, da\u00a0<a href=\"https:\/\/sistemas.tjes.jus.br\/ediario\/index.php#:~:text=LEI%20COMPLEMENTAR%20N%C2%BA%20234&amp;text=D%C3%A1%20nova%20reda%C3%A7%C3%A3o%20ao%20C%C3%B3digo,do%20Estado%20do%20Esp%C3%ADrito%20Santo.&amp;text=DISPOSI%C3%87%C3%95ES%20GERAIS-,Art.,e%20Servi%C3%A7os%20Auxiliares%20da%20Justi%C3%A7a.\">Lei Complementar Estadual n\u00ba 234\/02<\/a>ii, que atribui ao Tribunal de Justi\u00e7a compet\u00eancia para editar Resolu\u00e7\u00f5es Complementares a fim de instituir normas gerais e necess\u00e1rias \u00e0 execu\u00e7\u00e3o da Organiza\u00e7\u00e3o Judici\u00e1ria;<\/del><\/p>\n<p>\u00a0<\/p>\n<p><del>CONSIDERANDO a Pol\u00edtica Nacional de Prioriza\u00e7\u00e3o do Primeiro Grau de Jurisdi\u00e7\u00e3o e a necessidade de estabelecer instrumentos efetivos de combate \u00e0s causas dos problemas enfrentados pela primeira inst\u00e2ncia;<\/del><\/p>\n<p>\u00a0<\/p>\n<p><del>CONSIDERANDO a necessidade de se dimensionar periodicamente os quadros de vagas de est\u00e1gio, de forma a equilibrar a distribui\u00e7\u00e3o em rela\u00e7\u00e3o \u00e0 carga de trabalho das unidades judici\u00e1rias e administrativas;<\/del><\/p>\n<p>\u00a0<\/p>\n<p><del>CONSIDERANDO a import\u00e2ncia de se garantir que os recursos humanos sejam utilizados equitativamente em todos os segmentos da institui\u00e7\u00e3o, dispondo de mobilidade capaz de atender \u00e0s necessidades tempor\u00e1rias, ou excepcionais, dos servi\u00e7os judici\u00e1rios; e<\/del><\/p>\n<p>\u00a0<\/p>\n<p><del>CONSIDERANDO a necessidade de regulamenta\u00e7\u00e3o dos procedimentos afetos a bolsas de est\u00e1gio e de atualiza\u00e7\u00e3o e unifica\u00e7\u00e3o das normas vigentes relativas a est\u00e1gio de estudantes de Ensino Superior;<\/del><\/p>\n<p>\u00a0<\/p>\n<p><del>CONSIDERANDO a decis\u00e3o plen\u00e1ria tomada na Sess\u00e3o Ordin\u00e1ria do Egr\u00e9gio Tribunal Pleno, realizada no dia de de 2025;<\/del><\/p>\n<p>\u00a0<\/p>\n<p>\u00a0<\/p>\n<p><del><strong>RESOLVE<\/strong>: Atualizar o Programa de Est\u00e1gio no \u00e2mbito do Poder Judici\u00e1rio do Estado do Esp\u00edrito Santo.<\/del><\/p>\n<p>\u00a0<\/p>\n<p>\u00a0<\/p>\n<p style=\"text-align: center;\"><del><strong>CAP\u00cdTULO I<\/strong><\/del><\/p>\n<p style=\"text-align: center;\"><del><strong>DAS DISPOSI\u00c7\u00d5ES PRELIMINARES<\/strong><\/del><\/p>\n<p style=\"text-align: center;\"><del><strong>Se\u00e7\u00e3o I<\/strong><\/del><\/p>\n<p style=\"text-align: center;\"><del><strong>Das Defini\u00e7\u00f5es e Objetivos<\/strong><\/del><\/p>\n<p style=\"text-align: center;\">\u00a0<\/p>\n<p><del><strong>Art. 1\u00ba<\/strong>\u00a0O Programa de Est\u00e1gio no \u00e2mbito do Poder Judici\u00e1rio do Esp\u00edrito Santo engloba as seguintes modalidades:<\/del><\/p>\n<p>\u00a0<\/p>\n<p><del>I \u2013 Est\u00e1gio de Gradua\u00e7\u00e3o;<\/del><\/p>\n<p>\u00a0<\/p>\n<p><del>II \u2013 Est\u00e1gio de Concilia\u00e7\u00e3o;<\/del><\/p>\n<p>\u00a0<\/p>\n<p><del>III \u2013 Est\u00e1gio de P\u00f3s-Gradua\u00e7\u00e3o.<\/del><\/p>\n<p>\u00a0<\/p>\n<p><del>\u00a7 1\u00ba As vagas de est\u00e1gio, tanto de Gradua\u00e7\u00e3o quanto de P\u00f3s-Gradua\u00e7\u00e3o, poder\u00e3o ser destinadas a estudantes de Direito, Administra\u00e7\u00e3o, Contabilidade, Economia, Psicologia, Servi\u00e7o Social, Letras, Biblioteconomia, Ci\u00eancia da Computa\u00e7\u00e3o, Engenharia da Computa\u00e7\u00e3o, Desenvolvimento de Sistemas e \u00e1reas correlatas da tecnologia da informa\u00e7\u00e3o, desde que a contrata\u00e7\u00e3o esteja devidamente motivada e haja supervis\u00e3o compat\u00edvel com as atividades desenvolvidas, ainda que exercida por setor diverso. No caso do est\u00e1gio de p\u00f3s-gradua\u00e7\u00e3o, exige-se, adicionalmente, que o candidato possua diploma de gradua\u00e7\u00e3o e esteja regularmente matriculado em curso de p\u00f3s-gradua\u00e7\u00e3o na \u00e1rea de sua forma\u00e7\u00e3o.<\/del><\/p>\n<p>\u00a0<\/p>\n<p><del>\u00a7 2\u00ba As vagas de Est\u00e1gio de Concilia\u00e7\u00e3o ser\u00e3o preenchidas exclusivamente por estudantes do curso superior na \u00e1rea de Direito.<\/del><\/p>\n<p>\u00a0<\/p>\n<p>\u00a0<\/p>\n<p><del><strong>Art. 2\u00ba\u00a0<\/strong>O n\u00famero de vagas de est\u00e1gio ser\u00e1 proporcional \u00e0 previs\u00e3o or\u00e7ament\u00e1ria e financeira atual, podendo a Administra\u00e7\u00e3o, no futuro, reformular o quantitativo apresentado no anexo, caso haja maior disponibilidade or\u00e7ament\u00e1ria.<\/del><\/p>\n<p>\u00a0<\/p>\n<p><del>\u00a7 1\u00ba. As vagas mencionadas no caput s\u00e3o todas decorrentes de est\u00e1gio de n\u00edvel superior, estando definidas no Quadro Geral de Vagas de Est\u00e1gio (QGV), em anexo.<\/del><\/p>\n<p>\u00a0<\/p>\n<p><del>\u00a7 2\u00ba. \u00c0 medida em que os contratos forem encerrados, haver\u00e1 a redu\u00e7\u00e3o gradual do n\u00famero de vagas, para preservar o equil\u00edbrio or\u00e7ament\u00e1rio e para assegurar a presta\u00e7\u00e3o dos servi\u00e7os prioritariamente pelo quadro pr\u00f3prio de servidores.<\/del><\/p>\n<p>\u00a0<\/p>\n<p>\u00a0<\/p>\n<p style=\"text-align: center;\"><del><strong>Se\u00e7\u00e3o II<\/strong><\/del><\/p>\n<p style=\"text-align: center;\"><del><strong>Das Atribui\u00e7\u00f5es<\/strong><\/del><\/p>\n<p>\u00a0<\/p>\n<p><del><strong>Art. 3\u00ba\u00a0<\/strong>A coordena\u00e7\u00e3o do Programa de Bolsa de Est\u00e1gio ficar\u00e1 a cargo da Secretaria de Gest\u00e3o de Pessoas do Tribunal de Justi\u00e7a (SGP), que promover\u00e1, em articula\u00e7\u00e3o com as institui\u00e7\u00f5es de ensino legalmente reconhecidas pelo Minist\u00e9rio da Educa\u00e7\u00e3o (MEC), a operacionaliza\u00e7\u00e3o das atividades de planejamento, de execu\u00e7\u00e3o, de acompanhamento e de encerramento do est\u00e1gio.<\/del><\/p>\n<p>\u00a0<\/p>\n<p><del>\u00a7 1\u00ba As atribui\u00e7\u00f5es, parciais ou totais, do Programa de Bolsa de Est\u00e1gio, previstas neste dispositivo, poder\u00e3o ser delegadas pela Presid\u00eancia do Tribunal de Justi\u00e7a \u00e0 institui\u00e7\u00e3o especializada contratada ou conveniada.<\/del><\/p>\n<p>\u00a0<\/p>\n<p><del>\u00a7 2\u00ba A partir da publica\u00e7\u00e3o desta Resolu\u00e7\u00e3o, a Secretaria Geral dever\u00e1 apresentar \u00e0 Presid\u00eancia do Tribunal de Justi\u00e7a, no prazo de 60 (sessenta) dias, estudos sobre viabilidade econ\u00f4mica, financeira, jur\u00eddica e estrat\u00e9gica no que se refere \u00e0 eventual contrata\u00e7\u00e3o de institui\u00e7\u00e3o especializada para o desenvolvimento das atribui\u00e7\u00f5es do Programa de Bolsa de Est\u00e1gio no \u00e2mbito do Poder Judici\u00e1rio do Estado do Esp\u00edrito Santo.<\/del><\/p>\n<p>\u00a0<\/p>\n<p>\u00a0<\/p>\n<p style=\"text-align: center;\"><del><strong>Se\u00e7\u00e3o III<\/strong><\/del><\/p>\n<p style=\"text-align: center;\"><del><strong>Da Habilita\u00e7\u00e3o do Estudante para o Est\u00e1gio<\/strong><\/del><\/p>\n<p>\u00a0<\/p>\n<p><del><strong>Art. 4\u00ba\u00a0<\/strong>S\u00e3o requisitos para a habilita\u00e7\u00e3o do estudante no Programa de Est\u00e1gio em quaisquer dos cursos superiores e nas modalidades dispostas no artigo 1\u00ba, desta Resolu\u00e7\u00e3o:<\/del><\/p>\n<p>\u00a0<\/p>\n<p><del>I \u2013 estar matriculado em institui\u00e7\u00e3o de educa\u00e7\u00e3o superior reconhecida pelo MEC, inclusive para os cursos de p\u00f3s-gradua\u00e7\u00e3o lato sensu e stricto sensu, conforme as regras do respectivo programa de est\u00e1gio;<\/del><\/p>\n<p>\u00a0<\/p>\n<p><del>II \u2013 ser aprovado em processo seletivo, preferencialmente por provas escritas objetivas e\/ou discursivas, conforme crit\u00e9rios definidos pela Administra\u00e7\u00e3o, quando da sua implementa\u00e7\u00e3o.<\/del><\/p>\n<p>\u00a0<\/p>\n<p>\u00a0<\/p>\n<p style=\"text-align: center;\"><del><strong>CAP\u00cdTULO II<\/strong><\/del><\/p>\n<p style=\"text-align: center;\"><del><strong>DO PLANEJAMENTO DO PROGRAMA DE EST\u00c1GIO<\/strong><\/del><\/p>\n<p style=\"text-align: center;\"><del><strong>Se\u00e7\u00e3o I<\/strong><\/del><\/p>\n<p style=\"text-align: center;\"><del><strong>Das Defini\u00e7\u00f5es<\/strong><\/del><\/p>\n<p>\u00a0<\/p>\n<p><del><strong>Art. 5\u00ba\u00a0<\/strong>Considera-se:<\/del><\/p>\n<p>\u00a0<\/p>\n<p><del>I \u2013 Quadro Geral de Vagas de Est\u00e1gio (QGV): instrumento oficial que consolida o n\u00famero total de vagas de est\u00e1gio existentes no Poder Judici\u00e1rio do Estado do Esp\u00edrito Santo, distribu\u00eddas por modalidade e unidade.<\/del><\/p>\n<p>\u00a0<\/p>\n<p><del>II \u2013 Unidades judici\u00e1rias de 2\u00ba grau: Tribunal Pleno; Conselho Superior da Magistratura; C\u00e2maras Reunidas e Isoladas; Gabinetes de Desembargadores e demais estruturas organizacionais judici\u00e1rias de 2\u00ba grau, conforme legisla\u00e7\u00e3o pertinente.<\/del><\/p>\n<p>\u00a0<\/p>\n<p><del>III \u2013 Unidades administrativas de 2\u00ba grau: Presid\u00eancia; Vice-Presid\u00eancia; Corregedoria Geral de Justi\u00e7a; Secretaria Geral; Secretaria Judici\u00e1ria; Secretaria de Tecnologia da Informa\u00e7\u00e3o; Secretaria de Gest\u00e3o de Pessoas; Secretaria de Infraestrutura; Secretaria de Engenharia, Gest\u00e3o Predial e Manuten\u00e7\u00e3o de Equipamentos; Secretaria de Finan\u00e7as e Execu\u00e7\u00e3o Or\u00e7ament\u00e1ria; Secretaria de Controle Interno; Secretaria de Precat\u00f3rio e demais estruturas organizacionais administrativas de 2\u00ba grau, conforme legisla\u00e7\u00e3o pertinente.<\/del><\/p>\n<p>\u00a0<\/p>\n<p><del>IV \u2013 Unidades judici\u00e1rias de 1\u00ba grau: Varas e Juizados, inclu\u00eddos os seus postos avan\u00e7ados, gabinetes, secretarias e demais estruturas organizacionais judici\u00e1rias de 1\u00ba grau, conforme legisla\u00e7\u00e3o pertinente.<\/del><\/p>\n<p>\u00a0<\/p>\n<p><del>V \u2013 Unidades organizacionais de apoio \u00e0 atividade judicante de 1\u00ba Grau: respons\u00e1veis por impulsionarem direta ou indiretamente a tramita\u00e7\u00e3o do processo judicial ou administrativo, tais como Diretoria do Foro, Secretaria de Gest\u00e3o do Foro, Centrais e outros, conforme legisla\u00e7\u00e3o pertinente.<\/del><\/p>\n<p>\u00a0<\/p>\n<p>\u00a0<\/p>\n<p style=\"text-align: center;\"><del><strong>Se\u00e7\u00e3o II<\/strong><\/del><\/p>\n<p style=\"text-align: center;\"><del><strong>Dos Limites de Vagas de Est\u00e1gio<\/strong><\/del><\/p>\n<p>\u00a0<\/p>\n<p><del><strong>Art. 6\u00ba<\/strong>\u00a0Fica estabelecido o limite de vagas de est\u00e1gio na conformidade do anexo.<\/del><\/p>\n<p>\u00a0<\/p>\n<p><del>\u00a7 1\u00ba O disposto no\u00a0<em>caput\u00a0<\/em>deste artigo e a lota\u00e7\u00e3o respeita as limita\u00e7\u00f5es determinadas pelo artigo 2\u00ba, desta Resolu\u00e7\u00e3o, cabendo exclusivamente ao Tribunal Pleno a delibera\u00e7\u00e3o sobre o aumento do n\u00famero de vagas de est\u00e1gio.<\/del><\/p>\n<p>\u00a0<\/p>\n<p><del>\u00a7 2\u00ba A distribui\u00e7\u00e3o das vagas ser\u00e1 realizada pelo Tribunal Pleno por meio da aprova\u00e7\u00e3o da presente Resolu\u00e7\u00e3o, na forma disposta no anexo Quadro Geral de Vagas de Est\u00e1gio (QGV), e a Presid\u00eancia do Tribunal de Justi\u00e7a a defini\u00e7\u00e3o sobre a lota\u00e7\u00e3o das vagas de est\u00e1gio.<\/del><\/p>\n<p>\u00a0<\/p>\n<p><del>\u00a7 3\u00ba As vagas de est\u00e1gio na modalidade Est\u00e1gio de Concilia\u00e7\u00e3o destinar-se-\u00e3o aos Gabinetes dos Ju\u00edzes de Juizados Especiais, cujo limite \u00e9 fixado pelo Tribunal Pleno, enquanto a lota\u00e7\u00e3o \u00e9 fixada pela Presid\u00eancia do Tribunal de Justi\u00e7a, devendo ser observado o n\u00famero de casos novos atribu\u00eddos no \u00faltimo tri\u00eanio.<\/del><\/p>\n<p>\u00a0<\/p>\n<p><del>\u00a7 4\u00ba As vagas de est\u00e1gio na modalidade Est\u00e1gio de P\u00f3s-Gradua\u00e7\u00e3o ser\u00e3o obtidas t\u00e3o somente a partir das vagas destinadas \u00e0 modalidade Est\u00e1gio de Gradua\u00e7\u00e3o. Observado o limite de vagas destinado \u00e0 unidade receptora, poder\u00e1 ser realizada a convers\u00e3o de duas vagas de Est\u00e1gio de Gradua\u00e7\u00e3o em uma vaga de Est\u00e1gio de P\u00f3s-Gradua\u00e7\u00e3o nas unidades que assim optarem, podendo ser revertida a qualquer tempo.<\/del><\/p>\n<p>\u00a0<\/p>\n<p><del>\u00a7 5\u00ba As situa\u00e7\u00f5es consolidadas na data da entrada em vigor desta Resolu\u00e7\u00e3o ficam mantidas, sem necessidade de quaisquer requerimentos de convers\u00e3o ou revers\u00e3o.<\/del><\/p>\n<p>\u00a0<\/p>\n<p>\u00a0<\/p>\n<p><del><strong>Art. 7\u00ba<\/strong>\u00a0O quantitativo de estagi\u00e1rios destinado a cada unidade judici\u00e1ria de 1\u00ba grau ser\u00e1 distribu\u00eddo de forma parit\u00e1ria entre o gabinete do magistrado e a respectiva secretaria, ainda que unificada, de forma que o n\u00famero total de estagi\u00e1rios seja igualmente dividido entre ambos.<\/del><\/p>\n<p>\u00a0<\/p>\n<p><del>Par\u00e1grafo \u00fanico. O quantitativo de estagi\u00e1rios previsto para unidades judici\u00e1rias atendidas por secretaria unificada poder\u00e1 ser distribu\u00eddo em propor\u00e7\u00e3o diversa, mediante delibera\u00e7\u00e3o conjunta entre o magistrado respons\u00e1vel pela unidade e o magistrado gestor da respectiva secretaria unificada.<\/del><\/p>\n<p>\u00a0<\/p>\n<p>\u00a0<\/p>\n<p><del><strong>Art. 8\u00ba\u00a0<\/strong>A Presid\u00eancia republicar\u00e1 bienalmente todos os detalhamentos e quantitativos, por meio de ato pr\u00f3prio, salvo quando entender desnecess\u00e1ria qualquer altera\u00e7\u00e3o.<\/del><\/p>\n<p>\u00a0<\/p>\n<p>\u00a0<\/p>\n<p><del><strong>Art. 9\u00ba<\/strong>\u00a0A Presid\u00eancia poder\u00e1 retirar as vagas da unidade em situa\u00e7\u00e3o peculiar e redistribu\u00ed-las ao Quadro Geral de Vagas de Est\u00e1gio (QGV), de acordo com os crit\u00e9rios desta Resolu\u00e7\u00e3o.<\/del><\/p>\n<p>\u00a0<\/p>\n<p><del>Par\u00e1grafo \u00fanico. Decorridos 90 (noventa) dias da entrada em vigor desta Resolu\u00e7\u00e3o, fica a Presid\u00eancia do Tribunal de Justi\u00e7a autorizada, por ato pr\u00f3prio, a promover a equaliza\u00e7\u00e3o da for\u00e7a de trabalho entre os graus de jurisdi\u00e7\u00e3o, caso seja identificada discrep\u00e2ncia no quantitativo de estagi\u00e1rios entre o Primeiro e o Segundo Graus.<\/del><\/p>\n<p>\u00a0<\/p>\n<p>\u00a0<\/p>\n<p style=\"text-align: center;\"><del><strong>Se\u00e7\u00e3o III<\/strong><\/del><\/p>\n<p style=\"text-align: center;\"><del><strong>Da Distribui\u00e7\u00e3o das vagas<\/strong><\/del><\/p>\n<p>\u00a0<\/p>\n<p><del><strong>Art. 10<\/strong>\u00a0O Quadro Anexo fixa a distribui\u00e7\u00e3o das vagas de est\u00e1gio por unidade judici\u00e1ria e administrativa, podendo ser alterado mediante ato da Presid\u00eancia do Tribunal de Justi\u00e7a, com base nas necessidades institucionais e na disponibilidade or\u00e7ament\u00e1ria.<\/del><\/p>\n<p>\u00a0<\/p>\n<p><del>\u00a7 1\u00ba O Quadro Anexo ser\u00e1 revisado bienalmente, ou a qualquer tempo, sempre que se fizer necess\u00e1ria a sua adequa\u00e7\u00e3o \u00e0s demandas e \u00e0s possibilidades or\u00e7ament\u00e1rias do Poder Judici\u00e1rio.<\/del><\/p>\n<p>\u00a0<\/p>\n<p><del>\u00a7 2\u00ba As vagas da modalidade Est\u00e1gio de P\u00f3s-Gradua\u00e7\u00e3o somente ser\u00e3o deferidas a partir do requerimento de convers\u00e3o de duas vagas de est\u00e1gio de gradua\u00e7\u00e3o em uma vaga de est\u00e1gio de p\u00f3s-gradua\u00e7\u00e3o, limitadas sempre ao n\u00famero m\u00e1ximo de vagas de gradua\u00e7\u00e3o destinadas a cada unidade.<\/del><\/p>\n<p>\u00a0<\/p>\n<p><del>\u00a7 3\u00ba As situa\u00e7\u00f5es consolidadas na data da entrada em vigor desta resolu\u00e7\u00e3o, de maneira que a distribui\u00e7\u00e3o das vagas definidas no anexo ser\u00e1 paulatina, respeitando-se o t\u00e9rmino dos contratos atuais, sem necessidade de quaisquer requerimentos de convers\u00e3o ou revers\u00e3o.\u00a0<\/del><\/p>\n<p>\u00a0<\/p>\n<p>\u00a0<\/p>\n<p style=\"text-align: center;\"><del><strong>Se\u00e7\u00e3o IV<\/strong><\/del><\/p>\n<p style=\"text-align: center;\"><del><strong>Da Composi\u00e7\u00e3o do Quadro de Vagas de Est\u00e1gio das Unidades Judici\u00e1rias de 1\u00ba Grau<\/strong><\/del><\/p>\n<p>\u00a0<\/p>\n<p>\u00a0<\/p>\n<p><del><strong>Art. 11<\/strong>\u00a0Na composi\u00e7\u00e3o do limite m\u00e1ximo de vagas de est\u00e1gio para cada unidade judici\u00e1ria ser\u00e3o consideradas as vari\u00e1veis quantitativas da m\u00e9dia de casos novos no tri\u00eanio imediatamente anterior, a ser apurada pelo N\u00facleo de Estat\u00edsticas do Tribunal de Justi\u00e7a e revisada bienalmente.<\/del><\/p>\n<p>\u00a0<\/p>\n<p><del>\u00a7 1\u00ba A lota\u00e7\u00e3o das vagas de est\u00e1gio mencionada no\u00a0<em>caput\u00a0<\/em>\u00e9 fixada nesta resolu\u00e7\u00e3o e poder\u00e1 ocorrer na forma de ato pr\u00f3prio da Presid\u00eancia do Tribunal de Justi\u00e7a.<\/del><\/p>\n<p>\u00a0<\/p>\n<p><del>\u00a7 2\u00ba Na instala\u00e7\u00e3o de nova unidade judici\u00e1ria, a Presid\u00eancia do Tribunal de Justi\u00e7a indicar\u00e1 as eventuais vagas tempor\u00e1rias de estagi\u00e1rios at\u00e9 que haja a atualiza\u00e7\u00e3o do quadro de distribui\u00e7\u00e3o, respeitando-se os crit\u00e9rios estabelecidos nesta Resolu\u00e7\u00e3o.<\/del><\/p>\n<p>\u00a0<\/p>\n<p><del>\u00a7 3\u00ba Na desinstala\u00e7\u00e3o de unidade judici\u00e1ria, as vagas de est\u00e1gio da referida unidade integrar\u00e3o prioritariamente a(s) unidade(s) que receberam o acervo e, n\u00e3o sendo poss\u00edvel, integrar\u00e3o o grupo de estagi\u00e1rios itinerantes da respectiva Comarca, ou Ju\u00edzo, at\u00e9 que haja a atualiza\u00e7\u00e3o do quadro de distribui\u00e7\u00e3o.<\/del><\/p>\n<p>\u00a0<\/p>\n<p><del>\u00a7 4\u00ba No caso de integra\u00e7\u00e3o de Unidades e\/ou Comarcas, at\u00e9 que haja a atualiza\u00e7\u00e3o do quadro de distribui\u00e7\u00e3o:<\/del><\/p>\n<p>\u00a0<\/p>\n<p><del>I \u2013 a Unidade\/Comarca resultante receber\u00e1 as vagas correspondentes ao quadrante do seu respectivo agrupamento, sendo considerada a soma dos processos distribu\u00eddos e os acervos das Unidades\/Comarcas objeto de integra\u00e7\u00e3o.<\/del><\/p>\n<p>\u00a0<\/p>\n<p><del>II \u2013 o n\u00famero de vagas a ser distribu\u00eddo fica limitado \u00e0 soma das vagas das Unidades\/Comarcas objeto de integra\u00e7\u00e3o.<\/del><\/p>\n<p>\u00a0<\/p>\n<p><del>III \u2013 havendo vagas remanescentes, dever\u00e3o ser destinadas ao Quadro Geral de Vagas de estagi\u00e1rios.<\/del><\/p>\n<p>\u00a0<\/p>\n<p>\u00a0<\/p>\n<p style=\"text-align: center;\"><del><strong>Se\u00e7\u00e3o V<\/strong><\/del><\/p>\n<p style=\"text-align: center;\"><del><strong>Da Composi\u00e7\u00e3o do Quadro de Vagas de Est\u00e1gio Itinerantes das Comarcas e Ju\u00edzos<\/strong><\/del><\/p>\n<p>\u00a0<\/p>\n<p><del><strong>Art. 12<\/strong>\u00a0Fica estabelecido o grupo denominado \u201cestagi\u00e1rios itinerantes do 1\u00ba grau\u201d, de acordo com ato pr\u00f3prio da Presid\u00eancia do Tribunal de Justi\u00e7a.<\/del><\/p>\n<p>\u00a0<\/p>\n<p><del>\u00a7 1\u00ba As vagas dispostas no\u00a0<em>caput\u00a0<\/em>ser\u00e3o distribu\u00eddas preferencialmente \u00e0s unidades de apoio organizacional, tendo por base o crit\u00e9rio de distribui\u00e7\u00e3o de casos novos da Comarca ou Ju\u00edzo.<\/del><\/p>\n<p>\u00a0<\/p>\n<p><del>\u00a7 2\u00ba Uma vez disponibilizados os estagi\u00e1rios itinerantes, ser\u00e1 responsabilidade do Juiz Diretor do Foro a divis\u00e3o de tais vagas \u00e0s unidades organizacionais de apoio \u00e0 atividade judicante de 1\u00ba Grau, assim como \u00e0s unidades judici\u00e1rias com a maior m\u00e9dia de processos distribu\u00eddos no per\u00edodo e, subsequentemente, com o maior acervo.<\/del><\/p>\n<p>\u00a0<\/p>\n<p><del>\u00a7 3\u00ba Supridas as necessidades do par\u00e1grafo anterior, o Juiz Diretor do Foro deve priorizar a distribui\u00e7\u00e3o das vagas de est\u00e1gio itinerantes para as unidades judici\u00e1rias com compet\u00eancia material de projetos vinculados ao Planejamento Estrat\u00e9gico deste Poder Judici\u00e1rio.<\/del><\/p>\n<p>\u00a0<\/p>\n<p>\u00a0<\/p>\n<p style=\"text-align: center;\"><del><strong>Se\u00e7\u00e3o VI<\/strong><\/del><\/p>\n<p style=\"text-align: center;\"><del><strong>Da Composi\u00e7\u00e3o do Quadro de Vagas de Est\u00e1gio das Unidades Administrativas do Tribunal de Justi\u00e7a<\/strong><\/del><\/p>\n<p>\u00a0<\/p>\n<p><del><strong>Art. 13<\/strong>\u00a0Respeitado o limite de vagas, cuja atribui\u00e7\u00e3o \u00e9 do Tribunal Pleno, fica definido que o n\u00famero m\u00e1ximo de estagi\u00e1rios de cada unidade administrativa do Tribunal de Justi\u00e7a \u00e9 fixado por sua Presid\u00eancia, competindo a sua distribui\u00e7\u00e3o ao Desembargador Supervisor respons\u00e1vel pelo respectivo setor.<\/del><\/p>\n<p>\u00a0<\/p>\n<p>\u00a0<\/p>\n<p style=\"text-align: center;\"><del><strong>Se\u00e7\u00e3o VII<\/strong><\/del><\/p>\n<p style=\"text-align: center;\"><del><strong>Da Composi\u00e7\u00e3o do Quadro de Vagas de Est\u00e1gio das Unidades Judici\u00e1rias de 2\u00ba Grau<\/strong><\/del><\/p>\n<p>\u00a0<\/p>\n<p><del><strong>Art. 14<\/strong>\u00a0O limite m\u00e1ximo de vagas de est\u00e1gio das unidades judici\u00e1rias de 2\u00ba grau, em quaisquer modalidades, fica disposto na forma do anexo, cabendo exclusivamente a sua distribui\u00e7\u00e3o e lota\u00e7\u00e3o ao Desembargador respons\u00e1vel pelo setor.<\/del><\/p>\n<p>\u00a0<\/p>\n<p><del>\u00a7 1\u00ba Para cada Gabinete de Desembargador h\u00e1 04 (quatro) vagas na modalidade Est\u00e1gio de Gradua\u00e7\u00e3o.<\/del><\/p>\n<p>\u00a0<\/p>\n<p><del>\u00a7 2\u00ba Poder\u00e1 ser realizada, mediante requerimento, a convers\u00e3o de duas vagas de est\u00e1gio de gradua\u00e7\u00e3o em uma vaga de est\u00e1gio de p\u00f3s-gradua\u00e7\u00e3o, tanto pelo Gabinete de Desembargador, quanto pelas demais unidades judici\u00e1rias do 2\u00ba grau, com a possibilidade de revers\u00e3o a qualquer tempo.<\/del><\/p>\n<p><br \/><del>\u00a0<\/del><\/p>\n<p>\u00a0<\/p>\n<p style=\"text-align: center;\"><del><strong>CAP\u00cdTULO III<\/strong><\/del><\/p>\n<p style=\"text-align: center;\"><del><strong>DA REALIZA\u00c7\u00c3O DO EST\u00c1GIO<\/strong><\/del><\/p>\n<p style=\"text-align: center;\"><del><strong>Se\u00e7\u00e3o I<\/strong><\/del><\/p>\n<p style=\"text-align: center;\"><del><strong>Da Dura\u00e7\u00e3o<\/strong><\/del><\/p>\n<p>\u00a0<\/p>\n<p><del><strong>Art. 15<\/strong>\u00a0A dura\u00e7\u00e3o do est\u00e1gio n\u00e3o poder\u00e1 exceder o per\u00edodo previsto na legisla\u00e7\u00e3o de reg\u00eancia.<\/del><\/p>\n<p>\u00a0<\/p>\n<p><del>\u00a7 1\u00ba O est\u00e1gio firmado com pessoas com defici\u00eancia n\u00e3o se submete ao limite temporal previsto no\u00a0<em>caput\u00a0<\/em>deste artigo, podendo ser prorrogado at\u00e9 a conclus\u00e3o do curso, respeitando-se o encerramento do calend\u00e1rio acad\u00eamico.<\/del><\/p>\n<p>\u00a0<\/p>\n<p><del>\u00a7 2\u00ba O encerramento do est\u00e1gio em virtude do alcance do limite citado no\u00a0<em>caput\u00a0<\/em>impedir\u00e1 a concess\u00e3o de novo est\u00e1gio ao estudante, ressalvados os casos de estagi\u00e1rios com defici\u00eancia ou de contrata\u00e7\u00e3o em modalidade diversa.<\/del><\/p>\n<p>\u00a0<\/p>\n<p>\u00a0<\/p>\n<p style=\"text-align: center;\"><del><strong>Se\u00e7\u00e3o II<\/strong><\/del><\/p>\n<p style=\"text-align: center;\"><del><strong>Da Contrata\u00e7\u00e3o<\/strong><\/del><\/p>\n<p>\u00a0<\/p>\n<p><del><strong>Art. 16<\/strong>\u00a0A inclus\u00e3o do estudante no Programa de Est\u00e1gio Remunerado ser\u00e1 formalizada mediante a celebra\u00e7\u00e3o de termo de compromisso de est\u00e1gio, a ser firmado pelo educando e\/ou seu representante ou assistente legal, pela Institui\u00e7\u00e3o de Ensino Superior e este Poder Judici\u00e1rio.<\/del><\/p>\n<p>\u00a0<\/p>\n<p><del>\u00a7 1\u00ba O estagi\u00e1rio iniciar\u00e1 suas atividades no Poder Judici\u00e1rio do Estado do Esp\u00edrito Santo a partir da data de in\u00edcio constante do termo de compromisso de est\u00e1gio, obrigando-se a cumprir as normas disciplinares estabelecidas no respectivo termo.<\/del><\/p>\n<p>\u00a0<\/p>\n<p><del>\u00a7 2\u00ba \u00c9 vedado o in\u00edcio do est\u00e1gio em desacordo com o disposto no par\u00e1grafo anterior, ficando o Poder Judici\u00e1rio do Estado do Esp\u00edrito Santo desobrigado a realizar qualquer contrapresta\u00e7\u00e3o financeira ao estagi\u00e1rio pelo exerc\u00edcio da fun\u00e7\u00e3o em momento anterior.<\/del><\/p>\n<p>\u00a0<\/p>\n<p>\u00a0<\/p>\n<p><del><strong>Art. 17<\/strong>\u00a0S\u00e3o documentos indispens\u00e1veis para assinatura do termo de compromisso:<\/del><\/p>\n<p>\u00a0<\/p>\n<p><del>I \u2013 01 (uma) fotografia 3\u00d74;<\/del><\/p>\n<p>\u00a0<\/p>\n<p><del>II \u2013 n\u00famero da conta corrente ou universit\u00e1ria (Banco do Estado do Esp\u00edrito Santo \u2013 Banestes);<\/del><\/p>\n<p>\u00a0<\/p>\n<p><del>III \u2013 Carteira de Trabalho e Previd\u00eancia Social \u2013 CTPS;<\/del><\/p>\n<p>\u00a0<\/p>\n<p><del>IV \u2013 declara\u00e7\u00e3o, atualizada, da Institui\u00e7\u00e3o de ensino, constando a matr\u00edcula, o curso e o hor\u00e1rio de frequ\u00eancia;<\/del><\/p>\n<p>\u00a0<\/p>\n<p><del>V \u2013 c\u00f3pia simples da Carteira de Identidade e do Cadastro de Pessoas F\u00edsicas (CPF);<\/del><\/p>\n<p>\u00a0<\/p>\n<p><del>VI \u2013 curr\u00edculo;<\/del><\/p>\n<p>\u00a0<\/p>\n<p><del>VII \u2013 comprovante de resid\u00eancia;<\/del><\/p>\n<p>\u00a0<\/p>\n<p><del>VIII \u2013 ASO \u2013 Atestado de Sa\u00fade Ocupacional, fornecido por m\u00e9dico do trabalho, com validade de at\u00e9 60 (sessenta) dias, contados da data de emiss\u00e3o;<\/del><\/p>\n<p>\u00a0<\/p>\n<p><del>IX \u2013 c\u00f3pia do diploma de conclus\u00e3o do curso e, exclusivamente nos casos de est\u00e1gio na modalidade Est\u00e1gio de P\u00f3s-Gradua\u00e7\u00e3o na \u00e1rea de Direito, declara\u00e7\u00e3o de inexist\u00eancia de inscri\u00e7\u00e3o ativa junto \u00e0 Ordem dos Advogados do Brasil (OAB);<\/del><\/p>\n<p>\u00a0<\/p>\n<p><del>X \u2013 c\u00f3pia do t\u00edtulo de eleitor;<\/del><\/p>\n<p>\u00a0<\/p>\n<p><del>XI \u2013 declara\u00e7\u00e3o de parentesco;<\/del><\/p>\n<p>\u00a0<\/p>\n<p><del>XII \u2013 declara\u00e7\u00e3o de n\u00e3o-v\u00ednculo profissional com escrit\u00f3rio de advocacia apenas ao Est\u00e1gio de P\u00f3s-Gradua\u00e7\u00e3o na \u00e1rea de Direito.<\/del><\/p>\n<p>\u00a0<\/p>\n<p>\u00a0<\/p>\n<p style=\"text-align: center;\"><del><strong>Se\u00e7\u00e3o III<\/strong><\/del><\/p>\n<p style=\"text-align: center;\"><del><strong>Do Acompanhamento do Estagi\u00e1rio<\/strong><\/del><\/p>\n<p>\u00a0<\/p>\n<p><del><strong>Art. 18\u00a0<\/strong>A unidade interessada em receber estagi\u00e1rio dever\u00e1 proporcionar atividades que guardem estrita compatibilidade com aquelas previstas no plano de atividades, integrante do termo de compromisso de est\u00e1gio, e dispor dos seguintes recursos humanos e materiais:<\/del><\/p>\n<p>\u00a0<\/p>\n<p><del>I \u2013 servidor que tenha a mesma forma\u00e7\u00e3o acad\u00eamica do estagi\u00e1rio ou experi\u00eancia profissional na \u00e1rea de conhecimento desenvolvida no curso do estagi\u00e1rio, ainda que aquele esteja em setor diverso e, nesse caso, consiga realizar a supervis\u00e3o, mediante o acompanhamento das atividades;<\/del><\/p>\n<p>\u00a0<\/p>\n<p><del>II \u2013 instala\u00e7\u00f5es adequadas \u00e0 acomoda\u00e7\u00e3o do estagi\u00e1rio.<\/del><\/p>\n<p>\u00a0<\/p>\n<p>\u00a0<\/p>\n<p style=\"text-align: center;\"><del><strong>Se\u00e7\u00e3o IV<\/strong><\/del><\/p>\n<p style=\"text-align: center;\"><del><strong>Das Atribui\u00e7\u00f5es da Chefia do Estagi\u00e1rio<\/strong><\/del><\/p>\n<p>\u00a0<\/p>\n<p><del><strong>Art. 19\u00a0<\/strong>S\u00e3o atribui\u00e7\u00f5es da chefia imediata do estagi\u00e1rio:<\/del><\/p>\n<p>\u00a0<\/p>\n<p><del>I \u2013 exercer, pessoalmente, a supervis\u00e3o do est\u00e1gio, ou indicar servidor subordinado para atuar como supervisor;<\/del><\/p>\n<p>\u00a0<\/p>\n<p><del>II \u2013 at\u00e9 o 5\u00ba (quinto) dia \u00fatil do m\u00eas subsequente ao da realiza\u00e7\u00e3o do est\u00e1gio, informar eventual aus\u00eancia desmotivada do estagi\u00e1rio, no sistema de frequ\u00eancia, quando implementada;<\/del><\/p>\n<p>\u00a0<\/p>\n<p><del>III \u2013 registrar no sistema de frequ\u00eancia, com anteced\u00eancia, o per\u00edodo de descanso remunerado a ser usufru\u00eddo pelo estagi\u00e1rio, quando da sua implementa\u00e7\u00e3o;<\/del><\/p>\n<p>\u00a0<\/p>\n<p><del>IV \u2013 comunicar, imediatamente, o pedido de desligamento do estagi\u00e1rio \u00e0 SGP, em especial \u00e0 Se\u00e7\u00e3o de Sele\u00e7\u00e3o e Acompanhamento de Est\u00e1gio, no processo que originou a contrata\u00e7\u00e3o, informando a exist\u00eancia de per\u00edodo de recesso remunerado n\u00e3o gozado;<\/del><\/p>\n<p>\u00a0<\/p>\n<p><del>V \u2013 comunicar \u00e0 SGP, em especial \u00e0 Se\u00e7\u00e3o de Sele\u00e7\u00e3o e Acompanhamento de Est\u00e1gio, at\u00e9 11 (onze) meses ap\u00f3s o in\u00edcio da vig\u00eancia do termo de compromisso de est\u00e1gio, o in\u00edcio da frui\u00e7\u00e3o do recesso remunerado a que tem direito o estudante, nos termos desta Resolu\u00e7\u00e3o;<\/del><\/p>\n<p>\u00a0<\/p>\n<p><del>VI \u2013 preencher o formul\u00e1rio de encerramento do contrato de est\u00e1gio, a ser disponibilizado pela SGP.<\/del><\/p>\n<p>\u00a0<\/p>\n<p>\u00a0<\/p>\n<p style=\"text-align: center;\"><del><strong>Se\u00e7\u00e3o V<\/strong><\/del><\/p>\n<p style=\"text-align: center;\"><del><strong>Das Atribui\u00e7\u00f5es do Supervisor do Estagi\u00e1rio<\/strong><\/del><\/p>\n<p>\u00a0<\/p>\n<p><del><strong>Art. 20<\/strong>\u00a0S\u00e3o atribui\u00e7\u00f5es do supervisor do estagi\u00e1rio:<\/del><\/p>\n<p>\u00a0<\/p>\n<p><del>I \u2013 elaborar plano simplificado de atividades do estagi\u00e1rio, que integrar\u00e1 o termo de compromisso de est\u00e1gio;<\/del><\/p>\n<p>\u00a0<\/p>\n<p><del>II \u2013 orientar sobre a conduta do estagi\u00e1rio e supervisionar a realiza\u00e7\u00e3o de suas atividades;<\/del><\/p>\n<p>\u00a0<\/p>\n<p><del>III \u2013 acompanhar o desempenho do estagi\u00e1rio, garantindo haver correla\u00e7\u00e3o entre as atividades por ele desenvolvidas e aquelas previstas no plano de atividades;<\/del><\/p>\n<p>\u00a0<\/p>\n<p><del>IV \u2013 proceder \u00e0 avalia\u00e7\u00e3o de desempenho do estagi\u00e1rio, preenchendo, aprovando e encaminhando o relat\u00f3rio de atividades de est\u00e1gio \u00e0 Se\u00e7\u00e3o de Sele\u00e7\u00e3o e Acompanhamento de Est\u00e1gio, ap\u00f3s vista ao estagi\u00e1rio;<\/del><\/p>\n<p>\u00a0<\/p>\n<p><del>V \u2013 comunicar, imediatamente, o pedido de desligamento do estagi\u00e1rio \u00e0 Se\u00e7\u00e3o de Sele\u00e7\u00e3o e Acompanhamento de Est\u00e1gio;<\/del><\/p>\n<p>\u00a0<\/p>\n<p><del>VI \u2013 entregar ao estagi\u00e1rio, ao t\u00e9rmino de seu contrato, termo de realiza\u00e7\u00e3o de est\u00e1gio com indica\u00e7\u00e3o resumida das atividades desenvolvidas, dos per\u00edodos e da avalia\u00e7\u00e3o de desempenho;<\/del><\/p>\n<p>\u00a0<\/p>\n<p><del>VII \u2013 garantir o cumprimento das veda\u00e7\u00f5es dispostas nesta Resolu\u00e7\u00e3o;<\/del><\/p>\n<p>\u00a0<\/p>\n<p><del>VIII \u2013 manter informada a Se\u00e7\u00e3o de Sele\u00e7\u00e3o e Acompanhamento de Est\u00e1gio sobre as demais ocorr\u00eancias relativas \u00e0 realiza\u00e7\u00e3o do est\u00e1gio.<\/del><\/p>\n<p>\u00a0<\/p>\n<p>\u00a0<\/p>\n<p style=\"text-align: center;\"><del><strong>CAP\u00cdTULO IV<\/strong><\/del><\/p>\n<p style=\"text-align: center;\"><del><strong>DAS ATRIBUI\u00c7\u00d5ES, DOS DEVERES, DAS VEDA\u00c7\u00d5ES E DAS RESPONSABILIDADES DO ESTAGI\u00c1RIO<\/strong><\/del><\/p>\n<p>\u00a0<\/p>\n<p><del><strong>Art. 21<\/strong>\u00a0O estagi\u00e1rio assinar\u00e1 o termo de compromisso de est\u00e1gio, por meio do qual ter\u00e1 ci\u00eancia de seus deveres, atribui\u00e7\u00f5es e responsabilidades, comprometendo-se a cumprir as normas legais e regulamentares aplic\u00e1veis ao est\u00e1gio, inclusive as internas do Tribunal de Justi\u00e7a do Estado do Esp\u00edrito Santo.<\/del><\/p>\n<p>\u00a0<\/p>\n<p><del>Par\u00e1grafo \u00fanico. O estudante com defici\u00eancia ter\u00e1 atribui\u00e7\u00f5es e responsabilidades compat\u00edveis com sua condi\u00e7\u00e3o.<\/del><\/p>\n<p>\u00a0<\/p>\n<p>\u00a0<\/p>\n<p><del><strong>Art. 22<\/strong>\u00a0Caber\u00e1 ao estagi\u00e1rio, juntamente com seu supervisor, elaborar um relat\u00f3rio \u00fanico das atividades desenvolvidas durante todo o per\u00edodo de est\u00e1gio, que dever\u00e1 ser assinado por ambos e encaminhado pelo estagi\u00e1rio \u00e0 Institui\u00e7\u00e3o de ensino, no prazo de 30 (trinta) dias ap\u00f3s o t\u00e9rmino do est\u00e1gio.<\/del><\/p>\n<p>\u00a0<\/p>\n<p><del>Par\u00e1grafo \u00fanico. A c\u00f3pia do relat\u00f3rio com a valida\u00e7\u00e3o da institui\u00e7\u00e3o de ensino dever\u00e1 ser entregue pelo estagi\u00e1rio \u00e0 Se\u00e7\u00e3o de Sele\u00e7\u00e3o e Acompanhamento de Est\u00e1gio.<\/del><\/p>\n<p>\u00a0<\/p>\n<p>\u00a0<\/p>\n<p><del><strong>Art. 23<\/strong>\u00a0\u00c9 vedada a contrata\u00e7\u00e3o de estagi\u00e1rio:<\/del><\/p>\n<p>\u00a0<\/p>\n<p><del>I \u2013 que possuir v\u00ednculo profissional, ou de est\u00e1gio, com advogado ou sociedade de advogados;<\/del><\/p>\n<p>\u00a0<\/p>\n<p><del>II \u2013 para servir como subordinado a magistrado ou a servidor investido em cargo de dire\u00e7\u00e3o ou de assessoramento que lhe seja c\u00f4njuge, companheiro ou parente em linha reta, colateral ou por afinidade at\u00e9 o terceiro grau, inclusive.<\/del><\/p>\n<p>\u00a0<\/p>\n<p><del>\u00a7 1\u00ba Aplica-se \u00e0 contrata\u00e7\u00e3o de estagi\u00e1rio as veda\u00e7\u00f5es de nepotismo previstas em legisla\u00e7\u00e3o.<\/del><\/p>\n<p>\u00a0<\/p>\n<p><del>\u00a7 2\u00ba A veda\u00e7\u00e3o disposta no par\u00e1grafo 1\u00ba deste artigo, n\u00e3o \u00e9 aplic\u00e1vel quando o processo seletivo que d\u00e1 origem \u00e0 contrata\u00e7\u00e3o dos estagi\u00e1rios for concebido pela convoca\u00e7\u00e3o via edital p\u00fablico e possuir pelo menos uma prova escrita n\u00e3o identificada que assegure o princ\u00edpio da isonomia entre os concorrentes.<\/del><\/p>\n<p>\u00a0<\/p>\n<p><del>\u00a7 3\u00ba O estudante, no ato da assinatura do termo de compromisso de est\u00e1gio, deve firmar declara\u00e7\u00e3o de que n\u00e3o possui nenhum dos v\u00ednculos vedados por este artigo, devendo informar, imediatamente, na vig\u00eancia do contrato, eventual altera\u00e7\u00e3o de suas condi\u00e7\u00f5es.<\/del><\/p>\n<p>\u00a0<\/p>\n<p><del>\u00a7 4\u00ba A inobserv\u00e2ncia das veda\u00e7\u00f5es previstas neste artigo ou a comprova\u00e7\u00e3o, a qualquer tempo, de que n\u00e3o \u00e9 verdadeira a declara\u00e7\u00e3o firmada acarretar\u00e1 o desligamento imediato e de of\u00edcio, do estagi\u00e1rio, sem preju\u00edzo das demais san\u00e7\u00f5es legais aplic\u00e1veis.<\/del><\/p>\n<p>\u00a0<\/p>\n<p>\u00a0<\/p>\n<p><del><strong>Art. 24<\/strong>\u00a0Poder\u00e1 realizar est\u00e1gio, desde que em hor\u00e1rio compat\u00edvel:<\/del><\/p>\n<p>\u00a0<\/p>\n<p><del>I \u2013 ocupantes de fun\u00e7\u00e3o, cargo ou emprego p\u00fablico;<\/del><\/p>\n<p>\u00a0<\/p>\n<p><del>II \u2013 militares das For\u00e7as Armadas ou das Pol\u00edcias;<\/del><\/p>\n<p>\u00a0<\/p>\n<p><del>III \u2013 titulares de mandato eletivo.<\/del><\/p>\n<p>\u00a0<\/p>\n<p>\u00a0<\/p>\n<p><del><strong>Art. 25<\/strong>\u00a0O estagi\u00e1rio dever\u00e1 apresentar, nos meses de mar\u00e7o e setembro de cada ano, declara\u00e7\u00e3o atualizada de v\u00ednculo com entidade de ensino.<\/del><\/p>\n<p>\u00a0<\/p>\n<p><del>\u00a7 1\u00ba N\u00e3o sendo apresentada a declara\u00e7\u00e3o mencionada no\u00a0<em>caput<\/em>, a Se\u00e7\u00e3o de Sele\u00e7\u00e3o e Acompanhamento de Est\u00e1gio publicar\u00e1 no eDi\u00e1rio a rela\u00e7\u00e3o dos estagi\u00e1rios inadimplentes, para que suas chefias imediatas informem se houve per\u00edodo de f\u00e9rias gozado para fins de rescis\u00e3o unilateral de contrato de est\u00e1gio.<\/del><\/p>\n<p>\u00a0<\/p>\n<p><del>\u00a7 2\u00ba O estagi\u00e1rio que receber valores a t\u00edtulo de bolsa de complementa\u00e7\u00e3o educacional, e outros benef\u00edcios, sem apresenta\u00e7\u00e3o da declara\u00e7\u00e3o mencionada no\u00a0<em>caput<\/em>, dever\u00e1 devolver aos cofres p\u00fablicos os valores correspondentes, devidamente atualizados, referentes aos per\u00edodos sem comprova\u00e7\u00e3o de v\u00ednculo com entidade educacional.<\/del><\/p>\n<p>\u00a0<\/p>\n<p>\u00a0<\/p>\n<p><del><strong>Art. 26<\/strong>\u00a0O estagi\u00e1rio que alterar a especialidade de seu curso, ou que mudar de Institui\u00e7\u00e3o de ensino, dever\u00e1 informar \u00e0 Se\u00e7\u00e3o de Sele\u00e7\u00e3o e Acompanhamento de Est\u00e1gio, no prazo de 10 (dez) dias, contados a partir da altera\u00e7\u00e3o, para celebra\u00e7\u00e3o de novo Termo de Compromisso, sob pena de rescis\u00e3o unilateral, com consequente reposi\u00e7\u00e3o estatut\u00e1ria.<\/del><\/p>\n<p>\u00a0<\/p>\n<p><del>\u00a7 1\u00ba No per\u00edodo decorrido entre a rescis\u00e3o do termo de compromisso de est\u00e1gio e a celebra\u00e7\u00e3o de novo termo em virtude do que consta no\u00a0<em>caput<\/em>, se aplica a veda\u00e7\u00e3o constante do \u00a7 2\u00ba do artigo 15, n\u00e3o podendo o estagi\u00e1rio exercer suas atividades em data anterior \u00e0 data de in\u00edcio constante do novo termo de compromisso de est\u00e1gio, e da sua respectiva disponibiliza\u00e7\u00e3o no eDi\u00e1rio, ficando o Poder Judici\u00e1rio desobrigado a realizar qualquer contrapresta\u00e7\u00e3o financeira ao estagi\u00e1rio pelas fun\u00e7\u00f5es exercidas em momento anterior.<\/del><\/p>\n<p>\u00a0<\/p>\n<p><del>\u00a7 2\u00ba A rescis\u00e3o do contrato anteriormente firmado ser\u00e1 da data da altera\u00e7\u00e3o da Institui\u00e7\u00e3o de ensino ou da altera\u00e7\u00e3o da especialidade do curso.<\/del><\/p>\n<p>\u00a0<\/p>\n<p>\u00a0<\/p>\n<p><del><strong>Art. 27\u00a0<\/strong>S\u00e3o deveres do estagi\u00e1rio:<\/del><\/p>\n<p>\u00a0<\/p>\n<p><del>I \u2013 cumprir as atividades definidas no Termo de Compromisso de Est\u00e1gio;<\/del><\/p>\n<p>\u00a0<\/p>\n<p><del>II \u2013 respeitar os normativos do Poder Judici\u00e1rio do Esp\u00edrito Santo, assim como a hierarquia e a cultura organizacional;<\/del><\/p>\n<p>\u00a0<\/p>\n<p><del>III \u2013 ser ass\u00edduo e pontual ao Programa da Bolsa de Est\u00e1gio, mantendo ainda a frequ\u00eancia m\u00ednima nas aulas, conforme exig\u00eancia da Institui\u00e7\u00e3o de ensino, para comprovar o seu desenvolvimento acad\u00eamico;<\/del><\/p>\n<p>\u00a0<\/p>\n<p><del>IV \u2013 guardar sigilo sobre assuntos do Foro e do Poder Judici\u00e1rio em geral, notadamente informa\u00e7\u00f5es, fatos e documentos de que tiver conhecimento em decorr\u00eancia do est\u00e1gio, constando essa obriga\u00e7\u00e3o no Termo de Compromisso de Est\u00e1gio;<\/del><\/p>\n<p>\u00a0<\/p>\n<p><del>V \u2013 tratar com urbanidade os demais servidores p\u00fablicos e o p\u00fablico em geral;<\/del><\/p>\n<p>\u00a0<\/p>\n<p><del>VI \u2013 obedecer \u00e0s ordens superiores, exceto quando manifestamente ilegais;<\/del><\/p>\n<p>\u00a0<\/p>\n<p><del>VII \u2013 zelar pela economia do material e conserva\u00e7\u00e3o do patrim\u00f4nio p\u00fablico;<\/del><\/p>\n<p>\u00a0<\/p>\n<p><del>IX \u2013 manter conduta compat\u00edvel com a moralidade p\u00fablica.<\/del><\/p>\n<p>\u00a0<\/p>\n<p>\u00a0<\/p>\n<p><del><strong>Art. 28<\/strong>\u00a0\u00c9 vedado ao estagi\u00e1rio:<\/del><\/p>\n<p>\u00a0<\/p>\n<p><del>I \u2013 ausentar-se do est\u00e1gio durante o expediente, sem pr\u00e9via autoriza\u00e7\u00e3o do supervisor imediato;<\/del><\/p>\n<p>\u00a0<\/p>\n<p><del>II \u2013 prestar servi\u00e7os externos, ainda que acompanhado pelo supervisor de est\u00e1gio, ou por pessoa por este designada, exceto nos casos em que a atividade esteja prevista no plano de atividades;<\/del><\/p>\n<p>\u00a0<\/p>\n<p><del>III \u2013 transportar, a pedido de servidor, ou de qualquer outra pessoa, dinheiro ou t\u00edtulos de cr\u00e9dito;<\/del><\/p>\n<p>\u00a0<\/p>\n<p><del>IV \u2013 realizar servi\u00e7os de limpeza e de copa;<\/del><\/p>\n<p>\u00a0<\/p>\n<p><del>V \u2013 executar trabalhos particulares solicitados por servidor, ou por qualquer outra pessoa;<\/del><\/p>\n<p>\u00a0<\/p>\n<p><del>VI \u2013 referir-se de modo depreciativo ou desrespeitoso a autoridades p\u00fablicas e aos \u00d3rg\u00e3os ou aos atos do Poder Judici\u00e1rio do Estado do Esp\u00edrito Santo e dos demais Poderes p\u00fablicos, admitindo-se a cr\u00edtica em trabalho acad\u00eamico assinado.<\/del><\/p>\n<p>\u00a0<\/p>\n<p><del>VII \u2013 praticar viol\u00eancia no exerc\u00edcio das atividades do est\u00e1gio ou a pretexto de exerc\u00ea-la, bem como exercer quaisquer atividades incompat\u00edveis com o programa da bolsa de est\u00e1gio.<\/del><\/p>\n<p>\u00a0<\/p>\n<p><del>\u00a7 1\u00ba O supervisor de est\u00e1gio fiscalizar\u00e1 a observ\u00e2ncia do disposto nesta norma, comunicando \u00e0 Se\u00e7\u00e3o de Sele\u00e7\u00e3o e Acompanhamento de Est\u00e1gio em caso de descumprimento, podendo, inclusive, solicitar a rescis\u00e3o contratual.<\/del><\/p>\n<p>\u00a0<\/p>\n<p><del>\u00a7 2\u00ba A omiss\u00e3o no cumprimento do disposto neste artigo acarretar\u00e1 san\u00e7\u00f5es administrativas, c\u00edveis e penais, na forma da lei, a quem lhe der causa.<\/del><\/p>\n<p>\u00a0<\/p>\n<p>\u00a0<\/p>\n<p><del><strong>Art. 29\u00a0<\/strong>O estagi\u00e1rio dever\u00e1 usar o cart\u00e3o de identifica\u00e7\u00e3o do \u00d3rg\u00e3o.<\/del><\/p>\n<p>\u00a0<\/p>\n<p><del>\u00a7 1\u00ba Na hip\u00f3tese de perda ou dano do cart\u00e3o de identifica\u00e7\u00e3o, o estagi\u00e1rio arcar\u00e1 com o custo de um novo, mediante desconto incidente sobre o valor da bolsa de complementa\u00e7\u00e3o educacional.<\/del><\/p>\n<p>\u00a0<\/p>\n<p><del>\u00a7 2\u00ba Em caso de desligamento, o estagi\u00e1rio ou sua chefia imediata dever\u00e1 devolver o cart\u00e3o de identifica\u00e7\u00e3o \u00e0 Assessoria de Seguran\u00e7a Institucional para o correto descarte.<\/del><\/p>\n<p>\u00a0<\/p>\n<p>\u00a0<\/p>\n<p><del><strong>Art. 30\u00a0<\/strong>A utiliza\u00e7\u00e3o de internet, correio eletr\u00f4nico e outros servi\u00e7os ou equipamentos do \u00f3rg\u00e3o ficar\u00e1 condicionada \u00e0s necessidades do est\u00e1gio.<\/del><\/p>\n<p>\u00a0<\/p>\n<p><del>Par\u00e1grafo \u00fanico. Caber\u00e1 ao supervisor de est\u00e1gio autorizar e controlar o uso dos instrumentos e dos servi\u00e7os mencionados no\u00a0<em>caput\u00a0<\/em>deste artigo.<\/del><\/p>\n<p>\u00a0<\/p>\n<p>\u00a0<\/p>\n<p><del><strong>Art. 31<\/strong>\u00a0A jornada de atividade em est\u00e1gio ser\u00e1 de:<\/del><\/p>\n<p>\u00a0<\/p>\n<p><del>I \u2013 Estagi\u00e1rio de Gradua\u00e7\u00e3o: 04 (quatro) horas di\u00e1rias e 20 (vinte) horas semanais;<\/del><\/p>\n<p>\u00a0<\/p>\n<p><del>II \u2013 Estagi\u00e1rio-Conciliador: 06 (seis) horas di\u00e1rias e 30 (trinta) horas semanais;<\/del><\/p>\n<p>\u00a0<\/p>\n<p><del>III \u2013 Estagi\u00e1rio de P\u00f3s-Gradua\u00e7\u00e3o: 06 (seis) horas di\u00e1rias e 30 (trinta) horas semanais.<\/del><\/p>\n<p>\u00a0<\/p>\n<p><del>\u00a7 1\u00ba Para garantir o bom desempenho do estudante, no per\u00edodo em que a institui\u00e7\u00e3o de ensino realizar avalia\u00e7\u00f5es, peri\u00f3dicas ou finais, a carga hor\u00e1ria estipulada no termo de compromisso de est\u00e1gio ser\u00e1 reduzida pela metade, ficando o controle sob a gest\u00e3o do supervisor.<\/del><\/p>\n<p>\u00a0<\/p>\n<p><del>\u00a7 2\u00ba Para atender ao disposto no par\u00e1grafo anterior deste artigo, o estagi\u00e1rio dever\u00e1 apresentar, com anteced\u00eancia m\u00ednima de 05 (cinco) dias, ao supervisor, as datas das avalia\u00e7\u00f5es mediante declara\u00e7\u00e3o da institui\u00e7\u00e3o de ensino.<\/del><\/p>\n<p>\u00a0<\/p>\n<p><del>\u00a7 3\u00ba Os feriados federais, estaduais, municipais e regimentais, bem como as horas de est\u00e1gio reduzidas nos per\u00edodos de avalia\u00e7\u00e3o e o descanso remunerado, previsto em lei, n\u00e3o ser\u00e3o objeto de compensa\u00e7\u00e3o de jornada.<\/del><\/p>\n<p>\u00a0<\/p>\n<p>\u00a0<\/p>\n<p><del><strong>Art. 32<\/strong>\u00a0S\u00e3o atribui\u00e7\u00f5es e deveres espec\u00edficos, sem preju\u00edzo das atribui\u00e7\u00f5es gerais, da modalidade Est\u00e1gio de Concilia\u00e7\u00e3o:<\/del><\/p>\n<p>\u00a0<\/p>\n<p><del>I \u2013 abrir e conduzir a sess\u00e3o de concilia\u00e7\u00e3o, sob a orienta\u00e7\u00e3o do Juiz Togado ou do Juiz Leigo, promovendo o entendimento entre as partes;<\/del><\/p>\n<p>\u00a0<\/p>\n<p><del>II \u2013 redigir os termos de acordo, submetendo-os \u00e0 homologa\u00e7\u00e3o do Juiz Togado;<\/del><\/p>\n<p>\u00a0<\/p>\n<p><del>III \u2013 certificar os atos ocorridos na audi\u00eancia de concilia\u00e7\u00e3o, redigindo as atas das sess\u00f5es que tenha presidido;<\/del><\/p>\n<p>\u00a0<\/p>\n<p><del>IV \u2013 tomar por termo os requerimentos formulados pelas partes na audi\u00eancia de concilia\u00e7\u00e3o;<\/del><\/p>\n<p>\u00a0<\/p>\n<p style=\"text-align: justify;\"><del>V \u2013 assegurar \u00e0s partes igualdade de tratamento;<\/del><\/p>\n<p>\u00a0<\/p>\n<p><del>VI \u2013 n\u00e3o atuar em causa em que tenha algum motivo de impedimento ou suspei\u00e7\u00e3o;<\/del><\/p>\n<p>\u00a0<\/p>\n<p><del>VII \u2013 manter controle dos processos em seu poder;<\/del><\/p>\n<p>\u00a0<\/p>\n<p><del>VIII \u2013 n\u00e3o exceder, injustificadamente, os prazos para submeter os acordos \u00e0 homologa\u00e7\u00e3o do Juiz Togado.<\/del><\/p>\n<p>\u00a0<\/p>\n<p>\u00a0<\/p>\n<p style=\"text-align: center;\"><del><strong>CAP\u00cdTULO V<\/strong><\/del><\/p>\n<p style=\"text-align: center;\"><del><strong>DO PAGAMENTO<\/strong><\/del><\/p>\n<p style=\"text-align: center;\"><del><strong>Se\u00e7\u00e3o I<\/strong><\/del><\/p>\n<p style=\"text-align: center;\"><del><strong>Da Remunera\u00e7\u00e3o<\/strong><\/del><\/p>\n<p>\u00a0<\/p>\n<p><del><strong>Art. 33<\/strong>\u00a0A remunera\u00e7\u00e3o mensal dos estagi\u00e1rios ser\u00e1 composta por bolsa de complementa\u00e7\u00e3o educacional, acrescida dos benef\u00edcios indicados:<\/del><\/p>\n<p>\u00a0<\/p>\n<p><del>I &#8211; Estagi\u00e1rios de Gradua\u00e7\u00e3o:<\/del><\/p>\n<p>\u00a0<\/p>\n<p><del>a) Bolsa de complementa\u00e7\u00e3o educacional: R$ 1.100,00 (mil e cem reais);<\/del><\/p>\n<p>\u00a0<\/p>\n<p><del>b) Aux\u00edlio-transporte: R$ 200,00 (duzentos reais).<\/del><\/p>\n<p>\u00a0<\/p>\n<p><del>II &#8211; Estagi\u00e1rios de P\u00f3s-Gradua\u00e7\u00e3o:<\/del><\/p>\n<p>\u00a0<\/p>\n<p><del>a) Bolsa de complementa\u00e7\u00e3o educacional: R$ 1.900,00 (mil e novecentos reais);<\/del><\/p>\n<p>\u00a0<\/p>\n<p><del>b) Aux\u00edlio-transporte: R$ 200,00 (duzentos reais).<\/del><\/p>\n<p>\u00a0<\/p>\n<p><del>III &#8211; Estagi\u00e1rios Conciliadores:<\/del><\/p>\n<p>\u00a0<\/p>\n<p><del>a) Bolsa de complementa\u00e7\u00e3o educacional: R$ 1.100,00 (mil e cem reais);<\/del><\/p>\n<p>\u00a0<\/p>\n<p><del>b) Aux\u00edlio-transporte: R$ 200,00 (duzentos reais);<\/del><\/p>\n<p>\u00a0<\/p>\n<p><del>c) Aux\u00edlio-alimenta\u00e7\u00e3o: R$ 200,00 (duzentos reais).<\/del><\/p>\n<p>\u00a0<\/p>\n<p>\u00a0<\/p>\n<p style=\"text-align: center;\"><del><strong>Se\u00e7\u00e3o II<\/strong><\/del><\/p>\n<p style=\"text-align: center;\"><del><strong>Da Frequ\u00eancia e das Aus\u00eancias<\/strong><\/del><\/p>\n<p>\u00a0<\/p>\n<p><del><strong>\u00a0 \u00a0Art. 34\u00a0<\/strong>O pagamento da bolsa de complementa\u00e7\u00e3o educacional ser\u00e1 proporcional \u00e0 carga hor\u00e1ria e \u00e0 frequ\u00eancia mensal cumprida, considerando-se, para todos os efeitos, o m\u00eas comercial de 30 (trinta) dias.<\/del><\/p>\n<p>\u00a0<\/p>\n<p><del>\u00a7 1\u00ba O pagamento da bolsa de complementa\u00e7\u00e3o educacional poder\u00e1 ser efetuado at\u00e9 o 15\u00ba (d\u00e9cimo quinto) dia do m\u00eas subsequente \u00e0quele de efetiva atividade prestada.<\/del><\/p>\n<p>\u00a0<\/p>\n<p><del>\u00a7 2\u00ba As faltas injustificadas n\u00e3o s\u00e3o pass\u00edveis de compensa\u00e7\u00e3o e s\u00e3o descontadas do valor da bolsa de complementa\u00e7\u00e3o educacional.<\/del><\/p>\n<p>\u00a0<\/p>\n<p><del>\u00a7 3\u00ba As faltas justificadas n\u00e3o geram descontos do valor da bolsa de complementa\u00e7\u00e3o educacional e nem compensa\u00e7\u00e3o da jornada de est\u00e1gio.<\/del><\/p>\n<p>\u00a0<\/p>\n<p><del>\u00a7 4\u00ba Consideram-se faltas justificadas, exclusivamente:<\/del><\/p>\n<p>\u00a0<\/p>\n<p><del>I \u2013 afastamento por at\u00e9 15 (quinze) dias, consecutivos ou n\u00e3o, totalizados a cada ano, para tratamento da pr\u00f3pria sa\u00fade, mediante apresenta\u00e7\u00e3o de atestado m\u00e9dico;<\/del><\/p>\n<p>\u00a0<\/p>\n<p><del>II \u2013 arrolamento ou convoca\u00e7\u00e3o para depor na Justi\u00e7a ou para participar como jurado no Tribunal do J\u00fari, mediante comprova\u00e7\u00e3o a ser expedida pelo respectivo Tribunal de Justi\u00e7a;<\/del><\/p>\n<p>\u00a0<\/p>\n<p><del>III \u2013 aus\u00eancia por 3 (tr\u00eas) dias consecutivos, em raz\u00e3o de casamento ou falecimento de c\u00f4njuge, companheiro, pais, padrasto ou madrasta, filhos, enteados, menor sob guarda ou irm\u00e3os, mediante comprova\u00e7\u00e3o;<\/del><\/p>\n<p>\u00a0<\/p>\n<p><del>IV \u2013 aus\u00eancia no dia em que o estagi\u00e1rio se apresentar para doa\u00e7\u00e3o de sangue comprovada por documento oficial;<\/del><\/p>\n<p>\u00a0<\/p>\n<p><del>V \u2013 aus\u00eancia no dia em que o estagi\u00e1rio se apresentar para alistamento militar comprovado por documento oficial;<\/del><\/p>\n<p>\u00a0<\/p>\n<p><del>VI \u2013 aus\u00eancia por presta\u00e7\u00e3o de servi\u00e7o eleitoral, comprovado por documento oficial.<\/del><\/p>\n<p>\u00a0<\/p>\n<p><del>\u00a7 5\u00ba O exerc\u00edcio remoto das atividades previstas nos contratos de est\u00e1gio de P\u00f3s-Gradua\u00e7\u00e3o ser\u00e1 admitido, desde que a modalidade seja compat\u00edvel com a natureza das atribui\u00e7\u00f5es desempenhadas, traga efetiva vantagem para o Poder Judici\u00e1rio e esteja devidamente autorizada. Nessa hip\u00f3tese, caber\u00e1 ao Supervisor realizar o monitoramento cont\u00ednuo do est\u00e1gio, mantendo controle da produtividade das atividades prestadas.<\/del><\/p>\n<p>\u00a0<\/p>\n<p>\u00a0<\/p>\n<p><del><strong>Art. 35<\/strong>\u00a0\u00c9 facultada a concess\u00e3o de aux\u00edlio-alimenta\u00e7\u00e3o ao estagi\u00e1rio, a ser regulamentado por ato do Secret\u00e1rio Geral do Tribunal de Justi\u00e7a.<\/del><\/p>\n<p>\u00a0<\/p>\n<p>\u00a0<\/p>\n<p><del><strong>Art. 36<\/strong>\u00a0O aux\u00edlio-transporte e o aux\u00edlio alimenta\u00e7\u00e3o, quando for o caso, ser\u00e3o pagos at\u00e9 o 15\u00ba dia do m\u00eas subsequente ao da realiza\u00e7\u00e3o do est\u00e1gio.<\/del><\/p>\n<p>\u00a0<\/p>\n<p><del>\u00a7 1\u00ba O valor di\u00e1rio do aux\u00edlio-transporte ser\u00e1 fixado por ato do Presidente do Tribunal de Justi\u00e7a, considerando o pre\u00e7o m\u00e9dio das passagens de transporte urbano da regi\u00e3o, podendo ser revisto anualmente.<\/del><\/p>\n<p>\u00a0<\/p>\n<p><del>\u00a7 2\u00ba O aux\u00edlio-transporte n\u00e3o ser\u00e1 devido durante o per\u00edodo de recesso remunerado, bem como nos demais afastamentos registrados como faltas.<\/del><\/p>\n<p>\u00a0<\/p>\n<p>\u00a0<\/p>\n<p style=\"text-align: center;\"><del><strong>Se\u00e7\u00e3o III<\/strong><\/del><\/p>\n<p style=\"text-align: center;\"><del><strong>Do Recesso Remunerado<\/strong><\/del><\/p>\n<p>\u00a0<\/p>\n<p><del><strong>Art. 37<\/strong>\u00a0O estagi\u00e1rio tem direito ao recesso remunerado de 30 (trinta) dias, a cada ano de contrato, sem preju\u00edzo do pagamento da bolsa de complementa\u00e7\u00e3o educacional.<\/del><\/p>\n<p>\u00a0<\/p>\n<p><del>\u00a7 1\u00ba O recesso remunerado ser\u00e1 usufru\u00eddo, preferencialmente, no per\u00edodo coincidente com o per\u00edodo de f\u00e9rias escolares, devendo ser previamente acordado entre o estagi\u00e1rio e o supervisor, bem como registrado na frequ\u00eancia mensal do estagi\u00e1rio.<\/del><\/p>\n<p>\u00a0<\/p>\n<p><del>\u00a7 2\u00ba Os dias de recesso remunerado podem ser concedidos de maneira fracionada, em dois per\u00edodos de 15 (quinze) dias, mediante acordo com o supervisor e comunica\u00e7\u00e3o pr\u00e9via.<\/del><\/p>\n<p>\u00a0<\/p>\n<p><del>\u00a7 3\u00ba Em nenhuma hip\u00f3tese, o est\u00e1gio poder\u00e1 ser realizado em per\u00edodo superior a 11 (onze) meses sem o correspondente gozo dos 30 (trinta) dias de descanso remunerado.<\/del><\/p>\n<p>\u00a0<\/p>\n<p><del>\u00a7 4\u00ba O gozo do recesso remunerado deve ocorrer dentro do prazo de vig\u00eancia do contrato de est\u00e1gio.<\/del><\/p>\n<p>\u00a0<\/p>\n<p>\u00a0<\/p>\n<p><del><strong>Art. 38<\/strong>\u00a0Haver\u00e1 pagamento proporcional referente ao recesso remunerado n\u00e3o usufru\u00eddo quando houver desligamento do est\u00e1gio antes do t\u00e9rmino do per\u00edodo previsto no termo de compromisso de est\u00e1gio.<\/del><\/p>\n<p>\u00a0<\/p>\n<p><del>\u00a7 1\u00ba O pagamento a que se refere o caput ser\u00e1 realizado em pec\u00fania e somente ocorrer\u00e1 em caso de desligamento antecipado, n\u00e3o abrangendo as hip\u00f3teses de t\u00e9rmino do contrato sem o respectivo gozo do recesso remunerado.<\/del><\/p>\n<p>\u00a0<\/p>\n<p><del>\u00a7 2\u00ba Na hip\u00f3tese de ocorr\u00eancia da previs\u00e3o contida no par\u00e1grafo anterior a Se\u00e7\u00e3o de Sele\u00e7\u00e3o e Acompanhamento de Est\u00e1gio ficar\u00e1 impedida de realizar nova contrata\u00e7\u00e3o em substitui\u00e7\u00e3o pelo per\u00edodo correspondente ao n\u00famero de dias de recesso que deixaram de ser fru\u00eddos pelo ex-estagi\u00e1rio.<\/del><\/p>\n<p>\u00a0<\/p>\n<p>\u00a0<\/p>\n<p style=\"text-align: center;\"><del><strong>CAP\u00cdTULO VI<\/strong><\/del><\/p>\n<p style=\"text-align: center;\"><del><strong>DO DESLIGAMENTO<\/strong><\/del><\/p>\n<p>\u00a0<\/p>\n<p><del><strong>Art. 39\u00a0<\/strong>O desligamento do estagi\u00e1rio ocorre:<\/del><\/p>\n<p>\u00a0<\/p>\n<p><del>I \u2013 automaticamente, ao t\u00e9rmino do prazo de dura\u00e7\u00e3o do est\u00e1gio;<\/del><\/p>\n<p>\u00a0<\/p>\n<p><del>II \u2013 a pedido do estagi\u00e1rio;<\/del><\/p>\n<p>\u00a0<\/p>\n<p><del>III \u2013 por interrup\u00e7\u00e3o, ou conclus\u00e3o, do curso na institui\u00e7\u00e3o de ensino;<\/del><\/p>\n<p>\u00a0<\/p>\n<p><del>IV \u2013 por \u00f3bito;<\/del><\/p>\n<p>\u00a0<\/p>\n<p><del>V \u2013 de of\u00edcio, no interesse do \u00d3rg\u00e3o, ou por comprova\u00e7\u00e3o de falta de aproveitamento satisfat\u00f3rio, no est\u00e1gio ou na institui\u00e7\u00e3o de ensino;<\/del><\/p>\n<p>\u00a0<\/p>\n<p><del>VI \u2013 por descumprimento de obriga\u00e7\u00e3o assumida no termo de compromisso de est\u00e1gio;<\/del><\/p>\n<p>\u00a0<\/p>\n<p><del>VII \u2013 por falta ao est\u00e1gio sem motivo justificado, por 03 (tr\u00eas) dias consecutivos ou 05 (cinco) intercalados, no per\u00edodo de um ano;<\/del><\/p>\n<p>\u00a0<\/p>\n<p><del>VIII \u2013 nas hip\u00f3teses descritas no artigo 24, desta Resolu\u00e7\u00e3o, que se referem, dentre outras, ao nepotismo;<\/del><\/p>\n<p>\u00a0<\/p>\n<p><del>IX \u2013 nas hip\u00f3teses de n\u00e3o cumprimento dos deveres previstos no artigo 26, desta Resolu\u00e7\u00e3o, bem como por incid\u00eancia \u00e0s veda\u00e7\u00f5es previstas no artigo 27, desta Resolu\u00e7\u00e3o;<\/del><\/p>\n<p>\u00a0<\/p>\n<p><del>X \u2013 pela altera\u00e7\u00e3o de especialidade do curso previsto no contrato de est\u00e1gio.<\/del><\/p>\n<p>\u00a0<\/p>\n<p><del>Par\u00e1grafo \u00fanico. O estagi\u00e1rio se manifestar\u00e1 previamente, nas hip\u00f3teses dos incisos V a X, no prazo de 05 (cinco) dias, a contar da notifica\u00e7\u00e3o realizada pela Se\u00e7\u00e3o de Sele\u00e7\u00e3o e Acompanhamento de Est\u00e1gio.<\/del><\/p>\n<p>\u00a0<\/p>\n<p>\u00a0<\/p>\n<p style=\"text-align: center;\"><del><strong>CAP\u00cdTULO VII<\/strong><\/del><\/p>\n<p style=\"text-align: center;\"><del><strong>DAS OBRIGA\u00c7\u00d5ES DA SE\u00c7\u00c3O DE SELE\u00c7\u00c3O E ACOMPANHAMENTO DE EST\u00c1GIO<\/strong><\/del><\/p>\n<p>\u00a0<\/p>\n<p><del><strong>Art. 40\u00a0<\/strong>\u00c0 Se\u00e7\u00e3o de Sele\u00e7\u00e3o e Acompanhamento de Est\u00e1gio cabe:<\/del><\/p>\n<p>\u00a0<\/p>\n<p><del>I \u2013 acompanhar a realiza\u00e7\u00e3o do est\u00e1gio estudantil em parceria com a chefia imediata onde o estudante estiver desenvolvendo as atividades e com o supervisor de est\u00e1gio;<\/del><\/p>\n<p>\u00a0<\/p>\n<p><del>II \u2013 acompanhar a frequ\u00eancia dos estagi\u00e1rios;<\/del><\/p>\n<p>\u00a0<\/p>\n<p><del>III \u2013 solicitar \u00e0 Coordenadoria de Pagamento de Pessoal a inclus\u00e3o do pagamento da bolsa de complementa\u00e7\u00e3o educacional, aux\u00edlio-transporte e aux\u00edlio-alimenta\u00e7\u00e3o;<\/del><\/p>\n<p>\u00a0<\/p>\n<p><del>IV \u2013 dar conhecimento das normas desta Resolu\u00e7\u00e3o e das demais disposi\u00e7\u00f5es pertinentes ao supervisor de est\u00e1gio e ao estagi\u00e1rio;<\/del><\/p>\n<p>\u00a0<\/p>\n<p><del>V \u2013 informar \u00e0 Administra\u00e7\u00e3o, com anteced\u00eancia, a necessidade de realiza\u00e7\u00e3o de processo seletivo para preenchimento das oportunidades de est\u00e1gio;<\/del><\/p>\n<p>\u00a0<\/p>\n<p><del>VI \u2013 administrar a contrata\u00e7\u00e3o de seguros contra acidentes pessoais em favor do estagi\u00e1rio, de acordo com o estabelecido no termo de compromisso de est\u00e1gio, cuja ap\u00f3lice dever\u00e1 ser compat\u00edvel com os valores de mercado;<\/del><\/p>\n<p>\u00a0<\/p>\n<p><del>VII \u2013 verificar o credenciamento das institui\u00e7\u00f5es de ensino e o reconhecimento do curso no s\u00edtio eletr\u00f4nico do Minist\u00e9rio da Educa\u00e7\u00e3o, registrando-se a dilig\u00eancia em processo administrativo;<\/del><\/p>\n<p>\u00a0<\/p>\n<p><del>VIII \u2013 elaborar o termo de compromisso de est\u00e1gio, a ser assinado pela Institui\u00e7\u00e3o de ensino, pelo estagi\u00e1rio, por seu representante ou assistente legal, e pelo \u00f3rg\u00e3o concedente do est\u00e1gio;<\/del><\/p>\n<p>\u00a0<\/p>\n<p><del>IX \u2013 realizar outras atividades inerentes ao programa de est\u00e1gio.<\/del><\/p>\n<p>\u00a0<\/p>\n<p>\u00a0<\/p>\n<p style=\"text-align: center;\"><del><strong>CAP\u00cdTULO VIII<\/strong><\/del><\/p>\n<p style=\"text-align: center;\"><del><strong>DAS DISPOSI\u00c7\u00d5ES FINAIS E TRANSIT\u00d3RIAS<\/strong><\/del><\/p>\n<p>\u00a0<\/p>\n<p><del><strong>Art. 41\u00a0<\/strong>N\u00e3o haver\u00e1 rescis\u00e3o unilateral dos contratos de est\u00e1gio, caso ocorra uma redu\u00e7\u00e3o no quantitativo destinado \u00e0s unidades, por for\u00e7a da publica\u00e7\u00e3o desta Resolu\u00e7\u00e3o e do pertinente Ato do Presidente do Tribunal de Justi\u00e7a.<\/del><\/p>\n<p>\u00a0<\/p>\n<p><del>Par\u00e1grafo \u00fanico. Conclu\u00eddos os contratos de est\u00e1gio e em caso de redu\u00e7\u00e3o de vagas \u00e0 unidade destinat\u00e1ria, haver\u00e1 adequa\u00e7\u00e3o aos quantitativos do novo Quadro Geral de Vagas de Est\u00e1gio (QGV).<\/del><\/p>\n<p>\u00a0<\/p>\n<p>\u00a0<\/p>\n<p><del><strong>Art. 42<\/strong>\u00a0Os procedimentos de solicita\u00e7\u00e3o de preenchimento de vagas de est\u00e1gio em tramita\u00e7\u00e3o no Poder Judici\u00e1rio, que n\u00e3o atendam aos termos desta Resolu\u00e7\u00e3o, ser\u00e3o devolvidos \u00e0s unidades de origem para a necess\u00e1ria adequa\u00e7\u00e3o.<\/del><\/p>\n<p>\u00a0<\/p>\n<p>\u00a0<\/p>\n<p><del><strong>Art. 43<\/strong>\u00a0Os casos omissos ser\u00e3o resolvidos pelo Presidente do Tribunal de Justi\u00e7a do Estado do Esp\u00edrito Santo.<\/del><\/p>\n<p>\u00a0<\/p>\n<p>\u00a0<\/p>\n<p><del><strong>Art. 44<\/strong>\u00a0Revoga-se a<a href=\"https:\/\/www.tjes.jus.br\/corregedoria\/2016\/06\/27\/resolucao-no-0072016-disp-10052016\/\"> Resolu\u00e7\u00e3o TJES n\u00ba 007\/2016<\/a>, suas altera\u00e7\u00f5es posteriores e demais disposi\u00e7\u00f5es em contr\u00e1rio.<\/del><\/p>\n<p>\u00a0<\/p>\n<p>\u00a0<\/p>\n<p><del><strong>Art. 45<\/strong>\u00a0Esta resolu\u00e7\u00e3o entra em vigor na data de sua publica\u00e7\u00e3o.<\/del><\/p>\n<p>\u00a0<\/p>\n<p><del>Vit\u00f3ria, 18 de julho de 2025.<\/del><\/p>\n<p>\u00a0<\/p>\n<p>\u00a0<\/p>\n<p style=\"text-align: center;\"><del><strong>Des. SAMUEL MEIRA BRASIL JR<\/strong><\/del><\/p>\n<p style=\"text-align: center;\"><del><strong>Presidente<\/strong><\/del><\/p>\n<p><br \/><del>\u00a0<\/del><\/p>\n<p>\u00a0<\/p>\n<p>\u00a0<\/p>\n<p style=\"text-align: center;\"><del><strong>ANEXO<\/strong><\/del><\/p>\n<p>\u00a0<\/p>\n<p style=\"text-align: center;\"><del><strong>QUADRO GERAL DE VAGAS DOS ESTAGI\u00c1RIOS (QGV)<\/strong><\/del><\/p>\n<p>\u00a0<\/p>\n<p><br \/><del>\u00a0<\/del><\/p>\n<table>\n<tbody>\n<tr>\n<td colspan=\"6\">\n<p><del><strong>TABELA 1 &#8211; VALORES ABSOLUTOS<\/strong><\/del><\/p>\n<\/td>\n<\/tr>\n<tr>\n<td rowspan=\"3\">\n<p><del><strong>MODALIDADES DE EST\u00c1GIO<\/strong><\/del><\/p>\n<\/td>\n<td rowspan=\"3\">\n<p><del><strong>TOTAL DE VAGAS DE ESTAGI\u00c1RIOS<\/strong><\/del><\/p>\n<\/td>\n<td colspan=\"4\">\n<p><del><strong>DISTRIBUI\u00c7\u00c3O DAS VAGAS<\/strong><\/del><\/p>\n<\/td>\n<\/tr>\n<tr>\n<td colspan=\"2\">\n<p><del><strong>2\u00ba Grau<\/strong><\/del><\/p>\n<\/td>\n<td colspan=\"2\">\n<p><del><strong>1\u00ba Grau<\/strong><\/del><\/p>\n<\/td>\n<\/tr>\n<tr>\n<td>\n<p><del>Unidades Administrativas<\/del><\/p>\n<\/td>\n<td>\n<p><del>Unidades Judici\u00e1rias<\/del><\/p>\n<\/td>\n<td>\n<p><del>Unidades Organ. de Apoio<\/del><\/p>\n<\/td>\n<td>\n<p><del>Unidades<\/del><\/p>\n<p><del>Judici\u00e1rias<\/del><\/p>\n<\/td>\n<\/tr>\n<tr>\n<td>\n<p><del><strong>Gradua\u00e7\u00e3o<\/strong><\/del><\/p>\n<\/td>\n<td>\n<p><del>1676<\/del><\/p>\n<\/td>\n<td>\n<p><del>239<\/del><\/p>\n<\/td>\n<td>\n<p><del>176<\/del><\/p>\n<\/td>\n<td>\n<p><del>231<\/del><\/p>\n<\/td>\n<td>\n<p><del>1030<\/del><\/p>\n<\/td>\n<\/tr>\n<tr>\n<td>\n<p><del><strong>P\u00f3s-Gradua\u00e7\u00e3o<\/strong><\/del><\/p>\n<\/td>\n<td>\n<p><del>0<\/del><\/p>\n<\/td>\n<td>\n<p><del>0<\/del><\/p>\n<\/td>\n<td>\n<p><del>0<\/del><\/p>\n<\/td>\n<td>\n<p><del>0<\/del><\/p>\n<\/td>\n<td>\n<p><del>0<\/del><\/p>\n<\/td>\n<\/tr>\n<tr>\n<td>\n<p><del><strong>Concilia\u00e7\u00e3o<\/strong><\/del><\/p>\n<\/td>\n<td>\n<p><del>94<\/del><\/p>\n<\/td>\n<td>\n<p><del>2<\/del><\/p>\n<\/td>\n<td>\n<p><del>0<\/del><\/p>\n<\/td>\n<td>\n<p><del>0<\/del><\/p>\n<\/td>\n<td>\n<p><del>92<\/del><\/p>\n<\/td>\n<\/tr>\n<tr>\n<td>\n<p><del><strong>TOTAL<\/strong><\/del><\/p>\n<\/td>\n<td>\n<p><del><strong>1770<\/strong><\/del><\/p>\n<\/td>\n<td colspan=\"4\">\u00a0<\/td>\n<\/tr>\n<\/tbody>\n<\/table>\n<p>\u00a0<\/p>\n<p><br \/><br \/><br \/><del>\u00a0<\/del><\/p>\n<table>\n<tbody>\n<tr>\n<td colspan=\"5\">\n<p><del><strong>TABELA 2 &#8211; DISTRIBUI\u00c7\u00c3O DAS VAGAS EM PERCENTUAIS<\/strong><\/del><\/p>\n<\/td>\n<\/tr>\n<tr>\n<td rowspan=\"2\">\n<p><del><strong>MODALIDADES DE EST\u00c1GIO<\/strong><\/del><\/p>\n<\/td>\n<td colspan=\"2\">\n<p><del><strong>Unidades Administrativas<\/strong><\/del><\/p>\n<\/td>\n<td colspan=\"2\">\n<p><del><strong>Unidades Judici\u00e1rias<\/strong><\/del><\/p>\n<\/td>\n<\/tr>\n<tr>\n<td>\n<p><del>1\u00aa Grau<\/del><\/p>\n<\/td>\n<td>\n<p><del>2\u00ba Grau<\/del><\/p>\n<\/td>\n<td>\n<p><del>1\u00ba Grau<\/del><\/p>\n<\/td>\n<td>\n<p><del>2\u00ba Grau<\/del><\/p>\n<\/td>\n<\/tr>\n<tr>\n<td>\n<p><del><strong>Gradua\u00e7\u00e3o<\/strong><\/del><\/p>\n<\/td>\n<td>\n<p><del>13,78%<\/del><\/p>\n<\/td>\n<td>\n<p><del>14,26%<\/del><\/p>\n<\/td>\n<td>\n<p><del>61,46%<\/del><\/p>\n<\/td>\n<td>\n<p><del>10,50%<\/del><\/p>\n<\/td>\n<\/tr>\n<tr>\n<td>\n<p><del><strong>P\u00f3s-Gradua\u00e7\u00e3o<\/strong><\/del><\/p>\n<\/td>\n<td>\n<p><del>0%<\/del><\/p>\n<\/td>\n<td>\n<p><del>0%<\/del><\/p>\n<\/td>\n<td>\n<p><del>0%<\/del><\/p>\n<\/td>\n<td>\n<p><del>0%<\/del><\/p>\n<\/td>\n<\/tr>\n<tr>\n<td>\n<p><del><strong>Concilia\u00e7\u00e3o<\/strong><\/del><\/p>\n<\/td>\n<td>\n<p><del>0%<\/del><\/p>\n<\/td>\n<td>\n<p><del>2%<\/del><\/p>\n<\/td>\n<td>\n<p><del>98%<\/del><\/p>\n<\/td>\n<td>\n<p><del>0%<\/del><\/p>\n<\/td>\n<\/tr>\n<\/tbody>\n<\/table>\n<p>\u00a0<\/p>\n<p>\u00a0<\/p>\n<p style=\"text-align: center;\"><del><strong>ANEXO<\/strong><\/del><\/p>\n<p>\u00a0<\/p>\n<p style=\"text-align: center;\"><del><strong>DISTRIBUI\u00c7\u00c3O\/LOTA\u00c7\u00c3O DAS VAGAS DOS ESTAGI\u00c1RIOS, conforme QGV<\/strong><\/del><\/p>\n<p>\u00a0<\/p>\n<table>\n<tbody>\n<tr>\n<td colspan=\"2\">\n<p><del><strong>TABELA 1 &#8211; UNIDADES JUDICI\u00c1RIAS DO 2\u00ba GRAU<\/strong><\/del><\/p>\n<\/td>\n<\/tr>\n<tr>\n<td>\n<p><del><strong>SETOR<\/strong><\/del><\/p>\n<\/td>\n<td>\n<p><del><strong>ESTAGI\u00c1RIO DE GRADUA\u00c7\u00c3O<\/strong><\/del><\/p>\n<\/td>\n<\/tr>\n<tr>\n<td>\n<p><del>TRIBUNAL PLENO<\/del><\/p>\n<\/td>\n<td>\n<p><del>4<\/del><\/p>\n<\/td>\n<\/tr>\n<tr>\n<td>\n<p><del>CONSELHO SUPERIOR DA MAGISTRATURA<\/del><\/p>\n<\/td>\n<td>\n<p><del>2<\/del><\/p>\n<\/td>\n<\/tr>\n<tr>\n<td>\n<p><del>CAMARAS CIVEIS REUNIDAS<\/del><\/p>\n<\/td>\n<td>\n<p><del>4<\/del><\/p>\n<\/td>\n<\/tr>\n<tr>\n<td>\n<p><del>PRIMEIRA CAMARA CIVEL<\/del><\/p>\n<\/td>\n<td>\n<p><del>7<\/del><\/p>\n<\/td>\n<\/tr>\n<tr>\n<td>\n<p><del>SEGUNDA CAMARA CIVEL<\/del><\/p>\n<\/td>\n<td>\n<p><del>7<\/del><\/p>\n<\/td>\n<\/tr>\n<tr>\n<td>\n<p><del>QUARTA CAMARA CIVEL<\/del><\/p>\n<\/td>\n<td>\n<p><del>7<\/del><\/p>\n<\/td>\n<\/tr>\n<tr>\n<td>\n<p><del>TERCEIRA CAMARA CIVEL<\/del><\/p>\n<\/td>\n<td>\n<p><del>7<\/del><\/p>\n<\/td>\n<\/tr>\n<tr>\n<td>\n<p><del>CAMARAS CRIMINAIS REUNIDAS<\/del><\/p>\n<\/td>\n<td>\n<p><del>4<\/del><\/p>\n<\/td>\n<\/tr>\n<tr>\n<td>\n<p><del>PRIMEIRA CAMARA CRIMINAL<\/del><\/p>\n<\/td>\n<td>\n<p><del>7<\/del><\/p>\n<\/td>\n<\/tr>\n<tr>\n<td>\n<p><del>SEGUNDA CAMARA CRIMINAL<\/del><\/p>\n<\/td>\n<td>\n<p><del>7<\/del><\/p>\n<\/td>\n<\/tr>\n<tr>\n<td>\n<p><del>GAB. DESEMB &#8211; PEDRO VALLS FEU ROSA<\/del><\/p>\n<\/td>\n<td>\n<p><del>4<\/del><\/p>\n<\/td>\n<\/tr>\n<tr>\n<td>\n<p><del>GAB. DESEMB &#8211; FABIO CLEM DE OLIVEIRA<\/del><\/p>\n<\/td>\n<td>\n<p><del>4<\/del><\/p>\n<\/td>\n<\/tr>\n<tr>\n<td>\n<p><del>GAB. DESEMB &#8211; SAMUEL MEIRA BRASIL JUNIOR<\/del><\/p>\n<\/td>\n<td>\n<p><del>4<\/del><\/p>\n<\/td>\n<\/tr>\n<tr>\n<td>\n<p><del>GAB. DESEMB &#8211; JOSE PAULO CALMON NOGUEIRA DA GAMA<\/del><\/p>\n<\/td>\n<td>\n<p><del>4<\/del><\/p>\n<\/td>\n<\/tr>\n<tr>\n<td>\n<p><del>GAB. DESEMB &#8211; CARLOS SIMOES FONSECA<\/del><\/p>\n<\/td>\n<td>\n<p><del>4<\/del><\/p>\n<\/td>\n<\/tr>\n<tr>\n<td>\n<p><del>GAB. DESEMB &#8211; NAMYR CARLOS DE SOUZA FILHO<\/del><\/p>\n<\/td>\n<td>\n<p><del>4<\/del><\/p>\n<\/td>\n<\/tr>\n<tr>\n<td>\n<p><del>GAB. DESEMB &#8211; DAIR JOSE BREGUNCE DE OLIVEIRA<\/del><\/p>\n<\/td>\n<td>\n<p><del>4<\/del><\/p>\n<\/td>\n<\/tr>\n<tr>\n<td>\n<p><del>GAB. DESEMB &#8211; WILLIAN SILVA<\/del><\/p>\n<\/td>\n<td>\n<p><del>4<\/del><\/p>\n<\/td>\n<\/tr>\n<tr>\n<td>\n<p><del>GAB. DESEMB &#8211; ELIANA JUNQUEIRA MUNHOS FERREIRA<\/del><\/p>\n<\/td>\n<td>\n<p><del>4<\/del><\/p>\n<\/td>\n<\/tr>\n<tr>\n<td>\n<p><del>GAB. DESEMB &#8211; JANETE VARGAS SIMOES<\/del><\/p>\n<\/td>\n<td>\n<p><del>4<\/del><\/p>\n<\/td>\n<\/tr>\n<tr>\n<td>\n<p><del>GAB. DESEMB &#8211; ROBSON LUIZ ALBANEZ<\/del><\/p>\n<\/td>\n<td>\n<p><del>4<\/del><\/p>\n<\/td>\n<\/tr>\n<tr>\n<td>\n<p><del>GAB. DESEMB &#8211; WALACE PANDOLPHO KIFFER<\/del><\/p>\n<\/td>\n<td>\n<p><del>4<\/del><\/p>\n<\/td>\n<\/tr>\n<tr>\n<td>\n<p><del>GAB. DESEMB &#8211; FERNANDO ESTEVAM BRAVIN RUY<\/del><\/p>\n<\/td>\n<td>\n<p><del>4<\/del><\/p>\n<\/td>\n<\/tr>\n<tr>\n<td>\n<p><del>GAB. DESEMB &#8211; EWERTON SCHWAB PINTO JUNIOR<\/del><\/p>\n<\/td>\n<td>\n<p><del>4<\/del><\/p>\n<\/td>\n<\/tr>\n<tr>\n<td>\n<p><del>GAB. DESEMB &#8211; FERNANDO ZARDINI ANTONIO<\/del><\/p>\n<\/td>\n<td>\n<p><del>4<\/del><\/p>\n<\/td>\n<\/tr>\n<tr>\n<td>\n<p><del>GAB. DESEMB &#8211; ARTHUR JOS\u00c9 NEIVA DE ALMEIDA<\/del><\/p>\n<\/td>\n<td>\n<p><del>4<\/del><\/p>\n<\/td>\n<\/tr>\n<tr>\n<td>\n<p><del>GAB. DESEMB &#8211; JORGE HENRIQUE VALLE DOS SANTOS<\/del><\/p>\n<\/td>\n<td>\n<p><del>4<\/del><\/p>\n<\/td>\n<\/tr>\n<tr>\n<td>\n<p><del>GAB. DESEMB &#8211; JULIO CESAR COSTA DE OLIVEIRA<\/del><\/p>\n<\/td>\n<td>\n<p><del>4<\/del><\/p>\n<\/td>\n<\/tr>\n<tr>\n<td>\n<p><del>GAB. DESEMB &#8211; RACHEL DURAO CORREIA LIMA<\/del><\/p>\n<\/td>\n<td>\n<p><del>4<\/del><\/p>\n<\/td>\n<\/tr>\n<tr>\n<td>\n<p><del>GAB. DESEMB &#8211; HELIMAR PINTO<\/del><\/p>\n<\/td>\n<td>\n<p><del>4<\/del><\/p>\n<\/td>\n<\/tr>\n<tr>\n<td>\n<p><del>GAB. DESEMB &#8211; EDER PONTES DA SILVA<\/del><\/p>\n<\/td>\n<td>\n<p><del>4<\/del><\/p>\n<\/td>\n<\/tr>\n<tr>\n<td>\n<p><del>GAB. DESEMB &#8211; RAPHAEL AMERICANO CAMARA<\/del><\/p>\n<\/td>\n<td>\n<p><del>4<\/del><\/p>\n<\/td>\n<\/tr>\n<tr>\n<td>\n<p><del>GAB. DESEMB &#8211; MARIANNE JUDICE DE MATTOS<\/del><\/p>\n<\/td>\n<td>\n<p><del>4<\/del><\/p>\n<\/td>\n<\/tr>\n<tr>\n<td>\n<p><del>GAB. DESEMB &#8211; SERGIO RICARDO DE SOUZA<\/del><\/p>\n<\/td>\n<td>\n<p><del>4<\/del><\/p>\n<\/td>\n<\/tr>\n<tr>\n<td>\n<p><del>GAB. DESEMB &#8211; UBIRATAN ALMEIDA AZEVEDO<\/del><\/p>\n<\/td>\n<td>\n<p><del>4<\/del><\/p>\n<\/td>\n<\/tr>\n<tr>\n<td>\n<p><del>GAB. DESEMB &#8211; DEBORA MARIA AMBOS CORREA DA SILVA<\/del><\/p>\n<\/td>\n<td>\n<p><del>4<\/del><\/p>\n<\/td>\n<\/tr>\n<tr>\n<td>\n<p><del>GAB. DESEMB &#8211; FABIO BRASIL NERY<\/del><\/p>\n<\/td>\n<td>\n<p><del>4<\/del><\/p>\n<\/td>\n<\/tr>\n<tr>\n<td>\n<p><del>GAB. DESEMB &#8211; HELOISA CARIELLO<\/del><\/p>\n<\/td>\n<td>\n<p><del>4<\/del><\/p>\n<\/td>\n<\/tr>\n<tr>\n<td>\n<p><del>GAB. DESEMB &#8211; MARCOS VALLS FEU ROSA<\/del><\/p>\n<\/td>\n<td>\n<p><del>4<\/del><\/p>\n<\/td>\n<\/tr>\n<tr>\n<td>\n<p><del>GAB. DESEMB &#8211; ALEXANDRE PUPPIM<\/del><\/p>\n<\/td>\n<td>\n<p><del>4<\/del><\/p>\n<\/td>\n<\/tr>\n<tr>\n<td>\n<p><del><strong>TOTAL<\/strong><\/del><\/p>\n<\/td>\n<td>\n<p><del><strong>176<\/strong><\/del><\/p>\n<\/td>\n<\/tr>\n<\/tbody>\n<\/table>\n<p>\u00a0<\/p>\n<p><br \/><br \/><del>\u00a0<\/del><\/p>\n<table>\n<tbody>\n<tr>\n<td colspan=\"2\">\n<p><del><strong>TABELA 2 &#8211; UNIDADES ADMINISTRATIVAS DO 2\u00ba GRAU<\/strong><\/del><\/p>\n<\/td>\n<\/tr>\n<tr>\n<td>\n<p><del><strong>SETOR<\/strong><\/del><\/p>\n<\/td>\n<td>\n<p><del><strong>ESTAGI\u00c1RIO DE GRADUA\u00c7\u00c3O<\/strong><\/del><\/p>\n<\/td>\n<\/tr>\n<tr>\n<td>\n<p><del>(PRES) PRESIDENCIA<\/del><\/p>\n<\/td>\n<td>\n<p><del>14<\/del><\/p>\n<\/td>\n<\/tr>\n<tr>\n<td>\n<p><del>(PRES) CHEFIA DE GABINETE DA PRESIDENCIA<\/del><\/p>\n<\/td>\n<td>\n<p><del>2<\/del><\/p>\n<\/td>\n<\/tr>\n<tr>\n<td>\n<p><del>(PRES) ASSESSORIA ESPECIAL &#8211; CONSELHO NACIONAL DE JUSTICA<\/del><\/p>\n<\/td>\n<td>\n<p><del>0<\/del><\/p>\n<\/td>\n<\/tr>\n<tr>\n<td>\n<p><del>(PRES) ASSESSORIA ESPECIAL &#8211; MAGISTRATURA ESTADUAL<\/del><\/p>\n<\/td>\n<td>\n<p><del>0<\/del><\/p>\n<\/td>\n<\/tr>\n<tr>\n<td>\n<p><del>(PRES) ASSESSORIA JURIDICA &#8211; CONTENCIOSO JUDICIAL<\/del><\/p>\n<\/td>\n<td>\n<p><del>0<\/del><\/p>\n<\/td>\n<\/tr>\n<tr>\n<td>\n<p><del>(PRES) ASSESSORIA JURIDICA &#8211; LICITACOES E CONTRATOS<\/del><\/p>\n<\/td>\n<td>\n<p><del>0<\/del><\/p>\n<\/td>\n<\/tr>\n<tr>\n<td>\n<p><del>ASSESSORIA DE CERIMONIAL E RELACOES PUBLICAS<\/del><\/p>\n<\/td>\n<td>\n<p><del>1<\/del><\/p>\n<\/td>\n<\/tr>\n<tr>\n<td>\n<p><del>ASSESSORIA DE IMPRENSA E COMUNICACAO SOCIAL<\/del><\/p>\n<\/td>\n<td>\n<p><del>1<\/del><\/p>\n<\/td>\n<\/tr>\n<tr>\n<td>\n<p><del>ASSESSORIA DE SEGURANCA INSTITUCIONAL<\/del><\/p>\n<\/td>\n<td>\n<p><del>1<\/del><\/p>\n<\/td>\n<\/tr>\n<tr>\n<td>\n<p><del>VICE-PRESIDENCIA<\/del><\/p>\n<\/td>\n<td>\n<p><del>6<\/del><\/p>\n<\/td>\n<\/tr>\n<tr>\n<td>\n<p><del>CORREGEDORIA-GERAL DA JUSTICA<\/del><\/p>\n<\/td>\n<td>\n<p><del>20<\/del><\/p>\n<\/td>\n<\/tr>\n<tr>\n<td>\n<p><del>(SG) SECRETARIA GERAL<\/del><\/p>\n<\/td>\n<td>\n<p><del>4<\/del><\/p>\n<\/td>\n<\/tr>\n<tr>\n<td>\n<p><del>(SJ) SECRETARIA JUDICIARIA<\/del><\/p>\n<\/td>\n<td>\n<p><del>30<\/del><\/p>\n<\/td>\n<\/tr>\n<tr>\n<td>\n<p><del>(STI) SECRETARIA DE TECNOLOGIA DA INFORMACAO<\/del><\/p>\n<\/td>\n<td>\n<p><del>30<\/del><\/p>\n<\/td>\n<\/tr>\n<tr>\n<td>\n<p><del>(SGP) SECRETARIA DE GESTAO DE PESSOAS<\/del><\/p>\n<\/td>\n<td>\n<p><del>30<\/del><\/p>\n<\/td>\n<\/tr>\n<tr>\n<td>\n<p><del>(SI) SECRETARIA DE INFRAESTRUTURA<\/del><\/p>\n<\/td>\n<td>\n<p><del>20<\/del><\/p>\n<\/td>\n<\/tr>\n<tr>\n<td>\n<p><del>(SENGE) SECRET DE ENGENHAR, GESTAO PREDIAL MAN EQUIPAMENTO<\/del><\/p>\n<\/td>\n<td>\n<p><del>4<\/del><\/p>\n<\/td>\n<\/tr>\n<tr>\n<td>\n<p><del>(SFEO) SECRETARIA DE FINANCAS E EXECUCAO ORCAMENTARIA<\/del><\/p>\n<\/td>\n<td>\n<p><del>8<\/del><\/p>\n<\/td>\n<\/tr>\n<tr>\n<td>\n<p><del>(SCI) SECRETARIA DE CONTROLE INTERNO<\/del><\/p>\n<\/td>\n<td>\n<p><del>2<\/del><\/p>\n<\/td>\n<\/tr>\n<tr>\n<td>\n<p><del>SECRETARIA DE PRECATORIO<\/del><\/p>\n<\/td>\n<td>\n<p><del>4<\/del><\/p>\n<\/td>\n<\/tr>\n<tr>\n<td>\n<p><del>NUPEMEC &#8211; NUC PERM METODOS CONS SOL CONFLITOS<\/del><\/p>\n<\/td>\n<td>\n<p><del>20<\/del><\/p>\n<\/td>\n<\/tr>\n<tr>\n<td>\n<p><del>SECAO DE APOIO NUC PERM MET CONSEN SOLUC CONFLITOS<\/del><\/p>\n<\/td>\n<td>\n<p><del>0<\/del><\/p>\n<\/td>\n<\/tr>\n<tr>\n<td>\n<p><del>SECAO DE APOIO COORD VARAS CRIMINAIS EXEC PENAL<\/del><\/p>\n<\/td>\n<td>\n<p><del>10<\/del><\/p>\n<\/td>\n<\/tr>\n<tr>\n<td>\n<p><del>SECAO DE APOIO \u00c0 COORDENADORIA VARAS INF JUVENTUDE<\/del><\/p>\n<\/td>\n<td>\n<p><del>4<\/del><\/p>\n<\/td>\n<\/tr>\n<tr>\n<td>\n<p><del>SECAO DE APOIO COORD JUIZADOS ESP CIV CRIM FAZ PUB<\/del><\/p>\n<\/td>\n<td>\n<p><del>10<\/del><\/p>\n<\/td>\n<\/tr>\n<tr>\n<td>\n<p><del>SECAO DE APOIO DAS VARAS VIOL DOM FAM CONT MULHER<\/del><\/p>\n<\/td>\n<td>\n<p><del>4<\/del><\/p>\n<\/td>\n<\/tr>\n<tr>\n<td>\n<p><del>COORD DAS VARAS C\u00cdVEIS<\/del><\/p>\n<\/td>\n<td>\n<p><del>4<\/del><\/p>\n<\/td>\n<\/tr>\n<tr>\n<td>\n<p><del>COORD DAS VARAS DE FAM\u00cdLIA<\/del><\/p>\n<\/td>\n<td>\n<p><del>4<\/del><\/p>\n<\/td>\n<\/tr>\n<tr>\n<td>\n<p><del>ESCOLA DA MAGISTRATURA &#8211; EMES<\/del><\/p>\n<\/td>\n<td>\n<p><del>2<\/del><\/p>\n<\/td>\n<\/tr>\n<tr>\n<td>\n<p><del>OUVIDORIA JUDICIARIA\/OUVIDORIA DA MULHER<\/del><\/p>\n<\/td>\n<td>\n<p><del>2<\/del><\/p>\n<\/td>\n<\/tr>\n<tr>\n<td>\n<p><del>LABORATORIO DE INOVA\u00c7AO E IA<\/del><\/p>\n<\/td>\n<td>\n<p><del>2<\/del><\/p>\n<\/td>\n<\/tr>\n<tr>\n<td>\n<p><del><strong>TOTAL<\/strong><\/del><\/p>\n<\/td>\n<td>\n<p><del><strong>239<\/strong><\/del><\/p>\n<\/td>\n<\/tr>\n<\/tbody>\n<\/table>\n<p>\u00a0<\/p>\n<p><br \/><br \/><del>\u00a0<\/del><\/p>\n<table>\n<tbody>\n<tr>\n<td colspan=\"2\">\n<p><del><strong>TABELA 3 &#8211; UNIDADES ADMINISTRATIVAS DO 2\u00ba GRAU<\/strong><\/del><\/p>\n<\/td>\n<\/tr>\n<tr>\n<td>\n<p><del><strong>SETOR<\/strong><\/del><\/p>\n<\/td>\n<td>\n<p><del><strong>ESTAGI\u00c1RIO DE CONCILIA\u00c7\u00c3O<\/strong><\/del><\/p>\n<\/td>\n<\/tr>\n<tr>\n<td>\n<p><del>SECAO DE APOIO NUC PERM MET CONSEN SOL CONFLITOS<\/del><\/p>\n<\/td>\n<td>\n<p><del><strong>2<\/strong><\/del><\/p>\n<\/td>\n<\/tr>\n<\/tbody>\n<\/table>\n<p>\u00a0<\/p>\n<p><br \/><br \/><del>\u00a0<\/del><\/p>\n<table>\n<tbody>\n<tr>\n<td colspan=\"2\">\n<p><del><strong>TABELA 4 &#8211; UNIDADES JUDICI\u00c1RIAS DO 1\u00ba GRAU<\/strong><\/del><\/p>\n<\/td>\n<\/tr>\n<tr>\n<td>\n<p><del><strong>UNIDADE<\/strong><\/del><\/p>\n<\/td>\n<td>\n<p><del><strong>ESTAGI\u00c1RIO DE GRADUA\u00c7\u00c3O<\/strong><\/del><\/p>\n<\/td>\n<\/tr>\n<tr>\n<td>\n<p><del>AFONSO CLAUDIO &#8211; 1\u00aa VARA<\/del><\/p>\n<\/td>\n<td>\n<p><del>3<\/del><\/p>\n<\/td>\n<\/tr>\n<tr>\n<td>\n<p><del>AFONSO CLAUDIO &#8211; 2\u00aa VARA<\/del><\/p>\n<\/td>\n<td>\n<p><del>3<\/del><\/p>\n<\/td>\n<\/tr>\n<tr>\n<td>\n<p><del>AGUA DOCE DO NORTE &#8211; VARA UNICA<\/del><\/p>\n<\/td>\n<td>\n<p><del>3<\/del><\/p>\n<\/td>\n<\/tr>\n<tr>\n<td>\n<p><del>AGUIA BRANCA &#8211; VARA UNICA<\/del><\/p>\n<\/td>\n<td>\n<p><del>3<\/del><\/p>\n<\/td>\n<\/tr>\n<tr>\n<td>\n<p><del>ALEGRE &#8211; 1\u00aa VARA<\/del><\/p>\n<\/td>\n<td>\n<p><del>4<\/del><\/p>\n<\/td>\n<\/tr>\n<tr>\n<td>\n<p><del>ALEGRE &#8211; 2\u00aa VARA<\/del><\/p>\n<\/td>\n<td>\n<p><del>3<\/del><\/p>\n<\/td>\n<\/tr>\n<tr>\n<td>\n<p><del>ALFREDO CHAVES &#8211; VARA UNICA<\/del><\/p>\n<\/td>\n<td>\n<p><del>3<\/del><\/p>\n<\/td>\n<\/tr>\n<tr>\n<td>\n<p><del>ALTO RIO NOVO &#8211; VARA UNICA<\/del><\/p>\n<\/td>\n<td>\n<p><del>2<\/del><\/p>\n<\/td>\n<\/tr>\n<tr>\n<td>\n<p><del>ANCHIETA &#8211; 1\u00aa VARA<\/del><\/p>\n<\/td>\n<td>\n<p><del>4<\/del><\/p>\n<\/td>\n<\/tr>\n<tr>\n<td>\n<p><del>ANCHIETA &#8211; 2\u00aa VARA<\/del><\/p>\n<\/td>\n<td>\n<p><del>3<\/del><\/p>\n<\/td>\n<\/tr>\n<tr>\n<td>\n<p><del>APIACA &#8211; VARA UNICA<\/del><\/p>\n<\/td>\n<td>\n<p><del>3<\/del><\/p>\n<\/td>\n<\/tr>\n<tr>\n<td>\n<p><del>ARACRUZ &#8211; 1\u00aa VARA CIVEL, FAMILIA E ORFAOS SUCESSOES<\/del><\/p>\n<\/td>\n<td>\n<p><del>3<\/del><\/p>\n<\/td>\n<\/tr>\n<tr>\n<td>\n<p><del>ARACRUZ &#8211; 1\u00aa VARA CRIMINAL<\/del><\/p>\n<\/td>\n<td>\n<p><del>3<\/del><\/p>\n<\/td>\n<\/tr>\n<tr>\n<td>\n<p><del>ARACRUZ &#8211; 1\u00ba JUIZADO ESPECIAL CIVEL, CRIMINAL E DA FAZENDA PUBLICA<\/del><\/p>\n<\/td>\n<td>\n<p><del>3<\/del><\/p>\n<\/td>\n<\/tr>\n<tr>\n<td>\n<p><del>ARACRUZ &#8211; 2\u00aa VARA CIVEL, FAMILIA E ORFAOS E SUCESSOES<\/del><\/p>\n<\/td>\n<td>\n<p><del>3<\/del><\/p>\n<\/td>\n<\/tr>\n<tr>\n<td>\n<p><del>ARACRUZ &#8211; 2\u00aa VARA CRIMINAL<\/del><\/p>\n<\/td>\n<td>\n<p><del>3<\/del><\/p>\n<\/td>\n<\/tr>\n<tr>\n<td>\n<p><del>ARACRUZ &#8211; 2\u00ba JUIZADO ESPECIAL CIVEL, CRIMINAL E DA FAZENDA PUBLICA<\/del><\/p>\n<\/td>\n<td>\n<p><del>3<\/del><\/p>\n<\/td>\n<\/tr>\n<tr>\n<td>\n<p><del>ARACRUZ &#8211; VARA DA FAZENDA PUBLICA ESTADUAL, MUNICIPAL, REGISTROS PUBLICOS E MEIO AMBIENTE<\/del><\/p>\n<\/td>\n<td>\n<p><del>3<\/del><\/p>\n<\/td>\n<\/tr>\n<tr>\n<td>\n<p><del>ARACRUZ &#8211; VARA DA INFANCIA E JUVENTUDE<\/del><\/p>\n<\/td>\n<td>\n<p><del>2<\/del><\/p>\n<\/td>\n<\/tr>\n<tr>\n<td>\n<p><del>ATILIO VIVACQUA &#8211; VARA UNICA<\/del><\/p>\n<\/td>\n<td>\n<p><del>3<\/del><\/p>\n<\/td>\n<\/tr>\n<tr>\n<td>\n<p><del>BAIXO GUANDU &#8211; 1\u00aa VARA<\/del><\/p>\n<\/td>\n<td>\n<p><del>3<\/del><\/p>\n<\/td>\n<\/tr>\n<tr>\n<td>\n<p><del>BAIXO GUANDU &#8211; 2\u00aa VARA<\/del><\/p>\n<\/td>\n<td>\n<p><del>3<\/del><\/p>\n<\/td>\n<\/tr>\n<tr>\n<td>\n<p><del>BARRA DE SAO FRANCISCO &#8211; 1\u00aa VARA &#8211; CIVEL, COMERCIAL, ACIDENTES DE TRABALHO, FAZENDA PUBLICA E MEIO AMBIENTE<\/del><\/p>\n<\/td>\n<td>\n<p><del>4<\/del><\/p>\n<\/td>\n<\/tr>\n<tr>\n<td>\n<p><del>BARRA DE SAO FRANCISCO &#8211; 1\u00aa VARA CRIMINAL<\/del><\/p>\n<\/td>\n<td>\n<p><del>3<\/del><\/p>\n<\/td>\n<\/tr>\n<tr>\n<td>\n<p><del>BARRA DE SAO FRANCISCO &#8211; 2\u00aa VARA CRIMINAL<\/del><\/p>\n<\/td>\n<td>\n<p><del>4<\/del><\/p>\n<\/td>\n<\/tr>\n<tr>\n<td>\n<p><del>BARRA DE SAO FRANCISCO &#8211; 3\u00aa VARA &#8211; FAMILIA, ORFAOS E SUCESSOES E DA INFANCIA E DA JUVENTUDE<\/del><\/p>\n<\/td>\n<td>\n<p><del>3<\/del><\/p>\n<\/td>\n<\/tr>\n<tr>\n<td>\n<p><del>BARRA DE SAO FRANCISCO &#8211; JUIZADO ESPECIAL CIVEL, CRIMINAL E DA FAZENDA PUBLICA<\/del><\/p>\n<\/td>\n<td>\n<p><del>4<\/del><\/p>\n<\/td>\n<\/tr>\n<tr>\n<td>\n<p><del>BOA ESPERANCA &#8211; VARA UNICA<\/del><\/p>\n<\/td>\n<td>\n<p><del>3<\/del><\/p>\n<\/td>\n<\/tr>\n<tr>\n<td>\n<p><del>BOM JESUS DO NORTE &#8211; VARA UNICA<\/del><\/p>\n<\/td>\n<td>\n<p><del>3<\/del><\/p>\n<\/td>\n<\/tr>\n<tr>\n<td>\n<p><del>CACHOEIRO DE ITAPEMIRIM &#8211; 1\u00aa VARA CIVEL<\/del><\/p>\n<\/td>\n<td>\n<p><del>3<\/del><\/p>\n<\/td>\n<\/tr>\n<tr>\n<td>\n<p><del>CACHOEIRO DE ITAPEMIRIM &#8211; 1\u00aa VARA CRIMINAL<\/del><\/p>\n<\/td>\n<td>\n<p><del>3<\/del><\/p>\n<\/td>\n<\/tr>\n<tr>\n<td>\n<p><del>CACHOEIRO DE ITAPEMIRIM &#8211; 1\u00aa VARA DA FAZENDA PUBLICA ESTADUAL, MUNICIPAL, REGISTROS PUBLICOS, MEIO AMBIENTE E EXECUCOES FISCAIS<\/del><\/p>\n<\/td>\n<td>\n<p><del>4<\/del><\/p>\n<\/td>\n<\/tr>\n<tr>\n<td>\n<p><del>CACHOEIRO DE ITAPEMIRIM &#8211; 1\u00aa VARA DE FAMILIA E ORFAOS E SUCESSOES<\/del><\/p>\n<\/td>\n<td>\n<p><del>3<\/del><\/p>\n<\/td>\n<\/tr>\n<tr>\n<td>\n<p><del>CACHOEIRO DE ITAPEMIRIM &#8211; 1\u00aa VARA INFANCIA E JUVENTUDE<\/del><\/p>\n<\/td>\n<td>\n<p><del>3<\/del><\/p>\n<\/td>\n<\/tr>\n<tr>\n<td>\n<p><del>CACHOEIRO DE ITAPEMIRIM &#8211; 1\u00ba JUIZADO ESPECIAL CIVEL<\/del><\/p>\n<\/td>\n<td>\n<p><del>4<\/del><\/p>\n<\/td>\n<\/tr>\n<tr>\n<td>\n<p><del>CACHOEIRO DE ITAPEMIRIM &#8211; 1\u00ba JUIZADO ESPECIAL CRIMINAL E DA FAZENDA PUBLICA<\/del><\/p>\n<\/td>\n<td>\n<p><del>4<\/del><\/p>\n<\/td>\n<\/tr>\n<tr>\n<td>\n<p><del>CACHOEIRO DE ITAPEMIRIM &#8211; 2\u00aa VARA CIVEL<\/del><\/p>\n<\/td>\n<td>\n<p><del>3<\/del><\/p>\n<\/td>\n<\/tr>\n<tr>\n<td>\n<p><del>CACHOEIRO DE ITAPEMIRIM &#8211; 2\u00aa VARA CRIMINAL<\/del><\/p>\n<\/td>\n<td>\n<p><del>4<\/del><\/p>\n<\/td>\n<\/tr>\n<tr>\n<td>\n<p><del>CACHOEIRO DE ITAPEMIRIM &#8211; 2\u00aa VARA DA FAZENDA PUBLICA ESTADUAL, MUNICIPAL, REGISTROS PUBLICOS, MEIO AMBIENTE E EXECUCOES FISCAIS<\/del><\/p>\n<\/td>\n<td>\n<p><del>3<\/del><\/p>\n<\/td>\n<\/tr>\n<tr>\n<td>\n<p><del>CACHOEIRO DE ITAPEMIRIM &#8211; 2\u00aa VARA DE FAMILIA E ORFAOS E SUCESSOES<\/del><\/p>\n<\/td>\n<td>\n<p><del>3<\/del><\/p>\n<\/td>\n<\/tr>\n<tr>\n<td>\n<p><del>CACHOEIRO DE ITAPEMIRIM &#8211; 2\u00aa VARA INFANCIA E JUVENTUDE<\/del><\/p>\n<\/td>\n<td>\n<p><del>2<\/del><\/p>\n<\/td>\n<\/tr>\n<tr>\n<td>\n<p><del>CACHOEIRO DE ITAPEMIRIM &#8211; 2\u00ba JUIZADO ESPECIAL CIVEL<\/del><\/p>\n<\/td>\n<td>\n<p><del>4<\/del><\/p>\n<\/td>\n<\/tr>\n<tr>\n<td>\n<p><del>CACHOEIRO DE ITAPEMIRIM &#8211; 3\u00aa VARA CIVEL<\/del><\/p>\n<\/td>\n<td>\n<p><del>3<\/del><\/p>\n<\/td>\n<\/tr>\n<tr>\n<td>\n<p><del>CACHOEIRO DE ITAPEMIRIM &#8211; 3\u00aa VARA CRIMINAL<\/del><\/p>\n<\/td>\n<td>\n<p><del>3<\/del><\/p>\n<\/td>\n<\/tr>\n<tr>\n<td>\n<p><del>CACHOEIRO DE ITAPEMIRIM &#8211; 3\u00aa VARA DE FAMILIA E ORFAOS E SUCESSOES<\/del><\/p>\n<\/td>\n<td>\n<p><del>3<\/del><\/p>\n<\/td>\n<\/tr>\n<tr>\n<td>\n<p><del>CACHOEIRO DE ITAPEMIRIM &#8211; 4\u00aa VARA CIVEL<\/del><\/p>\n<\/td>\n<td>\n<p><del>3<\/del><\/p>\n<\/td>\n<\/tr>\n<tr>\n<td>\n<p><del>CACHOEIRO DE ITAPEMIRIM &#8211; 4\u00aa VARA CRIMINAL<\/del><\/p>\n<\/td>\n<td>\n<p><del>3<\/del><\/p>\n<\/td>\n<\/tr>\n<tr>\n<td>\n<p><del>CACHOEIRO DE ITAPEMIRIM &#8211; 5\u00aa VARA CIVEL<\/del><\/p>\n<\/td>\n<td>\n<p><del>3<\/del><\/p>\n<\/td>\n<\/tr>\n<tr>\n<td>\n<p><del>CARIACICA &#8211; 1\u00aa VARA CIVEL, ORFAOS E SUCESSOES<\/del><\/p>\n<\/td>\n<td>\n<p><del>4<\/del><\/p>\n<\/td>\n<\/tr>\n<tr>\n<td>\n<p><del>CARIACICA &#8211; 1\u00aa VARA CRIMINAL<\/del><\/p>\n<\/td>\n<td>\n<p><del>3<\/del><\/p>\n<\/td>\n<\/tr>\n<tr>\n<td>\n<p><del>CARIACICA &#8211; 1\u00aa VARA DA INFANCIA E JUVENTUDE<\/del><\/p>\n<\/td>\n<td>\n<p><del>3<\/del><\/p>\n<\/td>\n<\/tr>\n<tr>\n<td>\n<p><del>CARIACICA &#8211; 1\u00aa VARA DE FAMILIA<\/del><\/p>\n<\/td>\n<td>\n<p><del>3<\/del><\/p>\n<\/td>\n<\/tr>\n<tr>\n<td>\n<p><del>CARIACICA &#8211; 1\u00ba JUIZADO ESPECIAL CIVEL<\/del><\/p>\n<\/td>\n<td>\n<p><del>4<\/del><\/p>\n<\/td>\n<\/tr>\n<tr>\n<td>\n<p><del>CARIACICA &#8211; 1\u00ba JUIZADO ESPECIAL CRIMINAL E DA FAZENDA PUBLICA<\/del><\/p>\n<\/td>\n<td>\n<p><del>3<\/del><\/p>\n<\/td>\n<\/tr>\n<tr>\n<td>\n<p><del>CARIACICA &#8211; 2\u00aa VARA CIVEL, ORFAOS E SUCESSOES<\/del><\/p>\n<\/td>\n<td>\n<p><del>3<\/del><\/p>\n<\/td>\n<\/tr>\n<tr>\n<td>\n<p><del>CARIACICA &#8211; 2\u00aa VARA CRIMINAL<\/del><\/p>\n<\/td>\n<td>\n<p><del>3<\/del><\/p>\n<\/td>\n<\/tr>\n<tr>\n<td>\n<p><del>CARIACICA &#8211; 2\u00aa VARA DA INFANCIA E JUVENTUDE<\/del><\/p>\n<\/td>\n<td>\n<p><del>2<\/del><\/p>\n<\/td>\n<\/tr>\n<tr>\n<td>\n<p><del>CARIACICA &#8211; 2\u00aa VARA DE FAMILIA<\/del><\/p>\n<\/td>\n<td>\n<p><del>3<\/del><\/p>\n<\/td>\n<\/tr>\n<tr>\n<td>\n<p><del>CARIACICA &#8211; 2\u00ba JUIZADO ESPECIAL CIVEL<\/del><\/p>\n<\/td>\n<td>\n<p><del>4<\/del><\/p>\n<\/td>\n<\/tr>\n<tr>\n<td>\n<p><del>CARIACICA &#8211; 2\u00ba JUIZADO ESPECIAL CRIMINAL E DA FAZENDA PUBLICA<\/del><\/p>\n<\/td>\n<td>\n<p><del>3<\/del><\/p>\n<\/td>\n<\/tr>\n<tr>\n<td>\n<p><del>CARIACICA &#8211; 3\u00aa VARA CIVEL, ORFAOS E SUCESSOES<\/del><\/p>\n<\/td>\n<td>\n<p><del>4<\/del><\/p>\n<\/td>\n<\/tr>\n<tr>\n<td>\n<p><del>CARIACICA &#8211; 3\u00aa VARA CRIMINAL<\/del><\/p>\n<\/td>\n<td>\n<p><del>2<\/del><\/p>\n<\/td>\n<\/tr>\n<tr>\n<td>\n<p><del>CARIACICA &#8211; 3\u00aa VARA DE FAMILIA<\/del><\/p>\n<\/td>\n<td>\n<p><del>3<\/del><\/p>\n<\/td>\n<\/tr>\n<tr>\n<td>\n<p><del>CARIACICA &#8211; 3\u00ba JUIZADO ESPECIAL CIVEL<\/del><\/p>\n<\/td>\n<td>\n<p><del>4<\/del><\/p>\n<\/td>\n<\/tr>\n<tr>\n<td>\n<p><del>CARIACICA &#8211; 4\u00aa VARA CIVEL, ORFAOS E SUCESSOES<\/del><\/p>\n<\/td>\n<td>\n<p><del>4<\/del><\/p>\n<\/td>\n<\/tr>\n<tr>\n<td>\n<p><del>CARIACICA &#8211; 4\u00aa VARA CRIMINAL<\/del><\/p>\n<\/td>\n<td>\n<p><del>2<\/del><\/p>\n<\/td>\n<\/tr>\n<tr>\n<td>\n<p><del>CARIACICA &#8211; 4\u00aa VARA DE FAMILIA<\/del><\/p>\n<\/td>\n<td>\n<p><del>3<\/del><\/p>\n<\/td>\n<\/tr>\n<tr>\n<td>\n<p><del>CARIACICA &#8211; 4\u00ba JUIZADO ESPECIAL CIVEL<\/del><\/p>\n<\/td>\n<td>\n<p><del>4<\/del><\/p>\n<\/td>\n<\/tr>\n<tr>\n<td>\n<p><del>CARIACICA &#8211; 5\u00aa VARA CRIMINAL<\/del><\/p>\n<\/td>\n<td>\n<p><del>5<\/del><\/p>\n<\/td>\n<\/tr>\n<tr>\n<td>\n<p><del>CARIACICA &#8211; VARA DA FAZENDA PUBLICA ESTADUAL, MUNICIPAL, REGISTROS PUBLICOS E MEIO AMBIENTE<\/del><\/p>\n<\/td>\n<td>\n<p><del>2<\/del><\/p>\n<\/td>\n<\/tr>\n<tr>\n<td>\n<p><del>CARIACICA &#8211; VARA FAZENDA PUBLICA MUNICIPAL<\/del><\/p>\n<\/td>\n<td>\n<p><del>5<\/del><\/p>\n<\/td>\n<\/tr>\n<tr>\n<td>\n<p><del>CASTELO &#8211; 1\u00aa VARA<\/del><\/p>\n<\/td>\n<td>\n<p><del>4<\/del><\/p>\n<\/td>\n<\/tr>\n<tr>\n<td>\n<p><del>CASTELO &#8211; 2\u00aa VARA<\/del><\/p>\n<\/td>\n<td>\n<p><del>3<\/del><\/p>\n<\/td>\n<\/tr>\n<tr>\n<td>\n<p><del>COLATINA &#8211; 1\u00aa VARA CIVEL<\/del><\/p>\n<\/td>\n<td>\n<p><del>3<\/del><\/p>\n<\/td>\n<\/tr>\n<tr>\n<td>\n<p><del>COLATINA &#8211; 1\u00aa VARA CRIMINAL<\/del><\/p>\n<\/td>\n<td>\n<p><del>2<\/del><\/p>\n<\/td>\n<\/tr>\n<tr>\n<td>\n<p><del>COLATINA &#8211; 1\u00aa VARA FAMILIA, ORFAOS E SUCESSOES<\/del><\/p>\n<\/td>\n<td>\n<p><del>3<\/del><\/p>\n<\/td>\n<\/tr>\n<tr>\n<td>\n<p><del>COLATINA &#8211; 1\u00ba JUIZADO ESPECIAL CIVEL<\/del><\/p>\n<\/td>\n<td>\n<p><del>4<\/del><\/p>\n<\/td>\n<\/tr>\n<tr>\n<td>\n<p><del>COLATINA &#8211; 2\u00aa VARA CIVEL<\/del><\/p>\n<\/td>\n<td>\n<p><del>3<\/del><\/p>\n<\/td>\n<\/tr>\n<tr>\n<td>\n<p><del>COLATINA &#8211; 2\u00aa VARA CRIMINAL<\/del><\/p>\n<\/td>\n<td>\n<p><del>4<\/del><\/p>\n<\/td>\n<\/tr>\n<tr>\n<td>\n<p><del>COLATINA &#8211; 2\u00aa VARA FAMILIA, ORFAOS E SUCESSOES<\/del><\/p>\n<\/td>\n<td>\n<p><del>3<\/del><\/p>\n<\/td>\n<\/tr>\n<tr>\n<td>\n<p><del>COLATINA &#8211; 2\u00ba JUIZADO ESPECIAL CIVEL<\/del><\/p>\n<\/td>\n<td>\n<p><del>4<\/del><\/p>\n<\/td>\n<\/tr>\n<tr>\n<td>\n<p><del>COLATINA &#8211; 3\u00aa VARA CRIMINAL<\/del><\/p>\n<\/td>\n<td>\n<p><del>3<\/del><\/p>\n<\/td>\n<\/tr>\n<tr>\n<td>\n<p><del>COLATINA &#8211; 3\u00aa VARA FAMILIA, ORFAOS E SUCESSOES<\/del><\/p>\n<\/td>\n<td>\n<p><del>3<\/del><\/p>\n<\/td>\n<\/tr>\n<tr>\n<td>\n<p><del>COLATINA &#8211; 3\u00ba JUIZADO ESPECIAL CIVEL<\/del><\/p>\n<\/td>\n<td>\n<p><del>4<\/del><\/p>\n<\/td>\n<\/tr>\n<tr>\n<td>\n<p><del>COLATINA &#8211; 4\u00aa VARA CRIMINAL<\/del><\/p>\n<\/td>\n<td>\n<p><del>3<\/del><\/p>\n<\/td>\n<\/tr>\n<tr>\n<td>\n<p><del>COLATINA &#8211; JUIZADO ESPECIAL CRIMINAL E DA FAZENDA PUBLICA<\/del><\/p>\n<\/td>\n<td>\n<p><del>4<\/del><\/p>\n<\/td>\n<\/tr>\n<tr>\n<td>\n<p><del>COLATINA &#8211; VARA DA FAZENDA PUBLICA ESTADUAL, MUNICIPAL, REGISTROS PUBLICOS E MEIO AMBIENTE<\/del><\/p>\n<\/td>\n<td>\n<p><del>3<\/del><\/p>\n<\/td>\n<\/tr>\n<tr>\n<td>\n<p><del>COLATINA &#8211; VARA DA INFANCIA E JUVENTUDE<\/del><\/p>\n<\/td>\n<td>\n<p><del>3<\/del><\/p>\n<\/td>\n<\/tr>\n<tr>\n<td>\n<p><del>CONCEICAO DA BARRA &#8211; 1\u00aa VARA<\/del><\/p>\n<\/td>\n<td>\n<p><del>3<\/del><\/p>\n<\/td>\n<\/tr>\n<tr>\n<td>\n<p><del>CONCEICAO DA BARRA &#8211; 2\u00aa VARA<\/del><\/p>\n<\/td>\n<td>\n<p><del>3<\/del><\/p>\n<\/td>\n<\/tr>\n<tr>\n<td>\n<p><del>CONCEICAO DO CASTELO &#8211; VARA UNICA<\/del><\/p>\n<\/td>\n<td>\n<p><del>3<\/del><\/p>\n<\/td>\n<\/tr>\n<tr>\n<td>\n<p><del>DOMINGOS MARTINS &#8211; 1\u00aa VARA<\/del><\/p>\n<\/td>\n<td>\n<p><del>3<\/del><\/p>\n<\/td>\n<\/tr>\n<tr>\n<td>\n<p><del>DOMINGOS MARTINS &#8211; 2\u00aa VARA<\/del><\/p>\n<\/td>\n<td>\n<p><del>3<\/del><\/p>\n<\/td>\n<\/tr>\n<tr>\n<td>\n<p><del>DORES DO RIO PRETO &#8211; VARA UNICA<\/del><\/p>\n<\/td>\n<td>\n<p><del>2<\/del><\/p>\n<\/td>\n<\/tr>\n<tr>\n<td>\n<p><del>ECOPORANGA &#8211; VARA UNICA<\/del><\/p>\n<\/td>\n<td>\n<p><del>4<\/del><\/p>\n<\/td>\n<\/tr>\n<tr>\n<td>\n<p><del>FUNDAO &#8211; VARA UNICA<\/del><\/p>\n<\/td>\n<td>\n<p><del>3<\/del><\/p>\n<\/td>\n<\/tr>\n<tr>\n<td>\n<p><del>GUACUI &#8211; 1\u00aa VARA<\/del><\/p>\n<\/td>\n<td>\n<p><del>4<\/del><\/p>\n<\/td>\n<\/tr>\n<tr>\n<td>\n<p><del>GUACUI &#8211; 2\u00aa VARA<\/del><\/p>\n<\/td>\n<td>\n<p><del>3<\/del><\/p>\n<\/td>\n<\/tr>\n<tr>\n<td>\n<p><del>GUARAPARI &#8211; 1\u00aa VARA CIVEL<\/del><\/p>\n<\/td>\n<td>\n<p><del>3<\/del><\/p>\n<\/td>\n<\/tr>\n<tr>\n<td>\n<p><del>GUARAPARI &#8211; 1\u00aa VARA CRIMINAL<\/del><\/p>\n<\/td>\n<td>\n<p><del>2<\/del><\/p>\n<\/td>\n<\/tr>\n<tr>\n<td>\n<p><del>GUARAPARI &#8211; 1\u00aa VARA DE FAMILIA, ORFAOS E SUCESSOES<\/del><\/p>\n<\/td>\n<td>\n<p><del>3<\/del><\/p>\n<\/td>\n<\/tr>\n<tr>\n<td>\n<p><del>GUARAPARI &#8211; 1\u00ba JUIZADO ESPECIAL CIVEL<\/del><\/p>\n<\/td>\n<td>\n<p><del>3<\/del><\/p>\n<\/td>\n<\/tr>\n<tr>\n<td>\n<p><del>GUARAPARI &#8211; 1\u00ba JUIZADO ESPECIAL CRIMINAL E DA FAZENDA PUBLICA<\/del><\/p>\n<\/td>\n<td>\n<p><del>3<\/del><\/p>\n<\/td>\n<\/tr>\n<tr>\n<td>\n<p><del>GUARAPARI &#8211; 2\u00aa VARA CIVEL<\/del><\/p>\n<\/td>\n<td>\n<p><del>3<\/del><\/p>\n<\/td>\n<\/tr>\n<tr>\n<td>\n<p><del>GUARAPARI &#8211; 2\u00aa VARA CRIMINAL<\/del><\/p>\n<\/td>\n<td>\n<p><del>3<\/del><\/p>\n<\/td>\n<\/tr>\n<tr>\n<td>\n<p><del>GUARAPARI &#8211; 2\u00aa VARA DE FAMILIA, ORFAOS E SUCESSOES<\/del><\/p>\n<\/td>\n<td>\n<p><del>3<\/del><\/p>\n<\/td>\n<\/tr>\n<tr>\n<td>\n<p><del>GUARAPARI &#8211; 2\u00ba JUIZADO ESPECIAL CIVEL<\/del><\/p>\n<\/td>\n<td>\n<p><del>3<\/del><\/p>\n<\/td>\n<\/tr>\n<tr>\n<td>\n<p><del>GUARAPARI &#8211; 3\u00aa VARA CIVEL<\/del><\/p>\n<\/td>\n<td>\n<p><del>3<\/del><\/p>\n<\/td>\n<\/tr>\n<tr>\n<td>\n<p><del>GUARAPARI &#8211; 3\u00aa VARA CRIMINAL<\/del><\/p>\n<\/td>\n<td>\n<p><del>3<\/del><\/p>\n<\/td>\n<\/tr>\n<tr>\n<td>\n<p><del>GUARAPARI &#8211; VARA DA FAZENDA PUBLICA ESTADUAL, MUNICIPAL, REGISTROS PUBLICOS E MEIO AMBIENTE<\/del><\/p>\n<\/td>\n<td>\n<p><del>3<\/del><\/p>\n<\/td>\n<\/tr>\n<tr>\n<td>\n<p><del>GUARAPARI &#8211; VARA ESPECIALIZADA DA INFANCIA E JUVENTUDE<\/del><\/p>\n<\/td>\n<td>\n<p><del>3<\/del><\/p>\n<\/td>\n<\/tr>\n<tr>\n<td>\n<p><del>IBATIBA &#8211; VARA UNICA<\/del><\/p>\n<\/td>\n<td>\n<p><del>5<\/del><\/p>\n<\/td>\n<\/tr>\n<tr>\n<td>\n<p><del>IBIRACU &#8211; 1\u00aa VARA<\/del><\/p>\n<\/td>\n<td>\n<p><del>3<\/del><\/p>\n<\/td>\n<\/tr>\n<tr>\n<td>\n<p><del>IBIRACU &#8211; 2\u00aa VARA<\/del><\/p>\n<\/td>\n<td>\n<p><del>2<\/del><\/p>\n<\/td>\n<\/tr>\n<tr>\n<td>\n<p><del>IBITIRAMA &#8211; VARA UNICA<\/del><\/p>\n<\/td>\n<td>\n<p><del>3<\/del><\/p>\n<\/td>\n<\/tr>\n<tr>\n<td>\n<p><del>ICONHA &#8211; VARA UNICA<\/del><\/p>\n<\/td>\n<td>\n<p><del>3<\/del><\/p>\n<\/td>\n<\/tr>\n<tr>\n<td>\n<p><del>ITAGUACU &#8211; VARA UNICA<\/del><\/p>\n<\/td>\n<td>\n<p><del>3<\/del><\/p>\n<\/td>\n<\/tr>\n<tr>\n<td>\n<p><del>ITAPEMIRIM &#8211; JUIZADO ESPECIAL CIVEL, CRIMINAL E DA FAZENDA PUBLICA<\/del><\/p>\n<\/td>\n<td>\n<p><del>3<\/del><\/p>\n<\/td>\n<\/tr>\n<tr>\n<td>\n<p><del>ITAPEMIRIM &#8211; VARA CIVEL, FAZENDA P\u00daBLICA, REGISTROS P\u00daBLICOS E MEIO AMBIENTE<\/del><\/p>\n<\/td>\n<td>\n<p><del>3<\/del><\/p>\n<\/td>\n<\/tr>\n<tr>\n<td>\n<p><del>ITAPEMIRIM &#8211; VARA CRIMINAL<\/del><\/p>\n<\/td>\n<td>\n<p><del>3<\/del><\/p>\n<\/td>\n<\/tr>\n<tr>\n<td>\n<p><del>ITAPEMIRIM &#8211; VARA DE FAMILIA<\/del><\/p>\n<\/td>\n<td>\n<p><del>3<\/del><\/p>\n<\/td>\n<\/tr>\n<tr>\n<td>\n<p><del>ITARANA &#8211; VARA UNICA<\/del><\/p>\n<\/td>\n<td>\n<p><del>3<\/del><\/p>\n<\/td>\n<\/tr>\n<tr>\n<td>\n<p><del>IUNA &#8211; 1\u00aa VARA<\/del><\/p>\n<\/td>\n<td>\n<p><del>4<\/del><\/p>\n<\/td>\n<\/tr>\n<tr>\n<td>\n<p><del>IUNA &#8211; 2\u00aa VARA<\/del><\/p>\n<\/td>\n<td>\n<p><del>3<\/del><\/p>\n<\/td>\n<\/tr>\n<tr>\n<td>\n<p><del>JAGUARE &#8211; VARA UNICA<\/del><\/p>\n<\/td>\n<td>\n<p><del>4<\/del><\/p>\n<\/td>\n<\/tr>\n<tr>\n<td>\n<p><del>JERONIMO MONTEIRO &#8211; VARA UNICA<\/del><\/p>\n<\/td>\n<td>\n<p><del>3<\/del><\/p>\n<\/td>\n<\/tr>\n<tr>\n<td>\n<p><del>JOAO NEIVA &#8211; VARA UNICA<\/del><\/p>\n<\/td>\n<td>\n<p><del>3<\/del><\/p>\n<\/td>\n<\/tr>\n<tr>\n<td>\n<p><del>LARANJA DA TERRA &#8211; VARA UNICA<\/del><\/p>\n<\/td>\n<td>\n<p><del>3<\/del><\/p>\n<\/td>\n<\/tr>\n<tr>\n<td>\n<p><del>LINHARES &#8211; 1\u00aa VARA CIVEL<\/del><\/p>\n<\/td>\n<td>\n<p><del>4<\/del><\/p>\n<\/td>\n<\/tr>\n<tr>\n<td>\n<p><del>LINHARES &#8211; 1\u00aa VARA CRIMINAL<\/del><\/p>\n<\/td>\n<td>\n<p><del>3<\/del><\/p>\n<\/td>\n<\/tr>\n<tr>\n<td>\n<p><del>LINHARES &#8211; 1\u00aa VARA DA INFANCIA E JUVENTUDE<\/del><\/p>\n<\/td>\n<td>\n<p><del>3<\/del><\/p>\n<\/td>\n<\/tr>\n<tr>\n<td>\n<p><del>LINHARES &#8211; 1\u00aa VARA DE FAMILIA E ORFAOS E SUCESSOES<\/del><\/p>\n<\/td>\n<td>\n<p><del>3<\/del><\/p>\n<\/td>\n<\/tr>\n<tr>\n<td>\n<p><del>LINHARES &#8211; 1\u00ba JUIZADO ESPECIAL CIVEL<\/del><\/p>\n<\/td>\n<td>\n<p><del>4<\/del><\/p>\n<\/td>\n<\/tr>\n<tr>\n<td>\n<p><del>LINHARES &#8211; 2\u00aa VARA CIVEL<\/del><\/p>\n<\/td>\n<td>\n<p><del>4<\/del><\/p>\n<\/td>\n<\/tr>\n<tr>\n<td>\n<p><del>LINHARES &#8211; 2\u00aa VARA DA INFANCIA E JUVENTUDE<\/del><\/p>\n<\/td>\n<td>\n<p><del>2<\/del><\/p>\n<\/td>\n<\/tr>\n<tr>\n<td>\n<p><del>LINHARES &#8211; 2\u00aa VARA DE FAMILIA E ORFAOS E SUCESSOES<\/del><\/p>\n<\/td>\n<td>\n<p><del>3<\/del><\/p>\n<\/td>\n<\/tr>\n<tr>\n<td>\n<p><del>LINHARES &#8211; 2\u00ba JUIZADO ESPECIAL CIVEL<\/del><\/p>\n<\/td>\n<td>\n<p><del>5<\/del><\/p>\n<\/td>\n<\/tr>\n<tr>\n<td>\n<p><del>LINHARES &#8211; 3\u00aa VARA CRIMINAL<\/del><\/p>\n<\/td>\n<td>\n<p><del>3<\/del><\/p>\n<\/td>\n<\/tr>\n<tr>\n<td>\n<p><del>LINHARES &#8211; 4\u00aa VARA CRIMINAL<\/del><\/p>\n<\/td>\n<td>\n<p><del>3<\/del><\/p>\n<\/td>\n<\/tr>\n<tr>\n<td>\n<p><del>LINHARES &#8211; JUIZADO ESPECIAL CRIMINAL E DA FAZENDA PUBLICA<\/del><\/p>\n<\/td>\n<td>\n<p><del>5<\/del><\/p>\n<\/td>\n<\/tr>\n<tr>\n<td>\n<p><del>LINHARES &#8211; VARA DA FAZENDA PUBLICA ESTADUAL E MUNICIPAL, REGISTROS PUBLICOS E MEIO AMBIENTE<\/del><\/p>\n<\/td>\n<td>\n<p><del>3<\/del><\/p>\n<\/td>\n<\/tr>\n<tr>\n<td>\n<p><del>MANTENOPOLIS &#8211; VARA UNICA<\/del><\/p>\n<\/td>\n<td>\n<p><del>3<\/del><\/p>\n<\/td>\n<\/tr>\n<tr>\n<td>\n<p><del>MARATAIZES &#8211; 1\u00aa VARA CIVEL<\/del><\/p>\n<\/td>\n<td>\n<p><del>3<\/del><\/p>\n<\/td>\n<\/tr>\n<tr>\n<td>\n<p><del>MARATAIZES &#8211; 1\u00aa VARA CRIMINAL<\/del><\/p>\n<\/td>\n<td>\n<p><del>3<\/del><\/p>\n<\/td>\n<\/tr>\n<tr>\n<td>\n<p><del>MARATAIZES &#8211; JUIZADO ESPECIAL CIVEL, CRIMINAL E DA FAZENDA PUBLICA<\/del><\/p>\n<\/td>\n<td>\n<p><del>4<\/del><\/p>\n<\/td>\n<\/tr>\n<tr>\n<td>\n<p><del>MARATAIZES &#8211; VARA DA FAZENDA PUBLICA ESTADUAL E MUNICIPAL, REGISTROS PUBLICOS E MEIO AMBIENTE<\/del><\/p>\n<\/td>\n<td>\n<p><del>3<\/del><\/p>\n<\/td>\n<\/tr>\n<tr>\n<td>\n<p><del>MARATAIZES &#8211; VARA DE FAMILIA, INFANCIA E JUVENTUDE, ORFAOS E SUCESSOES<\/del><\/p>\n<\/td>\n<td>\n<p><del>3<\/del><\/p>\n<\/td>\n<\/tr>\n<tr>\n<td>\n<p><del>MARECHAL FLORIANO &#8211; VARA UNICA<\/del><\/p>\n<\/td>\n<td>\n<p><del>3<\/del><\/p>\n<\/td>\n<\/tr>\n<tr>\n<td>\n<p><del>MARILANDIA &#8211; VARA UNICA<\/del><\/p>\n<\/td>\n<td>\n<p><del>4<\/del><\/p>\n<\/td>\n<\/tr>\n<tr>\n<td>\n<p><del>MIMOSO DO SUL &#8211; 1\u00aa VARA<\/del><\/p>\n<\/td>\n<td>\n<p><del>3<\/del><\/p>\n<\/td>\n<\/tr>\n<tr>\n<td>\n<p><del>MIMOSO DO SUL &#8211; 2\u00aa VARA<\/del><\/p>\n<\/td>\n<td>\n<p><del>3<\/del><\/p>\n<\/td>\n<\/tr>\n<tr>\n<td>\n<p><del>MONTANHA &#8211; VARA UNICA<\/del><\/p>\n<\/td>\n<td>\n<p><del>3<\/del><\/p>\n<\/td>\n<\/tr>\n<tr>\n<td>\n<p><del>MUCURICI &#8211; VARA UNICA<\/del><\/p>\n<\/td>\n<td>\n<p><del>3<\/del><\/p>\n<\/td>\n<\/tr>\n<tr>\n<td>\n<p><del>MUNIZ FREIRE &#8211; VARA UNICA<\/del><\/p>\n<\/td>\n<td>\n<p><del>3<\/del><\/p>\n<\/td>\n<\/tr>\n<tr>\n<td>\n<p><del>MUQUI &#8211; VARA UNICA<\/del><\/p>\n<\/td>\n<td>\n<p><del>3<\/del><\/p>\n<\/td>\n<\/tr>\n<tr>\n<td>\n<p><del>NOVA VENECIA &#8211; 1\u00aa VARA CIVEL<\/del><\/p>\n<\/td>\n<td>\n<p><del>2<\/del><\/p>\n<\/td>\n<\/tr>\n<tr>\n<td>\n<p><del>NOVA VENECIA &#8211; 2\u00aa VARA CIVEL<\/del><\/p>\n<\/td>\n<td>\n<p><del>3<\/del><\/p>\n<\/td>\n<\/tr>\n<tr>\n<td>\n<p><del>NOVA VENECIA &#8211; 2\u00aa VARA CRIMINAL<\/del><\/p>\n<\/td>\n<td>\n<p><del>3<\/del><\/p>\n<\/td>\n<\/tr>\n<tr>\n<td>\n<p><del>NOVA VENECIA &#8211; JUIZADO ESPECIAL CIVEL, CRIMINAL E DA FAZENDA PUBLICA<\/del><\/p>\n<\/td>\n<td>\n<p><del>4<\/del><\/p>\n<\/td>\n<\/tr>\n<tr>\n<td>\n<p><del>NOVA VENECIA &#8211; VARA DE FAMILIA, ORFAOS E SUCESSOES E DA INFANCIA E DA JUVENTUDE<\/del><\/p>\n<\/td>\n<td>\n<p><del>3<\/del><\/p>\n<\/td>\n<\/tr>\n<tr>\n<td>\n<p><del>PANCAS &#8211; 1\u00aa VARA<\/del><\/p>\n<\/td>\n<td>\n<p><del>3<\/del><\/p>\n<\/td>\n<\/tr>\n<tr>\n<td>\n<p><del>PANCAS &#8211; 2\u00aa VARA<\/del><\/p>\n<\/td>\n<td>\n<p><del>3<\/del><\/p>\n<\/td>\n<\/tr>\n<tr>\n<td>\n<p><del>PEDRO CANARIO &#8211; VARA UNICA<\/del><\/p>\n<\/td>\n<td>\n<p><del>3<\/del><\/p>\n<\/td>\n<\/tr>\n<tr>\n<td>\n<p><del>PINHEIROS &#8211; VARA UNICA<\/del><\/p>\n<\/td>\n<td>\n<p><del>4<\/del><\/p>\n<\/td>\n<\/tr>\n<tr>\n<td>\n<p><del>PIUMA &#8211; 1\u00aa VARA<\/del><\/p>\n<\/td>\n<td>\n<p><del>3<\/del><\/p>\n<\/td>\n<\/tr>\n<tr>\n<td>\n<p><del>PIUMA &#8211; 2\u00aa VARA<\/del><\/p>\n<\/td>\n<td>\n<p><del>3<\/del><\/p>\n<\/td>\n<\/tr>\n<tr>\n<td>\n<p><del>PRESIDENTE KENNEDY &#8211; VARA UNICA<\/del><\/p>\n<\/td>\n<td>\n<p><del>3<\/del><\/p>\n<\/td>\n<\/tr>\n<tr>\n<td>\n<p><del>RIO BANANAL &#8211; VARA UNICA<\/del><\/p>\n<\/td>\n<td>\n<p><del>3<\/del><\/p>\n<\/td>\n<\/tr>\n<tr>\n<td>\n<p><del>RIO NOVO DO SUL &#8211; VARA UNICA<\/del><\/p>\n<\/td>\n<td>\n<p><del>3<\/del><\/p>\n<\/td>\n<\/tr>\n<tr>\n<td>\n<p><del>SANTA LEOPOLDINA &#8211; VARA UNICA<\/del><\/p>\n<\/td>\n<td>\n<p><del>3<\/del><\/p>\n<\/td>\n<\/tr>\n<tr>\n<td>\n<p><del>SANTA MARIA DE JETIBA &#8211; 1\u00aa VARA<\/del><\/p>\n<\/td>\n<td>\n<p><del>4<\/del><\/p>\n<\/td>\n<\/tr>\n<tr>\n<td>\n<p><del>SANTA MARIA DE JETIBA &#8211; 2\u00aa VARA<\/del><\/p>\n<\/td>\n<td>\n<p><del>3<\/del><\/p>\n<\/td>\n<\/tr>\n<tr>\n<td>\n<p><del>SANTA TERESA &#8211; VARA UNICA<\/del><\/p>\n<\/td>\n<td>\n<p><del>4<\/del><\/p>\n<\/td>\n<\/tr>\n<tr>\n<td>\n<p><del>SAO DOMINGOS DO NORTE &#8211; VARA UNICA<\/del><\/p>\n<\/td>\n<td>\n<p><del>3<\/del><\/p>\n<\/td>\n<\/tr>\n<tr>\n<td>\n<p><del>SAO GABRIEL DA PALHA &#8211; 1\u00aa VARA<\/del><\/p>\n<\/td>\n<td>\n<p><del>4<\/del><\/p>\n<\/td>\n<\/tr>\n<tr>\n<td>\n<p><del>SAO GABRIEL DA PALHA &#8211; 2\u00aa VARA<\/del><\/p>\n<\/td>\n<td>\n<p><del>3<\/del><\/p>\n<\/td>\n<\/tr>\n<tr>\n<td>\n<p><del>SAO JOSE DO CALCADO &#8211; VARA UNICA<\/del><\/p>\n<\/td>\n<td>\n<p><del>3<\/del><\/p>\n<\/td>\n<\/tr>\n<tr>\n<td>\n<p><del>SAO MATEUS &#8211; 1\u00aa VARA CIVEL<\/del><\/p>\n<\/td>\n<td>\n<p><del>4<\/del><\/p>\n<\/td>\n<\/tr>\n<tr>\n<td>\n<p><del>SAO MATEUS &#8211; 1\u00aa VARA CRIMINAL<\/del><\/p>\n<\/td>\n<td>\n<p><del>2<\/del><\/p>\n<\/td>\n<\/tr>\n<tr>\n<td>\n<p><del>SAO MATEUS &#8211; 1\u00ba JUIZADO ESPECIAL CIVEL, CRIMINAL E DA FAZENDA PUBLICA<\/del><\/p>\n<\/td>\n<td>\n<p><del>4<\/del><\/p>\n<\/td>\n<\/tr>\n<tr>\n<td>\n<p><del>SAO MATEUS &#8211; 2\u00aa VARA CIVEL<\/del><\/p>\n<\/td>\n<td>\n<p><del>3<\/del><\/p>\n<\/td>\n<\/tr>\n<tr>\n<td>\n<p><del>SAO MATEUS &#8211; 2\u00ba JUIZADO ESPECIAL CIVEL, CRIMINAL E DA FAZENDA PUBLICA<\/del><\/p>\n<\/td>\n<td>\n<p><del>4<\/del><\/p>\n<\/td>\n<\/tr>\n<tr>\n<td>\n<p><del>SAO MATEUS &#8211; 3\u00aa VARA CRIMINAL<\/del><\/p>\n<\/td>\n<td>\n<p><del>3<\/del><\/p>\n<\/td>\n<\/tr>\n<tr>\n<td>\n<p><del>SAO MATEUS &#8211; VARA DA INFANCIA E JUVENTUDE E ORFAOS E SUCESSOES<\/del><\/p>\n<\/td>\n<td>\n<p><del>3<\/del><\/p>\n<\/td>\n<\/tr>\n<tr>\n<td>\n<p><del>SAO MATEUS &#8211; VARA FAMILIA<\/del><\/p>\n<\/td>\n<td>\n<p><del>3<\/del><\/p>\n<\/td>\n<\/tr>\n<tr>\n<td>\n<p><del>SERRA &#8211; 1\u00aa VARA CIVEL<\/del><\/p>\n<\/td>\n<td>\n<p><del>4<\/del><\/p>\n<\/td>\n<\/tr>\n<tr>\n<td>\n<p><del>SERRA &#8211; 1\u00aa VARA CRIMINAL<\/del><\/p>\n<\/td>\n<td>\n<p><del>3<\/del><\/p>\n<\/td>\n<\/tr>\n<tr>\n<td>\n<p><del>SERRA &#8211; 1\u00aa VARA DA INFANCIA E JUVENTUDE<\/del><\/p>\n<\/td>\n<td>\n<p><del>3<\/del><\/p>\n<\/td>\n<\/tr>\n<tr>\n<td>\n<p><del>SERRA &#8211; 1\u00aa VARA DE FAMILIA<\/del><\/p>\n<\/td>\n<td>\n<p><del>4<\/del><\/p>\n<\/td>\n<\/tr>\n<tr>\n<td>\n<p><del>SERRA &#8211; 1\u00ba JUIZADO ESPECIAL CIVEL<\/del><\/p>\n<\/td>\n<td>\n<p><del>5<\/del><\/p>\n<\/td>\n<\/tr>\n<tr>\n<td>\n<p><del>SERRA &#8211; 1\u00ba JUIZADO ESPECIAL CRIMINAL E DA FAZENDA PUBLICA<\/del><\/p>\n<\/td>\n<td>\n<p><del>4<\/del><\/p>\n<\/td>\n<\/tr>\n<tr>\n<td>\n<p><del>SERRA &#8211; 2\u00aa VARA CIVEL<\/del><\/p>\n<\/td>\n<td>\n<p><del>4<\/del><\/p>\n<\/td>\n<\/tr>\n<tr>\n<td>\n<p><del>SERRA &#8211; 2\u00aa VARA CRIMINAL<\/del><\/p>\n<\/td>\n<td>\n<p><del>3<\/del><\/p>\n<\/td>\n<\/tr>\n<tr>\n<td>\n<p><del>SERRA &#8211; 2\u00aa VARA DA INFANCIA E JUVENTUDE<\/del><\/p>\n<\/td>\n<td>\n<p><del>3<\/del><\/p>\n<\/td>\n<\/tr>\n<tr>\n<td>\n<p><del>SERRA &#8211; 2\u00aa VARA DE FAMILIA<\/del><\/p>\n<\/td>\n<td>\n<p><del>4<\/del><\/p>\n<\/td>\n<\/tr>\n<tr>\n<td>\n<p><del>SERRA &#8211; 2\u00ba JUIZADO ESPECIAL CIVEL<\/del><\/p>\n<\/td>\n<td>\n<p><del>5<\/del><\/p>\n<\/td>\n<\/tr>\n<tr>\n<td>\n<p><del>SERRA &#8211; 2\u00ba JUIZADO ESPECIAL CRIMINAL E DA FAZENDA PUBLICA<\/del><\/p>\n<\/td>\n<td>\n<p><del>4<\/del><\/p>\n<\/td>\n<\/tr>\n<tr>\n<td>\n<p><del>SERRA &#8211; 3\u00aa VARA CIVEL<\/del><\/p>\n<\/td>\n<td>\n<p><del>4<\/del><\/p>\n<\/td>\n<\/tr>\n<tr>\n<td>\n<p><del>SERRA &#8211; 3\u00aa VARA CRIMINAL<\/del><\/p>\n<\/td>\n<td>\n<p><del>2<\/del><\/p>\n<\/td>\n<\/tr>\n<tr>\n<td>\n<p><del>SERRA &#8211; 3\u00aa VARA DE FAMILIA<\/del><\/p>\n<\/td>\n<td>\n<p><del>4<\/del><\/p>\n<\/td>\n<\/tr>\n<tr>\n<td>\n<p><del>SERRA &#8211; 3\u00ba JUIZADO ESPECIAL CIVEL<\/del><\/p>\n<\/td>\n<td>\n<p><del>5<\/del><\/p>\n<\/td>\n<\/tr>\n<tr>\n<td>\n<p><del>SERRA &#8211; 4\u00aa VARA CIVEL<\/del><\/p>\n<\/td>\n<td>\n<p><del>4<\/del><\/p>\n<\/td>\n<\/tr>\n<tr>\n<td>\n<p><del>SERRA &#8211; 4\u00aa VARA CRIMINAL<\/del><\/p>\n<\/td>\n<td>\n<p><del>3<\/del><\/p>\n<\/td>\n<\/tr>\n<tr>\n<td>\n<p><del>SERRA &#8211; 4\u00aa VARA DE FAMILIA<\/del><\/p>\n<\/td>\n<td>\n<p><del>4<\/del><\/p>\n<\/td>\n<\/tr>\n<tr>\n<td>\n<p><del>SERRA &#8211; 4\u00ba JUIZADO ESPECIAL CIVEL<\/del><\/p>\n<\/td>\n<td>\n<p><del>5<\/del><\/p>\n<\/td>\n<\/tr>\n<tr>\n<td>\n<p><del>SERRA &#8211; 5\u00aa VARA CIVEL<\/del><\/p>\n<\/td>\n<td>\n<p><del>4<\/del><\/p>\n<\/td>\n<\/tr>\n<tr>\n<td>\n<p><del>SERRA &#8211; 5\u00aa VARA CRIMINAL<\/del><\/p>\n<\/td>\n<td>\n<p><del>2<\/del><\/p>\n<\/td>\n<\/tr>\n<tr>\n<td>\n<p><del>SERRA &#8211; 6\u00aa VARA CIVEL<\/del><\/p>\n<\/td>\n<td>\n<p><del>4<\/del><\/p>\n<\/td>\n<\/tr>\n<tr>\n<td>\n<p><del>SERRA &#8211; 6\u00aa VARA CRIMINAL<\/del><\/p>\n<\/td>\n<td>\n<p><del>5<\/del><\/p>\n<\/td>\n<\/tr>\n<tr>\n<td>\n<p><del>SERRA &#8211; VARA DA FAZENDA PUBLICA ESTADUAL<\/del><\/p>\n<\/td>\n<td>\n<p><del>3<\/del><\/p>\n<\/td>\n<\/tr>\n<tr>\n<td>\n<p><del>SERRA &#8211; VARA DE ORFAOS E SUCESSOES<\/del><\/p>\n<\/td>\n<td>\n<p><del>3<\/del><\/p>\n<\/td>\n<\/tr>\n<tr>\n<td>\n<p><del>SERRA &#8211; VARA FAZENDA PUBLICA MUNICIPAL<\/del><\/p>\n<\/td>\n<td>\n<p><del>3<\/del><\/p>\n<\/td>\n<\/tr>\n<tr>\n<td>\n<p><del>TJES &#8211; NUCLEO DE JUSTICA 4.0 &#8211; EXECUCOES FISCAIS ESTADUAIS<\/del><\/p>\n<\/td>\n<td>\n<p><del>3<\/del><\/p>\n<\/td>\n<\/tr>\n<tr>\n<td>\n<p><del>VARGEM ALTA &#8211; VARA UNICA<\/del><\/p>\n<\/td>\n<td>\n<p><del>3<\/del><\/p>\n<\/td>\n<\/tr>\n<tr>\n<td>\n<p><del>VENDA NOVA DO IMIGRANTE &#8211; VARA UNICA<\/del><\/p>\n<\/td>\n<td>\n<p><del>4<\/del><\/p>\n<\/td>\n<\/tr>\n<tr>\n<td>\n<p><del>VIANA &#8211; 1\u00aa VARA CRIMINAL<\/del><\/p>\n<\/td>\n<td>\n<p><del>3<\/del><\/p>\n<\/td>\n<\/tr>\n<tr>\n<td>\n<p><del>VIANA &#8211; 1\u00ba JUIZADO ESPECIAL CIVEL<\/del><\/p>\n<\/td>\n<td>\n<p><del>3<\/del><\/p>\n<\/td>\n<\/tr>\n<tr>\n<td>\n<p><del>VIANA &#8211; 3\u00aa VARA CRIMINAL<\/del><\/p>\n<\/td>\n<td>\n<p><del>3<\/del><\/p>\n<\/td>\n<\/tr>\n<tr>\n<td>\n<p><del>VIANA &#8211; JUIZADO ESPECIAL CRIMINAL E DA FAZENDA PUBLICA<\/del><\/p>\n<\/td>\n<td>\n<p><del>3<\/del><\/p>\n<\/td>\n<\/tr>\n<tr>\n<td>\n<p><del>VIANA &#8211; VARA CIVEL, DA FAZENDA PUBLICA ESTADUAL, MUNICIPAL, DE REGISTROS PUBLICOS E DE MEIO AMBIENTE<\/del><\/p>\n<\/td>\n<td>\n<p><del>4<\/del><\/p>\n<\/td>\n<\/tr>\n<tr>\n<td>\n<p><del>VIANA &#8211; VARA DA INFANCIA E DA JUVENTUDE, ORFAOS E SUCESSOES E ACIDENTES DE TRABALHO<\/del><\/p>\n<\/td>\n<td>\n<p><del>2<\/del><\/p>\n<\/td>\n<\/tr>\n<tr>\n<td>\n<p><del>VIANA &#8211; VARA DE FAMILIA<\/del><\/p>\n<\/td>\n<td>\n<p><del>3<\/del><\/p>\n<\/td>\n<\/tr>\n<tr>\n<td>\n<p><del>VILA VELHA &#8211; 1\u00aa VARA CIVEL<\/del><\/p>\n<\/td>\n<td>\n<p><del>4<\/del><\/p>\n<\/td>\n<\/tr>\n<tr>\n<td>\n<p><del>VILA VELHA &#8211; 1\u00aa VARA CRIMINAL<\/del><\/p>\n<\/td>\n<td>\n<p><del>2<\/del><\/p>\n<\/td>\n<\/tr>\n<tr>\n<td>\n<p><del>VILA VELHA &#8211; 1\u00aa VARA DA FAZENDA MUNICIPAL<\/del><\/p>\n<\/td>\n<td>\n<p><del>3<\/del><\/p>\n<\/td>\n<\/tr>\n<tr>\n<td>\n<p><del>VILA VELHA &#8211; 1\u00aa VARA DA INFANCIA E JUVENTUDE<\/del><\/p>\n<\/td>\n<td>\n<p><del>3<\/del><\/p>\n<\/td>\n<\/tr>\n<tr>\n<td>\n<p><del>VILA VELHA &#8211; 1\u00aa VARA DE FAMILIA<\/del><\/p>\n<\/td>\n<td>\n<p><del>3<\/del><\/p>\n<\/td>\n<\/tr>\n<tr>\n<td>\n<p><del>VILA VELHA &#8211; 1\u00aa VARA DE ORFAOS E SUCESSOES<\/del><\/p>\n<\/td>\n<td>\n<p><del>3<\/del><\/p>\n<\/td>\n<\/tr>\n<tr>\n<td>\n<p><del>VILA VELHA &#8211; 1\u00ba JUIZADO ESPECIAL CIVEL<\/del><\/p>\n<\/td>\n<td>\n<p><del>5<\/del><\/p>\n<\/td>\n<\/tr>\n<tr>\n<td>\n<p><del>VILA VELHA &#8211; 1\u00ba JUIZADO ESPECIAL CRIMINAL E DA FAZENDA PUBLICA<\/del><\/p>\n<\/td>\n<td>\n<p><del>4<\/del><\/p>\n<\/td>\n<\/tr>\n<tr>\n<td>\n<p><del>VILA VELHA &#8211; 2\u00aa VARA CIVEL<\/del><\/p>\n<\/td>\n<td>\n<p><del>4<\/del><\/p>\n<\/td>\n<\/tr>\n<tr>\n<td>\n<p><del>VILA VELHA &#8211; 2\u00aa VARA CRIMINAL<\/del><\/p>\n<\/td>\n<td>\n<p><del>3<\/del><\/p>\n<\/td>\n<\/tr>\n<tr>\n<td>\n<p><del>VILA VELHA &#8211; 2\u00aa VARA DA FAZENDA MUNICIPAL<\/del><\/p>\n<\/td>\n<td>\n<p><del>3<\/del><\/p>\n<\/td>\n<\/tr>\n<tr>\n<td>\n<p><del>VILA VELHA &#8211; 2\u00aa VARA DA INFANCIA E JUVENTUDE<\/del><\/p>\n<\/td>\n<td>\n<p><del>2<\/del><\/p>\n<\/td>\n<\/tr>\n<tr>\n<td>\n<p><del>VILA VELHA &#8211; 2\u00aa VARA DE FAMILIA<\/del><\/p>\n<\/td>\n<td>\n<p><del>3<\/del><\/p>\n<\/td>\n<\/tr>\n<tr>\n<td>\n<p><del>VILA VELHA &#8211; 2\u00aa VARA DE ORFAOS E SUCESSOES<\/del><\/p>\n<\/td>\n<td>\n<p><del>2<\/del><\/p>\n<\/td>\n<\/tr>\n<tr>\n<td>\n<p><del>VILA VELHA &#8211; 2\u00ba JUIZADO ESPECIAL CIVEL<\/del><\/p>\n<\/td>\n<td>\n<p><del>5<\/del><\/p>\n<\/td>\n<\/tr>\n<tr>\n<td>\n<p><del>VILA VELHA &#8211; 2\u00ba JUIZADO ESPECIAL CRIMINAL E DA FAZENDA PUBLICA<\/del><\/p>\n<\/td>\n<td>\n<p><del>4<\/del><\/p>\n<\/td>\n<\/tr>\n<tr>\n<td>\n<p><del>VILA VELHA &#8211; 3\u00aa VARA CIVEL<\/del><\/p>\n<\/td>\n<td>\n<p><del>4<\/del><\/p>\n<\/td>\n<\/tr>\n<tr>\n<td>\n<p><del>VILA VELHA &#8211; 3\u00aa VARA CRIMINAL<\/del><\/p>\n<\/td>\n<td>\n<p><del>3<\/del><\/p>\n<\/td>\n<\/tr>\n<tr>\n<td>\n<p><del>VILA VELHA &#8211; 3\u00aa VARA DE FAMILIA<\/del><\/p>\n<\/td>\n<td>\n<p><del>3<\/del><\/p>\n<\/td>\n<\/tr>\n<tr>\n<td>\n<p><del>VILA VELHA &#8211; 3\u00ba JUIZADO ESPECIAL CRIMINAL E DA FAZENDA PUBLICA<\/del><\/p>\n<\/td>\n<td>\n<p><del>4<\/del><\/p>\n<\/td>\n<\/tr>\n<tr>\n<td>\n<p><del>VILA VELHA &#8211; 4\u00aa VARA CIVEL<\/del><\/p>\n<\/td>\n<td>\n<p><del>4<\/del><\/p>\n<\/td>\n<\/tr>\n<tr>\n<td>\n<p><del>VILA VELHA &#8211; 4\u00aa VARA CRIMINAL<\/del><\/p>\n<\/td>\n<td>\n<p><del>2<\/del><\/p>\n<\/td>\n<\/tr>\n<tr>\n<td>\n<p><del>VILA VELHA &#8211; 4\u00aa VARA DE FAMILIA<\/del><\/p>\n<\/td>\n<td>\n<p><del>3<\/del><\/p>\n<\/td>\n<\/tr>\n<tr>\n<td>\n<p><del>VILA VELHA &#8211; 4\u00ba JUIZADO ESPECIAL CIVEL<\/del><\/p>\n<\/td>\n<td>\n<p><del>5<\/del><\/p>\n<\/td>\n<\/tr>\n<tr>\n<td>\n<p><del>VILA VELHA &#8211; 5\u00aa VARA CIVEL<\/del><\/p>\n<\/td>\n<td>\n<p><del>4<\/del><\/p>\n<\/td>\n<\/tr>\n<tr>\n<td>\n<p><del>VILA VELHA &#8211; 5\u00aa VARA CRIMINAL<\/del><\/p>\n<\/td>\n<td>\n<p><del>3<\/del><\/p>\n<\/td>\n<\/tr>\n<tr>\n<td>\n<p><del>VILA VELHA &#8211; 5\u00ba JUIZADO ESPECIAL CIVEL<\/del><\/p>\n<\/td>\n<td>\n<p><del>5<\/del><\/p>\n<\/td>\n<\/tr>\n<tr>\n<td>\n<p><del>VILA VELHA &#8211; 6\u00aa VARA CIVEL<\/del><\/p>\n<\/td>\n<td>\n<p><del>4<\/del><\/p>\n<\/td>\n<\/tr>\n<tr>\n<td>\n<p><del>VILA VELHA &#8211; 6\u00aa VARA CRIMINAL<\/del><\/p>\n<\/td>\n<td>\n<p><del>2<\/del><\/p>\n<\/td>\n<\/tr>\n<tr>\n<td>\n<p><del>VILA VELHA &#8211; 7\u00aa VARA CRIMINAL<\/del><\/p>\n<\/td>\n<td>\n<p><del>2<\/del><\/p>\n<\/td>\n<\/tr>\n<tr>\n<td>\n<p><del>VILA VELHA &#8211; 9\u00aa VARA CRIMINAL<\/del><\/p>\n<\/td>\n<td>\n<p><del>3<\/del><\/p>\n<\/td>\n<\/tr>\n<tr>\n<td>\n<p><del>VILA VELHA &#8211; VARA DA FAZENDA ESTADUAL REG PUB MEIO AMB<\/del><\/p>\n<\/td>\n<td>\n<p><del>3<\/del><\/p>\n<\/td>\n<\/tr>\n<tr>\n<td>\n<p><del>VILA VELHA &#8211; VARA DE EXECUCOES PENAIS<\/del><\/p>\n<\/td>\n<td>\n<p><del>4<\/del><\/p>\n<\/td>\n<\/tr>\n<tr>\n<td>\n<p><del>VITORIA &#8211; 10\u00aa VARA CIVEL<\/del><\/p>\n<\/td>\n<td>\n<p><del>3<\/del><\/p>\n<\/td>\n<\/tr>\n<tr>\n<td>\n<p><del>VITORIA &#8211; 10\u00aa VARA CRIMINAL<\/del><\/p>\n<\/td>\n<td>\n<p><del>2<\/del><\/p>\n<\/td>\n<\/tr>\n<tr>\n<td>\n<p><del>VITORIA &#8211; 11\u00aa VARA CIVEL<\/del><\/p>\n<\/td>\n<td>\n<p><del>3<\/del><\/p>\n<\/td>\n<\/tr>\n<tr>\n<td>\n<p><del>VITORIA &#8211; 1\u00aa VARA CIVEL<\/del><\/p>\n<\/td>\n<td>\n<p><del>3<\/del><\/p>\n<\/td>\n<\/tr>\n<tr>\n<td>\n<p><del>VITORIA &#8211; 1\u00aa VARA CRIMINAL<\/del><\/p>\n<\/td>\n<td>\n<p><del>2<\/del><\/p>\n<\/td>\n<\/tr>\n<tr>\n<td>\n<p><del>VITORIA &#8211; 1\u00aa VARA DA FAZENDA PUBLICA ESTADUAL, MUNICIPAL, REGISTROS PUBLICOS, MEIO AMBIENTE E SAUDE<\/del><\/p>\n<\/td>\n<td>\n<p><del>3<\/del><\/p>\n<\/td>\n<\/tr>\n<tr>\n<td>\n<p><del>VITORIA &#8211; 1\u00aa VARA DA INFANCIA E DA JUVENTUDE<\/del><\/p>\n<\/td>\n<td>\n<p><del>3<\/del><\/p>\n<\/td>\n<\/tr>\n<tr>\n<td>\n<p><del>VITORIA &#8211; 1\u00aa VARA DE FAMILIA<\/del><\/p>\n<\/td>\n<td>\n<p><del>3<\/del><\/p>\n<\/td>\n<\/tr>\n<tr>\n<td>\n<p><del>VITORIA &#8211; 1\u00aa VARA DE FAZENDA PUBLICA PRIVATIVA DE EXECUCOES FISCAIS MUNICIPAIS<\/del><\/p>\n<\/td>\n<td>\n<p><del>4<\/del><\/p>\n<\/td>\n<\/tr>\n<tr>\n<td>\n<p><del>VITORIA &#8211; 1\u00aa VARA DE ORFAOS E SUCESSOES<\/del><\/p>\n<\/td>\n<td>\n<p><del>3<\/del><\/p>\n<\/td>\n<\/tr>\n<tr>\n<td>\n<p><del>VITORIA &#8211; 1\u00aa VARA ESPECIALIZADA EM VIOLENCIA DOMESTICA E FAMILIAR CONTRA A MULHER<\/del><\/p>\n<\/td>\n<td>\n<p><del>4<\/del><\/p>\n<\/td>\n<\/tr>\n<tr>\n<td>\n<p><del>VITORIA &#8211; 1\u00aa VARA EXECUCAO FISCAL ESTADUAL<\/del><\/p>\n<\/td>\n<td>\n<p><del>2<\/del><\/p>\n<\/td>\n<\/tr>\n<tr>\n<td>\n<p><del>VITORIA &#8211; 1\u00ba JUIZADO ESPECIAL CIVEL<\/del><\/p>\n<\/td>\n<td>\n<p><del>4<\/del><\/p>\n<\/td>\n<\/tr>\n<tr>\n<td>\n<p><del>VITORIA &#8211; 1\u00ba JUIZADO ESPECIAL CRIMINAL E DA FAZENDA PUBLICA<\/del><\/p>\n<\/td>\n<td>\n<p><del>4<\/del><\/p>\n<\/td>\n<\/tr>\n<tr>\n<td>\n<p><del>VITORIA &#8211; 2\u00aa VARA CIVEL<\/del><\/p>\n<\/td>\n<td>\n<p><del>3<\/del><\/p>\n<\/td>\n<\/tr>\n<tr>\n<td>\n<p><del>VITORIA &#8211; 2\u00aa VARA CRIMINAL<\/del><\/p>\n<\/td>\n<td>\n<p><del>2<\/del><\/p>\n<\/td>\n<\/tr>\n<tr>\n<td>\n<p><del>VITORIA &#8211; 2\u00aa VARA DA FAZENDA PUBLICA ESTADUAL, MUNICIPAL, REGISTROS PUBLICOS, MEIO AMBIENTE E SAUDE<\/del><\/p>\n<\/td>\n<td>\n<p><del>3<\/del><\/p>\n<\/td>\n<\/tr>\n<tr>\n<td>\n<p><del>VITORIA &#8211; 2\u00aa VARA DA INFANCIA E DA JUVENTUDE<\/del><\/p>\n<\/td>\n<td>\n<p><del>3<\/del><\/p>\n<\/td>\n<\/tr>\n<tr>\n<td>\n<p><del>VITORIA &#8211; 2\u00aa VARA DE FAMILIA<\/del><\/p>\n<\/td>\n<td>\n<p><del>3<\/del><\/p>\n<\/td>\n<\/tr>\n<tr>\n<td>\n<p><del>VITORIA &#8211; 2\u00aa VARA DE FAZENDA PUBLICA PRIVATIVA DE EXECUCOES FISCAIS MUNICIPAIS<\/del><\/p>\n<\/td>\n<td>\n<p><del>4<\/del><\/p>\n<\/td>\n<\/tr>\n<tr>\n<td>\n<p><del>VITORIA &#8211; 2\u00aa VARA DE ORFAOS E SUCESSOES<\/del><\/p>\n<\/td>\n<td>\n<p><del>3<\/del><\/p>\n<\/td>\n<\/tr>\n<tr>\n<td>\n<p><del>VITORIA &#8211; 2\u00aa VARA EXECUCAO FISCAL<\/del><\/p>\n<\/td>\n<td>\n<p><del>2<\/del><\/p>\n<\/td>\n<\/tr>\n<tr>\n<td>\n<p><del>VITORIA &#8211; 2\u00ba JUIZADO ESPECIAL CIVEL<\/del><\/p>\n<\/td>\n<td>\n<p><del>4<\/del><\/p>\n<\/td>\n<\/tr>\n<tr>\n<td>\n<p><del>VITORIA &#8211; 2\u00ba JUIZADO ESPECIAL CRIMINAL E DA FAZENDA PUBLICA<\/del><\/p>\n<\/td>\n<td>\n<p><del>4<\/del><\/p>\n<\/td>\n<\/tr>\n<tr>\n<td>\n<p><del>VITORIA &#8211; 3\u00aa VARA CIVEL<\/del><\/p>\n<\/td>\n<td>\n<p><del>3<\/del><\/p>\n<\/td>\n<\/tr>\n<tr>\n<td>\n<p><del>VITORIA &#8211; 3\u00aa VARA CRIMINAL<\/del><\/p>\n<\/td>\n<td>\n<p><del>2<\/del><\/p>\n<\/td>\n<\/tr>\n<tr>\n<td>\n<p><del>VITORIA &#8211; 3\u00aa VARA DA FAZENDA PUBLICA ESTADUAL, MUNICIPAL, REGISTROS PUBLICOS, MEIO AMBIENTE E SAUDE<\/del><\/p>\n<\/td>\n<td>\n<p><del>3<\/del><\/p>\n<\/td>\n<\/tr>\n<tr>\n<td>\n<p><del>VITORIA &#8211; 3\u00aa VARA DA INFANCIA E DA JUVENTUDE<\/del><\/p>\n<\/td>\n<td>\n<p><del>2<\/del><\/p>\n<\/td>\n<\/tr>\n<tr>\n<td>\n<p><del>VITORIA &#8211; 3\u00aa VARA DE FAMILIA<\/del><\/p>\n<\/td>\n<td>\n<p><del>3<\/del><\/p>\n<\/td>\n<\/tr>\n<tr>\n<td>\n<p><del>VITORIA &#8211; 3\u00ba JUIZADO ESPECIAL CIVEL<\/del><\/p>\n<\/td>\n<td>\n<p><del>3<\/del><\/p>\n<\/td>\n<\/tr>\n<tr>\n<td>\n<p><del>VITORIA &#8211; 3\u00ba JUIZADO ESPECIAL CRIMINAL E DA FAZENDA PUBLICA<\/del><\/p>\n<\/td>\n<td>\n<p><del>4<\/del><\/p>\n<\/td>\n<\/tr>\n<tr>\n<td>\n<p><del>VITORIA &#8211; 4\u00aa VARA CIVEL<\/del><\/p>\n<\/td>\n<td>\n<p><del>3<\/del><\/p>\n<\/td>\n<\/tr>\n<tr>\n<td>\n<p><del>VITORIA &#8211; 4\u00aa VARA CRIMINAL<\/del><\/p>\n<\/td>\n<td>\n<p><del>2<\/del><\/p>\n<\/td>\n<\/tr>\n<tr>\n<td>\n<p><del>VITORIA &#8211; 4\u00aa VARA DA FAZENDA PUBLICA ESTADUAL, MUNICIPAL, REGISTROS PUBLICOS, MEIO AMBIENTE E SAUDE<\/del><\/p>\n<\/td>\n<td>\n<p><del>3<\/del><\/p>\n<\/td>\n<\/tr>\n<tr>\n<td>\n<p><del>VITORIA &#8211; 4\u00aa VARA DE FAMILIA<\/del><\/p>\n<\/td>\n<td>\n<p><del>3<\/del><\/p>\n<\/td>\n<\/tr>\n<tr>\n<td>\n<p><del>VITORIA &#8211; 4\u00ba JUIZADO ESPECIAL CIVEL<\/del><\/p>\n<\/td>\n<td>\n<p><del>4<\/del><\/p>\n<\/td>\n<\/tr>\n<tr>\n<td>\n<p><del>VITORIA &#8211; 5\u00aa VARA CIVEL<\/del><\/p>\n<\/td>\n<td>\n<p><del>3<\/del><\/p>\n<\/td>\n<\/tr>\n<tr>\n<td>\n<p><del>VITORIA &#8211; 5\u00aa VARA CRIMINAL (VARA ESPECIALIZADA EM CRIMES CONTRA A CRIANCA E O ADOLESCENTE)<\/del><\/p>\n<\/td>\n<td>\n<p><del>2<\/del><\/p>\n<\/td>\n<\/tr>\n<tr>\n<td>\n<p><del>VITORIA &#8211; 5\u00aa VARA DA FAZENDA PUBLICA ESTADUAL, MUNICIPAL, REGISTROS PUBLICOS, MEIO AMBIENTE E SAUDE<\/del><\/p>\n<\/td>\n<td>\n<p><del>3<\/del><\/p>\n<\/td>\n<\/tr>\n<tr>\n<td>\n<p><del>VITORIA &#8211; 5\u00ba JUIZADO ESPECIAL CIVEL<\/del><\/p>\n<\/td>\n<td>\n<p><del>4<\/del><\/p>\n<\/td>\n<\/tr>\n<tr>\n<td>\n<p><del>VITORIA &#8211; 6\u00aa VARA CIVEL<\/del><\/p>\n<\/td>\n<td>\n<p><del>3<\/del><\/p>\n<\/td>\n<\/tr>\n<tr>\n<td>\n<p><del>VITORIA &#8211; 6\u00aa VARA CRIMINAL<\/del><\/p>\n<\/td>\n<td>\n<p><del>2<\/del><\/p>\n<\/td>\n<\/tr>\n<tr>\n<td>\n<p><del>VITORIA &#8211; 6\u00ba JUIZADO ESPECIAL CIVEL<\/del><\/p>\n<\/td>\n<td>\n<p><del>4<\/del><\/p>\n<\/td>\n<\/tr>\n<tr>\n<td>\n<p><del>VITORIA &#8211; 7\u00aa VARA CIVEL<\/del><\/p>\n<\/td>\n<td>\n<p><del>3<\/del><\/p>\n<\/td>\n<\/tr>\n<tr>\n<td>\n<p><del>VITORIA &#8211; 7\u00ba JUIZADO ESPECIAL CIVEL<\/del><\/p>\n<\/td>\n<td>\n<p><del>3<\/del><\/p>\n<\/td>\n<\/tr>\n<tr>\n<td>\n<p><del>VITORIA &#8211; 8\u00aa VARA CIVEL<\/del><\/p>\n<\/td>\n<td>\n<p><del>3<\/del><\/p>\n<\/td>\n<\/tr>\n<tr>\n<td>\n<p><del>VITORIA &#8211; 8\u00aa VARA CRIMINAL<\/del><\/p>\n<\/td>\n<td>\n<p><del>2<\/del><\/p>\n<\/td>\n<\/tr>\n<tr>\n<td>\n<p><del>VITORIA &#8211; 8\u00ba JUIZADO ESPECIAL CIVEL<\/del><\/p>\n<\/td>\n<td>\n<p><del>4<\/del><\/p>\n<\/td>\n<\/tr>\n<tr>\n<td>\n<p><del>VITORIA &#8211; 9\u00aa VARA CIVEL<\/del><\/p>\n<\/td>\n<td>\n<p><del>3<\/del><\/p>\n<\/td>\n<\/tr>\n<tr>\n<td>\n<p><del>VITORIA &#8211; 9\u00aa VARA CRIMINAL<\/del><\/p>\n<\/td>\n<td>\n<p><del>2<\/del><\/p>\n<\/td>\n<\/tr>\n<tr>\n<td>\n<p><del>VITORIA &#8211; 9\u00ba JUIZADO ESPECIAL CIVEL<\/del><\/p>\n<\/td>\n<td>\n<p><del>4<\/del><\/p>\n<\/td>\n<\/tr>\n<tr>\n<td>\n<p><del>VITORIA &#8211; CIASE &#8211; CENTRO INTEGRADO DE ATENDIMENTO SOCIOEDUCATIVO<\/del><\/p>\n<\/td>\n<td>\n<p><del>4<\/del><\/p>\n<\/td>\n<\/tr>\n<tr>\n<td>\n<p><del>VITORIA &#8211; VARA DE AUDITORIA MILITAR<\/del><\/p>\n<\/td>\n<td>\n<p><del>2<\/del><\/p>\n<\/td>\n<\/tr>\n<tr>\n<td>\n<p><del>VITORIA &#8211; VARA DE RECUPERACAO JUDICIAL E FALENCIA<\/del><\/p>\n<\/td>\n<td>\n<p><del>3<\/del><\/p>\n<\/td>\n<\/tr>\n<tr>\n<td>\n<p><del>VITORIA &#8211; VARA ESPECIALIZADA ACIDENTE DE TRABALHO<\/del><\/p>\n<\/td>\n<td>\n<p><del>3<\/del><\/p>\n<\/td>\n<\/tr>\n<tr>\n<td>\n<p><del>COLEGIADO RECURSAL &#8211; 1\u00aa TURMA RECURSAL<\/del><\/p>\n<\/td>\n<td>\n<p><del>6<\/del><\/p>\n<\/td>\n<\/tr>\n<tr>\n<td>\n<p><del>COLEGIADO RECURSAL &#8211; 2\u00aa TURMA RECURSAL<\/del><\/p>\n<\/td>\n<td>\n<p><del>6<\/del><\/p>\n<\/td>\n<\/tr>\n<tr>\n<td>\n<p><del>COLEGIADO RECURSAL &#8211; 3\u00aa TURMA RECURSAL<\/del><\/p>\n<\/td>\n<td>\n<p><del>6<\/del><\/p>\n<\/td>\n<\/tr>\n<tr>\n<td>\n<p><del>COLEGIADO RECURSAL &#8211; 4\u00aa TURMA RECURSAL<\/del><\/p>\n<\/td>\n<td>\n<p><del>6<\/del><\/p>\n<\/td>\n<\/tr>\n<tr>\n<td>\n<p><del>COLEGIADO RECURSAL &#8211; 5\u00aa TURMA RECURSAL<\/del><\/p>\n<\/td>\n<td>\n<p><del>6<\/del><\/p>\n<\/td>\n<\/tr>\n<tr>\n<td>\n<p><del><strong>TOTAL<\/strong><\/del><\/p>\n<\/td>\n<td>\n<p><del><strong>1030<\/strong><\/del><\/p>\n<\/td>\n<\/tr>\n<\/tbody>\n<\/table>\n<p>\u00a0<\/p>\n<p><br \/><br \/><del>\u00a0<\/del><\/p>\n<table>\n<tbody>\n<tr>\n<td colspan=\"2\">\n<p><del><strong>TABELA 5 &#8211; UNIDADES DE ORGANIZA\u00c7\u00c3O DE APOIO DO 1\u00ba GRAU<\/strong><\/del><\/p>\n<\/td>\n<\/tr>\n<tr>\n<td>\n<p><del><strong>SETOR<\/strong><\/del><\/p>\n<\/td>\n<td>\n<p><del><strong>ESTAGI\u00c1RIO DE GRADUA\u00c7\u00c3O<\/strong><\/del><\/p>\n<p><del><strong>(&#8220;Itinerantes&#8221;)<\/strong><\/del><\/p>\n<\/td>\n<\/tr>\n<tr>\n<td>\n<p><del>COMARCA DA CAPITAL &#8211; CARIACICA &#8211; DIR. DO FORO<\/del><\/p>\n<\/td>\n<td>\n<p><del>18<\/del><\/p>\n<\/td>\n<\/tr>\n<tr>\n<td>\n<p><del>COMARCA DA CAPITAL &#8211; FUNDAO &#8211; DIR. DO FORO<\/del><\/p>\n<\/td>\n<td>\n<p><del>1<\/del><\/p>\n<\/td>\n<\/tr>\n<tr>\n<td>\n<p><del>COMARCA DA CAPITAL &#8211; GUARAPARI &#8211; DIR. DO FORO<\/del><\/p>\n<\/td>\n<td>\n<p><del>7<\/del><\/p>\n<\/td>\n<\/tr>\n<tr>\n<td>\n<p><del>COMARCA DA CAPITAL &#8211; SERRA &#8211; DIRETORIA DO FORO<\/del><\/p>\n<\/td>\n<td>\n<p><del>24<\/del><\/p>\n<\/td>\n<\/tr>\n<tr>\n<td>\n<p><del>COMARCA DA CAPITAL &#8211; VIANA &#8211; DIRETORIA DO FORO<\/del><\/p>\n<\/td>\n<td>\n<p><del>4<\/del><\/p>\n<\/td>\n<\/tr>\n<tr>\n<td>\n<p><del>COMARCA DA CAPITAL &#8211; VILA VELHA &#8211; DIR. DO FORO<\/del><\/p>\n<\/td>\n<td>\n<p><del>26<\/del><\/p>\n<\/td>\n<\/tr>\n<tr>\n<td>\n<p><del>COMARCA DA CAPITAL &#8211; VITORIA &#8211; DIR. DO FORO<\/del><\/p>\n<\/td>\n<td>\n<p><del>31<\/del><\/p>\n<\/td>\n<\/tr>\n<tr>\n<td>\n<p><del>AFONSO CLAUDIO &#8211; DIRETORIA DO FORO<\/del><\/p>\n<\/td>\n<td>\n<p><del>2<\/del><\/p>\n<\/td>\n<\/tr>\n<tr>\n<td>\n<p><del>AGUA DOCE DO NORTE &#8211; DIRETORIA DO FORO<\/del><\/p>\n<\/td>\n<td>\n<p><del>1<\/del><\/p>\n<\/td>\n<\/tr>\n<tr>\n<td>\n<p><del>ALEGRE &#8211; DIRETORIA DO FORO<\/del><\/p>\n<\/td>\n<td>\n<p><del>2<\/del><\/p>\n<\/td>\n<\/tr>\n<tr>\n<td>\n<p><del>ANCHIETA &#8211; DIRETORIA DO FORO<\/del><\/p>\n<\/td>\n<td>\n<p><del>2<\/del><\/p>\n<\/td>\n<\/tr>\n<tr>\n<td>\n<p><del>ARACRUZ &#8211; DIRETORIA DO FORO<\/del><\/p>\n<\/td>\n<td>\n<p><del>6<\/del><\/p>\n<\/td>\n<\/tr>\n<tr>\n<td>\n<p><del>ATILIO VIVACQUA &#8211; DIRETORIA DO FORO<\/del><\/p>\n<\/td>\n<td>\n<p><del>1<\/del><\/p>\n<\/td>\n<\/tr>\n<tr>\n<td>\n<p><del>BAIXO GUANDU &#8211; DIRETORIA DO FORO<\/del><\/p>\n<\/td>\n<td>\n<p><del>2<\/del><\/p>\n<\/td>\n<\/tr>\n<tr>\n<td>\n<p><del>BARRA DE SAO FRANCISCO &#8211; DIRETORIA DO FORO<\/del><\/p>\n<\/td>\n<td>\n<p><del>3<\/del><\/p>\n<\/td>\n<\/tr>\n<tr>\n<td>\n<p><del>BOA ESPERANCA &#8211; DIRETORIA DO FORO<\/del><\/p>\n<\/td>\n<td>\n<p><del>1<\/del><\/p>\n<\/td>\n<\/tr>\n<tr>\n<td>\n<p><del>BOM JESUS DO NORTE &#8211; DIRETORIA DO FORO<\/del><\/p>\n<\/td>\n<td>\n<p><del>1<\/del><\/p>\n<\/td>\n<\/tr>\n<tr>\n<td>\n<p><del>CACHOEIRO DE ITAPEMIRIM &#8211; DIRETORIA DO FORO<\/del><\/p>\n<\/td>\n<td>\n<p><del>11<\/del><\/p>\n<\/td>\n<\/tr>\n<tr>\n<td>\n<p><del>CASTELO &#8211; DIRETORIA DO FORO<\/del><\/p>\n<\/td>\n<td>\n<p><del>2<\/del><\/p>\n<\/td>\n<\/tr>\n<tr>\n<td>\n<p><del>COLATINA &#8211; DIRETORIA DO FORO<\/del><\/p>\n<\/td>\n<td>\n<p><del>9<\/del><\/p>\n<\/td>\n<\/tr>\n<tr>\n<td>\n<p><del>CONCEICAO DA BARRA &#8211; DIRETORIA DO FORO<\/del><\/p>\n<\/td>\n<td>\n<p><del>1<\/del><\/p>\n<\/td>\n<\/tr>\n<tr>\n<td>\n<p><del>CONCEICAO DO CASTELO &#8211; DIRETORIA DO FORO<\/del><\/p>\n<\/td>\n<td>\n<p><del>1<\/del><\/p>\n<\/td>\n<\/tr>\n<tr>\n<td>\n<p><del>DOMINGOS MARTINS &#8211; DIRETORIA DO FORO<\/del><\/p>\n<\/td>\n<td>\n<p><del>2<\/del><\/p>\n<\/td>\n<\/tr>\n<tr>\n<td>\n<p><del>DORES DO RIO PRETO &#8211; DIRETORIA DO FORO<\/del><\/p>\n<\/td>\n<td>\n<p><del>1<\/del><\/p>\n<\/td>\n<\/tr>\n<tr>\n<td>\n<p><del>ECOPORANGA &#8211; DIRETORIA DO FORO<\/del><\/p>\n<\/td>\n<td>\n<p><del>1<\/del><\/p>\n<\/td>\n<\/tr>\n<tr>\n<td>\n<p><del>GUACUI &#8211; DIRETORIA DO FORO<\/del><\/p>\n<\/td>\n<td>\n<p><del>2<\/del><\/p>\n<\/td>\n<\/tr>\n<tr>\n<td>\n<p><del>IBATIBA &#8211; DIRETORIA DO FORO<\/del><\/p>\n<\/td>\n<td>\n<p><del>2<\/del><\/p>\n<\/td>\n<\/tr>\n<tr>\n<td>\n<p><del>IBIRACU &#8211; DIRETORIA DO FORO<\/del><\/p>\n<\/td>\n<td>\n<p><del>1<\/del><\/p>\n<\/td>\n<\/tr>\n<tr>\n<td>\n<p><del>IBITIRAMA &#8211; DIRETORIA DO FORO<\/del><\/p>\n<\/td>\n<td>\n<p><del>1<\/del><\/p>\n<\/td>\n<\/tr>\n<tr>\n<td>\n<p><del>ICONHA &#8211; DIRETORIA DO FORO<\/del><\/p>\n<\/td>\n<td>\n<p><del>1<\/del><\/p>\n<\/td>\n<\/tr>\n<tr>\n<td>\n<p><del>ITAGUACU &#8211; DIRETORIA DO FORO<\/del><\/p>\n<\/td>\n<td>\n<p><del>1<\/del><\/p>\n<\/td>\n<\/tr>\n<tr>\n<td>\n<p><del>ITAPEMIRIM &#8211; DIRETORIA DO FORO<\/del><\/p>\n<\/td>\n<td>\n<p><del>3<\/del><\/p>\n<\/td>\n<\/tr>\n<tr>\n<td>\n<p><del>ITARANA &#8211; DIRETORIA DO FORO<\/del><\/p>\n<\/td>\n<td>\n<p><del>1<\/del><\/p>\n<\/td>\n<\/tr>\n<tr>\n<td>\n<p><del>IUNA &#8211; DIRETORIA DO FORO<\/del><\/p>\n<\/td>\n<td>\n<p><del>2<\/del><\/p>\n<\/td>\n<\/tr>\n<tr>\n<td>\n<p><del>JAGUARE &#8211; DIRETORIA DO FORO<\/del><\/p>\n<\/td>\n<td>\n<p><del>2<\/del><\/p>\n<\/td>\n<\/tr>\n<tr>\n<td>\n<p><del>JERONIMO MONTEIRO &#8211; DIRETORIA DO FORO<\/del><\/p>\n<\/td>\n<td>\n<p><del>1<\/del><\/p>\n<\/td>\n<\/tr>\n<tr>\n<td>\n<p><del>JOAO NEIVA &#8211; DIRETORIA DO FORO<\/del><\/p>\n<\/td>\n<td>\n<p><del>1<\/del><\/p>\n<\/td>\n<\/tr>\n<tr>\n<td>\n<p><del>LARANJA DA TERRA &#8211; DIRETORIA DO FORO<\/del><\/p>\n<\/td>\n<td>\n<p><del>1<\/del><\/p>\n<\/td>\n<\/tr>\n<tr>\n<td>\n<p><del>LINHARES &#8211; DIRETORIA DO FORO<\/del><\/p>\n<\/td>\n<td>\n<p><del>11<\/del><\/p>\n<\/td>\n<\/tr>\n<tr>\n<td>\n<p><del>MANTENOPOLIS &#8211; DIRETORIA DO FORO<\/del><\/p>\n<\/td>\n<td>\n<p><del>1<\/del><\/p>\n<\/td>\n<\/tr>\n<tr>\n<td>\n<p><del>MARATAIZES &#8211; DIRETORIA DO FORO<\/del><\/p>\n<\/td>\n<td>\n<p><del>3<\/del><\/p>\n<\/td>\n<\/tr>\n<tr>\n<td>\n<p><del>MARECHAL FLORIANO &#8211; DIRETORIA DO FORO<\/del><\/p>\n<\/td>\n<td>\n<p><del>1<\/del><\/p>\n<\/td>\n<\/tr>\n<tr>\n<td>\n<p><del>MARILANDIA &#8211; DIRETORIA DO FORO<\/del><\/p>\n<\/td>\n<td>\n<p><del>1<\/del><\/p>\n<\/td>\n<\/tr>\n<tr>\n<td>\n<p><del>MIMOSO DO SUL &#8211; DIRETORIA DO FORO<\/del><\/p>\n<\/td>\n<td>\n<p><del>2<\/del><\/p>\n<\/td>\n<\/tr>\n<tr>\n<td>\n<p><del>MONTANHA &#8211; DIRETORIA DO FORO<\/del><\/p>\n<\/td>\n<td>\n<p><del>1<\/del><\/p>\n<\/td>\n<\/tr>\n<tr>\n<td>\n<p><del>MUCURICI &#8211; DIRETORIA DO FORO<\/del><\/p>\n<\/td>\n<td>\n<p><del>1<\/del><\/p>\n<\/td>\n<\/tr>\n<tr>\n<td>\n<p><del>MUNIZ FREIRE &#8211; DIRETORIA DO FORO<\/del><\/p>\n<\/td>\n<td>\n<p><del>1<\/del><\/p>\n<\/td>\n<\/tr>\n<tr>\n<td>\n<p><del>MUQUI &#8211; DIRETORIA DO FORO<\/del><\/p>\n<\/td>\n<td>\n<p><del>1<\/del><\/p>\n<\/td>\n<\/tr>\n<tr>\n<td>\n<p><del>NOVA VENECIA &#8211; DIRETORIA DO FORO<\/del><\/p>\n<\/td>\n<td>\n<p><del>3<\/del><\/p>\n<\/td>\n<\/tr>\n<tr>\n<td>\n<p><del>PANCAS &#8211; DIRETORIA DO FORO<\/del><\/p>\n<\/td>\n<td>\n<p><del>1<\/del><\/p>\n<\/td>\n<\/tr>\n<tr>\n<td>\n<p><del>PEDRO CANARIO &#8211; DIRETORIA DO FORO<\/del><\/p>\n<\/td>\n<td>\n<p><del>1<\/del><\/p>\n<\/td>\n<\/tr>\n<tr>\n<td>\n<p><del>PINHEIROS &#8211; DIRETORIA DO FORO<\/del><\/p>\n<\/td>\n<td>\n<p><del>1<\/del><\/p>\n<\/td>\n<\/tr>\n<tr>\n<td>\n<p><del>PIUMA &#8211; DIRETORIA DO FORO<\/del><\/p>\n<\/td>\n<td>\n<p><del>2<\/del><\/p>\n<\/td>\n<\/tr>\n<tr>\n<td>\n<p><del>PRESIDENTE KENNEDY &#8211; DIRETORIA DO FORO<\/del><\/p>\n<\/td>\n<td>\n<p><del>1<\/del><\/p>\n<\/td>\n<\/tr>\n<tr>\n<td>\n<p><del>RIO BANANAL &#8211; DIRETORIA DO FORO<\/del><\/p>\n<\/td>\n<td>\n<p><del>1<\/del><\/p>\n<\/td>\n<\/tr>\n<tr>\n<td>\n<p><del>RIO NOVO DO SUL &#8211; DIRETORIA DO FORO<\/del><\/p>\n<\/td>\n<td>\n<p><del>1<\/del><\/p>\n<\/td>\n<\/tr>\n<tr>\n<td>\n<p><del>SANTA LEOPOLDINA &#8211; DIRETORIA DO FORO<\/del><\/p>\n<\/td>\n<td>\n<p><del>1<\/del><\/p>\n<\/td>\n<\/tr>\n<tr>\n<td>\n<p><del>SANTA MARIA DE JETIBA &#8211; DIRETORIA DO FORO<\/del><\/p>\n<\/td>\n<td>\n<p><del>2<\/del><\/p>\n<\/td>\n<\/tr>\n<tr>\n<td>\n<p><del>SANTA TERESA &#8211; DIRETORIA DO FORO<\/del><\/p>\n<\/td>\n<td>\n<p><del>2<\/del><\/p>\n<\/td>\n<\/tr>\n<tr>\n<td>\n<p><del>SAO DOMINGOS DO NORTE &#8211; DIRETORIA DO FORO<\/del><\/p>\n<\/td>\n<td>\n<p><del>1<\/del><\/p>\n<\/td>\n<\/tr>\n<tr>\n<td>\n<p><del>SAO GABRIEL DA PALHA &#8211; DIRETORIA DO FORO<\/del><\/p>\n<\/td>\n<td>\n<p><del>2<\/del><\/p>\n<\/td>\n<\/tr>\n<tr>\n<td>\n<p><del>SAO JOSE DO CALCADO &#8211; DIRETORIA DO FORO<\/del><\/p>\n<\/td>\n<td>\n<p><del>1<\/del><\/p>\n<\/td>\n<\/tr>\n<tr>\n<td>\n<p><del>SAO MATEUS &#8211; DIRETORIA DO FORO<\/del><\/p>\n<\/td>\n<td>\n<p><del>6<\/del><\/p>\n<\/td>\n<\/tr>\n<tr>\n<td>\n<p><del>VARGEM ALTA &#8211; DIRETORIA DO FORO<\/del><\/p>\n<\/td>\n<td>\n<p><del>1<\/del><\/p>\n<\/td>\n<\/tr>\n<tr>\n<td>\n<p><del>VENDA NOVA DO IMIGRANTE &#8211; DIRETORIA DO FORO<\/del><\/p>\n<\/td>\n<td>\n<p><del>2<\/del><\/p>\n<\/td>\n<\/tr>\n<tr>\n<td>\n<p><del><strong>TOTAL<\/strong><\/del><\/p>\n<\/td>\n<td>\n<p><del><strong>231<\/strong><\/del><\/p>\n<\/td>\n<\/tr>\n<\/tbody>\n<\/table>\n<p>\u00a0<\/p>\n<p><br \/><br \/><del>\u00a0<\/del><\/p>\n<table>\n<tbody>\n<tr>\n<td colspan=\"2\">\n<p><del><strong>TABELA 6 &#8211; 1\u00ba GRAU &#8211; GABINETES DOS JUIZADOS ESPECIAIS<\/strong><\/del><\/p>\n<\/td>\n<\/tr>\n<tr>\n<td>\n<p><del><strong>UNIDADE<\/strong><\/del><\/p>\n<\/td>\n<td>\n<p><del><strong>ESTAGI\u00c1RIO DE CONCILIA\u00c7\u00c3O<\/strong><\/del><\/p>\n<\/td>\n<\/tr>\n<tr>\n<td>\n<p><del>CARIACICA &#8211; 1\u00ba JUIZADO ESP. CRIMINAL\/FAZ. PUBLICA<\/del><\/p>\n<\/td>\n<td>\n<p><del>1<\/del><\/p>\n<\/td>\n<\/tr>\n<tr>\n<td>\n<p><del>CARIACICA &#8211; 2\u00ba JUIZADO ESP. CRIMINAL\/FAZ. PUBLICA<\/del><\/p>\n<\/td>\n<td>\n<p><del>1<\/del><\/p>\n<\/td>\n<\/tr>\n<tr>\n<td>\n<p><del>CARIACICA &#8211; 1\u00ba JUIZADO ESPECIAL CIVEL<\/del><\/p>\n<\/td>\n<td>\n<p><del>2<\/del><\/p>\n<\/td>\n<\/tr>\n<tr>\n<td>\n<p><del>CARIACICA &#8211; 2\u00ba JUIZADO ESPECIAL CIVEL<\/del><\/p>\n<\/td>\n<td>\n<p><del>2<\/del><\/p>\n<\/td>\n<\/tr>\n<tr>\n<td>\n<p><del>CARIACICA &#8211; 3\u00ba JUIZADO ESPECIAL CIVEL<\/del><\/p>\n<\/td>\n<td>\n<p><del>2<\/del><\/p>\n<\/td>\n<\/tr>\n<tr>\n<td>\n<p><del>CARIACICA &#8211; 4\u00ba JUIZADO ESPECIAL CIVEL<\/del><\/p>\n<\/td>\n<td>\n<p><del>2<\/del><\/p>\n<\/td>\n<\/tr>\n<tr>\n<td>\n<p><del>GUARAPARI &#8211; 1\u00ba JUIZADO ESP. CRIMINAL\/FAZ. PUBLICA<\/del><\/p>\n<\/td>\n<td>\n<p><del>1<\/del><\/p>\n<\/td>\n<\/tr>\n<tr>\n<td>\n<p><del>GUARAPARI &#8211; 1\u00ba JUIZADO ESPECIAL CIVEL<\/del><\/p>\n<\/td>\n<td>\n<p><del>1<\/del><\/p>\n<\/td>\n<\/tr>\n<tr>\n<td>\n<p><del>GUARAPARI &#8211; 2\u00ba JUIZADO ESPECIAL CIVEL<\/del><\/p>\n<\/td>\n<td>\n<p><del>1<\/del><\/p>\n<\/td>\n<\/tr>\n<tr>\n<td>\n<p><del>SERRA &#8211; 1\u00ba JUIZADO ESPECIAL CRIMINAL\/FAZ PUBLICA<\/del><\/p>\n<\/td>\n<td>\n<p><del>1<\/del><\/p>\n<\/td>\n<\/tr>\n<tr>\n<td>\n<p><del>SERRA &#8211; 2\u00ba JUIZADO ESPECIAL CRIMINAL\/FAZ PUBLICA<\/del><\/p>\n<\/td>\n<td>\n<p><del>1<\/del><\/p>\n<\/td>\n<\/tr>\n<tr>\n<td>\n<p><del>SERRA &#8211; 1\u00ba JUIZADO ESPECIAL CIVEL<\/del><\/p>\n<\/td>\n<td>\n<p><del>2<\/del><\/p>\n<\/td>\n<\/tr>\n<tr>\n<td>\n<p><del>SERRA &#8211; 2\u00ba JUIZADO ESPECIAL CIVEL<\/del><\/p>\n<\/td>\n<td>\n<p><del>2<\/del><\/p>\n<\/td>\n<\/tr>\n<tr>\n<td>\n<p><del>SERRA &#8211; 3\u00ba JUIZADO ESPECIAL CIVEL<\/del><\/p>\n<\/td>\n<td>\n<p><del>2<\/del><\/p>\n<\/td>\n<\/tr>\n<tr>\n<td>\n<p><del>SERRA &#8211; 4\u00ba JUIZADO ESPECIAL CIVEL<\/del><\/p>\n<\/td>\n<td>\n<p><del>2<\/del><\/p>\n<\/td>\n<\/tr>\n<tr>\n<td>\n<p><del>VIANA &#8211; 1\u00ba JUIZADO ESPECIAL CIVEL<\/del><\/p>\n<\/td>\n<td>\n<p><del>1<\/del><\/p>\n<\/td>\n<\/tr>\n<tr>\n<td>\n<p><del>VIANA &#8211; 1\u00ba JUIZADO ESPECIAL CRIMIN\/FAZ. PUBLICA<\/del><\/p>\n<\/td>\n<td>\n<p><del>1<\/del><\/p>\n<\/td>\n<\/tr>\n<tr>\n<td>\n<p><del>VILA VELHA &#8211; 1\u00ba JUIZADO ESP. CRIMINAL\/FAZ. PUBLICA<\/del><\/p>\n<\/td>\n<td>\n<p><del>1<\/del><\/p>\n<\/td>\n<\/tr>\n<tr>\n<td>\n<p><del>VILA VELHA &#8211; 2\u00ba JUIZADO ESP. CRIMINAL\/FAZ. PUBLICA<\/del><\/p>\n<\/td>\n<td>\n<p><del>1<\/del><\/p>\n<\/td>\n<\/tr>\n<tr>\n<td>\n<p><del>VILA VELHA &#8211; 3\u00ba JUIZADO ESP. CRIMINAL\/FAZ. PUBLICA<\/del><\/p>\n<\/td>\n<td>\n<p><del>1<\/del><\/p>\n<\/td>\n<\/tr>\n<tr>\n<td>\n<p><del>VILA VELHA &#8211; 1\u00ba JUIZADO ESPECIAL CIVEL<\/del><\/p>\n<\/td>\n<td>\n<p><del>2<\/del><\/p>\n<\/td>\n<\/tr>\n<tr>\n<td>\n<p><del>VILA VELHA &#8211; 2\u00ba JUIZADO ESPECIAL CIVEL<\/del><\/p>\n<\/td>\n<td>\n<p><del>2<\/del><\/p>\n<\/td>\n<\/tr>\n<tr>\n<td>\n<p><del>VILA VELHA &#8211; 4\u00ba JUIZADO ESPECIAL CIVEL<\/del><\/p>\n<\/td>\n<td>\n<p><del>2<\/del><\/p>\n<\/td>\n<\/tr>\n<tr>\n<td>\n<p><del>VILA VELHA &#8211; 5\u00ba JUIZADO ESPECIAL CIVEL<\/del><\/p>\n<\/td>\n<td>\n<p><del>2<\/del><\/p>\n<\/td>\n<\/tr>\n<tr>\n<td>\n<p><del>VITORIA &#8211; 1\u00ba JUIZADO ESP. CRIMINAL\/FAZ PUBLICA<\/del><\/p>\n<\/td>\n<td>\n<p><del>2<\/del><\/p>\n<\/td>\n<\/tr>\n<tr>\n<td>\n<p><del>VITORIA &#8211; 2\u00ba JUIZADO ESP. CRIMINAL\/FAZ PUBLICA<\/del><\/p>\n<\/td>\n<td>\n<p><del>2<\/del><\/p>\n<\/td>\n<\/tr>\n<tr>\n<td>\n<p><del>VITORIA &#8211; 3\u00ba JUIZADO ESP. CRIMINAL\/FAZ PUBLICA<\/del><\/p>\n<\/td>\n<td>\n<p><del>2<\/del><\/p>\n<\/td>\n<\/tr>\n<tr>\n<td>\n<p><del>VITORIA &#8211; 1\u00ba JUIZADO ESPECIAL CIVEL<\/del><\/p>\n<\/td>\n<td>\n<p><del>1<\/del><\/p>\n<\/td>\n<\/tr>\n<tr>\n<td>\n<p><del>VITORIA &#8211; 2\u00ba JUIZADO ESPECIAL CIVEL<\/del><\/p>\n<\/td>\n<td>\n<p><del>1<\/del><\/p>\n<\/td>\n<\/tr>\n<tr>\n<td>\n<p><del>VITORIA &#8211; 3\u00ba JUIZADO ESPECIAL CIVEL<\/del><\/p>\n<\/td>\n<td>\n<p><del>1<\/del><\/p>\n<\/td>\n<\/tr>\n<tr>\n<td>\n<p><del>VITORIA &#8211; 4\u00ba JUIZADO ESPECIAL CIVEL<\/del><\/p>\n<\/td>\n<td>\n<p><del>1<\/del><\/p>\n<\/td>\n<\/tr>\n<tr>\n<td>\n<p><del>VITORIA &#8211; 5\u00ba JUIZADO ESPECIAL CIVEL<\/del><\/p>\n<\/td>\n<td>\n<p><del>2<\/del><\/p>\n<\/td>\n<\/tr>\n<tr>\n<td>\n<p><del>VITORIA &#8211; 6\u00ba JUIZADO ESPECIAL CIVEL<\/del><\/p>\n<\/td>\n<td>\n<p><del>1<\/del><\/p>\n<\/td>\n<\/tr>\n<tr>\n<td>\n<p><del>VITORIA &#8211; 7\u00ba JUIZADO ESPECIAL CIVEL<\/del><\/p>\n<\/td>\n<td>\n<p><del>1<\/del><\/p>\n<\/td>\n<\/tr>\n<tr>\n<td>\n<p><del>VITORIA &#8211; 8\u00ba JUIZADO ESPECIAL CIVEL<\/del><\/p>\n<\/td>\n<td>\n<p><del>1<\/del><\/p>\n<\/td>\n<\/tr>\n<tr>\n<td>\n<p><del>VITORIA &#8211; 9\u00ba JUIZADO ESPECIAL CIVEL<\/del><\/p>\n<\/td>\n<td>\n<p><del>2<\/del><\/p>\n<\/td>\n<\/tr>\n<tr>\n<td>\n<p><del>AFONSO CLAUDIO &#8211; 1\u00aa VARA &#8211; JEC<\/del><\/p>\n<\/td>\n<td>\n<p><del>0<\/del><\/p>\n<\/td>\n<\/tr>\n<tr>\n<td>\n<p><del>AFONSO CLAUDIO &#8211; 2\u00aa VARA &#8211; JECrim\/JEFAZ<\/del><\/p>\n<\/td>\n<td>\n<p><del>1<\/del><\/p>\n<\/td>\n<\/tr>\n<tr>\n<td>\n<p><del>ALEGRE &#8211; 1\u00aa VARA &#8211; JEC<\/del><\/p>\n<\/td>\n<td>\n<p><del>1<\/del><\/p>\n<\/td>\n<\/tr>\n<tr>\n<td>\n<p><del>ALEGRE &#8211; 2\u00aa VARA &#8211; JECrim\/JEFAZ<\/del><\/p>\n<\/td>\n<td>\n<p><del>1<\/del><\/p>\n<\/td>\n<\/tr>\n<tr>\n<td>\n<p><del>ANCHIETA &#8211; 1\u00aa VARA &#8211; JEC<\/del><\/p>\n<\/td>\n<td>\n<p><del>1<\/del><\/p>\n<\/td>\n<\/tr>\n<tr>\n<td>\n<p><del>ANCHIETA &#8211; 2\u00aa VARA &#8211; JECrim\/JEFAZ<\/del><\/p>\n<\/td>\n<td>\n<p><del>1<\/del><\/p>\n<\/td>\n<\/tr>\n<tr>\n<td>\n<p><del>ARACRUZ &#8211; 1\u00ba JUIZADO ESP CIVEL, CRIM. E FAZ PUB<\/del><\/p>\n<\/td>\n<td>\n<p><del>1<\/del><\/p>\n<\/td>\n<\/tr>\n<tr>\n<td>\n<p><del>ARACRUZ &#8211; 2\u00ba JUIZADO ESP CIVEL, CRIM. E FAZ PUB<\/del><\/p>\n<\/td>\n<td>\n<p><del>1<\/del><\/p>\n<\/td>\n<\/tr>\n<tr>\n<td>\n<p><del>BAIXO GUANDU &#8211; 1\u00aa VARA &#8211; JEC<\/del><\/p>\n<\/td>\n<td>\n<p><del>1<\/del><\/p>\n<\/td>\n<\/tr>\n<tr>\n<td>\n<p><del>BAIXO GUANDU &#8211; 2\u00aa VARA &#8211; JECrim\/JEFAZ<\/del><\/p>\n<\/td>\n<td>\n<p><del>0<\/del><\/p>\n<\/td>\n<\/tr>\n<tr>\n<td>\n<p><del>BARRA DE SAO FRANCIS &#8211; 1\u00baJUIZADO ESP CIV\/CRI\/F PUB<\/del><\/p>\n<\/td>\n<td>\n<p><del>1<\/del><\/p>\n<\/td>\n<\/tr>\n<tr>\n<td>\n<p><del>CACHOEIRO DE ITAPEMIRIM &#8211; 1\u00ba JUIZADO ESP CRI\/F PUB<\/del><\/p>\n<\/td>\n<td>\n<p><del>1<\/del><\/p>\n<\/td>\n<\/tr>\n<tr>\n<td>\n<p><del>CACHOEIRO DE ITAPEMIRIM &#8211; 1\u00ba JUIZADO ESP CIVEL<\/del><\/p>\n<\/td>\n<td>\n<p><del>1<\/del><\/p>\n<\/td>\n<\/tr>\n<tr>\n<td>\n<p><del>CACHOEIRO DE ITAPEMIRIM &#8211; 2\u00ba JUIZADO ESP CIVEL<\/del><\/p>\n<\/td>\n<td>\n<p><del>2<\/del><\/p>\n<\/td>\n<\/tr>\n<tr>\n<td>\n<p><del>CASTELO &#8211; 1\u00aa VARA &#8211; JEC<\/del><\/p>\n<\/td>\n<td>\n<p><del>1<\/del><\/p>\n<\/td>\n<\/tr>\n<tr>\n<td>\n<p><del>CASTELO &#8211; 2\u00aa VARA &#8211; JECrim\/JEFAZ<\/del><\/p>\n<\/td>\n<td>\n<p><del>0<\/del><\/p>\n<\/td>\n<\/tr>\n<tr>\n<td>\n<p><del>COLATINA &#8211; 1\u00ba JUIZADO ESP. CRIMINAL\/FAZ. PUBLICA<\/del><\/p>\n<\/td>\n<td>\n<p><del>1<\/del><\/p>\n<\/td>\n<\/tr>\n<tr>\n<td>\n<p><del>COLATINA &#8211; 1\u00ba JUIZADO ESPECIAL CIVEL<\/del><\/p>\n<\/td>\n<td>\n<p><del>1<\/del><\/p>\n<\/td>\n<\/tr>\n<tr>\n<td>\n<p><del>COLATINA &#8211; 2\u00ba JUIZADO ESPECIAL CIVEL<\/del><\/p>\n<\/td>\n<td>\n<p><del>1<\/del><\/p>\n<\/td>\n<\/tr>\n<tr>\n<td>\n<p><del>COLATINA &#8211; 3\u00ba JUIZADO ESPECIAL CIVEL<\/del><\/p>\n<\/td>\n<td>\n<p><del>1<\/del><\/p>\n<\/td>\n<\/tr>\n<tr>\n<td>\n<p><del>CONCEICAO DA BARRA &#8211; 1\u00aa VARA &#8211; JEC<\/del><\/p>\n<\/td>\n<td>\n<p><del>0<\/del><\/p>\n<\/td>\n<\/tr>\n<tr>\n<td>\n<p><del>CONCEICAO DA BARRA &#8211; 2\u00aa VARA &#8211; JECrim\/JEFAZ<\/del><\/p>\n<\/td>\n<td>\n<p><del>0<\/del><\/p>\n<\/td>\n<\/tr>\n<tr>\n<td>\n<p><del>DOMINGOS MARTINS &#8211; 1\u00aa VARA &#8211; JEC<\/del><\/p>\n<\/td>\n<td>\n<p><del>1<\/del><\/p>\n<\/td>\n<\/tr>\n<tr>\n<td>\n<p><del>DOMINGOS MARTINS &#8211; 2\u00aa VARA &#8211; JECrim\/JEFAZ<\/del><\/p>\n<\/td>\n<td>\n<p><del>1<\/del><\/p>\n<\/td>\n<\/tr>\n<tr>\n<td>\n<p><del>GUACUI &#8211; 1\u00aa VARA &#8211; JEC<\/del><\/p>\n<\/td>\n<td>\n<p><del>0<\/del><\/p>\n<\/td>\n<\/tr>\n<tr>\n<td>\n<p><del>GUACUI &#8211; 2\u00aa VARA &#8211; JECrim\/JEFAZ<\/del><\/p>\n<\/td>\n<td>\n<p><del>1<\/del><\/p>\n<\/td>\n<\/tr>\n<tr>\n<td>\n<p><del>IBIRACU &#8211; 1\u00aa VARA &#8211; JEC<\/del><\/p>\n<\/td>\n<td>\n<p><del>0<\/del><\/p>\n<\/td>\n<\/tr>\n<tr>\n<td>\n<p><del>IBIRACU &#8211; 2\u00aa VARA &#8211; JECrim\/JEFAZ<\/del><\/p>\n<\/td>\n<td>\n<p><del>0<\/del><\/p>\n<\/td>\n<\/tr>\n<tr>\n<td>\n<p><del>ITAPEMIRIM &#8211; 1\u00baJUIZADO ESP CIVEL\/CRIM.\/FAZ. PUB<\/del><\/p>\n<\/td>\n<td>\n<p><del>1<\/del><\/p>\n<\/td>\n<\/tr>\n<tr>\n<td>\n<p><del>IUNA &#8211; 1\u00aa VARA &#8211; JEC<\/del><\/p>\n<\/td>\n<td>\n<p><del>0<\/del><\/p>\n<\/td>\n<\/tr>\n<tr>\n<td>\n<p><del>IUNA &#8211; 2\u00aa VARA &#8211; JECrim\/JEFAZ<\/del><\/p>\n<\/td>\n<td>\n<p><del>0<\/del><\/p>\n<\/td>\n<\/tr>\n<tr>\n<td>\n<p><del>LINHARES &#8211; 1\u00ba JUIZADO ESPECIAL CIVEL<\/del><\/p>\n<\/td>\n<td>\n<p><del>2<\/del><\/p>\n<\/td>\n<\/tr>\n<tr>\n<td>\n<p><del>LINHARES &#8211; 2\u00ba JUIZADO ESPECIAL CIVEL<\/del><\/p>\n<\/td>\n<td>\n<p><del>2<\/del><\/p>\n<\/td>\n<\/tr>\n<tr>\n<td>\n<p><del>LINHARES &#8211; JUIZADO ESPECIAL CRIM.\/FAZ. PUBLICA<\/del><\/p>\n<\/td>\n<td>\n<p><del>2<\/del><\/p>\n<\/td>\n<\/tr>\n<tr>\n<td>\n<p><del>MARATAIZES &#8211; 1\u00ba JUIZADO ESP CIVEL\/CRIM.\/FAZ PUB<\/del><\/p>\n<\/td>\n<td>\n<p><del>1<\/del><\/p>\n<\/td>\n<\/tr>\n<tr>\n<td>\n<p><del>MIMOSO DO SUL &#8211; 1\u00aa VARA &#8211; JEC<\/del><\/p>\n<\/td>\n<td>\n<p><del>1<\/del><\/p>\n<\/td>\n<\/tr>\n<tr>\n<td>\n<p><del>MIMOSO DO SUL &#8211; 2\u00aa VARA &#8211; JECrim\/JEFAZ<\/del><\/p>\n<\/td>\n<td>\n<p><del>0<\/del><\/p>\n<\/td>\n<\/tr>\n<tr>\n<td>\n<p><del>NOVA VENECIA &#8211; 1\u00aa JUIZADO ESP CIVEL\/CRIM\/FAZ PUB<\/del><\/p>\n<\/td>\n<td>\n<p><del>2<\/del><\/p>\n<\/td>\n<\/tr>\n<tr>\n<td>\n<p><del>PANCAS &#8211; 1\u00aa VARA &#8211; JEC<\/del><\/p>\n<\/td>\n<td>\n<p><del>0<\/del><\/p>\n<\/td>\n<\/tr>\n<tr>\n<td>\n<p><del>PANCAS &#8211; 2\u00aa VARA &#8211; JECrim\/JEFAZ<\/del><\/p>\n<\/td>\n<td>\n<p><del>0<\/del><\/p>\n<\/td>\n<\/tr>\n<tr>\n<td>\n<p><del>PIUMA &#8211; 1\u00aa VARA &#8211; JEC<\/del><\/p>\n<\/td>\n<td>\n<p><del>0<\/del><\/p>\n<\/td>\n<\/tr>\n<tr>\n<td>\n<p><del>PIUMA &#8211; 2\u00aa VARA &#8211; JECrim\/JEFAZ<\/del><\/p>\n<\/td>\n<td>\n<p><del>0<\/del><\/p>\n<\/td>\n<\/tr>\n<tr>\n<td>\n<p><del>SANTA MARIA DE JETIBA &#8211; 1\u00aa VARA &#8211; JEC<\/del><\/p>\n<\/td>\n<td>\n<p><del>1<\/del><\/p>\n<\/td>\n<\/tr>\n<tr>\n<td>\n<p><del>SANTA MARIA DE JETIBA &#8211; 2\u00aa VARA &#8211; JECrim\/JEFAZ<\/del><\/p>\n<\/td>\n<td>\n<p><del>0<\/del><\/p>\n<\/td>\n<\/tr>\n<tr>\n<td>\n<p><del>SAO GABRIEL DA PALHA &#8211; 1\u00aa VARA &#8211; JEC<\/del><\/p>\n<\/td>\n<td>\n<p><del>1<\/del><\/p>\n<\/td>\n<\/tr>\n<tr>\n<td>\n<p><del>SAO GABRIEL DA PALHA &#8211; 2\u00aa VARA &#8211; JECrim\/JEFAZ<\/del><\/p>\n<\/td>\n<td>\n<p><del>1<\/del><\/p>\n<\/td>\n<\/tr>\n<tr>\n<td>\n<p><del>SAO MATEUS &#8211; 1\u00ba JUIZADO ESP CIVEL\/CRIM\/FAZ PUB<\/del><\/p>\n<\/td>\n<td>\n<p><del>2<\/del><\/p>\n<\/td>\n<\/tr>\n<tr>\n<td>\n<p><del>SAO MATEUS &#8211; 2\u00ba JUIZADO ESP CIVEL\/CRIM\/FAZ PUB<\/del><\/p>\n<\/td>\n<td>\n<p><del>2<\/del><\/p>\n<\/td>\n<\/tr>\n<tr>\n<td>\n<p><del><strong>TOTAL<\/strong><\/del><\/p>\n<\/td>\n<td>\n<p><del>92<\/del><\/p>\n<\/td>\n<\/tr>\n<\/tbody>\n<\/table>\n","protected":false},"excerpt":{"rendered":"<p>REPUBLICADO EM 22\/07\/2025 TER SIDO NUMERADO COM INCORRE\u00c7\u00c3O (CLIQUE AQUI) PODER JUDICI\u00c1RIO DO ESTADO DO ESP\u00cdRITO SANTO &#8211; PJES RUA DESEMBARGADOR HOMERO MAFRA,60 &#8211; Bairro ENSEADA DO SU\u00c1 &#8211; CEP 29050906 &#8211; Vit\u00f3ria &#8211; ES &#8211; www.tjes.jus.br TRIBUNAL DE JUSTICA DO ESPIRITO SANTOPRESIDENCIA \u00a0 Processo n\u00ba:\u00a07006600-45.2025.8.08.0000 \u00a0 RESOLU\u00c7\u00c3O N\u00ba 035\/2025 \u00a0 \u00a0 O\u00a0Presidente do Tribunal [&hellip;]<\/p>\n","protected":false},"author":19,"featured_media":0,"comment_status":"closed","ping_status":"closed","sticky":false,"template":"","format":"standard","meta":{"footnotes":""},"categories":[14,13],"tags":[],"_links":{"self":[{"href":"https:\/\/www.tjes.jus.br\/corregedoria\/wp-json\/wp\/v2\/posts\/44324"}],"collection":[{"href":"https:\/\/www.tjes.jus.br\/corregedoria\/wp-json\/wp\/v2\/posts"}],"about":[{"href":"https:\/\/www.tjes.jus.br\/corregedoria\/wp-json\/wp\/v2\/types\/post"}],"author":[{"embeddable":true,"href":"https:\/\/www.tjes.jus.br\/corregedoria\/wp-json\/wp\/v2\/users\/19"}],"replies":[{"embeddable":true,"href":"https:\/\/www.tjes.jus.br\/corregedoria\/wp-json\/wp\/v2\/comments?post=44324"}],"version-history":[{"count":4,"href":"https:\/\/www.tjes.jus.br\/corregedoria\/wp-json\/wp\/v2\/posts\/44324\/revisions"}],"predecessor-version":[{"id":44343,"href":"https:\/\/www.tjes.jus.br\/corregedoria\/wp-json\/wp\/v2\/posts\/44324\/revisions\/44343"}],"wp:attachment":[{"href":"https:\/\/www.tjes.jus.br\/corregedoria\/wp-json\/wp\/v2\/media?parent=44324"}],"wp:term":[{"taxonomy":"category","embeddable":true,"href":"https:\/\/www.tjes.jus.br\/corregedoria\/wp-json\/wp\/v2\/categories?post=44324"},{"taxonomy":"post_tag","embeddable":true,"href":"https:\/\/www.tjes.jus.br\/corregedoria\/wp-json\/wp\/v2\/tags?post=44324"}],"curies":[{"name":"wp","href":"https:\/\/api.w.org\/{rel}","templated":true}]}}