{"id":44587,"date":"2025-08-14T13:07:50","date_gmt":"2025-08-14T16:07:50","guid":{"rendered":"https:\/\/www.tjes.jus.br\/corregedoria\/?p=44587"},"modified":"2025-08-15T15:12:33","modified_gmt":"2025-08-15T18:12:33","slug":"ato-normativo-no-241-2025-disp-14-08-2025","status":"publish","type":"post","link":"https:\/\/www.tjes.jus.br\/corregedoria\/2025\/08\/14\/ato-normativo-no-241-2025-disp-14-08-2025\/","title":{"rendered":"ATO NORMATIVO N\u00ba 241\/2025 \u2013 DISP. 14\/08\/2025"},"content":{"rendered":"\n<h4 style=\"text-align: center;\" align=\"justify\"><span style=\"color: #ff0000;\"><strong>REPUBLICADO EM 15\/08\/2025 POR TER SIDO NUMERADO COM INCORRE\u00c7\u00c3O (<a href=\"https:\/\/www.tjes.jus.br\/corregedoria\/2025\/08\/15\/ato-normativo-no-243-2025-disp-15-08-2025\/\">CLIQUE AQUI<\/a>)<\/strong><\/span><\/h4>\n<p style=\"text-align: center;\"><del>PODER JUDICI\u00c1RIO DO ESTADO DO ESP\u00cdRITO SANTO &#8211; PJES<\/del><\/p>\n<p style=\"text-align: center;\"><del>RUA DESEMBARGADOR HOMERO MAFRA,60 &#8211; Bairro ENSEADA DO SU\u00c1 &#8211; CEP 29050906 &#8211; Vit\u00f3ria &#8211; ES &#8211;\u00a0<a href=\"https:\/\/www.tjes.jus.br\/\">www.tjes.jus.br<\/a><\/del><\/p>\n<p style=\"text-align: justify;\">\u00a0<\/p>\n<p style=\"text-align: center;\"><del><strong>ATO NORMATIVO<\/strong><\/del><\/p>\n<p style=\"text-align: justify;\">\u00a0<\/p>\n<p style=\"text-align: center;\"><del><strong>ATO NORMATIVO N\u00ba 241\/2025<\/strong><\/del><\/p>\n<p style=\"text-align: justify;\">\u00a0<\/p>\n<p style=\"text-align: justify;\">\u00a0<\/p>\n<p style=\"text-align: justify;\">\u00a0<\/p>\n<p style=\"text-align: justify;\"><del>O Presidente do Tribunal de Justi\u00e7a do Estado do Esp\u00edrito Santo, no uso de suas atribui\u00e7\u00f5es legais e regimentais,<\/del><\/p>\n<p style=\"text-align: justify;\">\u00a0<\/p>\n<p style=\"text-align: justify;\"><del>Considerando o teor do Processo SEI n\u00ba 7002025-91.2025.8.08.0000, inaugurado a partir de Of\u00edcio encaminhado pela Ordem dos Advogados do Brasil \u2013 Se\u00e7\u00e3o do Esp\u00edrito Santo,<\/del><\/p>\n<p style=\"text-align: justify;\">\u00a0<\/p>\n<p style=\"text-align: justify;\"><del>Considerando a ocorr\u00eancia de falha t\u00e9cnica severa perante o Sistema PJe (1\u00aa e 2\u00aa Inst\u00e2ncias), nos dias 12 e 13 de agosto de 2025, que inviabilizaram o acesso ao sistema, bem como o regular exerc\u00edcio da advocacia,<\/del><\/p>\n<p style=\"text-align: justify;\">\u00a0<\/p>\n<p style=\"text-align: justify;\"><del>Considerando a necessidade de evitar preju\u00edzos aos advogados e jurisdicionados,<\/del><\/p>\n<p style=\"text-align: justify;\">\u00a0<\/p>\n<p style=\"text-align: justify;\"><del><strong>RESOLVE:<\/strong><\/del><\/p>\n<p style=\"text-align: justify;\">\u00a0<\/p>\n<p style=\"text-align: justify;\"><del><strong>Art. 1\u00ba<\/strong>\u00a0\u2013\u00a0<strong>SUSPENDER\u00a0<\/strong>os prazos processuais,\u00a0<strong>nos\u00a0dias\u00a012\u00a0e 13\u00a0de\u00a0agosto\u00a0de 2025<\/strong>, com rela\u00e7\u00e3o aos processos que tramitam perante o Sistema PJe (1\u00aa e 2\u00aa Inst\u00e2ncias).<\/del><\/p>\n<p style=\"text-align: justify;\">\u00a0<\/p>\n<p style=\"text-align: justify;\"><del><strong>Art. 2\u00ba<\/strong>\u00a0\u2013 Este ato entra em vigor na data da sua publica\u00e7\u00e3o.<\/del><\/p>\n<p style=\"text-align: justify;\">\u00a0<\/p>\n<p style=\"text-align: justify;\">\u00a0<\/p>\n<p style=\"text-align: justify;\"><del>Publique-se.<\/del><\/p>\n<p style=\"text-align: justify;\">\u00a0<\/p>\n<p style=\"text-align: justify;\"><del>Vit\u00f3ria\/ES, 13 de agosto de 2025.<\/del><\/p>\n<p style=\"text-align: justify;\">\u00a0<\/p>\n<p style=\"text-align: justify;\">\u00a0<\/p>\n<p style=\"text-align: justify;\">\u00a0<\/p>\n<p style=\"text-align: center;\"><del><strong>Desembargador SAMUEL MEIRA BRASIL JR.<\/strong><\/del><\/p>\n<p style=\"text-align: center;\"><del><strong>Presidente<\/strong><\/del><\/p>\n","protected":false},"excerpt":{"rendered":"<p>REPUBLICADO EM 15\/08\/2025 POR TER SIDO NUMERADO COM INCORRE\u00c7\u00c3O (CLIQUE AQUI) PODER JUDICI\u00c1RIO DO ESTADO DO ESP\u00cdRITO SANTO &#8211; PJES RUA DESEMBARGADOR HOMERO MAFRA,60 &#8211; Bairro ENSEADA DO SU\u00c1 &#8211; CEP 29050906 &#8211; Vit\u00f3ria &#8211; ES &#8211;\u00a0www.tjes.jus.br \u00a0 ATO NORMATIVO \u00a0 ATO NORMATIVO N\u00ba 241\/2025 \u00a0 \u00a0 \u00a0 O Presidente do Tribunal de Justi\u00e7a do [&hellip;]<\/p>\n","protected":false},"author":19,"featured_media":0,"comment_status":"closed","ping_status":"closed","sticky":false,"template":"","format":"standard","meta":{"footnotes":""},"categories":[4,14],"tags":[],"_links":{"self":[{"href":"https:\/\/www.tjes.jus.br\/corregedoria\/wp-json\/wp\/v2\/posts\/44587"}],"collection":[{"href":"https:\/\/www.tjes.jus.br\/corregedoria\/wp-json\/wp\/v2\/posts"}],"about":[{"href":"https:\/\/www.tjes.jus.br\/corregedoria\/wp-json\/wp\/v2\/types\/post"}],"author":[{"embeddable":true,"href":"https:\/\/www.tjes.jus.br\/corregedoria\/wp-json\/wp\/v2\/users\/19"}],"replies":[{"embeddable":true,"href":"https:\/\/www.tjes.jus.br\/corregedoria\/wp-json\/wp\/v2\/comments?post=44587"}],"version-history":[{"count":4,"href":"https:\/\/www.tjes.jus.br\/corregedoria\/wp-json\/wp\/v2\/posts\/44587\/revisions"}],"predecessor-version":[{"id":44620,"href":"https:\/\/www.tjes.jus.br\/corregedoria\/wp-json\/wp\/v2\/posts\/44587\/revisions\/44620"}],"wp:attachment":[{"href":"https:\/\/www.tjes.jus.br\/corregedoria\/wp-json\/wp\/v2\/media?parent=44587"}],"wp:term":[{"taxonomy":"category","embeddable":true,"href":"https:\/\/www.tjes.jus.br\/corregedoria\/wp-json\/wp\/v2\/categories?post=44587"},{"taxonomy":"post_tag","embeddable":true,"href":"https:\/\/www.tjes.jus.br\/corregedoria\/wp-json\/wp\/v2\/tags?post=44587"}],"curies":[{"name":"wp","href":"https:\/\/api.w.org\/{rel}","templated":true}]}}