{"id":44593,"date":"2025-08-14T13:11:05","date_gmt":"2025-08-14T16:11:05","guid":{"rendered":"https:\/\/www.tjes.jus.br\/corregedoria\/?p=44593"},"modified":"2025-08-19T16:34:20","modified_gmt":"2025-08-19T19:34:20","slug":"resolucao-no-083-2025-disp-14-08-2025","status":"publish","type":"post","link":"https:\/\/www.tjes.jus.br\/corregedoria\/2025\/08\/14\/resolucao-no-083-2025-disp-14-08-2025\/","title":{"rendered":"RESOLU\u00c7\u00c3O N\u00ba 083\/2025 \u2013 DISP. 14\/08\/2025 &#8211; ALTERADO"},"content":{"rendered":"\n<h4 style=\"text-align: center;\"><span style=\"color: #ff0000;\"><strong>REPUBLICADO EM 15\/08\/2025 <em>TER SIDO NUMERADO COM INCORRE\u00c7\u00c3O<\/em>\u00a0(<a href=\"https:\/\/www.tjes.jus.br\/corregedoria\/2025\/08\/15\/resolucao-no-038-2025-disp-15-08-2025\/\">CLIQUE AQUI<\/a>)<\/strong><\/span><\/h4>\n<p style=\"text-align: center;\"><del>\u00a0<strong>PODER JUDICI\u00c1RIO DO ESTADO DO ESP\u00cdRITO SANTO &#8211; PJES<\/strong><\/del><\/p>\n<p style=\"text-align: center;\"><del><strong>RUA DESEMBARGADOR HOMERO MAFRA,60 &#8211; Bairro ENSEADA DO SU\u00c1 &#8211; CEP 29050906 &#8211; Vit\u00f3ria &#8211; ES &#8211;\u00a0<a href=\"https:\/\/www.tjes.jus.br\/\">www.tjes.jus.br<\/a><\/strong><\/del><\/p>\n<p style=\"text-align: justify;\">\u00a0<\/p>\n<p style=\"text-align: justify;\">\u00a0<\/p>\n<p style=\"text-align: center;\"><del><strong>RESOLU\u00c7\u00c3O N.\u00ba 083\/2025 \/2025<\/strong><\/del><\/p>\n<p style=\"text-align: justify;\">\u00a0<\/p>\n<p style=\"text-align: justify;\"><del>I<em>nstitui o Plano de Seguran\u00e7a\u00a0Institucional<\/em>\u00a0<em>(PSI) no \u00e2mbito da Poder Judici\u00e1ria do<\/em>\u00a0<em>Estado do\u00a0Esp\u00edrito Santo<\/em>\u00a0<em>e d\u00e1 outras provid\u00eancias.<\/em><\/del><\/p>\n<p style=\"text-align: justify;\">\u00a0<\/p>\n<p style=\"text-align: justify;\">\u00a0<\/p>\n<p style=\"text-align: justify;\"><del>O Excelent\u00edssimo Senhor Desembargador Samuel Meira Brasil, Presidente do Egr\u00e9gio Tribunal de Justi\u00e7a do Estado do Esp\u00edrito Santo, no uso de suas atribui\u00e7\u00f5es legais e regimentais e,<\/del><\/p>\n<p style=\"text-align: justify;\">\u00a0<\/p>\n<p style=\"text-align: justify;\">\u00a0<\/p>\n<p style=\"text-align: justify;\"><del>CONSIDERANDO o disposto no inciso I, do art. 13, da Resolu\u00e7\u00e3o n.\u00ba 435\/2021, do Conselho Nacional de Justi\u00e7a;<\/del><\/p>\n<p style=\"text-align: justify;\">\u00a0<\/p>\n<p style=\"text-align: justify;\">\u00a0<\/p>\n<p style=\"text-align: justify;\"><del>CONSIDERANDO o disposto no inciso I, do art. 3\u00ba, da <a href=\"https:\/\/www.tjes.jus.br\/corregedoria\/2020\/02\/11\/resolucao-no-04-2020-disp-11-02-2020\/\">Resolu\u00e7\u00e3o n.\u00ba 004\/2020<\/a> deste Tribunal de Justi\u00e7a;<\/del><\/p>\n<p style=\"text-align: justify;\">\u00a0<\/p>\n<p style=\"text-align: justify;\">\u00a0<\/p>\n<p style=\"text-align: justify;\"><del>CONSIDERANDO decis\u00e3o un\u00e2nime do Tribunal Pleno, na sess\u00e3o ordin\u00e1ria realizada em xxx de xxxx de 2025.<\/del><\/p>\n<p style=\"text-align: justify;\">\u00a0<\/p>\n<p style=\"text-align: justify;\">\u00a0<\/p>\n<p style=\"text-align: justify;\"><del>RESOLVE:<\/del><\/p>\n<p style=\"text-align: justify;\">\u00a0<\/p>\n<p style=\"text-align: justify;\">\u00a0<\/p>\n<p style=\"text-align: justify;\"><del>Art. 1\u00ba \u2013 Fica institu\u00eddo o Plano de Seguran\u00e7a Institucional \u2013 PSI no \u00e2mbito do Poder Judici\u00e1rio do Estado do Esp\u00edrito Santo, que rege as diretrizes gerais de orienta\u00e7\u00e3o para a tomada de decis\u00f5es e a elabora\u00e7\u00e3o de normas, protocolos, rotinas e procedimentos de seguran\u00e7a institucional.<\/del><\/p>\n<p style=\"text-align: justify;\">\u00a0<\/p>\n<p style=\"text-align: justify;\">\u00a0<\/p>\n<p style=\"text-align: justify;\"><del>Par\u00e1grafo \u00danico. Em face da classifica\u00e7\u00e3o como reservada, o acesso ao conte\u00fado do Plano de Seguran\u00e7a Institucional do Poder Judici\u00e1rio do Esp\u00edrito Santo por \u00f3rg\u00e3os externos ao Poder Judici\u00e1rio dever\u00e1 ser solicitado \u00e0 Presid\u00eancia do PJES, que proceder\u00e1 a an\u00e1lise e decis\u00e3o acerca de eventuais pedidos, gerando para aquele que obtiver o acesso a obriga\u00e7\u00e3o de resguardar o sigilo.<\/del><\/p>\n<p style=\"text-align: justify;\">\u00a0<\/p>\n<p style=\"text-align: justify;\">\u00a0<\/p>\n<p style=\"text-align: center;\"><del>CAP\u00cdTULO I<\/del><\/p>\n<p style=\"text-align: center;\"><del>DAS DISPOSI\u00c7\u00d5ES GERAIS<\/del><\/p>\n<p style=\"text-align: justify;\">\u00a0<\/p>\n<p style=\"text-align: justify;\">\u00a0<\/p>\n<p style=\"text-align: justify;\"><del>Art. 2\u00ba \u2013 O Plano de Seguran\u00e7a Institucional \u2013 PSI tem por finalidade estabelecer princ\u00edpios diretores de seguran\u00e7a institucional voltados a preserva\u00e7\u00e3o da seguran\u00e7a de pessoas, \u00e1reas e instala\u00e7\u00f5es, documentos, materiais, sistemas de informa\u00e7\u00e3o e seguran\u00e7a da imagem e reputa\u00e7\u00e3o da Institui\u00e7\u00e3o do Poder Judici\u00e1rio do Estado do Esp\u00edrito Santo.<\/del><\/p>\n<p style=\"text-align: justify;\">\u00a0<\/p>\n<p style=\"text-align: justify;\">\u00a0<\/p>\n<p style=\"text-align: justify;\"><del>Art. 3\u00ba \u2013 A seguran\u00e7a institucional compreende o conjunto de medidas voltadas a prevenir, detectar, obstruir e neutralizar a\u00e7\u00f5es de qualquer natureza que constituam amea\u00e7a \u00e0 salvaguarda do Poder Judici\u00e1rio e de seus integrantes, inclusive \u00e0 imagem e reputa\u00e7\u00e3o.<\/del><\/p>\n<p style=\"text-align: justify;\">\u00a0<\/p>\n<p style=\"text-align: justify;\">\u00a0<\/p>\n<p style=\"text-align: justify;\"><del>\u00a7 1\u00ba A seguran\u00e7a institucional abrange as atividades planejadas e coordenadas pelo N\u00facleo de Intelig\u00eancia e Seguran\u00e7a Institucional e apoiadas pela Assessoria de Seguran\u00e7a Institucional com o emprego de pessoal, material, armamento e equipamento especializado, subsidiadas por conhecimentos de intelig\u00eancia a respeito da situa\u00e7\u00e3o.<\/del><\/p>\n<p style=\"text-align: justify;\">\u00a0<\/p>\n<p style=\"text-align: justify;\">\u00a0<\/p>\n<p style=\"text-align: justify;\"><del>\u00a7 2\u00ba As medidas de seguran\u00e7a compreendem a seguran\u00e7a institucional e a atividade de intelig\u00eancia de seguran\u00e7a institucional.<\/del><\/p>\n<p style=\"text-align: justify;\">\u00a0<\/p>\n<p style=\"text-align: justify;\">\u00a0<\/p>\n<p style=\"text-align: justify;\"><del>\u00a7 3\u00ba \u2013 A seguran\u00e7a institucional \u00e9 composta pelos seguintes grupos de medidas:<\/del><\/p>\n<p style=\"text-align: justify;\">\u00a0<\/p>\n<p style=\"text-align: justify;\">\u00a0<\/p>\n<p style=\"text-align: justify;\"><del>I \u2013 Seguran\u00e7a de pessoas;<\/del><\/p>\n<p style=\"text-align: justify;\">\u00a0<\/p>\n<p style=\"text-align: justify;\">\u00a0<\/p>\n<p style=\"text-align: justify;\"><del>II \u2013 Seguran\u00e7a de \u00e1reas e instala\u00e7\u00f5es;<\/del><\/p>\n<p style=\"text-align: justify;\">\u00a0<\/p>\n<p style=\"text-align: justify;\">\u00a0<\/p>\n<p style=\"text-align: justify;\"><del>lll \u2013 Seguran\u00e7a de documentos e materiais;<\/del><\/p>\n<p style=\"text-align: justify;\">\u00a0<\/p>\n<p style=\"text-align: justify;\">\u00a0<\/p>\n<p style=\"text-align: justify;\"><del>IV \u2013 Seguran\u00e7a da informa\u00e7\u00e3o, que se desdobra em:<\/del><\/p>\n<p style=\"text-align: justify;\">\u00a0<\/p>\n<p style=\"text-align: justify;\">\u00a0<\/p>\n<p style=\"text-align: justify;\"><del>a) Seguran\u00e7a da informa\u00e7\u00e3o nos meios de tecnologia da informa\u00e7\u00e3o;<\/del><\/p>\n<p style=\"text-align: justify;\">\u00a0<\/p>\n<p style=\"text-align: justify;\">\u00a0<\/p>\n<p style=\"text-align: justify;\"><del>b) Seguran\u00e7a da informa\u00e7\u00e3o de pessoas;<\/del><\/p>\n<p style=\"text-align: justify;\">\u00a0<\/p>\n<p style=\"text-align: justify;\">\u00a0<\/p>\n<p style=\"text-align: justify;\"><del>c) Seguran\u00e7a da informa\u00e7\u00e3o na documenta\u00e7\u00e3o; e<\/del><\/p>\n<p style=\"text-align: justify;\">\u00a0<\/p>\n<p style=\"text-align: justify;\">\u00a0<\/p>\n<p style=\"text-align: justify;\"><del>d) Seguran\u00e7a da informa\u00e7\u00e3o nas \u00e1reas e instala\u00e7\u00f5es.<\/del><\/p>\n<p style=\"text-align: justify;\">\u00a0<\/p>\n<p style=\"text-align: justify;\">\u00a0<\/p>\n<p style=\"text-align: justify;\"><del>V \u2013 Seguran\u00e7a da imagem e da reputa\u00e7\u00e3o da Institui\u00e7\u00e3o.<\/del><\/p>\n<p style=\"text-align: justify;\">\u00a0<\/p>\n<p style=\"text-align: justify;\">\u00a0<\/p>\n<p style=\"text-align: justify;\"><del>\u00a7 4\u00ba A atividade de intelig\u00eancia de seguran\u00e7a institucional abrange o exerc\u00edcio permanente e sistem\u00e1tico de a\u00e7\u00f5es especializadas voltadas para a gest\u00e3o de riscos do Poder Judici\u00e1rio, com a finalidade de produzir os conhecimentos necess\u00e1rios ao processo decis\u00f3rio, no \u00e2mbito da seguran\u00e7a institucional do \u00f3rg\u00e3o.<\/del><\/p>\n<p style=\"text-align: justify;\">\u00a0<\/p>\n<p style=\"text-align: justify;\">\u00a0<\/p>\n<p style=\"text-align: justify;\"><del>Art. 4\u00ba\u2014A atividade de seguran\u00e7a sobre a qual disp\u00f5e esta resolu\u00e7\u00e3o reger-se-\u00e1 pelos princ\u00edpios, diretrizes e disposi\u00e7\u00f5es da Resolu\u00e7\u00e3o CNJ n\u00ba 435, de 28 de outubro de 2021, no que for aplic\u00e1vel, bem como pelos seguintes princ\u00edpios:<\/del><\/p>\n<p style=\"text-align: justify;\">\u00a0<\/p>\n<p style=\"text-align: justify;\">\u00a0<\/p>\n<p style=\"text-align: justify;\"><del>I \u2013 respeito aos direitos humanos e aos valores fundamentais do Estado Democr\u00e1tico de Direito;<\/del><\/p>\n<p style=\"text-align: justify;\">\u00a0<\/p>\n<p style=\"text-align: justify;\">\u00a0<\/p>\n<p style=\"text-align: justify;\"><del>II \u2013 atua\u00e7\u00e3o preventiva e proativa, buscando a antecipa\u00e7\u00e3o e a neutraliza\u00e7\u00e3o de amea\u00e7as e atos de viol\u00eancia;<\/del><\/p>\n<p style=\"text-align: justify;\">\u00a0<\/p>\n<p style=\"text-align: justify;\">\u00a0<\/p>\n<p style=\"text-align: justify;\"><del>III \u2013 profissionaliza\u00e7\u00e3o e especializa\u00e7\u00e3o permanente da atividade de seguran\u00e7a, visando \u00e0 prote\u00e7\u00e3o integral do Poder Judici\u00e1rio e de seus integrantes;<\/del><\/p>\n<p style=\"text-align: justify;\">\u00a0<\/p>\n<p style=\"text-align: justify;\">\u00a0<\/p>\n<p style=\"text-align: justify;\"><del>IV \u2013 garantia da efetiva presta\u00e7\u00e3o jurisdicional, do livre exerc\u00edcio da magistratura e da excel\u00eancia na presta\u00e7\u00e3o dos servi\u00e7os p\u00fablicos;<\/del><\/p>\n<p style=\"text-align: justify;\">\u00a0<\/p>\n<p style=\"text-align: justify;\">\u00a0<\/p>\n<p style=\"text-align: justify;\"><del>V \u2013 integra\u00e7\u00e3o e interoperabilidade com outros \u00f3rg\u00e3os do Poder Judici\u00e1rio, institui\u00e7\u00f5es de intelig\u00eancia e de seguran\u00e7a p\u00fablica;<\/del><\/p>\n<p style=\"text-align: justify;\">\u00a0<\/p>\n<p style=\"text-align: justify;\">\u00a0<\/p>\n<p style=\"text-align: justify;\"><del>VI \u2013 gest\u00e3o de riscos voltada para a salvaguarda de ativos do Poder Judici\u00e1rio do Estado do Esp\u00edrito Santo; e<\/del><\/p>\n<p style=\"text-align: justify;\">\u00a0<\/p>\n<p style=\"text-align: justify;\">\u00a0<\/p>\n<p style=\"text-align: justify;\"><del>VII \u2013 prote\u00e7\u00e3o \u00e0 imagem do Poder Judici\u00e1rio do Estado do Esp\u00edrito Santo, evitando exposi\u00e7\u00f5es negativas.<\/del><\/p>\n<p style=\"text-align: justify;\">\u00a0<\/p>\n<p style=\"text-align: justify;\">\u00a0<\/p>\n<p style=\"text-align: center;\"><del>CAP\u00cdTULO II<\/del><\/p>\n<p style=\"text-align: center;\"><del>DA SEGURAN\u00c7A INSTITUCIONAL<\/del><\/p>\n<p style=\"text-align: justify;\">\u00a0<\/p>\n<p style=\"text-align: center;\"><del>Se\u00e7\u00e3o I<\/del><\/p>\n<p style=\"text-align: center;\"><del><strong>Da Seguran\u00e7a de Pessoas<\/strong><\/del><\/p>\n<p style=\"text-align: justify;\">\u00a0<\/p>\n<p style=\"text-align: justify;\">\u00a0<\/p>\n<p style=\"text-align: justify;\"><del>Art. 5\u00ba \u2013 A seguran\u00e7a de pessoas compreende o conjunto de medidas voltadas a preservar a integridade f\u00edsica do Presidente, Vice-Presidente, dos Desembargadores, do Desembargador-Corregedor, dos ju\u00edzes de direito e substitutos, servidores, prestadores de servi\u00e7os e visitantes presentes nas depend\u00eancias do Poder Judici\u00e1rio do Estado do Esp\u00edrito Santo.<\/del><\/p>\n<p style=\"text-align: justify;\">\u00a0<\/p>\n<p style=\"text-align: justify;\">\u00a0<\/p>\n<p style=\"text-align: justify;\"><del>Art. 6\u00ba \u2013 A seguran\u00e7a de pessoas abrange as atividades planejadas e coordenadas pela Assessoria de Seguran\u00e7a Institucional e Assessoria Militar da Presid\u00eancia do Tribunal de Justi\u00e7a do Estado do Espirito Santo, com o emprego de pessoal, equipamentos tecnol\u00f3gicos,\u00a0<em>softwares<\/em>, equipamentos especializados, armamento e bens m\u00f3veis em geral, subsidiada por conhecimento espec\u00edfico a respeito da situa\u00e7\u00e3o.<\/del><\/p>\n<p style=\"text-align: justify;\">\u00a0<\/p>\n<p style=\"text-align: justify;\">\u00a0<\/p>\n<p style=\"text-align: justify;\"><del>\u00a71\u00ba: As medidas de que trata o caput deste artigo dever\u00e3o ser detalhadas em Manual de Procedimentos de Seguran\u00e7a (MPS), o qual ser\u00e1 conferido car\u00e1ter reservado, regulamentado em ato pr\u00f3prio.<\/del><\/p>\n<p style=\"text-align: justify;\">\u00a0<\/p>\n<p style=\"text-align: justify;\">\u00a0<\/p>\n<p style=\"text-align: justify;\"><del>\u00a7 2\u00ba \u2013 A seguran\u00e7a de pessoas poder\u00e1 ser realizada por empresa de vigil\u00e2ncia armada e\/ou desarmada, contratada para esta finalidade, sendo admitida a coopera\u00e7\u00e3o de servidores p\u00fablicos cedidos, requisitados, disponibilizados e de agentes de seguran\u00e7a do quadro de outros \u00f3rg\u00e3os da administra\u00e7\u00e3o p\u00fablica.<\/del><\/p>\n<p style=\"text-align: justify;\">\u00a0<\/p>\n<p style=\"text-align: justify;\">\u00a0<\/p>\n<p style=\"text-align: justify;\"><del>\u00a7 3\u00ba \u2013 As medidas de que trata o\u00a0<em>caput<\/em>devem ser preventivas, ostensivas ou veladas, conforme o caso, ap\u00f3s a an\u00e1lise, conjunta ou isoladamente, por parte da Assessoria de Seguran\u00e7a Institucional ou Assessoria Militar da Presid\u00eancia do Tribunal de Justi\u00e7a do Estado do Esp\u00edrito Santo, devendo haver detalhamento em documento pr\u00f3prio, que ficar\u00e1 sob a guarda da respectiva assessoria.<\/del><\/p>\n<p style=\"text-align: justify;\">\u00a0<\/p>\n<p style=\"text-align: justify;\">\u00a0<\/p>\n<p style=\"text-align: justify;\"><del>\u00a7 4\u00ba \u2013 Os documentos a que se refere o par\u00e1grafo anterior somente ser\u00e3o acess\u00edveis ao Assessor de Seguran\u00e7a Institucional, ao Assessor Militar da Presid\u00eancia do Tribunal de Justi\u00e7a, ao Desembargador Supervisor da Comiss\u00e3o Permanente de Seguran\u00e7a e ao Presidente do Tribunal de Justi\u00e7a, observado o grau de sigilo atribu\u00eddo, nos termos do \u00a7 4\u00ba deste artigo.<\/del><\/p>\n<p style=\"text-align: justify;\">\u00a0<\/p>\n<p style=\"text-align: justify;\">\u00a0<\/p>\n<p style=\"text-align: justify;\"><del>\u00a7 5\u00ba \u2013 A divulga\u00e7\u00e3o dos documentos produzidos pela Assessoria de Seguran\u00e7a Institucional e pela Assessoria Militar da Presid\u00eancia do Tribunal de Justi\u00e7a do Estado do Esp\u00edrito Santo referentes a servi\u00e7os de seguran\u00e7a s\u00e3o classificados como reservados, nos termos do inciso III, \u00a71\u00ba, do art. 24, da Lei n\u00ba 12.527, de 18 de novembro de 2011, podendo ser divulgada a terceiros interessados t\u00e3o somente mediante autoriza\u00e7\u00e3o formal do Presidente do Tribunal de Justi\u00e7a do Estado do Esp\u00edrito Santo.<\/del><\/p>\n<p style=\"text-align: justify;\">\u00a0<\/p>\n<p style=\"text-align: justify;\">\u00a0<\/p>\n<p style=\"text-align: center;\"><del>Se\u00e7\u00e3o II<\/del><\/p>\n<p style=\"text-align: center;\"><del><strong>Da Seguran\u00e7a de \u00e1reas e instala\u00e7\u00f5es<\/strong><\/del><\/p>\n<p style=\"text-align: justify;\">\u00a0<\/p>\n<p style=\"text-align: justify;\">\u00a0<\/p>\n<p style=\"text-align: justify;\"><del>Art. 7\u00ba \u2013 A seguran\u00e7a de \u00e1reas e instala\u00e7\u00f5es e de bens compreende o conjunto de medidas protetivas voltadas para a salvaguarda de:<\/del><\/p>\n<p style=\"text-align: justify;\">\u00a0<\/p>\n<p style=\"text-align: justify;\">\u00a0<\/p>\n<p style=\"text-align: justify;\"><del>I \u2013 Locais internos onde atuam e circulam o Presidente, Vice-Presidente, os Desembargadores, o Desembargador-Corregedor, ju\u00edzes de direito e substitutos, servidores, prestadores de servi\u00e7os e p\u00fablico externo;<\/del><\/p>\n<p style=\"text-align: justify;\">\u00a0<\/p>\n<p style=\"text-align: justify;\">\u00a0<\/p>\n<p style=\"text-align: justify;\"><del>II \u2013 Patrim\u00f4nio p\u00fablico sob a guarda do Poder Judici\u00e1rio do Estado do Esp\u00edrito Santo; e<\/del><\/p>\n<p style=\"text-align: justify;\">\u00a0<\/p>\n<p style=\"text-align: justify;\">\u00a0<\/p>\n<p style=\"text-align: justify;\"><del>III \u2013 Locais onde s\u00e3o elaborados, tratados, manuseados ou guardados documentos, sigilosos ou n\u00e3o, bem como locais onde est\u00e3o armazenados equipamentos sens\u00edveis.<\/del><\/p>\n<p style=\"text-align: justify;\">\u00a0<\/p>\n<p style=\"text-align: justify;\">\u00a0<\/p>\n<p style=\"text-align: justify;\"><del>Art. 8\u00ba \u2013 As \u00e1reas de seguran\u00e7a de instala\u00e7\u00f5es f\u00edsicas do Poder Judici\u00e1rio s\u00e3o classificadas em:<\/del><\/p>\n<p style=\"text-align: justify;\">\u00a0<\/p>\n<p style=\"text-align: justify;\">\u00a0<\/p>\n<p style=\"text-align: justify;\"><del>I \u2013 \u00e1reas livres: todas que tenham por finalidade o atendimento ao p\u00fablico em geral, bem como cal\u00e7adas e adjac\u00eancias \u00e0s edifica\u00e7\u00f5es do Poder Judici\u00e1rio, desde que n\u00e3o sejam classificadas em outra categoria;<\/del><\/p>\n<p style=\"text-align: justify;\">\u00a0<\/p>\n<p style=\"text-align: justify;\">\u00a0<\/p>\n<p style=\"text-align: justify;\"><del>II \u2013 \u00e1reas de acesso restrito: depend\u00eancias internas de acesso p\u00fablico sujeitas a sistema de controle especifico, incluindo a revista pessoal por meio de equipamentos eletr\u00f4nicos como p\u00f3rticos detectores de metais e aparelhos de raio-X; e<\/del><\/p>\n<p style=\"text-align: justify;\">\u00a0<\/p>\n<p style=\"text-align: justify;\">\u00a0<\/p>\n<p style=\"text-align: justify;\"><del>III \u2013 \u00e1reas sigilosas: todas que ultrapassam os limites das \u00e1reas restritas da edifica\u00e7\u00e3o e depend\u00eancias cujo ativo protegido seja de grande sensibilidade para o \u00f3rg\u00e3o, a saber:<\/del><\/p>\n<p style=\"text-align: justify;\">\u00a0<\/p>\n<p style=\"text-align: justify;\">\u00a0<\/p>\n<p style=\"text-align: justify;\"><del>a) gabinete da Presid\u00eancia, da Corregedoria do Tribunal de Justi\u00e7a, da Secretaria Geral, da Comiss\u00e3o Permanente de Seguran\u00e7a, do N\u00facleo de Intelig\u00eancia, da Assessoria Militar da Presid\u00eancia do Tribunal de Justi\u00e7a do Estado do Esp\u00edrito Santo;<\/del><\/p>\n<p style=\"text-align: justify;\">\u00a0<\/p>\n<p style=\"text-align: justify;\">\u00a0<\/p>\n<p style=\"text-align: justify;\"><del>b) instala\u00e7\u00f5es da Assessoria de Seguran\u00e7a Institucional, incluindo a Central do Sistema de Monitoramento por C\u00e2meras, dep\u00f3sitos de ativos de seguran\u00e7a, \u00e1reas de desarmamento de vigilantes, salas de acautelamento de armas e outras instala\u00e7\u00f5es utilizadas exclusivamente pela seguran\u00e7a do Poder Judici\u00e1rio;<\/del><\/p>\n<p style=\"text-align: justify;\">\u00a0<\/p>\n<p style=\"text-align: justify;\">\u00a0<\/p>\n<p style=\"text-align: justify;\"><del>c) central de processamento e armazenamento de dados, com acesso exclusivo aos servidores da \u00e1rea de tecnologia da informa\u00e7\u00e3o e de seguran\u00e7a institucional; e<\/del><\/p>\n<p style=\"text-align: justify;\">\u00a0<\/p>\n<p style=\"text-align: justify;\">\u00a0<\/p>\n<p style=\"text-align: justify;\"><del>d) salas de m\u00e1quinas e de equipamentos de\u00a0<em>backup<\/em>\u00a0localizados nas depend\u00eancias do Poder Judici\u00e1rio, dentre outros.<\/del><\/p>\n<p style=\"text-align: justify;\">\u00a0<\/p>\n<p style=\"text-align: justify;\">\u00a0<\/p>\n<p style=\"text-align: justify;\"><del>Par\u00e1grafo \u00fanico. O acesso \u00e0s \u00e1reas sigilosas estar\u00e1 sujeito ao controle de acesso regular do Poder Judici\u00e1rio do Estado do Esp\u00edrito Santo e ao sistema de controle especifico para a \u00e1rea, e somente se dar\u00e1 mediante autoriza\u00e7\u00e3o e responsabilidade da respectiva unidade.<\/del><\/p>\n<p style=\"text-align: justify;\">\u00a0<\/p>\n<p style=\"text-align: justify;\">\u00a0<\/p>\n<p style=\"text-align: justify;\"><del>Art. 9\u00ba \u2013 O grau de seguran\u00e7a, para fins de indica\u00e7\u00e3o e aplica\u00e7\u00e3o dos recursos de seguran\u00e7a necess\u00e1rios \u00e0 prote\u00e7\u00e3o adequada das instala\u00e7\u00f5es f\u00edsicas, ser\u00e1 definido pela Assessoria de Seguran\u00e7a Institucional do Tribunal de Justi\u00e7a do Estado do Esp\u00edrito Santo.<\/del><\/p>\n<p style=\"text-align: justify;\">\u00a0<\/p>\n<p style=\"text-align: justify;\">\u00a0<\/p>\n<p style=\"text-align: justify;\"><del>Art. 10 \u2013 A seguran\u00e7a de \u00e1reas e instala\u00e7\u00f5es \u00e9 composta pelos seguintes sistemas:<\/del><\/p>\n<p style=\"text-align: justify;\">\u00a0<\/p>\n<p style=\"text-align: justify;\">\u00a0<\/p>\n<p style=\"text-align: justify;\"><del>I \u2013 Sistema F\u00edsico: composto por vigilantes e policiais militares que executam diversos servi\u00e7os de seguran\u00e7a ostensiva;<\/del><\/p>\n<p style=\"text-align: justify;\">\u00a0<\/p>\n<p style=\"text-align: justify;\">\u00a0<\/p>\n<p style=\"text-align: justify;\"><del>II \u2013 Sistema de Barreiras f\u00edsicas: envolve as diversas barreiras para seguran\u00e7a dos per\u00edmetros.<\/del><\/p>\n<p style=\"text-align: justify;\">\u00a0<\/p>\n<p style=\"text-align: justify;\">\u00a0<\/p>\n<p style=\"text-align: justify;\"><del>II \u2013 Sistema Eletr\u00f4nico: composto por equipamentos eletr\u00f4nicos de seguran\u00e7a, como sensores, sistema de monitoramento por c\u00e2meras, alarmes, fechaduras eletr\u00f4nicas, sistemas de registro, catracas, cancelas, sistema de controle de acesso, etc.<\/del><\/p>\n<p style=\"text-align: justify;\">\u00a0<\/p>\n<p style=\"text-align: justify;\">\u00a0<\/p>\n<p style=\"text-align: justify;\"><del>Art. 11 \u2013 O N\u00facleo de Intelig\u00eancia e Seguran\u00e7a Institucional realizar\u00e1 periodicamente ou sob demanda a confec\u00e7\u00e3o de diagn\u00f3stico de seguran\u00e7a f\u00edsica de instala\u00e7\u00f5es nas quais ser\u00e3o apontadas as vulnerabilidades das unidades do Poder Judici\u00e1rio com as respectivas recomenda\u00e7\u00f5es de seguran\u00e7a para a mitiga\u00e7\u00e3o dos riscos.<\/del><\/p>\n<p style=\"text-align: justify;\">\u00a0<\/p>\n<p style=\"text-align: justify;\">\u00a0<\/p>\n<p style=\"text-align: center;\"><del>Subse\u00e7\u00e3o I<\/del><\/p>\n<p style=\"text-align: center;\"><del><strong>Do servi\u00e7o de Vigil\u00e2ncia e dos Postos de Servi\u00e7o de Seguran\u00e7a<\/strong><\/del><\/p>\n<p style=\"text-align: justify;\">\u00a0<\/p>\n<p style=\"text-align: justify;\">\u00a0<\/p>\n<p style=\"text-align: justify;\"><del>Art. 12 \u2013 Servi\u00e7o de vigil\u00e2ncia \u00e9 o desempenho das atividades destinadas \u00e0 fiscaliza\u00e7\u00e3o e seguran\u00e7a nas \u00e1reas de acesso \u00e0 edifica\u00e7\u00e3o do Poder Judici\u00e1rio, podendo ser utilizado nas demais depend\u00eancias ou \u00e1reas que compreendam acordos firmados pelo TJES, por orienta\u00e7\u00e3o da administra\u00e7\u00e3o.<\/del><\/p>\n<p style=\"text-align: justify;\">\u00a0<\/p>\n<p style=\"text-align: justify;\">\u00a0<\/p>\n<p style=\"text-align: justify;\"><del>Art. 13 \u2013 O servi\u00e7o de vigil\u00e2ncia ser\u00e1 executado por empresa especializada contratada de acordo com as normas e regulamentos de seguran\u00e7a do Poder Judici\u00e1rio do Estado do Esp\u00edrito Santo.<\/del><\/p>\n<p style=\"text-align: justify;\">\u00a0<\/p>\n<p style=\"text-align: justify;\">\u00a0<\/p>\n<p style=\"text-align: justify;\"><del>Art. 14 \u2013 O servi\u00e7o de vigil\u00e2ncia ser\u00e1 executado de forma integrada e complementar \u00e0s atividades de seguran\u00e7a institucional do Poder Judici\u00e1rio.<\/del><\/p>\n<p style=\"text-align: justify;\">\u00a0<\/p>\n<p style=\"text-align: justify;\">\u00a0<\/p>\n<p style=\"text-align: justify;\"><del>Art. 15 \u2013 Compete a Assessoria de Seguran\u00e7a Institucional elaborar a regulamenta\u00e7\u00e3o das fun\u00e7\u00f5es desempenhadas pelas empresas de seguran\u00e7a privada, bem como fiscalizar a execu\u00e7\u00e3o dos servi\u00e7os contratados.<\/del><\/p>\n<p style=\"text-align: justify;\">\u00a0<\/p>\n<p style=\"text-align: justify;\">\u00a0<\/p>\n<p style=\"text-align: justify;\"><del>Art. 16 \u2013 Posto de servi\u00e7o de seguran\u00e7a \u00e9 o local designado para a atua\u00e7\u00e3o do profissional de seguran\u00e7a institucional, que deve ser localizado, preferencialmente, em \u00e1rea livre da edifica\u00e7\u00e3o, de forma a garantir o controle de acesso aos ambientes restritos e sigilosos, bem como a fiscaliza\u00e7\u00e3o das \u00e1reas livres.<\/del><\/p>\n<p style=\"text-align: justify;\">\u00a0<\/p>\n<p style=\"text-align: justify;\">\u00a0<\/p>\n<p style=\"text-align: justify;\"><del>\u00a7 1\u00ba \u2013 Os postos de servi\u00e7o de seguran\u00e7a ser\u00e3o ocupados por vigilantes contratados e\/ou por servidores efetivos cedidos de outros \u00f3rg\u00e3os da administra\u00e7\u00e3o p\u00fablica com compet\u00eancia para atuar na atividade ostensiva de seguran\u00e7a.<\/del><\/p>\n<p style=\"text-align: justify;\">\u00a0<\/p>\n<p style=\"text-align: justify;\">\u00a0<\/p>\n<p style=\"text-align: justify;\"><del>\u00a7 2\u00ba \u2013 O grau de seguran\u00e7a e as caracter\u00edsticas f\u00edsicas das \u00e1reas e instala\u00e7\u00f5es condicionam a quantidade m\u00ednima de postos de servi\u00e7o de seguran\u00e7a necess\u00e1rios em cada edifica\u00e7\u00e3o.<\/del><\/p>\n<p style=\"text-align: justify;\">\u00a0<\/p>\n<p style=\"text-align: justify;\">\u00a0<\/p>\n<p style=\"text-align: justify;\"><del>\u00a7 3\u00ba \u2013 Os postos de servi\u00e7o de seguran\u00e7a ocupados por vigilantes contratados poder\u00e1 ser nas modalidades vigil\u00e2ncia armada e desarmada, distribu\u00eddos conforme a necessidade e as situa\u00e7\u00f5es ordin\u00e1rias e extraordin\u00e1rias, e funcionar\u00e3o nas modalidades diurna e noturna, em escala semanal de 44 horas e de 12\/36 horas, conforme a necessidade do Poder Judici\u00e1rio do Estado do Esp\u00edrito Santo, coordenados por um supervisor e por um preposto da empresa contratada.<\/del><\/p>\n<p style=\"text-align: justify;\">\u00a0<\/p>\n<p style=\"text-align: justify;\">\u00a0<\/p>\n<p style=\"text-align: justify;\"><del>\u00a7 4\u00ba \u2013 Nos casos em que os postos de servi\u00e7o de seguran\u00e7a forem ocupados por servidores efetivos da \u00e1rea de seguran\u00e7a, a supervis\u00e3o, escala de trabalho e demais formas de execu\u00e7\u00e3o dos servi\u00e7os obedecer\u00e3o a lei que instituiu o cargo.<\/del><\/p>\n<p style=\"text-align: justify;\">\u00a0<\/p>\n<p style=\"text-align: justify;\">\u00a0<\/p>\n<p style=\"text-align: center;\"><del>Subse\u00e7\u00e3o II<\/del><\/p>\n<p style=\"text-align: center;\"><del><strong>Das Barreiras F\u00edsicas e do Sistema Integrado de Prote\u00e7\u00e3o<\/strong><\/del><\/p>\n<p style=\"text-align: justify;\">\u00a0<\/p>\n<p style=\"text-align: justify;\">\u00a0<\/p>\n<p style=\"text-align: justify;\"><del>Art. 17 \u2013 As barreiras f\u00edsicas s\u00e3o efetivadas por meio de equipamentos ou sistemas que visam dificultar ou impedir o acesso de pessoas, bens e ve\u00edculos n\u00e3o autorizados \u00e0s depend\u00eancias do Poder Judici\u00e1rio.<\/del><\/p>\n<p style=\"text-align: justify;\">\u00a0<\/p>\n<p style=\"text-align: justify;\">\u00a0<\/p>\n<p style=\"text-align: justify;\"><del>Art. 18 \u2013 O sistema integrado de prote\u00e7\u00e3o \u00e9 composto da seguinte forma:<\/del><\/p>\n<p style=\"text-align: justify;\">\u00a0<\/p>\n<p style=\"text-align: justify;\">\u00a0<\/p>\n<p style=\"text-align: justify;\"><del>I \u2013 Sistema de Monitoramento por C\u00e2meras (SMC): c\u00e2meras de v\u00eddeo e equipamentos de vigil\u00e2ncia eletr\u00f4nica que possibilitam controle visual remoto das instala\u00e7\u00f5es f\u00edsicas e \u00e1reas adjacentes do Tribunal de Justi\u00e7a e dos F\u00f3runs;<\/del><\/p>\n<p style=\"text-align: justify;\">\u00a0<\/p>\n<p style=\"text-align: justify;\">\u00a0<\/p>\n<p style=\"text-align: justify;\"><del>II \u2013 Sistema de controle de acesso: conjunto de mecanismos f\u00edsicos e eletr\u00f4nicos de triagem do acesso \u00e0s instala\u00e7\u00f5es f\u00edsicas;<\/del><\/p>\n<p style=\"text-align: justify;\">\u00a0<\/p>\n<p style=\"text-align: justify;\">\u00a0<\/p>\n<p style=\"text-align: justify;\"><del>III \u2013 Sistema de alarme: equipamentos de sinaliza\u00e7\u00e3o sonora ou luminosa que visam alertar sobre situa\u00e7\u00f5es anormais de seguran\u00e7a;<\/del><\/p>\n<p style=\"text-align: justify;\">\u00a0<\/p>\n<p style=\"text-align: justify;\">\u00a0<\/p>\n<p style=\"text-align: justify;\"><del>IV \u2013 Sistema de detec\u00e7\u00e3o de movimento: composto por equipamentos que visam detectar remotamente a movimenta\u00e7\u00e3o de pessoas, animais ou objetos nas \u00e1reas de seguran\u00e7a das instala\u00e7\u00f5es f\u00edsicas;<\/del><\/p>\n<p style=\"text-align: justify;\">\u00a0<\/p>\n<p style=\"text-align: justify;\">\u00a0<\/p>\n<p style=\"text-align: justify;\"><del>V \u2013 Sa\u00eddas de emerg\u00eancia: caminhos cont\u00ednuos devidamente sinalizados a serem percorridos, em caso de necessidade de evacua\u00e7\u00e3o dos pr\u00e9dios, de qualquer ponto no interior da edifica\u00e7\u00e3o at\u00e9 espa\u00e7os abertos;<\/del><\/p>\n<p style=\"text-align: justify;\">\u00a0<\/p>\n<p style=\"text-align: justify;\">\u00a0<\/p>\n<p style=\"text-align: justify;\"><del>VI \u2013 Sistema destinado \u00e0 preven\u00e7\u00e3o e ao combate a inc\u00eandio, composto por aparelhos extintores e hidrantes, dentre outros, dimensionados conforme projeto de preven\u00e7\u00e3o contra inc\u00eandio e p\u00e2nico aprovado junto ao Corpo de Bombeiros Militar do Esp\u00edrito Santo \u2013 CBMES e vistoriado por essa Corpora\u00e7\u00e3o depois de executado.<\/del><\/p>\n<p style=\"text-align: justify;\">\u00a0<\/p>\n<p style=\"text-align: justify;\">\u00a0<\/p>\n<p style=\"text-align: justify;\"><del>Par\u00e1grafo \u00fanico: O sistema integrado de prote\u00e7\u00e3o ser\u00e1 operado, preferencialmente, pelos profissionais das empresas contratadas para prestar servi\u00e7os de vigil\u00e2ncia armada e desarmada, servidores da brigada de inc\u00eandio, dentre outros capacitados em suas respectivas \u00e1reas de atua\u00e7\u00e3o, conforme disposi\u00e7\u00f5es legais e contratuais em vigor.<\/del><\/p>\n<p style=\"text-align: justify;\">\u00a0<\/p>\n<p style=\"text-align: justify;\">\u00a0<\/p>\n<p style=\"text-align: justify;\"><del>Art. 19 \u2013 Compete a Assessoria de Seguran\u00e7a Institucional elaborar a regulamenta\u00e7\u00e3o das instala\u00e7\u00f5es das barreiras f\u00edsicas e do sistema integrado de prote\u00e7\u00e3o, bem como fiscalizar a execu\u00e7\u00e3o dos mesmos.<\/del><\/p>\n<p style=\"text-align: justify;\">\u00a0<\/p>\n<p style=\"text-align: justify;\">\u00a0<\/p>\n<p style=\"text-align: justify;\"><del>Par\u00e1grafo \u00fanico: Em rela\u00e7\u00e3o aos incisos V e VI, do artigo anterior, a compet\u00eancia prevista no\u00a0<em>caput<\/em>\u00a0deste artigo ser\u00e1 da Assessoria de Seguran\u00e7a Institucional em conjunto com a Secretaria de Engenharia, Gest\u00e3o Predial e Equipamentos.<\/del><\/p>\n<p style=\"text-align: justify;\">\u00a0<\/p>\n<p style=\"text-align: justify;\">\u00a0<\/p>\n<p style=\"text-align: center;\"><del>Subse\u00e7\u00e3o III<\/del><\/p>\n<p style=\"text-align: center;\"><del><strong>Do Controle de Acesso de Pessoas<\/strong><\/del><\/p>\n<p style=\"text-align: justify;\">\u00a0<\/p>\n<p style=\"text-align: justify;\">\u00a0<\/p>\n<p style=\"text-align: justify;\"><del>Art. 20 \u2013 O sistema de controle de acesso de pessoas \u00e0s depend\u00eancias do Poder Judici\u00e1rio do Estado do Esp\u00edrito Santo destina-se \u00e0 organiza\u00e7\u00e3o e \u00e0 fiscaliza\u00e7\u00e3o da entrada e sa\u00edda de pessoas nos pr\u00e9dios em que funcionam as suas unidades.<\/del><\/p>\n<p style=\"text-align: justify;\">\u00a0<\/p>\n<p style=\"text-align: justify;\">\u00a0<\/p>\n<p style=\"text-align: justify;\"><del>Art. 21 \u2013 Os requisitos e procedimentos para o acesso, a circula\u00e7\u00e3o e a perman\u00eancia de pessoas nas depend\u00eancias do Poder Judici\u00e1rio do Estado do Esp\u00edrito Santo ser\u00e3o regulamentados em ato normativo interno pr\u00f3prio, devendo ser observados os termos da <a href=\"https:\/\/www.tjes.jus.br\/corregedoria\/2018\/10\/18\/resolucao-no-031-2018-disp-18-10-2018\/\">Resolu\u00e7\u00e3o n.\u00ba 031\/2018<\/a>, com a reda\u00e7\u00e3o dada pela <a href=\"https:\/\/www.tjes.jus.br\/corregedoria\/2024\/10\/09\/resolucao-no-095-2024-disp-03-10-2024\/\">Resolu\u00e7\u00e3o n\u00ba 095\/2024<\/a>, sem preju\u00edzo de outros porventura em vigor, bem com daqueles que lhe sucederem.<\/del><\/p>\n<p style=\"text-align: justify;\">\u00a0<\/p>\n<p style=\"text-align: justify;\">\u00a0<\/p>\n<p style=\"text-align: justify;\"><del>Art. 22 \u2013 A Assessoria de Seguran\u00e7a Institucional ou a Assessoria Militar da Presid\u00eancia do Tribunal de Justi\u00e7a, mediante justificativa, poder\u00e3o negar o acesso \u00e0s depend\u00eancias do Poder Judici\u00e1rio do Estado do Espirito Santo de pessoas que representem potencial amea\u00e7a \u00e0 integridade f\u00edsica ou moral da institui\u00e7\u00e3o, de magistrados, de servidores ou de terceiros.<\/del><\/p>\n<p style=\"text-align: justify;\">\u00a0<\/p>\n<p style=\"text-align: justify;\">\u00a0<\/p>\n<p style=\"text-align: justify;\"><del>Par\u00e1grafo \u00fanico: A negativa de acesso a advogados devidamente inscritos na Ordem dos Advogados do Brasil (OAB), membros do Minist\u00e9rio P\u00fablico e da Defensoria P\u00fablica deve ser baseada em risco concreto e objetivamente verific\u00e1vel com a devida justificativa, devendo haver a comunica\u00e7\u00e3o imediata \u00e0 Comiss\u00e3o Permanente de Seguran\u00e7a (CPS) e \u00e0 Comiss\u00e3o de Prerrogativas da respectiva entidade.<\/del><\/p>\n<p style=\"text-align: justify;\">\u00a0<\/p>\n<p style=\"text-align: justify;\">\u00a0<\/p>\n<p style=\"text-align: justify;\"><del>Art. 23 \u2013 A identifica\u00e7\u00e3o e o cadastro das pessoas que ingressarem nas depend\u00eancias do Poder Judici\u00e1rio do Estado do Espirito Santo obedecer\u00e3o ao disposto na <a href=\"https:\/\/www.tjes.jus.br\/corregedoria\/2018\/10\/18\/resolucao-no-031-2018-disp-18-10-2018\/\">Resolu\u00e7\u00e3o n.\u00ba 031\/2018<\/a>, com a reda\u00e7\u00e3o dada pela <a href=\"https:\/\/www.tjes.jus.br\/corregedoria\/2024\/10\/09\/resolucao-no-095-2024-disp-03-10-2024\/\">Resolu\u00e7\u00e3o n\u00ba 095\/2024<\/a>, sem preju\u00edzo de outros porventura em vigor, bem com daqueles que lhe sucederem.<\/del><\/p>\n<p style=\"text-align: justify;\">\u00a0<\/p>\n<p style=\"text-align: justify;\">\u00a0<\/p>\n<p style=\"text-align: center;\"><del>Subse\u00e7\u00e3o IV<\/del><\/p>\n<p style=\"text-align: center;\"><del><strong>Do Controle de Acesso de Ve\u00edculos<\/strong><\/del><\/p>\n<p style=\"text-align: justify;\">\u00a0<\/p>\n<p style=\"text-align: justify;\">\u00a0<\/p>\n<p style=\"text-align: justify;\"><del>Art. 24 \u2013 O controle de acesso, a circula\u00e7\u00e3o e a perman\u00eancia de ve\u00edculos no \u00e2mbito do Poder Judici\u00e1rio do Estado do Esp\u00edrito Santo observar\u00e1 as normas gerais previstas neste plano, as quais se sujeitam as autoridades, os servidores, os prestadores de servi\u00e7os e todas as pessoas que conduzam ve\u00edculos particulares ou oficiais nas depend\u00eancias do \u00f3rg\u00e3o.<\/del><\/p>\n<p style=\"text-align: justify;\">\u00a0<\/p>\n<p style=\"text-align: justify;\">\u00a0<\/p>\n<p style=\"text-align: justify;\"><del>Art. 25 \u2013 Os requisitos e procedimentos para o acesso, a circula\u00e7\u00e3o e a perman\u00eancia de ve\u00edculos nas depend\u00eancias do Poder Judici\u00e1rio do Estado do Espirito Santo ser\u00e3o regulamentados em ato normativo interno especifico, devendo ser observados os termos da <a href=\"https:\/\/www.tjes.jus.br\/corregedoria\/2018\/10\/18\/resolucao-no-031-2018-disp-18-10-2018\/\">Resolu\u00e7\u00e3o n.\u00ba 031\/2018<\/a>, com a reda\u00e7\u00e3o dada pela <a href=\"https:\/\/www.tjes.jus.br\/corregedoria\/2024\/10\/09\/resolucao-no-095-2024-disp-03-10-2024\/\">Resolu\u00e7\u00e3o n\u00ba 095\/2024<\/a>, e do <a href=\"https:\/\/www.tjes.jus.br\/corregedoria\/2019\/06\/11\/ato-normativo-conjunto-no-014-2019-disp-11-06-2019\/\">Ato Normativo n.\u00ba 014\/2019<\/a>, sem preju\u00edzo de outros porventura em vigor, bem como daqueles que lhe sucederem.<\/del><\/p>\n<p style=\"text-align: justify;\">\u00a0<\/p>\n<p style=\"text-align: justify;\">\u00a0<\/p>\n<p style=\"text-align: center;\"><del>Subse\u00e7\u00e3o V<\/del><\/p>\n<p style=\"text-align: center;\"><del><strong>Da Seguran\u00e7a Preventiva e da Brigada de Inc\u00eandio<\/strong><\/del><\/p>\n<p style=\"text-align: justify;\">\u00a0<\/p>\n<p style=\"text-align: justify;\">\u00a0<\/p>\n<p style=\"text-align: justify;\"><del>Art. 26 \u2013 Medidas e procedimentos preventivos devem ser adotados para evitar sinistros de qualquer esp\u00e9cie capazes de colocar em risco a integridade f\u00edsica de pessoas, de \u00e1reas e instala\u00e7\u00f5es, documentos e materiais e demais equipamentos do Poder Judici\u00e1rio do Estado do Esp\u00edrito Santo.<\/del><\/p>\n<p style=\"text-align: justify;\">\u00a0<\/p>\n<p style=\"text-align: justify;\">\u00a0<\/p>\n<p style=\"text-align: justify;\"><del>Par\u00e1grafo \u00fanico: Em caso de emerg\u00eancia, devem ser adotados os respectivos procedimentos corretivos.<\/del><\/p>\n<p style=\"text-align: justify;\">\u00a0<\/p>\n<p style=\"text-align: justify;\">\u00a0<\/p>\n<p style=\"text-align: justify;\"><del>Art. 27 \u2013 O planejamento de seguran\u00e7a preventiva inclui a elabora\u00e7\u00e3o e atualiza\u00e7\u00e3o do Plano de Preven\u00e7\u00e3o e Prote\u00e7\u00e3o Contra Inc\u00eandio e P\u00e2nico \u2013 PPCI e Plano de Evacua\u00e7\u00e3o \u2013 PEV, em conformidade com as normas e regulamentos vigentes.<\/del><\/p>\n<p style=\"text-align: justify;\">\u00a0<\/p>\n<p style=\"text-align: justify;\">\u00a0<\/p>\n<p style=\"text-align: justify;\"><del>Art. 28 \u2013 O planejamento de seguran\u00e7a preventiva compreende as seguintes etapas:<\/del><\/p>\n<p style=\"text-align: justify;\">\u00a0<\/p>\n<p style=\"text-align: justify;\">\u00a0<\/p>\n<p style=\"text-align: justify;\"><del>I \u2013 identifica\u00e7\u00e3o, qualifica\u00e7\u00e3o e tratamento dos riscos;<\/del><\/p>\n<p style=\"text-align: justify;\">\u00a0<\/p>\n<p style=\"text-align: justify;\">\u00a0<\/p>\n<p style=\"text-align: justify;\"><del>II \u2013 elabora\u00e7\u00e3o, divulga\u00e7\u00e3o e atualiza\u00e7\u00e3o do PPCI e PEV;<\/del><\/p>\n<p style=\"text-align: justify;\">\u00a0<\/p>\n<p style=\"text-align: justify;\">\u00a0<\/p>\n<p style=\"text-align: justify;\"><del>III \u2013 educa\u00e7\u00e3o do p\u00fablico interno e de visitantes; e<\/del><\/p>\n<p style=\"text-align: justify;\">\u00a0<\/p>\n<p style=\"text-align: justify;\">\u00a0<\/p>\n<p style=\"text-align: justify;\"><del>IV \u2013 realiza\u00e7\u00e3o de exerc\u00edcios simulados.<\/del><\/p>\n<p style=\"text-align: justify;\">\u00a0<\/p>\n<p style=\"text-align: justify;\">\u00a0<\/p>\n<p style=\"text-align: justify;\"><del>Par\u00e1grafo \u00fanico: Compete \u00e0 Assessoria de Seguran\u00e7a Institucional, no segundo grau de jurisdi\u00e7\u00e3o, e das demais unidades respons\u00e1veis pela seguran\u00e7a que estejam \u00e0 disposi\u00e7\u00e3o das Diretorias do foros, no primeiro grau de jurisdi\u00e7\u00e3o, divulgar o planejamento de seguran\u00e7a preventiva, em conjunto com as demais \u00e1reas interessadas, bem como fiscalizar o cumprimento das normas e procedimentos estabelecidos.<\/del><\/p>\n<p style=\"text-align: justify;\">\u00a0<\/p>\n<p style=\"text-align: justify;\">\u00a0<\/p>\n<p style=\"text-align: justify;\"><del>Art. 29 \u2013 Compete a Assessoria de Seguran\u00e7a Institucional junto a Secretaria de Engenharia, Gest\u00e3o Predial e Equipamentos, no segundo grau de jurisdi\u00e7\u00e3o, e as demais unidades respons\u00e1veis pela seguran\u00e7a que estejam \u00e0 disposi\u00e7\u00e3o das Diretorias de foro, no primeiro grau de jurisdi\u00e7\u00e3o, a gest\u00e3o da seguran\u00e7a preventiva do Poder Judici\u00e1rio do Estado do Esp\u00edrito Santo, que dentre outras inclui:<\/del><\/p>\n<p style=\"text-align: justify;\">\u00a0<\/p>\n<p style=\"text-align: justify;\">\u00a0<\/p>\n<p style=\"text-align: justify;\"><del>I \u2013 fiscalizar os programas de capacita\u00e7\u00e3o na \u00e1rea de seguran\u00e7a preventiva, incluindo exerc\u00edcios de combate a inc\u00eandio, salvamento e evacua\u00e7\u00e3o das instala\u00e7\u00f5es, com o apoio dos \u00f3rg\u00e3os competentes;<\/del><\/p>\n<p style=\"text-align: justify;\">\u00a0<\/p>\n<p style=\"text-align: justify;\">\u00a0<\/p>\n<p style=\"text-align: justify;\"><del>II \u2013 propor a aquisi\u00e7\u00e3o de novos equipamentos e tecnologias, visando \u00e0 moderniza\u00e7\u00e3o dos sistemas de preven\u00e7\u00e3o e prote\u00e7\u00e3o contra inc\u00eandio e p\u00e2nico do Poder Judici\u00e1rio do Estado do Esp\u00edrito Santo;<\/del><\/p>\n<p style=\"text-align: justify;\">\u00a0<\/p>\n<p style=\"text-align: justify;\">\u00a0<\/p>\n<p style=\"text-align: justify;\"><del>III \u2013 controlar e zelar pela manuten\u00e7\u00e3o das instala\u00e7\u00f5es utilizadas pela Brigada de Inc\u00eandio Contratada, assim como de seus equipamentos;<\/del><\/p>\n<p style=\"text-align: justify;\">\u00a0<\/p>\n<p style=\"text-align: justify;\">\u00a0<\/p>\n<p style=\"text-align: justify;\"><del>IV \u2013 identificar a localiza\u00e7\u00e3o e opera\u00e7\u00e3o dos equipamentos e sistemas de seguran\u00e7a preventivas dispon\u00edveis e dar ci\u00eancia deles aos brigadistas contratados; e<\/del><\/p>\n<p style=\"text-align: justify;\">\u00a0<\/p>\n<p style=\"text-align: justify;\">\u00a0<\/p>\n<p style=\"text-align: justify;\"><del>V \u2013 coordenar a realiza\u00e7\u00e3o de exerc\u00edcios simulados previstos nas normas vigentes, bem como elaborar e difundir programa de procedimentos para evacua\u00e7\u00e3o das instala\u00e7\u00f5es;<\/del><\/p>\n<p style=\"text-align: justify;\">\u00a0<\/p>\n<p style=\"text-align: justify;\">\u00a0<\/p>\n<p style=\"text-align: justify;\"><del>Art. 30 \u2013 No caso de acionamento de alarme de inc\u00eandio, os usu\u00e1rios da edifica\u00e7\u00e3o dever\u00e3o imediatamente interromper suas tarefas e proceder conforme determina o Plano de Preven\u00e7\u00e3o e Prote\u00e7\u00e3o contra Inc\u00eandio e P\u00e2nico \u2013 PPCI e o Plano de Evacua\u00e7\u00e3o \u2013 PEV, bem como atender as orienta\u00e7\u00f5es das equipes de brigada de inc\u00eandio.<\/del><\/p>\n<p style=\"text-align: justify;\">\u00a0<\/p>\n<p style=\"text-align: justify;\">\u00a0<\/p>\n<p style=\"text-align: justify;\"><del>Par\u00e1grafo \u00fanico: O Plano de Preven\u00e7\u00e3o e Prote\u00e7\u00e3o contra Inc\u00eandio e P\u00e2nico \u2013 PPCI e o Plano de Evacua\u00e7\u00e3o \u2013 PEV ser\u00e3o regulamentados por ato pr\u00f3prio.<\/del><\/p>\n<p style=\"text-align: justify;\">\u00a0<\/p>\n<p style=\"text-align: justify;\">\u00a0<\/p>\n<p style=\"text-align: center;\"><del>Se\u00e7\u00e3o III<\/del><\/p>\n<p style=\"text-align: center;\"><del><strong>Da Seguran\u00e7a de documentos e materiais<\/strong><\/del><\/p>\n<p style=\"text-align: justify;\">\u00a0<\/p>\n<p style=\"text-align: justify;\">\u00a0<\/p>\n<p style=\"text-align: justify;\"><del>Art. 31 \u2013 A seguran\u00e7a de documentos e materiais compreende o conjunto de medidas voltadas \u00e0 prote\u00e7\u00e3o, guarda e preserva\u00e7\u00e3o do patrim\u00f4nio do Poder Judici\u00e1rio do Estado do Esp\u00edrito Santo e ser\u00e3o garantidas, dentre outros meios, pela contrata\u00e7\u00e3o de empresa especializada em seguran\u00e7a patrimonial, atrav\u00e9s da loca\u00e7\u00e3o de vigilantes contratados e alocados em postos de servi\u00e7o de seguran\u00e7a do Poder Judici\u00e1rio, com a finalidade de resguardar, de forma preventiva e ostensiva, a integralidade do patrim\u00f4nio p\u00fablico.<\/del><\/p>\n<p style=\"text-align: justify;\">\u00a0<\/p>\n<p style=\"text-align: justify;\">\u00a0<\/p>\n<p style=\"text-align: justify;\"><del>\u00a7 1\u00ba O material constitui-se em ativo economicamente importante para a instala\u00e7\u00e3o, englobando genericamente os equipamentos, componentes, acess\u00f3rios, mobili\u00e1rios, ve\u00edculos, mat\u00e9rias-primas, armas de fogo, muni\u00e7\u00f5es e demais itens empregados nas atividades da institui\u00e7\u00e3o.<\/del><\/p>\n<p style=\"text-align: justify;\">\u00a0<\/p>\n<p style=\"text-align: justify;\">\u00a0<\/p>\n<p style=\"text-align: justify;\"><del>\u00a7 2\u00ba\u00a0 As medidas citadas aplicam-se aos materiais que, ao servirem como suportes de dados sigilosos, tornam-se alvos potenciais de a\u00e7\u00f5es adversas, em particular de espionagem e sabotagem.<\/del><\/p>\n<p style=\"text-align: justify;\">\u00a0<\/p>\n<p style=\"text-align: justify;\">\u00a0<\/p>\n<p style=\"text-align: justify;\"><del>Art. 32 \u2013 O material que constitui objeto de prova em processo judicial receber\u00e1 tratamento espec\u00edfico, com a finalidade de preservar a cadeia de cust\u00f3dia da prova.<\/del><\/p>\n<p style=\"text-align: justify;\">\u00a0<\/p>\n<p style=\"text-align: justify;\">\u00a0<\/p>\n<p style=\"text-align: justify;\"><del>Par\u00e1grafo \u00danico. Os procedimentos utilizados para documentar a hist\u00f3ria cronol\u00f3gica da prova material e garantir o seu rastreamento ser\u00e3o definidos em normativo espec\u00edfico.<\/del><\/p>\n<p style=\"text-align: justify;\">\u00a0<\/p>\n<p style=\"text-align: justify;\">\u00a0<\/p>\n<p style=\"text-align: right;\"><del>Se\u00e7\u00e3o IV<\/del><\/p>\n<p style=\"text-align: center;\"><del><strong>Da Seguran\u00e7a da Informa\u00e7\u00e3o<\/strong><\/del><\/p>\n<p style=\"text-align: justify;\">\u00a0<\/p>\n<p style=\"text-align: justify;\">\u00a0<\/p>\n<p style=\"text-align: justify;\"><del>Art. 33 \u2013 A seguran\u00e7a da informa\u00e7\u00e3o compreende o conjunto de medidas voltadas a proteger dados e informa\u00e7\u00f5es sens\u00edveis ou sigilosas, cujo acesso ou divulga\u00e7\u00e3o n\u00e3o autorizados possa acarretar preju\u00edzos de qualquer natureza ao Poder Judici\u00e1rio do Estado do Esp\u00edrito Santo ou proporcionar vantagem a atores antag\u00f4nicos.<\/del><\/p>\n<p style=\"text-align: justify;\">\u00a0<\/p>\n<p style=\"text-align: justify;\">\u00a0<\/p>\n<p style=\"text-align: justify;\"><del>Art. 34 \u2013 Os objetivos, conceitos, diretrizes, responsabilidades e procedimentos relativos \u00e0 seguran\u00e7a da informa\u00e7\u00e3o s\u00e3o regulamentados por meio da <a href=\"https:\/\/www.tjes.jus.br\/corregedoria\/2024\/08\/06\/resolucao-no-079-2024-disp-10-07-2024\/\">Resolu\u00e7\u00e3o n\u00ba 079\/2024<\/a>, que instituiu a Pol\u00edtica de Seguran\u00e7a da Informa\u00e7\u00e3o no Poder Judici\u00e1rio do Estado do Esp\u00edrito Santo, bem como pelos demais atos normativos que comp\u00f5em a Estrutura Normativa de Seguran\u00e7a da Informa\u00e7\u00e3o do Tribunal, sem preju\u00edzo de outros porventura em vigor, bem com daqueles que lhe sucederem.<\/del><\/p>\n<p style=\"text-align: justify;\">\u00a0<\/p>\n<p style=\"text-align: justify;\">\u00a0<\/p>\n<p style=\"text-align: center;\"><del>Subse\u00e7\u00e3o I<\/del><\/p>\n<p style=\"text-align: center;\"><del><strong>Da Seguran\u00e7a da informa\u00e7\u00e3o nos meios de tecnologia da informa\u00e7\u00e3o<\/strong><\/del><\/p>\n<p style=\"text-align: justify;\">\u00a0<\/p>\n<p style=\"text-align: justify;\">\u00a0<\/p>\n<p style=\"text-align: justify;\"><del>Art. 35 \u2013 A seguran\u00e7a da informa\u00e7\u00e3o nos meios de tecnologia da informa\u00e7\u00e3o compreende um conjunto de medidas voltado a salvaguardar as informa\u00e7\u00f5es sens\u00edveis ou sigilosas geradas, armazenadas e processadas por interm\u00e9dio da inform\u00e1tica, bem como a pr\u00f3pria integridade dos sistemas utilizados pelo Poder Judici\u00e1rio do Estado do Esp\u00edrito Santo, englobando as \u00e1reas de inform\u00e1tica e de comunica\u00e7\u00f5es.<\/del><\/p>\n<p style=\"text-align: justify;\">\u00a0<\/p>\n<p style=\"text-align: justify;\">\u00a0<\/p>\n<p style=\"text-align: center;\"><del>Subse\u00e7\u00e3o II<\/del><\/p>\n<p style=\"text-align: center;\"><del><strong>Da seguran\u00e7a da informa\u00e7\u00e3o de pessoas<\/strong><\/del><\/p>\n<p style=\"text-align: justify;\">\u00a0<\/p>\n<p style=\"text-align: justify;\">\u00a0<\/p>\n<p style=\"text-align: justify;\"><del>Art. 36 \u2013 A seguran\u00e7a da informa\u00e7\u00e3o de pessoas refere-se ao grupo de medidas voltadas a estabelecer comportamentos a serem adotados pelos integrantes do Poder Judici\u00e1rio do Estado do Esp\u00edrito Santo com a finalidade de assegurar a prote\u00e7\u00e3o de informa\u00e7\u00f5es sens\u00edveis ou sigilosas, em especial:<\/del><\/p>\n<p style=\"text-align: justify;\">\u00a0<\/p>\n<p style=\"text-align: justify;\">\u00a0<\/p>\n<p style=\"text-align: justify;\"><del>I \u2013 Seguran\u00e7a no processo seletivo, no desempenho da fun\u00e7\u00e3o e no desligamento da fun\u00e7\u00e3o ou da institui\u00e7\u00e3o;<\/del><\/p>\n<p style=\"text-align: justify;\">\u00a0<\/p>\n<p style=\"text-align: justify;\">\u00a0<\/p>\n<p style=\"text-align: justify;\"><del>II \u2013 Detec\u00e7\u00e3o, identifica\u00e7\u00e3o, preven\u00e7\u00e3o e gerenciamento de infiltra\u00e7\u00f5es, recrutamentos e outras a\u00e7\u00f5es adversas de obten\u00e7\u00e3o indevida de informa\u00e7\u00f5es;<\/del><\/p>\n<p style=\"text-align: justify;\">\u00a0<\/p>\n<p style=\"text-align: justify;\">\u00a0<\/p>\n<p style=\"text-align: justify;\"><del>III \u2013 Identifica\u00e7\u00e3o precisa, atualizada e detalhada das pessoas em atua\u00e7\u00e3o nas unidades do Poder Judici\u00e1rio do Estado do Esp\u00edrito Santo;<\/del><\/p>\n<p style=\"text-align: justify;\">\u00a0<\/p>\n<p style=\"text-align: justify;\">\u00a0<\/p>\n<p style=\"text-align: justify;\"><del>IV \u2013 Verifica\u00e7\u00e3o e monitoramento de a\u00e7\u00f5es de prestadores de servi\u00e7os \u00e0s unidades do Poder Judici\u00e1rio do Estado do Esp\u00edrito Santo;<\/del><\/p>\n<p style=\"text-align: justify;\">\u00a0<\/p>\n<p style=\"text-align: justify;\">\u00a0<\/p>\n<p style=\"text-align: justify;\"><del>V \u2013 Utiliza\u00e7\u00e3o do Termo de Compromisso de Manuten\u00e7\u00e3o de Sigilo \u2013 TCMS, que deve ser subscrito por todos os integrantes da institui\u00e7\u00e3o ou terceiros que, de algum modo, possam ter acesso a informa\u00e7\u00f5es sens\u00edveis ou sigilosas.<\/del><\/p>\n<p style=\"text-align: justify;\">\u00a0<\/p>\n<p style=\"text-align: justify;\">\u00a0<\/p>\n<p style=\"text-align: justify;\"><del>Art. 37 \u2013 A seguran\u00e7a da informa\u00e7\u00e3o de pessoas contempla tamb\u00e9m medidas de reeduca\u00e7\u00e3o e promo\u00e7\u00e3o de uma cultura comportamental que visem a combater ataques de engenharia social contra o Poder Judici\u00e1rio, em especial a utiliza\u00e7\u00e3o de pr\u00e1ticas manipulat\u00f3rias com fins de contornar dispositivos de seguran\u00e7a e se obter informa\u00e7\u00f5es sigilosas ou sens\u00edveis.<\/del><\/p>\n<p style=\"text-align: justify;\">\u00a0<\/p>\n<p style=\"text-align: justify;\">\u00a0<\/p>\n<p style=\"text-align: center;\"><del>Subse\u00e7\u00e3o III<\/del><\/p>\n<p style=\"text-align: center;\"><del><strong>Seguran\u00e7a da informa\u00e7\u00e3o na documenta\u00e7\u00e3o<\/strong><\/del><\/p>\n<p style=\"text-align: justify;\">\u00a0<\/p>\n<p style=\"text-align: justify;\">\u00a0<\/p>\n<p style=\"text-align: justify;\"><del>Art. 38 \u2013 A seguran\u00e7a da informa\u00e7\u00e3o na documenta\u00e7\u00e3o compreende o conjunto de medidas voltadas a proteger informa\u00e7\u00f5es sens\u00edveis ou sigilosas contidas na documenta\u00e7\u00e3o arquivada ou em tramita\u00e7\u00e3o no \u00e2mbito do Poder Judici\u00e1rio do Estado do Esp\u00edrito Santo, devendo ser adotadas em cada fase de produ\u00e7\u00e3o, classifica\u00e7\u00e3o, tramita\u00e7\u00e3o, difus\u00e3o, arquivamento e destrui\u00e7\u00e3o da documenta\u00e7\u00e3o.<\/del><\/p>\n<p style=\"text-align: justify;\">\u00a0<\/p>\n<p style=\"text-align: justify;\">\u00a0<\/p>\n<p style=\"text-align: justify;\"><del>Art. 39 \u2013 Os documentos dever\u00e3o ser classificados de acordo com o grau de sigilo exigido por seu conte\u00fado, de forma a assegurar que recebam n\u00edvel adequado de prote\u00e7\u00e3o, devendo, ainda, ser adotados procedimentos que garantam uma gest\u00e3o documental adequada para documentos ostensivos e sigilosos, inclusive com o estabelecimento dos respectivos protocolos de seguran\u00e7a.<\/del><\/p>\n<p style=\"text-align: justify;\">\u00a0<\/p>\n<p style=\"text-align: justify;\">\u00a0<\/p>\n<p style=\"text-align: center;\"><del>Subse\u00e7\u00e3o IV<\/del><\/p>\n<p style=\"text-align: center;\"><del><strong>Seguran\u00e7a da informa\u00e7\u00e3o nas \u00e1reas e instala\u00e7\u00f5es<\/strong><\/del><\/p>\n<p style=\"text-align: justify;\">\u00a0<\/p>\n<p style=\"text-align: justify;\">\u00a0<\/p>\n<p style=\"text-align: justify;\"><del>Art. 40 \u2013 A Seguran\u00e7a da informa\u00e7\u00e3o nas \u00e1reas e instala\u00e7\u00f5es compreende um conjunto de medidas voltadas a proteger informa\u00e7\u00f5es sens\u00edveis armazenadas ou em tr\u00e2mite no espa\u00e7o f\u00edsico sob a responsabilidade do Poder Judici\u00e1rio do Estado do Esp\u00edrito Santo ou no espa\u00e7o f\u00edsico onde esteja sendo realizada atividade de interesse institucional, englobando a\u00e7\u00f5es para estabelecer o fluxo do p\u00fablico interno e externo, controlando o acesso referente \u00e0s informa\u00e7\u00f5es de\u00a0<em>layout<\/em>\u00a0de salas e gabinetes, localiza\u00e7\u00e3o de \u00e1reas sigilosas ou sens\u00edveis, localiza\u00e7\u00e3o de setores de atendimento ao p\u00fablico, dentre outras.<\/del><\/p>\n<p style=\"text-align: justify;\">\u00a0<\/p>\n<p style=\"text-align: justify;\">\u00a0<\/p>\n<p style=\"text-align: center;\"><del>Se\u00e7\u00e3o V<\/del><\/p>\n<p style=\"text-align: center;\"><del><strong>Da Dissemina\u00e7\u00e3o da Cultura de Seguran\u00e7a Institucional<\/strong><\/del><\/p>\n<p style=\"text-align: justify;\">\u00a0<\/p>\n<p style=\"text-align: justify;\">\u00a0<\/p>\n<p style=\"text-align: justify;\"><del>Art. 41 \u2013 A dissemina\u00e7\u00e3o da cultura de seguran\u00e7a consiste em sensibilizar os magistrados, servidores e colaboradores do Poder Judici\u00e1rio quanto as normas e os procedimentos de seguran\u00e7a adotados pelo Poder Judici\u00e1rio do Estado do Esp\u00edrito Santo, os cuidados quanto a documentos e assuntos sigilosos, seguran\u00e7a de pessoas, \u00e1reas e instala\u00e7\u00f5es, documentos e materiais, bem como sistema de informa\u00e7\u00f5es, com o objetivo de desenvolver e disseminar uma cultura de seguran\u00e7a institucional e de instruir o p\u00fablico interno para seu fiel cumprimento.<\/del><\/p>\n<p style=\"text-align: justify;\">\u00a0<\/p>\n<p style=\"text-align: justify;\">\u00a0<\/p>\n<p style=\"text-align: justify;\"><del>\u00a7 1\u00ba \u2013 A dissemina\u00e7\u00e3o da cultura de seguran\u00e7a institucional pode se dar por meio de a\u00e7\u00f5es de educa\u00e7\u00e3o corporativa ou por meio de campanhas internas de divulga\u00e7\u00e3o.<\/del><\/p>\n<p style=\"text-align: justify;\">\u00a0<\/p>\n<p style=\"text-align: justify;\">\u00a0<\/p>\n<p style=\"text-align: justify;\"><del>\u00a7 2\u00ba \u2013 As a\u00e7\u00f5es de educa\u00e7\u00e3o corporativas s\u00e3o realizadas em a\u00e7\u00e3o conjunta da Assessoria de Seguran\u00e7a Institucional, Secretaria-Geral e Assessoria de Imprensa e Comunica\u00e7\u00e3o Social e s\u00e3o realizadas de duas formas:<\/del><\/p>\n<p style=\"text-align: justify;\">\u00a0<\/p>\n<p style=\"text-align: justify;\">\u00a0<\/p>\n<p style=\"text-align: justify;\"><del>I \u2013 orienta\u00e7\u00e3o inicial, a ocorrer na ambienta\u00e7\u00e3o dos magistrados e servidores rec\u00e9m-empossados por meio da qual a Assessoria de Seguran\u00e7a Institucional apresentar\u00e1 as medidas de seguran\u00e7a adotadas no \u00e2mbito do Poder Judici\u00e1rio do Estado do Esp\u00edrito Santo; e<\/del><\/p>\n<p style=\"text-align: justify;\">\u00a0<\/p>\n<p style=\"text-align: justify;\">\u00a0<\/p>\n<p style=\"text-align: justify;\"><del>II \u2013 orienta\u00e7\u00e3o peri\u00f3dica, por meio da qual s\u00e3o apresentadas as medidas de seguran\u00e7a vigentes, a import\u00e2ncia de seu cumprimento para a preven\u00e7\u00e3o de agress\u00f5es e eventos violentos, as poss\u00edveis vulnerabilidades e o comportamento esperado das pessoas, quando a Assessoria de Seguran\u00e7a Institucional julgar oportuno e conveniente;<\/del><\/p>\n<p style=\"text-align: justify;\">\u00a0<\/p>\n<p style=\"text-align: justify;\">\u00a0<\/p>\n<p style=\"text-align: justify;\"><del>III \u2013 Orienta\u00e7\u00e3o espec\u00edfica, a cargo da chefia imediata, que dever\u00e1 apresentar aos servidores os procedimentos de seguran\u00e7a inerentes \u00e0s fun\u00e7\u00f5es que desempenhar\u00e3o.<\/del><\/p>\n<p style=\"text-align: justify;\">\u00a0<\/p>\n<p style=\"text-align: justify;\">\u00a0<\/p>\n<p style=\"text-align: justify;\"><del>IV \u2013 Orienta\u00e7\u00e3o para familiares, efetuada atrav\u00e9s de palestras de sensibiliza\u00e7\u00e3o por meio das quais s\u00e3o ministradas no\u00e7\u00f5es b\u00e1sicas de seguran\u00e7a, incluindo aspectos da seguran\u00e7a residencial, para os dependentes dos magistrados e servidores.<\/del><\/p>\n<p style=\"text-align: justify;\">\u00a0<\/p>\n<p style=\"text-align: justify;\">\u00a0<\/p>\n<p style=\"text-align: justify;\"><del>\u00a7 3\u00ba \u2013 Cabe a Assessoria de Seguran\u00e7a Institucional realizar campanhas internas, com o aux\u00edlio da Assessoria de Imprensa e Comunica\u00e7\u00e3o Social, com o objetivo de oferecer informa\u00e7\u00f5es \u00fateis para otimizar a seguran\u00e7a das autoridades, servidores e prestadores de servi\u00e7os no \u00e2mbito do Poder Judici\u00e1rio do Estado do Esp\u00edrito Santo.<\/del><\/p>\n<p style=\"text-align: justify;\">\u00a0<\/p>\n<p style=\"text-align: justify;\">\u00a0<\/p>\n<p style=\"text-align: center;\"><del>Se\u00e7\u00e3o VI<\/del><\/p>\n<p style=\"text-align: center;\"><del><strong>Do Plen\u00e1rio e do audit\u00f3rio<\/strong><\/del><\/p>\n<p style=\"text-align: justify;\">\u00a0<\/p>\n<p style=\"text-align: justify;\">\u00a0<\/p>\n<p style=\"text-align: justify;\"><del>Art. 42 \u2013 A Assessoria de Seguran\u00e7a Institucional coordenar\u00e1 a seguran\u00e7a das sess\u00f5es plen\u00e1rias para garantir o regular andamento das sess\u00f5es de julgamento, em especial no tocante \u00e0 ordem e \u00e0 preserva\u00e7\u00e3o da integridade f\u00edsica dos participantes.<\/del><\/p>\n<p style=\"text-align: justify;\">\u00a0<\/p>\n<p style=\"text-align: justify;\">\u00a0<\/p>\n<p style=\"text-align: justify;\"><del>Art. 43 \u2013 Em caso de tumulto, compete a Assessoria de Seguran\u00e7a Institucional com o apoio da Assessoria Militar da Presid\u00eancia e, se necess\u00e1rio, da empresa contratada para prestar servi\u00e7os de seguran\u00e7a, identificar os causadores e aplicar com proporcionalidade as medidas adequadas para a solu\u00e7\u00e3o da crise, a fim de assegurar o pleno restabelecimento da ordem da sess\u00e3o de julgamento, observada a legisla\u00e7\u00e3o vigente.<\/del><\/p>\n<p style=\"text-align: justify;\">\u00a0<\/p>\n<p style=\"text-align: justify;\">\u00a0<\/p>\n<p style=\"text-align: justify;\"><del>Art. 44 \u2013 Ser\u00e3o realizadas inspe\u00e7\u00f5es de seguran\u00e7a no plen\u00e1rio e no audit\u00f3rio, bem como em suas \u00e1reas adjacentes, a fim de detectar riscos reais ou potenciais, antes do in\u00edcio e ao t\u00e9rmino dos trabalhos.<\/del><\/p>\n<p style=\"text-align: justify;\">\u00a0<\/p>\n<p style=\"text-align: justify;\">\u00a0<\/p>\n<p style=\"text-align: justify;\"><del>Par\u00e1grafo \u00fanico: A Assessoria de Seguran\u00e7a Institucional poder\u00e1 solicitar o apoio de \u00f3rg\u00e3os externos competentes para obter o aux\u00edlio no exerc\u00edcio das atividades previstas no caput.<\/del><\/p>\n<p style=\"text-align: justify;\">\u00a0<\/p>\n<p style=\"text-align: justify;\">\u00a0<\/p>\n<p style=\"text-align: justify;\"><del>Art. 45 \u2013 Durante as sess\u00f5es de julgamento ou eventos realizados no audit\u00f3rio, os vigilantes contratados postar-se-\u00e3o em pontos estrat\u00e9gicos predefinidos pela Assessoria de Seguran\u00e7a Institucional, com a vis\u00e3o privilegiada do ambiente de julgamento, com o objetivo de possibilitar a\u00e7\u00f5es de seguran\u00e7a oportunas e eficientes.<\/del><\/p>\n<p style=\"text-align: justify;\">\u00a0<\/p>\n<p style=\"text-align: justify;\">\u00a0<\/p>\n<p style=\"text-align: justify;\"><del>Art. 46 \u2013 A Assessoria de Seguran\u00e7a Institucional poder\u00e1, sempre que julgar oportuno, determinar o deslocamento provis\u00f3rio de postos de servi\u00e7o de seguran\u00e7a para \u00e1reas diversas das que se encontram, a fim de readequar e melhorar o servi\u00e7o, resguardando a integridade de pessoas e do patrim\u00f4nio do Poder Judici\u00e1rio do Estado do Esp\u00edrito Santo e a ordem nas sess\u00f5es plen\u00e1rias e demais eventos do TJES.<\/del><\/p>\n<p style=\"text-align: justify;\">\u00a0<\/p>\n<p style=\"text-align: justify;\">\u00a0<\/p>\n<p style=\"text-align: justify;\"><del>Art. 47 \u2013 Incumbe a Assessoria de Seguran\u00e7a Institucional elaborar e atualizar manuais de procedimentos, de acesso restrito, com a finalidade de detalhar rotinas e protocolos de seguran\u00e7a utilizados nos espa\u00e7os destinados as sess\u00f5es de julgamento e adjac\u00eancias, obedecidas as diretrizes e normas gerais definidas neste documento.<\/del><\/p>\n<p style=\"text-align: justify;\">\u00a0<\/p>\n<p style=\"text-align: justify;\">\u00a0<\/p>\n<p style=\"text-align: center;\"><del>CAP\u00cdTULO III<\/del><\/p>\n<p style=\"text-align: center;\"><del>AUDITORIAS E CONTROLE INTERNO<\/del><\/p>\n<p style=\"text-align: justify;\">\u00a0<\/p>\n<p style=\"text-align: justify;\">\u00a0<\/p>\n<p style=\"text-align: justify;\"><del>Art. 48 \u2013 Com a finalidade de acompanhar a observ\u00e2ncia das medidas de seguran\u00e7a preconizadas neste PSI e avaliar sua adequabilidade, dever\u00e3o ser realizadas auditorias de seguran\u00e7a peri\u00f3dicas nos sistemas e servi\u00e7os existentes, dentre eles os a seguir especificados:<\/del><\/p>\n<p style=\"text-align: justify;\">\u00a0<\/p>\n<p style=\"text-align: justify;\">\u00a0<\/p>\n<p style=\"text-align: justify;\"><del>I \u2013 Sistema de controle de acesso de pessoas, ve\u00edculos e de patrim\u00f4nio:<\/del><\/p>\n<p style=\"text-align: justify;\">\u00a0<\/p>\n<p style=\"text-align: justify;\">\u00a0<\/p>\n<p style=\"text-align: justify;\"><del>a) nas portarias;<\/del><\/p>\n<p style=\"text-align: justify;\">\u00a0<\/p>\n<p style=\"text-align: justify;\">\u00a0<\/p>\n<p style=\"text-align: justify;\"><del>b) nas garagens ou estacionamento;<\/del><\/p>\n<p style=\"text-align: justify;\">\u00a0<\/p>\n<p style=\"text-align: justify;\">\u00a0<\/p>\n<p style=\"text-align: justify;\"><del>c) nas \u00e1reas e instala\u00e7\u00f5es sens\u00edveis; e<\/del><\/p>\n<p style=\"text-align: justify;\">\u00a0<\/p>\n<p style=\"text-align: justify;\">\u00a0<\/p>\n<p style=\"text-align: justify;\"><del>d) nos clavicul\u00e1rios.<\/del><\/p>\n<p style=\"text-align: justify;\">\u00a0<\/p>\n<p style=\"text-align: justify;\">\u00a0<\/p>\n<p style=\"text-align: justify;\"><del>II \u2013 Sistemas de detec\u00e7\u00e3o de intrus\u00e3o;<\/del><\/p>\n<p style=\"text-align: justify;\">\u00a0<\/p>\n<p style=\"text-align: justify;\">\u00a0<\/p>\n<p style=\"text-align: justify;\"><del>III \u2013 Sistema de Monitoramento por C\u00e2meras; e<\/del><\/p>\n<p style=\"text-align: justify;\">\u00a0<\/p>\n<p style=\"text-align: justify;\"><del>IV \u2013 Sistema de preven\u00e7\u00e3o e combate a inc\u00eandio.<\/del><\/p>\n<p style=\"text-align: justify;\">\u00a0<\/p>\n<p style=\"text-align: justify;\">\u00a0<\/p>\n<p style=\"text-align: center;\"><del>CAP\u00cdTULO IV<\/del><\/p>\n<p style=\"text-align: center;\"><del>PLANEJAMENTO DE CAPACITA\u00c7\u00c3O<\/del><\/p>\n<p style=\"text-align: justify;\">\u00a0<\/p>\n<p style=\"text-align: justify;\">\u00a0<\/p>\n<p style=\"text-align: justify;\"><del>Art. 49 \u2013 A atividade de seguran\u00e7a institucional possui car\u00e1ter essencial e permanente, devendo ser promovidas atividades para capacita\u00e7\u00e3o e aperfei\u00e7oamento dos servidores p\u00fablicos e terceirizados mediante a realiza\u00e7\u00e3o de cursos, semin\u00e1rios, palestras e outras atividades que contribuam para o desenvolvimento da seguran\u00e7a institucional no \u00e2mbito do Poder Judici\u00e1rio do Estado do Esp\u00edrito Santo.<\/del><\/p>\n<p style=\"text-align: justify;\">\u00a0<\/p>\n<p style=\"text-align: justify;\"><del>\u00a7 1\u00ba Na contrata\u00e7\u00e3o de servidores terceirizados para atua\u00e7\u00e3o na \u00e1rea de seguran\u00e7a institucional dever\u00e3o ser fornecidos cursos de capacita\u00e7\u00e3o, com revis\u00f5es peri\u00f3dicas, com foco em:<\/del><\/p>\n<p style=\"text-align: justify;\">\u00a0<\/p>\n<p style=\"text-align: justify;\">\u00a0<\/p>\n<p style=\"text-align: justify;\"><del>I \u2013 Direitos Humanos na pr\u00e1tica forense;<\/del><\/p>\n<p style=\"text-align: justify;\">\u00a0<\/p>\n<p style=\"text-align: justify;\">\u00a0<\/p>\n<p style=\"text-align: justify;\"><del>II \u2013 Prerrogativas da advocacia; do Minist\u00e9rio P\u00fablico e da Defensoria P\u00fablica;<\/del><\/p>\n<p style=\"text-align: justify;\">\u00a0<\/p>\n<p style=\"text-align: justify;\">\u00a0<\/p>\n<p style=\"text-align: justify;\"><del>III \u2013 Media\u00e7\u00e3o de conflitos e comunica\u00e7\u00e3o n\u00e3o violenta; e<\/del><\/p>\n<p style=\"text-align: justify;\">\u00a0<\/p>\n<p style=\"text-align: justify;\">\u00a0<\/p>\n<p style=\"text-align: justify;\"><del>IV \u2013 Legisla\u00e7\u00e3o e Regimento Interno do Poder Judici\u00e1rio do Estado do Esp\u00edrito Santo<\/del><\/p>\n<p style=\"text-align: justify;\">\u00a0<\/p>\n<p style=\"text-align: justify;\">\u00a0<\/p>\n<p style=\"text-align: justify;\"><del>\u00a7 2\u00ba Para a realiza\u00e7\u00e3o dos cursos de capacita\u00e7\u00e3o, a Comiss\u00e3o Permanente de Seguran\u00e7a poder\u00e1 solicitar apoio \u00e0 Escola da Magistratura do Estado do Esp\u00edrito Santo (EMES) e a outros \u00f3rg\u00e3os internos ou externos.<\/del><\/p>\n<p style=\"text-align: justify;\">\u00a0<\/p>\n<p style=\"text-align: justify;\">\u00a0<\/p>\n<p style=\"text-align: center;\"><del>CAP\u00cdTULO V<\/del><\/p>\n<p style=\"text-align: center;\"><del>DA PREVEN\u00c7\u00c3O A SINISTROS<\/del><\/p>\n<p style=\"text-align: justify;\">\u00a0<\/p>\n<p style=\"text-align: justify;\">\u00a0<\/p>\n<p style=\"text-align: justify;\"><del>Art. 50 \u2013 O Plano de Preven\u00e7\u00e3o de Sinistros \u2013 PPS visa prevenir, minimizar ou neutralizar os impactos decorrentes da interrup\u00e7\u00e3o de atividades e servi\u00e7os essenciais do Poder Judici\u00e1rio do Estado do Esp\u00edrito Santo ocasionada por falhas, desastres, indisponibilidade significativa ou a\u00e7\u00e3o intencional de ator hostil em processos sens\u00edveis, permitindo a continuidade das atividades e servi\u00e7os em n\u00edveis aceit\u00e1veis.<\/del><\/p>\n<p style=\"text-align: justify;\">\u00a0<\/p>\n<p style=\"text-align: justify;\">\u00a0<\/p>\n<p style=\"text-align: justify;\"><del>Art. 51 \u2013 O Plano de Preven\u00e7\u00e3o de Sinistros \u2013 PPS compreende 3 (tr\u00eas) etapas:<\/del><\/p>\n<p style=\"text-align: justify;\">\u00a0<\/p>\n<p style=\"text-align: justify;\">\u00a0<\/p>\n<p style=\"text-align: justify;\"><del>I \u2013 Identifica\u00e7\u00e3o dos riscos:<\/del><\/p>\n<p style=\"text-align: justify;\">\u00a0<\/p>\n<p style=\"text-align: justify;\">\u00a0<\/p>\n<p style=\"text-align: justify;\"><del>a) listagem dos riscos, inclusive geogr\u00e1ficos, clim\u00e1ticos ou de qualquer outra natureza, que possam amea\u00e7ar os edif\u00edcios e as instala\u00e7\u00f5es f\u00edsicas do Poder Judici\u00e1rio do Estado do Esp\u00edrito Santo e seu acervo;<\/del><\/p>\n<p style=\"text-align: justify;\">\u00a0<\/p>\n<p style=\"text-align: justify;\">\u00a0<\/p>\n<p style=\"text-align: justify;\"><del>b) avalia\u00e7\u00e3o dos edif\u00edcios e de sua localiza\u00e7\u00e3o;<\/del><\/p>\n<p style=\"text-align: justify;\">\u00a0<\/p>\n<p style=\"text-align: justify;\">\u00a0<\/p>\n<p style=\"text-align: justify;\"><del>c) avalia\u00e7\u00e3o dos sistemas de prote\u00e7\u00e3o contra inc\u00eandio e dos sistemas el\u00e9trico, hidr\u00e1ulico e ambiental;<\/del><\/p>\n<p style=\"text-align: justify;\">\u00a0<\/p>\n<p style=\"text-align: justify;\">\u00a0<\/p>\n<p style=\"text-align: justify;\"><del>d) vulnerabilidade do acervo.<\/del><\/p>\n<p style=\"text-align: justify;\">\u00a0<\/p>\n<p style=\"text-align: justify;\">\u00a0<\/p>\n<p style=\"text-align: justify;\"><del>e) vulnerabilidade administrativa.<\/del><\/p>\n<p style=\"text-align: justify;\">\u00a0<\/p>\n<p style=\"text-align: justify;\">\u00a0<\/p>\n<p style=\"text-align: justify;\"><del>II \u2013 Redu\u00e7\u00e3o dos riscos:<\/del><\/p>\n<p style=\"text-align: justify;\">\u00a0<\/p>\n<p style=\"text-align: justify;\">\u00a0<\/p>\n<p style=\"text-align: justify;\"><del>a) cria\u00e7\u00e3o de um programa regular de inspe\u00e7\u00e3o e manuten\u00e7\u00e3o dos pr\u00e9dios e instala\u00e7\u00f5es f\u00edsicas;<\/del><\/p>\n<p style=\"text-align: justify;\">\u00a0<\/p>\n<p style=\"text-align: justify;\">\u00a0<\/p>\n<p style=\"text-align: justify;\"><del>b) exist\u00eancia de um sistema de prote\u00e7\u00e3o contra inc\u00eandios especial para arquivos, monitorado 24 (vinte e quatro) horas por dia, sete dias por semana, de forma ininterrupta;<\/del><\/p>\n<p style=\"text-align: justify;\">\u00a0<\/p>\n<p style=\"text-align: justify;\">\u00a0<\/p>\n<p style=\"text-align: justify;\"><del>c) utiliza\u00e7\u00e3o de di\u00e1rio de ocorr\u00eancias;<\/del><\/p>\n<p style=\"text-align: justify;\">\u00a0<\/p>\n<p style=\"text-align: justify;\">\u00a0<\/p>\n<p style=\"text-align: justify;\"><del>c) exist\u00eancia de invent\u00e1rio do acervo, indicando os bens e documentos que devem ter prioridade de socorro;<\/del><\/p>\n<p style=\"text-align: justify;\">\u00a0<\/p>\n<p style=\"text-align: justify;\">\u00a0<\/p>\n<p style=\"text-align: justify;\"><del>d) limpeza e conserva\u00e7\u00e3o permanente do local de armazenamento do acervo;<\/del><\/p>\n<p style=\"text-align: justify;\">\u00a0<\/p>\n<p style=\"text-align: justify;\">\u00a0<\/p>\n<p style=\"text-align: justify;\"><del>e) guarda do acervo de modo distante de prov\u00e1veis situa\u00e7\u00f5es de dano.<\/del><\/p>\n<p style=\"text-align: justify;\">\u00a0<\/p>\n<p style=\"text-align: justify;\">\u00a0<\/p>\n<p style=\"text-align: justify;\"><del>III \u2013 Elabora\u00e7\u00e3o de plano de emerg\u00eancia:<\/del><\/p>\n<p style=\"text-align: justify;\">\u00a0<\/p>\n<p style=\"text-align: justify;\">\u00a0<\/p>\n<p style=\"text-align: justify;\"><del>a) utiliza\u00e7\u00e3o de meios de comunica\u00e7\u00e3o de f\u00e1cil compreens\u00e3o para o p\u00fablico em geral;<\/del><\/p>\n<p style=\"text-align: justify;\">\u00a0<\/p>\n<p style=\"text-align: justify;\">\u00a0<\/p>\n<p style=\"text-align: justify;\"><del>b) armazenamento em local de f\u00e1cil acesso;<\/del><\/p>\n<p style=\"text-align: justify;\">\u00a0<\/p>\n<p style=\"text-align: justify;\">\u00a0<\/p>\n<p style=\"text-align: justify;\"><del>c) identifica\u00e7\u00e3o dos servi\u00e7os de emerg\u00eancia;<\/del><\/p>\n<p style=\"text-align: justify;\">\u00a0<\/p>\n<p style=\"text-align: justify;\">\u00a0<\/p>\n<p style=\"text-align: justify;\"><del>d) estabelecimento de prioridades;<\/del><\/p>\n<p style=\"text-align: justify;\">\u00a0<\/p>\n<p style=\"text-align: justify;\">\u00a0<\/p>\n<p style=\"text-align: justify;\"><del>e) indica\u00e7\u00e3o dos meios de recupera\u00e7\u00e3o dos acervos atingidos por \u00e1gua, fogo (fuligem), agentes biol\u00f3gicos, roedores, etc.<\/del><\/p>\n<p style=\"text-align: justify;\">\u00a0<\/p>\n<p style=\"text-align: justify;\">\u00a0<\/p>\n<p style=\"text-align: justify;\"><del>f) treinamento das equipes.<\/del><\/p>\n<p style=\"text-align: justify;\">\u00a0<\/p>\n<p style=\"text-align: justify;\">\u00a0<\/p>\n<p style=\"text-align: justify;\"><del>g) divulga\u00e7\u00e3o do plano de emerg\u00eancia para toda a institui\u00e7\u00e3o.<\/del><\/p>\n<p style=\"text-align: justify;\">\u00a0<\/p>\n<p style=\"text-align: justify;\">\u00a0<\/p>\n<p style=\"text-align: justify;\"><del>Par\u00e1grafo \u00fanico. O Plano de Preven\u00e7\u00e3o de Sinistros \u2013 PPS ser\u00e1 regulamentado em ato pr\u00f3prio.<\/del><\/p>\n<p style=\"text-align: justify;\">\u00a0<\/p>\n<p style=\"text-align: justify;\">\u00a0<\/p>\n<p style=\"text-align: center;\"><del>CAP\u00cdTULO VI<\/del><\/p>\n<p style=\"text-align: center;\"><del>DO N\u00daCLEO DE INTELIG\u00caNCIA<\/del><\/p>\n<p style=\"text-align: justify;\">\u00a0<\/p>\n<p style=\"text-align: justify;\">\u00a0<\/p>\n<p style=\"text-align: justify;\"><del>Art. 52 \u2013 O N\u00facleo de Intelig\u00eancia \u2013 NINT no \u00e2mbito do Poder Judici\u00e1rio do Estado do Esp\u00edrito Santo, \u00e9 \u00f3rg\u00e3o vinculado \u00e0 Comiss\u00e3o Permanente de Seguran\u00e7a.<\/del><\/p>\n<p style=\"text-align: justify;\">\u00a0<\/p>\n<p style=\"text-align: justify;\">\u00a0<\/p>\n<p style=\"text-align: justify;\"><del>Art. 53 \u2013 A Atividade de Intelig\u00eancia de Seguran\u00e7a Institucional \u00e9 o exerc\u00edcio permanente e sistem\u00e1tico de a\u00e7\u00f5es especializadas destinadas a identificar, avaliar e acompanhar amea\u00e7as reais ou potenciais aos ativos do Poder Judici\u00e1rio, especialmente orientada para a produ\u00e7\u00e3o e salvaguarda de conhecimentos necess\u00e1rios ao assessoramento do processo decis\u00f3rio no \u00e2mbito da Seguran\u00e7a Institucional do Poder Judici\u00e1rio do Estado do Esp\u00edrito Santo.<\/del><\/p>\n<p style=\"text-align: justify;\">\u00a0<\/p>\n<p style=\"text-align: justify;\">\u00a0<\/p>\n<p style=\"text-align: justify;\"><del>Art. 54. Conhecimento \u00e9 o produto final obtido pelo profissional de Intelig\u00eancia, ap\u00f3s a aplica\u00e7\u00e3o da Metodologia de Produ\u00e7\u00e3o de Conhecimento sobre os dados que foram reunidos. Pode ser expresso por escrito ou de forma oral.<\/del><\/p>\n<p style=\"text-align: justify;\">\u00a0<\/p>\n<p style=\"text-align: justify;\">\u00a0<\/p>\n<p style=\"text-align: justify;\"><del>Art. 55 \u2013<strong>\u00a0<\/strong>Compete ao NINT:<\/del><\/p>\n<p style=\"text-align: justify;\">\u00a0<\/p>\n<p style=\"text-align: justify;\">\u00a0<\/p>\n<p style=\"text-align: justify;\"><del>I \u2013 produzir conhecimento de intelig\u00eancia e contraintelig\u00eancia, fornecendo informa\u00e7\u00f5es com a finalidade de assessorar a Comiss\u00e3o Permanente de Seguran\u00e7a no planejamento estrat\u00e9gico das pol\u00edticas de seguran\u00e7a dos membros e \u00f3rg\u00e3os do Poder Judici\u00e1rio do Estado do Esp\u00edrito Santo;<\/del><\/p>\n<p style=\"text-align: justify;\">\u00a0<\/p>\n<p style=\"text-align: justify;\">\u00a0<\/p>\n<p style=\"text-align: justify;\"><del>II \u2013 subsidiar a Comiss\u00e3o Permanente de Seguran\u00e7a na elabora\u00e7\u00e3o de opinativos e recomenda\u00e7\u00f5es destinados a preven\u00e7\u00e3o e redu\u00e7\u00e3o de vulnerabilidades;<\/del><\/p>\n<p style=\"text-align: justify;\">\u00a0<\/p>\n<p style=\"text-align: justify;\">\u00a0<\/p>\n<p style=\"text-align: justify;\"><del>III \u2013 identificar as medidas necess\u00e1rias que visem a prevenir, obstruir e neutralizar a\u00e7\u00f5es adversas de qualquer natureza que possam comprometer a seguran\u00e7a dos \u00f3rg\u00e3os do Poder Judici\u00e1rio do Estado do Esp\u00edrito Santo e respectivos membros em raz\u00e3o de situa\u00e7\u00e3o de risco decorrente do exerc\u00edcio da atividade funcional, submetendo-as \u00e0 Comiss\u00e3o Permanente de Seguran\u00e7a;<\/del><\/p>\n<p style=\"text-align: justify;\">\u00a0<\/p>\n<p style=\"text-align: justify;\">\u00a0<\/p>\n<p style=\"text-align: justify;\"><del>IV \u2013 coordenar a execu\u00e7\u00e3o de procedimentos sens\u00edveis relativos a fatos e\/ou situa\u00e7\u00f5es que comprometam a seguran\u00e7a de membros e\/ou \u00f3rg\u00e3os do Poder Judici\u00e1rio do Estado do Esp\u00edrito Santo, a crit\u00e9rio da Comiss\u00e3o Permanente de Seguran\u00e7a;<\/del><\/p>\n<p style=\"text-align: justify;\">\u00a0<\/p>\n<p style=\"text-align: justify;\">\u00a0<\/p>\n<p style=\"text-align: justify;\"><del>V \u2013 assessorar qualquer dos membros da Comiss\u00e3o Permanente de Seguran\u00e7a, quando determinado por seu Presidente, em reuni\u00f5es nos \u00e2mbitos federal, estadual e municipal;<\/del><\/p>\n<p style=\"text-align: justify;\">\u00a0<\/p>\n<p style=\"text-align: justify;\">\u00a0<\/p>\n<p style=\"text-align: justify;\"><del>VI \u2013 promover estudo e pesquisa que contribuam para a padroniza\u00e7\u00e3o e a melhoria dos procedimentos relativos a sua \u00e1rea de atua\u00e7\u00e3o;<\/del><\/p>\n<p style=\"text-align: justify;\">\u00a0<\/p>\n<p style=\"text-align: justify;\">\u00a0<\/p>\n<p style=\"text-align: justify;\"><del>VII \u2013 elaborar, quando determinado pela Comiss\u00e3o Permanente de Seguran\u00e7a, relat\u00f3rio de an\u00e1lise de risco, com a finalidade de fornecer conhecimento espec\u00edfico vinculado a sua \u00e1rea de atua\u00e7\u00e3o;<\/del><\/p>\n<p style=\"text-align: justify;\">\u00a0<\/p>\n<p style=\"text-align: justify;\">\u00a0<\/p>\n<p style=\"text-align: justify;\"><del>VIII\u2013 propor \u00e0 Comiss\u00e3o Permanente de Seguran\u00e7a a expedi\u00e7\u00e3o e a pr\u00e1tica de atos administrativos e gerenciais;<\/del><\/p>\n<p style=\"text-align: justify;\">\u00a0<\/p>\n<p style=\"text-align: justify;\">\u00a0<\/p>\n<p style=\"text-align: justify;\"><del>IX \u2013 propor \u00e0 Comiss\u00e3o Permanente de Seguran\u00e7a a realiza\u00e7\u00e3o de cursos e treinamentos de seu quadro de pessoal, bem como de autoprote\u00e7\u00e3o para magistrados e servidores do Poder Judici\u00e1rio do Estado do Esp\u00edrito Santo;<\/del><\/p>\n<p style=\"text-align: justify;\">\u00a0<\/p>\n<p style=\"text-align: justify;\">\u00a0<\/p>\n<p style=\"text-align: justify;\"><del>X \u2013 fomentar a cultura da seguran\u00e7a institucional entre os membros do Poder Judici\u00e1rio do Estado do Esp\u00edrito Santo;<\/del><\/p>\n<p style=\"text-align: justify;\">\u00a0<\/p>\n<p style=\"text-align: justify;\">\u00a0<\/p>\n<p style=\"text-align: justify;\"><del>XI \u2013 orientar a Comiss\u00e3o Permanente de Seguran\u00e7a quanto ao desenvolvimento de rotinas de boas pr\u00e1ticas em seguran\u00e7a institucional;<\/del><\/p>\n<p style=\"text-align: justify;\">\u00a0<\/p>\n<p style=\"text-align: justify;\">\u00a0<\/p>\n<p style=\"text-align: justify;\"><del>XII \u2013 acionar e acompanhar as a\u00e7\u00f5es da pol\u00edcia judici\u00e1ria, no \u00e2mbito de suas atribui\u00e7\u00f5es, nos casos que envolvam a preven\u00e7\u00e3o ou rea\u00e7\u00e3o a potencial ou real viola\u00e7\u00e3o \u00e0 seguran\u00e7a de magistrados, seus familiares e de servidores, do patrim\u00f4nio e de dados do Poder Judici\u00e1rio do Estado do Esp\u00edrito Santo.<\/del><\/p>\n<p style=\"text-align: justify;\">\u00a0<\/p>\n<p style=\"text-align: justify;\">\u00a0<\/p>\n<p style=\"text-align: justify;\"><del>Art. 56 \u2013<strong>\u00a0<\/strong>Toda e qualquer a\u00e7\u00e3o do NINT observar\u00e1 o direito \u00e0 intimidade, devendo sua atua\u00e7\u00e3o pressupor o pedido ou a autoriza\u00e7\u00e3o dos membros ou servidores deste Poder interessados.<\/del><\/p>\n<p style=\"text-align: justify;\">\u00a0<\/p>\n<p style=\"text-align: justify;\">\u00a0<\/p>\n<p style=\"text-align: justify;\"><del>Par\u00e1grafo \u00fanico \u2013<strong>\u00a0<\/strong>Caso o \u00f3rg\u00e3o tome conhecimento de ocorr\u00eancia capaz de colocar em risco a seguran\u00e7a de servidor ou magistrado do Poder Judici\u00e1rio, bem como respectivos familiares, dever\u00e1 comunicar imediatamente ao Desembargador Presidente do Tribunal, a fim de que sejam definidas as medidas de prote\u00e7\u00e3o necess\u00e1rias e comunicado ao interessado.<\/del><\/p>\n<p style=\"text-align: justify;\">\u00a0<\/p>\n<p style=\"text-align: justify;\">\u00a0<\/p>\n<p style=\"text-align: justify;\"><del>Art. 57 \u2013 A atividade de intelig\u00eancia ser\u00e1 coordenada pelo Desembargador Presidente da Comiss\u00e3o Permanente de Seguran\u00e7a, ao qual caber\u00e1 indicar Juiz de Direito componente da referida Comiss\u00e3o para integrar o N\u00facleo de Intelig\u00eancia.<\/del><\/p>\n<p style=\"text-align: justify;\">\u00a0<\/p>\n<p style=\"text-align: justify;\"><del>\u00a7 1\u00ba \u2013 Diante da complexidade e\/ou urg\u00eancia de caso espec\u00edfico, este Tribunal poder\u00e1 celebrar conv\u00eanios e acordos de coopera\u00e7\u00e3o t\u00e9cnica junto aos demais poderes, institui\u00e7\u00f5es e \u00f3rg\u00e3os de seguran\u00e7a p\u00fablica, que visem ao compartilhamento de informa\u00e7\u00f5es, assim como \u00e0 disponibiliza\u00e7\u00e3o de servidores, para atuar junto ao NINT, por prazo determinado<\/del><\/p>\n<p style=\"text-align: justify;\">\u00a0<\/p>\n<p style=\"text-align: justify;\">\u00a0<\/p>\n<p style=\"text-align: justify;\"><del>\u00a7 .2\u00ba \u2013 Nas a\u00e7\u00f5es relacionadas \u00e0 intelig\u00eancia ser\u00e3o designados, preferencialmente, Delegado de Pol\u00edcia Civil, policiais civis e servidores p\u00fablicos especializados em tal \u00e1rea.<\/del><\/p>\n<p style=\"text-align: justify;\">\u00a0<\/p>\n<p style=\"text-align: justify;\">\u00a0<\/p>\n<p style=\"text-align: justify;\"><del>\u00a7 3\u00ba \u2013 Em se tratando de atividades de contraintelig\u00eancia, atuar\u00e3o, preferencialmente, o Oficial Superior da Pol\u00edcia Militar integrante da Comiss\u00e3o Permanente de Seguran\u00e7a e policiais militares dentre os que se encontram \u00e0 disposi\u00e7\u00e3o do Tribunal de Justi\u00e7a.<\/del><\/p>\n<p style=\"text-align: justify;\">\u00a0<\/p>\n<p style=\"text-align: justify;\">\u00a0<\/p>\n<p style=\"text-align: justify;\"><del>\u00a7 4\u00ba \u2013 A solicita\u00e7\u00e3o de servidores de outras institui\u00e7\u00f5es para atua\u00e7\u00e3o junto ao NINT ter\u00e1 como pressupostos evento espec\u00edfico e conhecimento do interessado.<\/del><\/p>\n<p style=\"text-align: justify;\">\u00a0<\/p>\n<p style=\"text-align: justify;\">\u00a0<\/p>\n<p style=\"text-align: justify;\"><del>\u00a7 5\u00ba \u2013 O Desembargador coordenador poder\u00e1, ainda, designar servidor do Poder Judici\u00e1rio para atuar no NINT, sem preju\u00edzo do desempenho das fun\u00e7\u00f5es que j\u00e1 exer\u00e7a.<\/del><\/p>\n<p style=\"text-align: justify;\">\u00a0<\/p>\n<p style=\"text-align: justify;\">\u00a0<\/p>\n<p style=\"text-align: justify;\"><del>Art. 58 \u2013 A assessoria militar do TJES, quando solicitada, dever\u00e1 prestar todo o apoio administrativo, operacional e log\u00edstico \u00e0s a\u00e7\u00f5es realizadas no \u00e2mbito do NINT.<\/del><\/p>\n<p style=\"text-align: justify;\"><del>Par\u00e1grafo \u00fanico \u2013 Todo incidente de seguran\u00e7a que chegar ao conhecimento da assessoria militar do TJES dever\u00e1 ser imediatamente comunicado ao NINT.<\/del><\/p>\n<p style=\"text-align: justify;\">\u00a0<\/p>\n<p style=\"text-align: justify;\">\u00a0<\/p>\n<p style=\"text-align: justify;\"><del>Art. 59 \u2013 O NINT funcionar\u00e1 nas instala\u00e7\u00f5es do Tribunal de Justi\u00e7a do Estado do Esp\u00edrito Santo.<\/del><\/p>\n<p style=\"text-align: justify;\">\u00a0<\/p>\n<p style=\"text-align: justify;\">\u00a0<\/p>\n<p style=\"text-align: justify;\"><del>Art. 60 \u2013 As a\u00e7\u00f5es de controle e fiscaliza\u00e7\u00e3o da atua\u00e7\u00e3o do NINT ser\u00e3o efetuadas pela Comiss\u00e3o Permanente de Seguran\u00e7a, sem preju\u00edzo da compet\u00eancia concorrente do Comit\u00ea Gestor do Sistema Nacional de Seguran\u00e7a do Poder Judici\u00e1rio (SINASPJ), nos termos da Doutrina de Intelig\u00eancia de Seguran\u00e7a Institucional do Poder Judici\u00e1rio elaborada pelo Conselho Nacional de Justi\u00e7a.<\/del><\/p>\n<p style=\"text-align: justify;\">\u00a0<\/p>\n<p style=\"text-align: justify;\">\u00a0<\/p>\n<p style=\"text-align: justify;\"><del>Art. 61 \u2013 Caber\u00e1 ao N\u00facleo de Intelig\u00eancia a elabora\u00e7\u00e3o de relat\u00f3rio mensal sobre suas atividades, submetendo \u00e0 Comiss\u00e3o Permanente de Seguran\u00e7a.<\/del><\/p>\n<p style=\"text-align: justify;\">\u00a0<\/p>\n<p style=\"text-align: justify;\">\u00a0<\/p>\n<p style=\"text-align: justify;\"><del>Art. 62 \u2013 A Comiss\u00e3o Permanente de Seguran\u00e7a encaminhar\u00e1, anualmente, ao Presidente do Tribunal de Justi\u00e7a, relat\u00f3rio descritivo dos procedimentos realizados pelo NINT, para aprecia\u00e7\u00e3o pelo Egr\u00e9gio Tribunal Pleno, reservadamente, em sess\u00e3o administrativa.<\/del><\/p>\n<p style=\"text-align: justify;\">\u00a0<\/p>\n<p style=\"text-align: justify;\">\u00a0<\/p>\n<p style=\"text-align: justify;\"><del>Art. 63 \u2013 Os casos omissos ser\u00e3o resolvidos pelo Presidente do Tribunal de Justi\u00e7a, mediante manifesta\u00e7\u00e3o pr\u00e9via da Comiss\u00e3o Permanente de Seguran\u00e7a.<\/del><\/p>\n<p style=\"text-align: justify;\">\u00a0<\/p>\n<p style=\"text-align: justify;\">\u00a0<\/p>\n<p style=\"text-align: center;\"><del>CAP\u00cdTULO VII<\/del><\/p>\n<p style=\"text-align: center;\"><del>DAS DISPOSI\u00c7\u00d5ES GERAIS<\/del><\/p>\n<p style=\"text-align: justify;\">\u00a0<\/p>\n<p style=\"text-align: justify;\">\u00a0<\/p>\n<p style=\"text-align: justify;\"><del>Art. 64 \u2013 As informa\u00e7\u00f5es e os registros dos sistemas informatizados utilizados na seguran\u00e7a do PJES s\u00e3o de car\u00e1ter reservado, permanecendo sob a gest\u00e3o do N\u00facleo de Intelig\u00eancia.<\/del><\/p>\n<p style=\"text-align: justify;\">\u00a0<\/p>\n<p style=\"text-align: justify;\">\u00a0<\/p>\n<p style=\"text-align: justify;\"><del>Art. 65 \u2013 Os atos administrativos cuja publicidade possa comprometer a efetividade das a\u00e7\u00f5es de seguran\u00e7a institucional dever\u00e3o ser publicados em extrato.<\/del><\/p>\n<p style=\"text-align: justify;\">\u00a0<\/p>\n<p style=\"text-align: justify;\">\u00a0<\/p>\n<p style=\"text-align: justify;\"><del>Art. 66 \u2013 A Assessoria militar da Presid\u00eancia do Tribunal de Justi\u00e7a manter\u00e1 contatos permanentes com os \u00f3rg\u00e3os de Seguran\u00e7a P\u00fablica para garantir a seguran\u00e7a das \u00e1reas adjacentes do Poder Judici\u00e1rio do Estado do Esp\u00edrito Santo, especialmente em dias de sess\u00e3o plen\u00e1ria e em eventos fora da sede do \u00f3rg\u00e3o.<\/del><\/p>\n<p style=\"text-align: justify;\">\u00a0<\/p>\n<p style=\"text-align: justify;\">\u00a0<\/p>\n<p style=\"text-align: justify;\"><del>Art. 67 \u2013 A Assessoria de Seguran\u00e7a Institucional, sempre que poss\u00edvel, manter\u00e1 contato permanente com as demais unidades e \u00f3rg\u00e3os do Poder Judici\u00e1rio do Estado do Esp\u00edrito Santo com o objetivo de fortalecer a atua\u00e7\u00e3o das atividades de seguran\u00e7a, incluindo a capacita\u00e7\u00e3o permanente de seus servidores.<\/del><\/p>\n<p style=\"text-align: justify;\">\u00a0<\/p>\n<p style=\"text-align: justify;\">\u00a0<\/p>\n<p style=\"text-align: justify;\"><del>Art. 68 \u2013 A atividade de seguran\u00e7a institucional no \u00e2mbito do Poder Judici\u00e1rio do Estado do Esp\u00edrito Santo ser\u00e1 fiscalizada, controlada e supervisionada pelo Assessor de Seguran\u00e7a Institucional, em conformidade com as diretrizes e normas gerais estabelecidas neste ato normativo.<\/del><\/p>\n<p style=\"text-align: justify;\">\u00a0<\/p>\n<p style=\"text-align: justify;\">\u00a0<\/p>\n<p style=\"text-align: justify;\"><del>Art. 69 \u2013 A Assessoria de Seguran\u00e7a Institucional ser\u00e1 respons\u00e1vel por manter atualizado e reunir as condi\u00e7\u00f5es necess\u00e1rias \u00e0 implementa\u00e7\u00e3o e execu\u00e7\u00e3o do presente plano de seguran\u00e7a institucional, providenciando os recursos humanos, financeiros e outras necessidades a serem apontadas pela Comiss\u00e3o Permanente de Seguran\u00e7a.<\/del><\/p>\n<p style=\"text-align: justify;\">\u00a0<\/p>\n<p style=\"text-align: justify;\">\u00a0<\/p>\n<p style=\"text-align: justify;\"><del>Art. 70 \u2013 Compete as Dire\u00e7\u00f5es dos Foros vinculadas ao Tribunal de Justi\u00e7a do Estado do Esp\u00edrito Santo garantir o correto cumprimento do plano de seguran\u00e7a institucional em suas respectivas unidades judici\u00e1rias, contando para isso com os agentes de seguran\u00e7a lotados em cada local.<\/del><\/p>\n<p style=\"text-align: justify;\">\u00a0<\/p>\n<p style=\"text-align: justify;\">\u00a0<\/p>\n<p style=\"text-align: justify;\"><del>Par\u00e1grafo \u00danico. Os Diretores de Foro podem propor planos acess\u00f3rios e manuais de procedimentos relacionados \u00e0s respectivas \u00e1reas de atua\u00e7\u00e3o, sem preju\u00edzo da comunica\u00e7\u00e3o \u00e0 Comiss\u00e3o Permanente de Seguran\u00e7a.<\/del><\/p>\n<p style=\"text-align: justify;\">\u00a0<\/p>\n<p style=\"text-align: justify;\">\u00a0<\/p>\n<p style=\"text-align: justify;\"><del>Art. 71 \u2013 Compete a Comiss\u00e3o Permanente de Seguran\u00e7a do Tribunal de Justi\u00e7a realizar a atualiza\u00e7\u00e3o peri\u00f3dica do presente plano de seguran\u00e7a institucional.<\/del><\/p>\n<p style=\"text-align: justify;\">\u00a0<\/p>\n<p style=\"text-align: justify;\">\u00a0<\/p>\n<p style=\"text-align: justify;\"><del>Art. 72 \u2013 Os casos omissos ser\u00e3o resolvidos pela Presid\u00eancia do Tribunal de Justi\u00e7a do Estado do Esp\u00edrito Santo.<\/del><\/p>\n<p style=\"text-align: justify;\">\u00a0<\/p>\n<p style=\"text-align: justify;\">\u00a0<\/p>\n<p style=\"text-align: justify;\"><del>Art. 73 \u2013 O art. 4\u00ba, I, da <a href=\"https:\/\/www.tjes.jus.br\/corregedoria\/2024\/10\/09\/resolucao-no-095-2024-disp-03-10-2024\/\">Resolu\u00e7\u00e3o n\u00ba 095\/2024<\/a> passa a vigorar com a seguinte reda\u00e7\u00e3o:<\/del><\/p>\n<p style=\"text-align: justify;\">\u00a0<\/p>\n<p style=\"text-align: justify;\">\u00a0<\/p>\n<p style=\"text-align: justify;\"><del>Art. 4\u00ba (&#8230;)<\/del><\/p>\n<p style=\"text-align: justify;\">\u00a0<\/p>\n<p style=\"text-align: justify;\">\u00a0<\/p>\n<p style=\"text-align: justify;\"><del>I \u2013 servidores, magistrados, estagi\u00e1rios do PJES e ocupantes de cargos do primeiro escal\u00e3o dos Poderes est\u00e3o isentos de se sujeitar aos procedimentos de detec\u00e7\u00e3o de metais e inspe\u00e7\u00e3o de bagagens, desde que devidamente identificados atrav\u00e9s de crach\u00e1 ou identidade funcional.<\/del><\/p>\n<p style=\"text-align: justify;\">\u00a0<\/p>\n<p style=\"text-align: justify;\">\u00a0<\/p>\n<p style=\"text-align: justify;\"><del>Art. 74 \u2013\u00a0Esta Resolu\u00e7\u00e3o entra em vigor na data de sua publica\u00e7\u00e3o, revogando-se os dispositivos em contr\u00e1rio, em especial a <a href=\"https:\/\/www.tjes.jus.br\/corregedoria\/2021\/03\/22\/resolucao-no-002-2021-disp-22-03-2021\/\">Resolu\u00e7\u00e3o n\u00ba 002\/2021<\/a>.<\/del><\/p>\n<p style=\"text-align: justify;\">\u00a0<\/p>\n<p style=\"text-align: justify;\">\u00a0<\/p>\n<p style=\"text-align: justify;\"><del>Vit\u00f3ria, 09 de agosto de 2025<\/del><\/p>\n<p style=\"text-align: justify;\">\u00a0<\/p>\n<p style=\"text-align: justify;\">\u00a0<\/p>\n<p style=\"text-align: center;\"><del><strong>Desembargador SAMUEL MEIRA BRASIL JR.<\/strong><\/del><\/p>\n<p style=\"text-align: center;\"><del><strong>Presidente do Tribunal de Justi\u00e7a do Estado do Esp\u00edrito Santo<\/strong><\/del><\/p>\n","protected":false},"excerpt":{"rendered":"<p>REPUBLICADO EM 15\/08\/2025 TER SIDO NUMERADO COM INCORRE\u00c7\u00c3O\u00a0(CLIQUE AQUI) \u00a0PODER JUDICI\u00c1RIO DO ESTADO DO ESP\u00cdRITO SANTO &#8211; PJES RUA DESEMBARGADOR HOMERO MAFRA,60 &#8211; Bairro ENSEADA DO SU\u00c1 &#8211; CEP 29050906 &#8211; Vit\u00f3ria &#8211; ES &#8211;\u00a0www.tjes.jus.br \u00a0 \u00a0 RESOLU\u00c7\u00c3O N.\u00ba 083\/2025 \/2025 \u00a0 Institui o Plano de Seguran\u00e7a\u00a0Institucional\u00a0(PSI) no \u00e2mbito da Poder Judici\u00e1ria do\u00a0Estado do\u00a0Esp\u00edrito Santo\u00a0e [&hellip;]<\/p>\n","protected":false},"author":19,"featured_media":0,"comment_status":"closed","ping_status":"closed","sticky":false,"template":"","format":"standard","meta":{"footnotes":""},"categories":[14,13],"tags":[],"_links":{"self":[{"href":"https:\/\/www.tjes.jus.br\/corregedoria\/wp-json\/wp\/v2\/posts\/44593"}],"collection":[{"href":"https:\/\/www.tjes.jus.br\/corregedoria\/wp-json\/wp\/v2\/posts"}],"about":[{"href":"https:\/\/www.tjes.jus.br\/corregedoria\/wp-json\/wp\/v2\/types\/post"}],"author":[{"embeddable":true,"href":"https:\/\/www.tjes.jus.br\/corregedoria\/wp-json\/wp\/v2\/users\/19"}],"replies":[{"embeddable":true,"href":"https:\/\/www.tjes.jus.br\/corregedoria\/wp-json\/wp\/v2\/comments?post=44593"}],"version-history":[{"count":4,"href":"https:\/\/www.tjes.jus.br\/corregedoria\/wp-json\/wp\/v2\/posts\/44593\/revisions"}],"predecessor-version":[{"id":44611,"href":"https:\/\/www.tjes.jus.br\/corregedoria\/wp-json\/wp\/v2\/posts\/44593\/revisions\/44611"}],"wp:attachment":[{"href":"https:\/\/www.tjes.jus.br\/corregedoria\/wp-json\/wp\/v2\/media?parent=44593"}],"wp:term":[{"taxonomy":"category","embeddable":true,"href":"https:\/\/www.tjes.jus.br\/corregedoria\/wp-json\/wp\/v2\/categories?post=44593"},{"taxonomy":"post_tag","embeddable":true,"href":"https:\/\/www.tjes.jus.br\/corregedoria\/wp-json\/wp\/v2\/tags?post=44593"}],"curies":[{"name":"wp","href":"https:\/\/api.w.org\/{rel}","templated":true}]}}