{"id":44768,"date":"2025-09-01T13:52:21","date_gmt":"2025-09-01T16:52:21","guid":{"rendered":"https:\/\/www.tjes.jus.br\/corregedoria\/?p=44768"},"modified":"2025-09-01T13:53:12","modified_gmt":"2025-09-01T16:53:12","slug":"resolucao-no-040-2025-disp-01-09-2025","status":"publish","type":"post","link":"https:\/\/www.tjes.jus.br\/corregedoria\/2025\/09\/01\/resolucao-no-040-2025-disp-01-09-2025\/","title":{"rendered":"RESOLU\u00c7\u00c3O N\u00ba 040\/2025 \u2013 DISP. 01\/09\/2025"},"content":{"rendered":"\n<div class=\"override-text\" align=\"center\">\n<p style=\"text-align: center;\">PODER JUDICI\u00c1RIO DO ESTADO DO ESP\u00cdRITO SANTO &#8211; PJES<\/p>\n<p style=\"text-align: center;\">RUA DESEMBARGADOR HOMERO MAFRA,60 &#8211; Bairro ENSEADA DO SU\u00c1 &#8211; CEP 29050906 &#8211; Vit\u00f3ria &#8211; ES &#8211; www.tjes.jus.br<\/p>\n<\/div>\n<p class=\"Texto_Centralizado_Maiusculas\" style=\"text-align: justify;\">\u00a0<\/p>\n<p class=\"Texto_Centralizado\" style=\"text-align: center;\"><strong>RESOLU\u00c7\u00c3O N\u00b0 040\/2025<\/strong><\/p>\n<p style=\"text-align: justify;\">\u00a0<\/p>\n<p class=\"Texto_Ementa\" style=\"text-align: justify;\">Prorroga o prazo de validade do concurso p\u00fablico para provimento de cargos d\u043e quadro de pessoal do Poder Judici\u00e1rio do Estado do Esp\u00edrito Santo.<\/p>\n<p style=\"text-align: justify;\">\u00a0<\/p>\n<p class=\"Texto_Justificado_Recuo_Primeira_Linha\" style=\"text-align: justify;\">O PRESIDENTE DO TRIBUNAL DE JUSTI\u00c7A DO ESTADO DO ESP\u00cdRITO SANTO, no uso de suas atribui\u00e7\u00f5es legais e regimentais, e, tendo em vista decis\u00e3o un\u00e2nime do Egr\u00e9gio Tribunal Pleno, em Sess\u00e3o Administrativa Ordin\u00e1ria do dia 28 de agosto de 2025,<\/p>\n<p style=\"text-align: justify;\">\u00a0<\/p>\n<p class=\"Texto_Justificado_Recuo_Primeira_Linha\" style=\"text-align: justify;\"><strong>CONSIDERANDO<\/strong>\u00a0o disposto no artigo 37, inciso III, da Constitui\u00e7\u00e3o da Rep\u00fablica Federativa do Brasil, que estabelece o prazo de validade do concurso p\u00fablico em at\u00e9 2 (dois) anos, prorrog\u00e1vel uma vez, por igual per\u00edodo;<\/p>\n<p style=\"text-align: justify;\">\u00a0<\/p>\n<p class=\"Texto_Justificado_Recuo_Primeira_Linha\" style=\"text-align: justify;\"><strong>CONSIDERANDO<\/strong>\u00a0a homologa\u00e7\u00e3o do resultado final do concurso p\u00fablico para provimento de cargos de n\u00edvel superior do quadro de pessoal do Tribunal de Justi\u00e7a do Estado do Esp\u00edrito Santo, tornada p\u00fablica por meio do Edital TJES n\u00b0 16\/2023, publicado no Di\u00e1rio da Justi\u00e7a Eletr\u00f4nico (e-diario) em 21 de setembro de 2023;<\/p>\n<p style=\"text-align: justify;\">\u00a0<\/p>\n<p class=\"Texto_Justificado_Recuo_Primeira_Linha\" style=\"text-align: justify;\"><strong>CONSIDERANDO<\/strong>\u00a0que o prazo de validade do referido certame se encerra em 21 de setembro de 2025;<\/p>\n<p style=\"text-align: justify;\">\u00a0<\/p>\n<p class=\"Texto_Justificado_Recuo_Primeira_Linha\" style=\"text-align: justify;\"><strong>CONSIDERANDO<\/strong>\u00a0a exist\u00eancia de candidatos aprovados no cadastro de reserva e a necessidade cont\u00ednua de reposi\u00e7\u00e3o do quadro de servidores para a manuten\u00e7\u00e3o da efici\u00eancia e da continuidade dos servi\u00e7os judici\u00e1rios; e<\/p>\n<p style=\"text-align: justify;\">\u00a0<\/p>\n<p class=\"Texto_Justificado_Recuo_Primeira_Linha\" style=\"text-align: justify;\"><strong>CONSIDERANDO<\/strong>\u00a0o interesse p\u00fablico na economicidade e na efici\u00eancia administrativa, sendo a prorroga\u00e7\u00e3o do concurso medida que otimiza os recursos p\u00fablicos j\u00e1 empregados na realiza\u00e7\u00e3o do certame;<\/p>\n<p style=\"text-align: justify;\">\u00a0<\/p>\n<p class=\"Texto_Justificado_Recuo_Primeira_Linha\" style=\"text-align: justify;\"><strong>RESOLVE:<\/strong><\/p>\n<p style=\"text-align: justify;\">\u00a0<\/p>\n<p class=\"Texto_Justificado_Recuo_Primeira_Linha\" style=\"text-align: justify;\"><strong>Art. 1\u00ba<\/strong>\u00a0Fica prorrogado, por 2 (dois) anos, a contar de 22 de setembro de 2025, o prazo de validade do concurso p\u00fablico para provimento de cargos de n\u00edvel superior do quadro de pessoal do Tribunal de Justi\u00e7a do Estado do Esp\u00edrito Santo, homologado pelo Edital TJES n\u00ba 16\/2023.<\/p>\n<p style=\"text-align: justify;\">\u00a0<\/p>\n<p class=\"Texto_Justificado_Recuo_Primeira_Linha\" style=\"text-align: justify;\"><strong>Art. 2\u00ba<\/strong>\u00a0Esta Resolu\u00e7\u00e3o entra em vigor na data de sua publica\u00e7\u00e3o.<\/p>\n<p style=\"text-align: justify;\">\u00a0<\/p>\n<p class=\"Texto_Justificado_Recuo_Primeira_Linha\" style=\"text-align: justify;\">Publique-se.<\/p>\n<p style=\"text-align: justify;\">\u00a0<\/p>\n<p style=\"text-align: justify;\">Vit\u00f3ria, 29 de agosto de 2025.<\/p>\n<p style=\"text-align: justify;\">\u00a0<\/p>\n<p style=\"text-align: justify;\">\u00a0<\/p>\n<p class=\"Texto_Centralizado\" style=\"text-align: center;\"><strong>Desembargador\u00a0<\/strong><strong>SAMUEL MEIRA BRASIL JR.<\/strong><\/p>\n<p class=\"Texto_Centralizado\" style=\"text-align: center;\"><strong>Presidente<\/strong><\/p>\n","protected":false},"excerpt":{"rendered":"<p>PODER JUDICI\u00c1RIO DO ESTADO DO ESP\u00cdRITO SANTO &#8211; PJES RUA DESEMBARGADOR HOMERO MAFRA,60 &#8211; Bairro ENSEADA DO SU\u00c1 &#8211; CEP 29050906 &#8211; Vit\u00f3ria &#8211; ES &#8211; www.tjes.jus.br \u00a0 RESOLU\u00c7\u00c3O N\u00b0 040\/2025 \u00a0 Prorroga o prazo de validade do concurso p\u00fablico para provimento de cargos d\u043e quadro de pessoal do Poder Judici\u00e1rio do Estado do Esp\u00edrito [&hellip;]<\/p>\n","protected":false},"author":19,"featured_media":0,"comment_status":"closed","ping_status":"closed","sticky":false,"template":"","format":"standard","meta":{"footnotes":""},"categories":[14,13],"tags":[],"_links":{"self":[{"href":"https:\/\/www.tjes.jus.br\/corregedoria\/wp-json\/wp\/v2\/posts\/44768"}],"collection":[{"href":"https:\/\/www.tjes.jus.br\/corregedoria\/wp-json\/wp\/v2\/posts"}],"about":[{"href":"https:\/\/www.tjes.jus.br\/corregedoria\/wp-json\/wp\/v2\/types\/post"}],"author":[{"embeddable":true,"href":"https:\/\/www.tjes.jus.br\/corregedoria\/wp-json\/wp\/v2\/users\/19"}],"replies":[{"embeddable":true,"href":"https:\/\/www.tjes.jus.br\/corregedoria\/wp-json\/wp\/v2\/comments?post=44768"}],"version-history":[{"count":2,"href":"https:\/\/www.tjes.jus.br\/corregedoria\/wp-json\/wp\/v2\/posts\/44768\/revisions"}],"predecessor-version":[{"id":44771,"href":"https:\/\/www.tjes.jus.br\/corregedoria\/wp-json\/wp\/v2\/posts\/44768\/revisions\/44771"}],"wp:attachment":[{"href":"https:\/\/www.tjes.jus.br\/corregedoria\/wp-json\/wp\/v2\/media?parent=44768"}],"wp:term":[{"taxonomy":"category","embeddable":true,"href":"https:\/\/www.tjes.jus.br\/corregedoria\/wp-json\/wp\/v2\/categories?post=44768"},{"taxonomy":"post_tag","embeddable":true,"href":"https:\/\/www.tjes.jus.br\/corregedoria\/wp-json\/wp\/v2\/tags?post=44768"}],"curies":[{"name":"wp","href":"https:\/\/api.w.org\/{rel}","templated":true}]}}