{"id":44773,"date":"2025-09-01T13:54:51","date_gmt":"2025-09-01T16:54:51","guid":{"rendered":"https:\/\/www.tjes.jus.br\/corregedoria\/?p=44773"},"modified":"2026-04-01T14:52:38","modified_gmt":"2026-04-01T17:52:38","slug":"ato-normativo-no-260-2025-disp-01-09-2025","status":"publish","type":"post","link":"https:\/\/www.tjes.jus.br\/corregedoria\/2025\/09\/01\/ato-normativo-no-260-2025-disp-01-09-2025\/","title":{"rendered":"ATO NORMATIVO N\u00ba 260\/2025 \u2013 DISP. 01\/09\/2025 \u2013 ALTERADO"},"content":{"rendered":"\n<p>\u00a0<\/p>\n<h4 style=\"text-align: center;\"><span style=\"color: #ff0000;\"><strong>ALTERADO PELO\u00a0<a href=\"https:\/\/www.tjes.jus.br\/corregedoria\/2026\/04\/01\/ato-normativo-no-058-2026-disp-01-04-2026\/\">ATO NORMATIVO N\u00ba 058\/2026<\/a> DISP. 01\/04\/2026<\/strong><\/span><\/h4>\n<p style=\"text-align: center;\">PODER JUDICI\u00c1RIO DO ESTADO DO ESP\u00cdRITO SANTO &#8211; PJES<\/p>\n<p style=\"text-align: center;\">RUA DESEMBARGADOR HOMERO MAFRA,60 &#8211; Bairro ENSEADA DO SU\u00c1 &#8211; CEP 29050906 &#8211; Vit\u00f3ria &#8211; ES &#8211; www.tjes.jus.br<\/p>\n<p style=\"text-align: justify;\">\u00a0<\/p>\n<p style=\"text-align: center;\"><strong>ATO NORMATIVO N\u00ba 260\/2025<\/strong><\/p>\n<p style=\"text-align: justify;\">\u00a0<\/p>\n<p style=\"text-align: justify;\"><strong>Institui e convoca Equipe de Trabalho para atuar na estrutura\u00e7\u00e3o da regionaliza\u00e7\u00e3o dos Centros Judici\u00e1rios de Solu\u00e7\u00e3o de Conflitos e Cidadania (CEJUSC), no \u00e2mbito do Poder Judici\u00e1rio do Estado do Esp\u00edrito Santo.<\/strong><\/p>\n<p style=\"text-align: justify;\">\u00a0<\/p>\n<p style=\"text-align: justify;\">O Excelent\u00edssimo Desembargador SAMUEL MEIRA BRASIL J\u00daNIOR, DD. Presidente do Egr\u00e9gio Tribunal de Justi\u00e7a do Estado do Esp\u00edrito Santo, no uso de suas atribui\u00e7\u00f5es legais e,<\/p>\n<p style=\"text-align: justify;\">\u00a0<\/p>\n<p style=\"text-align: justify;\"><strong>CONSIDERANDO<\/strong>\u00a0a compet\u00eancia geral do Presidente para exercer a superintend\u00eancia de todo o servi\u00e7o judici\u00e1rio, conforme disposto no artigo 58 da Resolu\u00e7\u00e3o n\u00ba 15\/1995 (Regimento Interno do Tribunal de Justi\u00e7a do Estado do Esp\u00edrito Santo);<\/p>\n<p style=\"text-align: justify;\">\u00a0<\/p>\n<p style=\"text-align: justify;\"><strong>CONSIDERANDO<\/strong>\u00a0a Pol\u00edtica Judici\u00e1ria Nacional de tratamento adequado dos conflitos de interesse, estabelecida pela Resolu\u00e7\u00e3o n\u00ba 125\/2010 do Conselho Nacional de Justi\u00e7a &#8211; CNJ;<\/p>\n<p style=\"text-align: justify;\">\u00a0<\/p>\n<p style=\"text-align: justify;\"><strong>CONSIDERANDO<\/strong>\u00a0a necessidade de otimizar a estrutura administrativa e a distribui\u00e7\u00e3o de recursos humanos dos Centros Judici\u00e1rios de Solu\u00e7\u00e3o de Conflitos e Cidadania (Cejuscs), a fim de ampliar o acesso da popula\u00e7\u00e3o aos m\u00e9todos autocompositivos;<\/p>\n<p style=\"text-align: justify;\">\u00a0<\/p>\n<p style=\"text-align: justify;\"><strong>CONSIDERANDO<\/strong>\u00a0a necessidade de implementar o processo de regionaliza\u00e7\u00e3o dos Centros Judici\u00e1rios de Solu\u00e7\u00e3o de Conflitos e Cidadania (CEJUSC) para otimizar a distribui\u00e7\u00e3o da carga de trabalho, aprimorar a efici\u00eancia dos servi\u00e7os, adequar o Sistema PJE \u00e0 realidade dos Centros e ampliar o acesso da popula\u00e7\u00e3o \u00e0 justi\u00e7a;<\/p>\n<p style=\"text-align: justify;\">\u00a0<\/p>\n<p style=\"text-align: justify;\"><strong>RESOLVE:<\/strong><\/p>\n<p style=\"text-align: justify;\">\u00a0<\/p>\n<p style=\"text-align: justify;\"><strong>Art. 1\u00ba<\/strong>. Fica institu\u00edda a Equipe de Trabalho com o objetivo de implementar o processo de regionaliza\u00e7\u00e3o dos Centros Judici\u00e1rios de Solu\u00e7\u00e3o de Conflitos e Cidadania (CEJUSC) estabelecida pelo Ato Normativo n\u00ba 249, de 18 de agosto de 2025, pelo per\u00edodo de 04 (quatro) meses, com in\u00edcio em 25 de agosto de 2025.<\/p>\n<p style=\"text-align: justify;\">\u00a0<\/p>\n<p style=\"text-align: justify;\"><del><strong>Art. 2\u00ba.<\/strong>\u00a0A Equipe de Trabalho ser\u00e1 composta pelos seguintes servidores efetivos:<\/del><\/p>\n<p style=\"text-align: justify;\">\u00a0<\/p>\n<p style=\"text-align: justify;\"><del>I &#8211; IZABELLA DALLA SILY CASAGRANDE- Coordenadora Administrativa &#8211; Mat. 206.881-77;<\/del><\/p>\n<p style=\"text-align: justify;\">\u00a0<\/p>\n<p style=\"text-align: justify;\"><del>II &#8211; LEONARDO PEREIRA CHAGAS &#8211; Analista Judici\u00e1rio &#8211; Mat. 206.760-46;<\/del><\/p>\n<p style=\"text-align: justify;\">\u00a0<\/p>\n<p style=\"text-align: justify;\"><del>III &#8211; LILIANE COLNAGO SOARES &#8211; Analista Judici\u00e1rio &#8211; Mat. 204.725-55;<\/del><\/p>\n<p style=\"text-align: justify;\">\u00a0<\/p>\n<p style=\"text-align: justify;\"><del>IV &#8211; WEBER ANDRADE DE OLIVEIRA &#8211; Analista Judici\u00e1rio &#8211; Mat. 209890-79<\/del><\/p>\n<p style=\"text-align: justify;\">\u00a0<\/p>\n<p style=\"text-align: justify;\"><del>V &#8211; FELIPE BARBOSA SILV\u00c9RIO &#8211; T\u00e9cnico Judici\u00e1rio &#8211; Mat. 041.152-52;<\/del><\/p>\n<p style=\"text-align: justify;\">\u00a0<\/p>\n<p style=\"text-align: justify;\"><del>VI &#8211; LUCIANA DE CAMPOS PEDROSA MARTINEZ &#8211; Analista Judici\u00e1ria &#8211; Mat. 207.937;<\/del><\/p>\n<p style=\"text-align: justify;\">\u00a0<\/p>\n<p style=\"text-align: justify;\"><del>VII &#8211; CLAUDIA MORAES FREIRE FALC\u00c3O &#8211; Analista Judici\u00e1rio &#8211; Mat. 208.395-39 <\/del><span style=\"color: #ff0000;\"><strong>ALTERADO PELO\u00a0<a href=\"https:\/\/www.tjes.jus.br\/corregedoria\/2026\/04\/01\/ato-normativo-no-058-2026-disp-01-04-2026\/\">ATO NORMATIVO N\u00ba 058\/2026<\/a> DISP. 01\/04\/2026<\/strong><\/span><\/p>\n<p style=\"text-align: justify;\" align=\"justify\">I \u2013\u00a0ANDRESSA OLIVEIRA DI CAVALCANTI &#8211; Analista Judici\u00e1rio \u2013 Mat. 209.978-70<\/p>\n<p style=\"text-align: justify;\">\u00a0<\/p>\n<p style=\"text-align: justify;\" align=\"justify\">II &#8211; FELIPE BARBOSA SILV\u00c9RIO &#8211; T\u00e9cnico Judici\u00e1rio &#8211; Mat. 041.152-52<\/p>\n<p style=\"text-align: justify;\">\u00a0<\/p>\n<p style=\"text-align: justify;\" align=\"justify\">III &#8211; GIOVANNA FIRME DE MENEZES BASTOS &#8211; Analista Judici\u00e1rio &#8211; Mat.\u00a0200.226-18<\/p>\n<p style=\"text-align: justify;\">\u00a0<\/p>\n<p style=\"text-align: justify;\" align=\"justify\">IV &#8211;\u00a0IZABELLA DALLA SILY CASAGRANDE- Coordenadora Administrativa &#8211; Mat. 206.881-77<\/p>\n<p style=\"text-align: justify;\">\u00a0<\/p>\n<p style=\"text-align: justify;\" align=\"justify\">V &#8211; LILIANE COLNAGO SOARES &#8211; Analista Judici\u00e1rio &#8211; Mat. 204.725-55<\/p>\n<p style=\"text-align: justify;\">\u00a0<\/p>\n<p style=\"text-align: justify;\" align=\"justify\">VI &#8211; LUCIANA DE CAMPOS PEDROSA MARTINEZ &#8211; Analista Judici\u00e1rio\u00a0&#8211; Mat. 207.937<\/p>\n<p style=\"text-align: justify;\">\u00a0<\/p>\n<p style=\"text-align: justify;\" align=\"justify\">VII &#8211; MARIA JULIA DE SA BARBOZA E PEREIRA &#8211; Analista Judici\u00e1rio &#8211; Mat. 209.647-30<\/p>\n<p style=\"text-align: justify;\">\u00a0<\/p>\n<p style=\"text-align: justify;\">\u00a0<\/p>\n<p style=\"text-align: justify;\"><strong>Par\u00e1grafo \u00danico<\/strong>. Durante o per\u00edodo de vig\u00eancia deste ato, os servidores que comp\u00f5em a Equipe de Trabalho atuar\u00e3o exclusivamente sob coordena\u00e7\u00e3o do N\u00facleo Permanente de M\u00e9todos Consensuais de Solu\u00e7\u00e3o de Conflitos &#8211; Nupemec, nas a\u00e7\u00f5es e locais designados por este N\u00facleo.<\/p>\n<p style=\"text-align: justify;\">\u00a0<\/p>\n<p style=\"text-align: justify;\"><strong>Art. 3\u00ba.<\/strong>\u00a0Os servidores efetivos constantes desta Equipe de Trabalho ter\u00e3o reconhecida a pontua\u00e7\u00e3o equivalente \u00e0 participa\u00e7\u00e3o em Equipe Especial de Trabalho, para fins de promo\u00e7\u00e3o na carreira, conforme disposto no Ato Normativo 2.773\/2012.<\/p>\n<p style=\"text-align: justify;\">\u00a0<\/p>\n<p style=\"text-align: justify;\"><strong>Art. 4\u00ba.<\/strong>\u00a0Este Ato Normativo entra em vigor na data de sua publica\u00e7\u00e3o.<\/p>\n<p style=\"text-align: justify;\">\u00a0<\/p>\n<p style=\"text-align: justify;\">Publique-se.<\/p>\n<p style=\"text-align: justify;\">\u00a0<\/p>\n<p style=\"text-align: justify;\">Vit\u00f3ria, 28 de agosto de 2025.<\/p>\n<p style=\"text-align: justify;\">\u00a0<\/p>\n<p style=\"text-align: justify;\">\u00a0<\/p>\n<p style=\"text-align: center;\"><strong>Desembargador SAMUEL MEIRA BRASIL J\u00daNIOR<\/strong><\/p>\n<p style=\"text-align: center;\">PRESIDENTE<\/p>\n","protected":false},"excerpt":{"rendered":"<p>\u00a0 ALTERADO PELO\u00a0ATO NORMATIVO N\u00ba 058\/2026 DISP. 01\/04\/2026 PODER JUDICI\u00c1RIO DO ESTADO DO ESP\u00cdRITO SANTO &#8211; PJES RUA DESEMBARGADOR HOMERO MAFRA,60 &#8211; Bairro ENSEADA DO SU\u00c1 &#8211; CEP 29050906 &#8211; Vit\u00f3ria &#8211; ES &#8211; www.tjes.jus.br \u00a0 ATO NORMATIVO N\u00ba 260\/2025 \u00a0 Institui e convoca Equipe de Trabalho para atuar na estrutura\u00e7\u00e3o da regionaliza\u00e7\u00e3o dos Centros [&hellip;]<\/p>\n","protected":false},"author":19,"featured_media":0,"comment_status":"closed","ping_status":"closed","sticky":false,"template":"","format":"standard","meta":{"footnotes":""},"categories":[4,14],"tags":[],"_links":{"self":[{"href":"https:\/\/www.tjes.jus.br\/corregedoria\/wp-json\/wp\/v2\/posts\/44773"}],"collection":[{"href":"https:\/\/www.tjes.jus.br\/corregedoria\/wp-json\/wp\/v2\/posts"}],"about":[{"href":"https:\/\/www.tjes.jus.br\/corregedoria\/wp-json\/wp\/v2\/types\/post"}],"author":[{"embeddable":true,"href":"https:\/\/www.tjes.jus.br\/corregedoria\/wp-json\/wp\/v2\/users\/19"}],"replies":[{"embeddable":true,"href":"https:\/\/www.tjes.jus.br\/corregedoria\/wp-json\/wp\/v2\/comments?post=44773"}],"version-history":[{"count":3,"href":"https:\/\/www.tjes.jus.br\/corregedoria\/wp-json\/wp\/v2\/posts\/44773\/revisions"}],"predecessor-version":[{"id":46871,"href":"https:\/\/www.tjes.jus.br\/corregedoria\/wp-json\/wp\/v2\/posts\/44773\/revisions\/46871"}],"wp:attachment":[{"href":"https:\/\/www.tjes.jus.br\/corregedoria\/wp-json\/wp\/v2\/media?parent=44773"}],"wp:term":[{"taxonomy":"category","embeddable":true,"href":"https:\/\/www.tjes.jus.br\/corregedoria\/wp-json\/wp\/v2\/categories?post=44773"},{"taxonomy":"post_tag","embeddable":true,"href":"https:\/\/www.tjes.jus.br\/corregedoria\/wp-json\/wp\/v2\/tags?post=44773"}],"curies":[{"name":"wp","href":"https:\/\/api.w.org\/{rel}","templated":true}]}}