{"id":44900,"date":"2025-09-26T13:35:27","date_gmt":"2025-09-26T16:35:27","guid":{"rendered":"https:\/\/www.tjes.jus.br\/corregedoria\/?p=44900"},"modified":"2025-09-26T13:36:32","modified_gmt":"2025-09-26T16:36:32","slug":"resolucao-no-041-2025-disp-26-09-2025","status":"publish","type":"post","link":"https:\/\/www.tjes.jus.br\/corregedoria\/2025\/09\/26\/resolucao-no-041-2025-disp-26-09-2025\/","title":{"rendered":"RESOLU\u00c7\u00c3O N\u00ba 041\/2025 \u2013 DISP. 26\/09\/2025"},"content":{"rendered":"\n<div class=\"override-text\" align=\"center\">\n<p style=\"text-align: center;\">PODER JUDICI\u00c1RIO DO ESTADO DO ESP\u00cdRITO SANTO &#8211; PJES<\/p>\n<p style=\"text-align: center;\">RUA DESEMBARGADOR HOMERO MAFRA,60 &#8211; Bairro ENSEADA DO SU\u00c1 &#8211; CEP 29050906 &#8211; Vit\u00f3ria &#8211; ES &#8211; www.tjes.jus.br<\/p>\n<\/div>\n<p class=\"Texto_Centralizado_Maiusculas\" style=\"text-align: center;\">TRIBUNAL DE JUSTICA DO ESPIRITO SANTO<br \/>PRESIDENCIA<br \/>ASSESSORIA JURIDICA &#8211; LICITACOES E CONTRATOS<\/p>\n<p style=\"text-align: justify;\">\u00a0<\/p>\n<p style=\"text-align: justify;\">\u00a0<\/p>\n<p class=\"Texto_Centralizado_Maiusculas\" style=\"text-align: center;\"><strong>RESOLU\u00c7\u00c3O N\u00ba 041\/2025<\/strong><\/p>\n<p style=\"text-align: justify;\">\u00a0<\/p>\n<p style=\"text-align: justify;\">\u00a0<\/p>\n<p class=\"Texto_Alinhado_Direita\" style=\"text-align: justify;\">Atribui denomina\u00e7\u00e3o ao Audit\u00f3rio da Escola da Magistratura do Estado do Esp\u00edrito Santo, a t\u00edtulo de homenagem p\u00f3stuma, instalado no F\u00f3rum Criminal de Vit\u00f3ria e d\u00e1 outras provid\u00eancias.<\/p>\n<p style=\"text-align: justify;\">\u00a0<\/p>\n<p class=\"Texto_Justificado_Recuo_Primeira_Linha\" style=\"text-align: justify;\"><strong>O PRESIDENTE DO TRIBUNAL DE JUSTI\u00c7A DO ESTADO DO ESP\u00cdRITO SANTO,\u00a0<\/strong>no uso de suas atribui\u00e7\u00f5es legais e regimentais, e, conforme decis\u00e3o un\u00e2nime e com louvor do Egr\u00e9gio Tribunal Pleno, em Sess\u00e3o Administrativa Ordin\u00e1ria do dia 25 de setembro de 2025.<\/p>\n<p style=\"text-align: justify;\">\u00a0<\/p>\n<p class=\"Texto_Justificado_Recuo_Primeira_Linha\" dir=\"ltr\" style=\"text-align: justify;\"><strong>CONSIDERANDO\u00a0<\/strong>o interesse em tornar p\u00fablica a gratid\u00e3o deste Tribunal de Justi\u00e7a por aqueles que contribuem ou contribu\u00edram de maneira diferenciada para a excel\u00eancia do Poder Judici\u00e1rio do Estado do Esp\u00edrito Santo;<\/p>\n<p style=\"text-align: justify;\">\u00a0<\/p>\n<p class=\"Texto_Justificado_Recuo_Primeira_Linha\" dir=\"ltr\" style=\"text-align: justify;\"><strong>CONSIDERANDO\u00a0<\/strong>as disposi\u00e7\u00f5es contidas na Resolu\u00e7\u00e3o CNJ n\u00ba 140, de 26 de setembro de 2011, que pro\u00edbe a atribui\u00e7\u00e3o de nomes de pessoas vivas aos bens p\u00fablicos sob a administra\u00e7\u00e3o do Poder Judici\u00e1rio;<\/p>\n<p style=\"text-align: justify;\">\u00a0<\/p>\n<p style=\"text-align: justify;\">\u00a0<\/p>\n<p class=\"Texto_Justificado_Recuo_Primeira_Linha\" dir=\"ltr\" style=\"text-align: justify;\"><strong>RESOLVE:<\/strong><\/p>\n<p style=\"text-align: justify;\">\u00a0<\/p>\n<p style=\"text-align: justify;\">\u00a0<\/p>\n<p class=\"Texto_Justificado_Recuo_Primeira_Linha\" dir=\"ltr\" style=\"text-align: justify;\">Art. 1\u00ba Fica atribu\u00edda, a t\u00edtulo de homenagem p\u00f3stuma, a denomina\u00e7\u00e3o &#8220;DESEMBARGADOR GERALDO CORREIA LIMA&#8221; ao Audit\u00f3rio da Escola da Magistratura do Estado do Esp\u00edrito Santo \u2013 EMES instalado no F\u00f3rum Criminal de Vit\u00f3ria, situado na Avenida Fernando Ferrari, n\u00ba 1000, Mata da Praia, Vit\u00f3ria\/ES.<\/p>\n<p style=\"text-align: justify;\">\u00a0<\/p>\n<p class=\"Texto_Justificado_Recuo_Primeira_Linha\" dir=\"ltr\" style=\"text-align: justify;\">Art. 2\u00ba A confec\u00e7\u00e3o da placa identificativa da homenagem p\u00f3stuma ficar\u00e1 a cargo da EMES e a cerim\u00f4nia de descerramento junto ao Audit\u00f3rio, a ser definida pelo Desembargador Diretor-Geral da Escola, contar\u00e1 com a presen\u00e7a dos familiares do homenageado ou pessoa indicada pela fam\u00edlia.<\/p>\n<p style=\"text-align: justify;\">\u00a0<\/p>\n<p class=\"Texto_Justificado_Recuo_Primeira_Linha\" dir=\"ltr\" style=\"text-align: justify;\">Art. 3\u00ba Esta Resolu\u00e7\u00e3o entra em vigor na data de sua publica\u00e7\u00e3o, revogadas as disposi\u00e7\u00f5es em contr\u00e1rio.<\/p>\n<p style=\"text-align: justify;\">\u00a0<\/p>\n<p class=\"Texto_Justificado_Recuo_Primeira_Linha\" dir=\"ltr\" style=\"text-align: justify;\">Publique-se.<\/p>\n<p style=\"text-align: justify;\">\u00a0<\/p>\n<p style=\"text-align: justify;\">Vit\u00f3ria, 24 de Setembro de 2025.<\/p>\n<p style=\"text-align: justify;\">\u00a0<\/p>\n<p style=\"text-align: justify;\">\u00a0<\/p>\n<p style=\"text-align: center;\"><strong>Desembargador SAMUEL MEIRA BRASIL JR.<\/strong><\/p>\n<p style=\"text-align: center;\"><strong>Presidente<\/strong><\/p>\n","protected":false},"excerpt":{"rendered":"<p>PODER JUDICI\u00c1RIO DO ESTADO DO ESP\u00cdRITO SANTO &#8211; PJES RUA DESEMBARGADOR HOMERO MAFRA,60 &#8211; Bairro ENSEADA DO SU\u00c1 &#8211; CEP 29050906 &#8211; Vit\u00f3ria &#8211; ES &#8211; www.tjes.jus.br TRIBUNAL DE JUSTICA DO ESPIRITO SANTOPRESIDENCIAASSESSORIA JURIDICA &#8211; LICITACOES E CONTRATOS \u00a0 \u00a0 RESOLU\u00c7\u00c3O N\u00ba 041\/2025 \u00a0 \u00a0 Atribui denomina\u00e7\u00e3o ao Audit\u00f3rio da Escola da Magistratura do Estado [&hellip;]<\/p>\n","protected":false},"author":19,"featured_media":0,"comment_status":"closed","ping_status":"closed","sticky":false,"template":"","format":"standard","meta":{"footnotes":""},"categories":[14,13],"tags":[],"_links":{"self":[{"href":"https:\/\/www.tjes.jus.br\/corregedoria\/wp-json\/wp\/v2\/posts\/44900"}],"collection":[{"href":"https:\/\/www.tjes.jus.br\/corregedoria\/wp-json\/wp\/v2\/posts"}],"about":[{"href":"https:\/\/www.tjes.jus.br\/corregedoria\/wp-json\/wp\/v2\/types\/post"}],"author":[{"embeddable":true,"href":"https:\/\/www.tjes.jus.br\/corregedoria\/wp-json\/wp\/v2\/users\/19"}],"replies":[{"embeddable":true,"href":"https:\/\/www.tjes.jus.br\/corregedoria\/wp-json\/wp\/v2\/comments?post=44900"}],"version-history":[{"count":2,"href":"https:\/\/www.tjes.jus.br\/corregedoria\/wp-json\/wp\/v2\/posts\/44900\/revisions"}],"predecessor-version":[{"id":44903,"href":"https:\/\/www.tjes.jus.br\/corregedoria\/wp-json\/wp\/v2\/posts\/44900\/revisions\/44903"}],"wp:attachment":[{"href":"https:\/\/www.tjes.jus.br\/corregedoria\/wp-json\/wp\/v2\/media?parent=44900"}],"wp:term":[{"taxonomy":"category","embeddable":true,"href":"https:\/\/www.tjes.jus.br\/corregedoria\/wp-json\/wp\/v2\/categories?post=44900"},{"taxonomy":"post_tag","embeddable":true,"href":"https:\/\/www.tjes.jus.br\/corregedoria\/wp-json\/wp\/v2\/tags?post=44900"}],"curies":[{"name":"wp","href":"https:\/\/api.w.org\/{rel}","templated":true}]}}