{"id":44942,"date":"2025-09-30T13:22:04","date_gmt":"2025-09-30T16:22:04","guid":{"rendered":"https:\/\/www.tjes.jus.br\/corregedoria\/?p=44942"},"modified":"2025-09-30T13:28:20","modified_gmt":"2025-09-30T16:28:20","slug":"ato-normativo-no-276-2025-disp-30-09-2025","status":"publish","type":"post","link":"https:\/\/www.tjes.jus.br\/corregedoria\/2025\/09\/30\/ato-normativo-no-276-2025-disp-30-09-2025\/","title":{"rendered":"ATO NORMATIVO N\u00ba 276\/2025 \u2013 DISP. 30\/09\/2025"},"content":{"rendered":"\n<div class=\"override-text\" align=\"center\">\n<p style=\"text-align: center;\">PODER JUDICI\u00c1RIO DO ESTADO DO ESP\u00cdRITO SANTO &#8211; PJES<\/p>\n<p style=\"text-align: center;\">RUA DESEMBARGADOR HOMERO MAFRA,60 &#8211; Bairro ENSEADA DO SU\u00c1 &#8211; CEP 29050906 &#8211; Vit\u00f3ria &#8211; ES &#8211; www.tjes.jus.br<\/p>\n<\/div>\n<p class=\"Texto_Centralizado_Maiusculas\" style=\"text-align: justify;\">\u00a0<\/p>\n<p style=\"text-align: justify;\">\u00a0<\/p>\n<p class=\"Texto_Centralizado\" style=\"text-align: center;\"><strong>ATO NORMATIVO N\u00ba 276 \/2025<\/strong><\/p>\n<p style=\"text-align: justify;\">\u00a0<\/p>\n<p class=\"Texto_Justificado_Recuo_Primeira_Linha\" style=\"text-align: justify;\" data-pm-slice=\"1 1 []\">O Presidente do Tribunal de Justi\u00e7a do Estado do Esp\u00edrito Santo, Desembargador Samuel Meira Brasil Jr., no uso de suas atribui\u00e7\u00f5es legais e regimentais,<\/p>\n<p style=\"text-align: justify;\">\u00a0<\/p>\n<p class=\"Texto_Justificado_Recuo_Primeira_Linha\" style=\"text-align: justify;\">CONSIDERANDO o <a href=\"https:\/\/www.tjes.jus.br\/corregedoria\/2024\/02\/27\/ato-normativo-no-006-2024-disp-18-01-2024\/\">Ato Normativo n\u00ba 006\/2024<\/a>, que instituiu o N\u00facleo Permanente de Gest\u00e3o da Qualidade para o aprimoramento da administra\u00e7\u00e3o do Poder Judici\u00e1rio do Estado do Esp\u00edrito Santo;<\/p>\n<p style=\"text-align: justify;\">\u00a0<\/p>\n<p class=\"Texto_Justificado_Recuo_Primeira_Linha\" style=\"text-align: justify;\">CONSIDERANDO Considerando a determina\u00e7\u00e3o da Corregedoria Nacional de Justi\u00e7a, constante do item 39.2 do Ac\u00f3rd\u00e3o que aprovou o Relat\u00f3rio da Inspe\u00e7\u00e3o Ordin\u00e1ria n\u00ba 0001496-54.2024.2.00.0000, a qual estabelece a necessidade de integrar o N\u00facleo Permanente de Gest\u00e3o da Qualidade ao organograma do Tribunal;<\/p>\n<p style=\"text-align: justify;\">\u00a0<\/p>\n<p style=\"text-align: justify;\">\u00a0<\/p>\n<p class=\"Texto_Justificado_Recuo_Primeira_Linha\" style=\"text-align: justify;\">RESOLVE:<\/p>\n<p style=\"text-align: justify;\">\u00a0<\/p>\n<p style=\"text-align: justify;\">\u00a0<\/p>\n<p class=\"Texto_Justificado_Recuo_Primeira_Linha\" style=\"text-align: justify;\">Art. 1\u00ba, O artigo 1\u00ba do <a href=\"https:\/\/www.tjes.jus.br\/corregedoria\/2024\/02\/27\/ato-normativo-no-006-2024-disp-18-01-2024\/\">Ato Normativo n\u00ba 006\/2024<\/a> passa a vigorar com a seguinte reda\u00e7\u00e3o:<\/p>\n<p style=\"text-align: justify;\">\u00a0<\/p>\n<p class=\"Texto_Justificado_Recuo_Primeira_Linha\" style=\"text-align: justify;\">\u201cArt. 1\u00ba. Instituir o N\u00facleo Permanente de Gest\u00e3o da Qualidade, subordinado \u00e0 Presid\u00eancia, para o aprimoramento dos \u00f3rg\u00e3os e servi\u00e7os do Poder Judici\u00e1rio estadual, bem como o acompanhamento e monitoramento do cumprimento dos requisitos da regulamenta\u00e7\u00e3o do CNJ sobre a gest\u00e3o de qualidade.\u201d<\/p>\n<p style=\"text-align: justify;\">\u00a0<\/p>\n<p class=\"Texto_Justificado_Recuo_Primeira_Linha\" style=\"text-align: justify;\">Art. 2\u00ba, O presente Ato Normativo entra em vigor na data de sua publica\u00e7\u00e3o, revogando-se as disposi\u00e7\u00f5es em contr\u00e1rio.<\/p>\n<p style=\"text-align: justify;\">\u00a0<\/p>\n<p style=\"text-align: justify;\">Vit\u00f3ria\/ES, 26 de setembro de 2025.<\/p>\n<p style=\"text-align: justify;\">\u00a0<\/p>\n<p style=\"text-align: justify;\">\u00a0<\/p>\n<p class=\"Texto_Centralizado\" style=\"text-align: center;\"><strong>Desembargador SAMUEL MEIRA BRASIL JR.<\/strong><\/p>\n<p class=\"Texto_Centralizado\" style=\"text-align: center;\"><strong>Presidente<\/strong><\/p>\n","protected":false},"excerpt":{"rendered":"<p>PODER JUDICI\u00c1RIO DO ESTADO DO ESP\u00cdRITO SANTO &#8211; PJES RUA DESEMBARGADOR HOMERO MAFRA,60 &#8211; Bairro ENSEADA DO SU\u00c1 &#8211; CEP 29050906 &#8211; Vit\u00f3ria &#8211; ES &#8211; www.tjes.jus.br \u00a0 \u00a0 ATO NORMATIVO N\u00ba 276 \/2025 \u00a0 O Presidente do Tribunal de Justi\u00e7a do Estado do Esp\u00edrito Santo, Desembargador Samuel Meira Brasil Jr., no uso de suas [&hellip;]<\/p>\n","protected":false},"author":19,"featured_media":0,"comment_status":"closed","ping_status":"closed","sticky":false,"template":"","format":"standard","meta":{"footnotes":""},"categories":[4,14],"tags":[],"_links":{"self":[{"href":"https:\/\/www.tjes.jus.br\/corregedoria\/wp-json\/wp\/v2\/posts\/44942"}],"collection":[{"href":"https:\/\/www.tjes.jus.br\/corregedoria\/wp-json\/wp\/v2\/posts"}],"about":[{"href":"https:\/\/www.tjes.jus.br\/corregedoria\/wp-json\/wp\/v2\/types\/post"}],"author":[{"embeddable":true,"href":"https:\/\/www.tjes.jus.br\/corregedoria\/wp-json\/wp\/v2\/users\/19"}],"replies":[{"embeddable":true,"href":"https:\/\/www.tjes.jus.br\/corregedoria\/wp-json\/wp\/v2\/comments?post=44942"}],"version-history":[{"count":2,"href":"https:\/\/www.tjes.jus.br\/corregedoria\/wp-json\/wp\/v2\/posts\/44942\/revisions"}],"predecessor-version":[{"id":44947,"href":"https:\/\/www.tjes.jus.br\/corregedoria\/wp-json\/wp\/v2\/posts\/44942\/revisions\/44947"}],"wp:attachment":[{"href":"https:\/\/www.tjes.jus.br\/corregedoria\/wp-json\/wp\/v2\/media?parent=44942"}],"wp:term":[{"taxonomy":"category","embeddable":true,"href":"https:\/\/www.tjes.jus.br\/corregedoria\/wp-json\/wp\/v2\/categories?post=44942"},{"taxonomy":"post_tag","embeddable":true,"href":"https:\/\/www.tjes.jus.br\/corregedoria\/wp-json\/wp\/v2\/tags?post=44942"}],"curies":[{"name":"wp","href":"https:\/\/api.w.org\/{rel}","templated":true}]}}