{"id":44948,"date":"2025-09-30T13:29:54","date_gmt":"2025-09-30T16:29:54","guid":{"rendered":"https:\/\/www.tjes.jus.br\/corregedoria\/?p=44948"},"modified":"2025-09-30T13:31:12","modified_gmt":"2025-09-30T16:31:12","slug":"ato-normativo-no-277-2025-disp-30-09-2025","status":"publish","type":"post","link":"https:\/\/www.tjes.jus.br\/corregedoria\/2025\/09\/30\/ato-normativo-no-277-2025-disp-30-09-2025\/","title":{"rendered":"ATO NORMATIVO N\u00ba 277\/2025 \u2013 DISP. 30\/09\/2025"},"content":{"rendered":"\n<div class=\"override-text\" align=\"center\">\n<p style=\"text-align: center;\">PODER JUDICI\u00c1RIO DO ESTADO DO ESP\u00cdRITO SANTO &#8211; PJES<\/p>\n<p style=\"text-align: center;\">RUA DESEMBARGADOR HOMERO MAFRA,60 &#8211; Bairro ENSEADA DO SU\u00c1 &#8211; CEP 29050906 &#8211; Vit\u00f3ria &#8211; ES &#8211; www.tjes.jus.br<\/p>\n<\/div>\n<p class=\"Texto_Centralizado_Maiusculas\" style=\"text-align: justify;\">\u00a0<\/p>\n<p class=\"Texto_Centralizado\" style=\"text-align: center;\"><strong>ATO NORMATIVO\u00a0 N\u00ba\u00a0 277 \/2025<\/strong><\/p>\n<p style=\"text-align: justify;\">\u00a0<\/p>\n<p class=\"Texto_Justificado_Recuo_Primeira_Linha\" style=\"text-align: justify;\">O Presidente\u00a0do Tribunal de Justi\u00e7a do Estado do Esp\u00edrito Santo, Desembargador Samuel Meira Brasil Jr., no uso de suas atribui\u00e7\u00f5es legais e regimentais,<\/p>\n<p style=\"text-align: justify;\">\u00a0<\/p>\n<p class=\"Texto_Justificado_Recuo_Primeira_Linha\" style=\"text-align: justify;\" data-end=\"517\" data-start=\"282\">CONSIDERANDO a Resolu\u00e7\u00e3o n\u00ba 347, de 13 de outubro de 2020, do Conselho Nacional de Justi\u00e7a, que disp\u00f5e sobre a Pol\u00edtica de Governan\u00e7a das Contrata\u00e7\u00f5es P\u00fablicas no Poder Judici\u00e1rio, bem como sobre a necessidade de segrega\u00e7\u00e3o de fun\u00e7\u00f5es;<\/p>\n<p style=\"text-align: justify;\">\u00a0<\/p>\n<p class=\"Texto_Justificado_Recuo_Primeira_Linha\" style=\"text-align: justify;\" data-end=\"886\" data-start=\"519\">CONSIDERANDO as determina\u00e7\u00f5es exaradas pela Corregedoria Nacional de Justi\u00e7a no Relat\u00f3rio de Inspe\u00e7\u00e3o Ordin\u00e1ria n\u00ba 0001496-54.2024.2.00.0000, que relata a \u201cnecessidade de separa\u00e7\u00e3o das fun\u00e7\u00f5es, recomendando que as atribui\u00e7\u00f5es relacionadas aos c\u00e1lculos incidentes sobre as modifica\u00e7\u00f5es contratuais sejam transferidas da Secretaria de Finan\u00e7as e Execu\u00e7\u00e3o Or\u00e7ament\u00e1ria\u201d;<\/p>\n<p style=\"text-align: justify;\">\u00a0<\/p>\n<p class=\"Texto_Justificado_Recuo_Primeira_Linha\" style=\"text-align: justify;\" data-end=\"1122\" data-start=\"888\">CONSIDERANDO que o referido relat\u00f3rio de inspe\u00e7\u00e3o identificou risco decorrente da \u201cn\u00e3o observ\u00e2ncia do princ\u00edpio da segrega\u00e7\u00e3o de fun\u00e7\u00f5es, pois a unidade respons\u00e1vel pelo c\u00e1lculo \u00e9 a mesma que realiza a efetiva liquida\u00e7\u00e3o e pagamento\u201d;<\/p>\n<p style=\"text-align: justify;\">\u00a0<\/p>\n<p class=\"Texto_Justificado_Recuo_Primeira_Linha\" style=\"text-align: justify;\" data-end=\"1297\" data-start=\"1124\">CONSIDERANDO a necessidade de adequa\u00e7\u00e3o imediata da estrutura administrativa do Tribunal de Justi\u00e7a \u00e0s boas pr\u00e1ticas de governan\u00e7a e \u00e0s determina\u00e7\u00f5es dos \u00f3rg\u00e3os de controle;<\/p>\n<p style=\"text-align: justify;\">\u00a0<\/p>\n<p class=\"Texto_Justificado_Recuo_Primeira_Linha\" style=\"text-align: justify;\" data-end=\"1400\" data-start=\"1299\">CONSIDERANDO o Processo SEI n\u00ba 7009226-37.2025.8.08.0000, que trata da referida altera\u00e7\u00e3o estrutural;<\/p>\n<p style=\"text-align: justify;\">\u00a0<\/p>\n<p style=\"text-align: justify;\">\u00a0<\/p>\n<p class=\"Texto_Justificado_Recuo_Primeira_Linha\" style=\"text-align: justify;\" data-end=\"1410\" data-start=\"1402\">RESOLVE:<\/p>\n<p style=\"text-align: justify;\">\u00a0<\/p>\n<p style=\"text-align: justify;\">\u00a0<\/p>\n<p class=\"Texto_Justificado_Recuo_Primeira_Linha\" style=\"text-align: justify;\" data-pm-slice=\"1 1 []\">Art. 1\u00ba. Fica reestruturada a Secretaria de Finan\u00e7as e Execu\u00e7\u00e3o Or\u00e7ament\u00e1ria e a Secretaria de Infraestrutura, com o objetivo de promover a segrega\u00e7\u00e3o de fun\u00e7\u00f5es e alinhar a estrutura administrativa deste Tribunal de Justi\u00e7a \u00e0 Resolu\u00e7\u00e3o CNJ n\u00ba 347\/2020.<\/p>\n<p style=\"text-align: justify;\">\u00a0<\/p>\n<p class=\"Texto_Justificado_Recuo_Primeira_Linha\" style=\"text-align: justify;\">Art. 2\u00ba. Fica remanejada da Coordenadoria de Execu\u00e7\u00e3o Or\u00e7ament\u00e1ria e Financeira, subordinada \u00e0 Secretaria de Finan\u00e7as e Execu\u00e7\u00e3o Or\u00e7ament\u00e1ria, a Se\u00e7\u00e3o de Controle de Contratos e Conv\u00eanios para a Coordenadoria de Compras, Licita\u00e7\u00e3o e Contratos, subordinada \u00e0 Secretaria de Infraestrutura.<\/p>\n<p style=\"text-align: justify;\">\u00a0<\/p>\n<p class=\"Texto_Justificado_Recuo_Primeira_Linha\" style=\"text-align: justify;\">Art. 3\u00ba. A Coordenadoria de Execu\u00e7\u00e3o Or\u00e7ament\u00e1ria e Financeira passar\u00e1 a ter a seguinte estrutura:<\/p>\n<p class=\"Texto_Justificado_Recuo_Primeira_Linha\" style=\"text-align: justify;\">I \u2013 Se\u00e7\u00e3o de Empenho e Classifica\u00e7\u00e3o da Despesa;<\/p>\n<p class=\"Texto_Justificado_Recuo_Primeira_Linha\" style=\"text-align: justify;\">II \u2013 Se\u00e7\u00e3o de Tesouraria.<\/p>\n<p style=\"text-align: justify;\">\u00a0<\/p>\n<p class=\"Texto_Justificado_Recuo_Primeira_Linha\" style=\"text-align: justify;\">Art. 4\u00ba. A Coordenadoria de Compras, Licita\u00e7\u00e3o e Contratos passar\u00e1 a ter a seguinte estrutura:<\/p>\n<p class=\"Texto_Justificado_Recuo_Primeira_Linha\" style=\"text-align: justify;\">I \u2013 Se\u00e7\u00e3o de Compras;<\/p>\n<p class=\"Texto_Justificado_Recuo_Primeira_Linha\" style=\"text-align: justify;\">II \u2013 Se\u00e7\u00e3o de Contrata\u00e7\u00e3o;<\/p>\n<p class=\"Texto_Justificado_Recuo_Primeira_Linha\" style=\"text-align: justify;\">III \u2013 Se\u00e7\u00e3o de Controle de Contratos e Conv\u00eanios.<\/p>\n<p style=\"text-align: justify;\">\u00a0<\/p>\n<p class=\"Texto_Justificado_Recuo_Primeira_Linha\" style=\"text-align: justify;\">Art. 5\u00ba. Ficam remanejados da Coordenadoria de Execu\u00e7\u00e3o Or\u00e7ament\u00e1ria e Financeira para a Coordenadoria de Compras, Licita\u00e7\u00e3o e Contratos os seguintes cargos, j\u00e1 previstos em lei:<\/p>\n<p class=\"Texto_Justificado_Recuo_Primeira_Linha\" style=\"text-align: justify;\">a) 01 (um) Chefe de Se\u00e7\u00e3o \u2013 Ensino Superior em Administra\u00e7\u00e3o, Contabilidade ou Direito;<\/p>\n<p class=\"Texto_Justificado_Recuo_Primeira_Linha\" style=\"text-align: justify;\">b) 01 (um) Analista Judici\u00e1rio \u2013 Ensino Superior \u2013 Especialidade Direito.<\/p>\n<p style=\"text-align: justify;\">\u00a0<\/p>\n<p class=\"Texto_Justificado_Recuo_Primeira_Linha\" style=\"text-align: justify;\">Art. 6\u00ba. Este Ato Normativo entra em vigor na data de sua publica\u00e7\u00e3o.<\/p>\n<p style=\"text-align: justify;\">\u00a0<\/p>\n<p class=\"Texto_Justificado_Recuo_Primeira_Linha\" style=\"text-align: justify;\">Art. 7\u00ba. Revogam-se as disposi\u00e7\u00f5es em contr\u00e1rio.<\/p>\n<p style=\"text-align: justify;\">\u00a0<\/p>\n<p class=\"Texto_Justificado_Recuo_Primeira_Linha\" style=\"text-align: justify;\">Publique-se. Registre-se. Cumpra-se.<\/p>\n<p style=\"text-align: justify;\">\u00a0<\/p>\n<p style=\"text-align: justify;\">Vit\u00f3ria\/ES, 26 de setembro de 2025.<\/p>\n<p style=\"text-align: justify;\">\u00a0<\/p>\n<p style=\"text-align: justify;\">\u00a0<\/p>\n<p class=\"Texto_Centralizado\" style=\"text-align: center;\"><strong>Desembargador SAMUEL MEIRA BRASIL JR.<\/strong><\/p>\n<p class=\"Texto_Centralizado\" style=\"text-align: center;\"><strong>Presidente\u00a0<\/strong><\/p>\n","protected":false},"excerpt":{"rendered":"<p>PODER JUDICI\u00c1RIO DO ESTADO DO ESP\u00cdRITO SANTO &#8211; PJES RUA DESEMBARGADOR HOMERO MAFRA,60 &#8211; Bairro ENSEADA DO SU\u00c1 &#8211; CEP 29050906 &#8211; Vit\u00f3ria &#8211; ES &#8211; www.tjes.jus.br \u00a0 ATO NORMATIVO\u00a0 N\u00ba\u00a0 277 \/2025 \u00a0 O Presidente\u00a0do Tribunal de Justi\u00e7a do Estado do Esp\u00edrito Santo, Desembargador Samuel Meira Brasil Jr., no uso de suas atribui\u00e7\u00f5es legais [&hellip;]<\/p>\n","protected":false},"author":19,"featured_media":0,"comment_status":"closed","ping_status":"closed","sticky":false,"template":"","format":"standard","meta":{"footnotes":""},"categories":[4,14],"tags":[],"_links":{"self":[{"href":"https:\/\/www.tjes.jus.br\/corregedoria\/wp-json\/wp\/v2\/posts\/44948"}],"collection":[{"href":"https:\/\/www.tjes.jus.br\/corregedoria\/wp-json\/wp\/v2\/posts"}],"about":[{"href":"https:\/\/www.tjes.jus.br\/corregedoria\/wp-json\/wp\/v2\/types\/post"}],"author":[{"embeddable":true,"href":"https:\/\/www.tjes.jus.br\/corregedoria\/wp-json\/wp\/v2\/users\/19"}],"replies":[{"embeddable":true,"href":"https:\/\/www.tjes.jus.br\/corregedoria\/wp-json\/wp\/v2\/comments?post=44948"}],"version-history":[{"count":2,"href":"https:\/\/www.tjes.jus.br\/corregedoria\/wp-json\/wp\/v2\/posts\/44948\/revisions"}],"predecessor-version":[{"id":44951,"href":"https:\/\/www.tjes.jus.br\/corregedoria\/wp-json\/wp\/v2\/posts\/44948\/revisions\/44951"}],"wp:attachment":[{"href":"https:\/\/www.tjes.jus.br\/corregedoria\/wp-json\/wp\/v2\/media?parent=44948"}],"wp:term":[{"taxonomy":"category","embeddable":true,"href":"https:\/\/www.tjes.jus.br\/corregedoria\/wp-json\/wp\/v2\/categories?post=44948"},{"taxonomy":"post_tag","embeddable":true,"href":"https:\/\/www.tjes.jus.br\/corregedoria\/wp-json\/wp\/v2\/tags?post=44948"}],"curies":[{"name":"wp","href":"https:\/\/api.w.org\/{rel}","templated":true}]}}