{"id":45308,"date":"2025-11-19T14:26:54","date_gmt":"2025-11-19T17:26:54","guid":{"rendered":"https:\/\/www.tjes.jus.br\/corregedoria\/?p=45308"},"modified":"2025-11-19T14:27:59","modified_gmt":"2025-11-19T17:27:59","slug":"resolucao-no-046-2025-disp-19-11-2025","status":"publish","type":"post","link":"https:\/\/www.tjes.jus.br\/corregedoria\/2025\/11\/19\/resolucao-no-046-2025-disp-19-11-2025\/","title":{"rendered":"RESOLU\u00c7\u00c3O N\u00ba 046\/2025 \u2013 DISP. 19\/11\/2025"},"content":{"rendered":"\n<div class=\"override-text\" align=\"center\">\n<p style=\"text-align: center;\">PODER JUDICI\u00c1RIO DO ESTADO DO ESP\u00cdRITO SANTO &#8211; PJES<\/p>\n<p style=\"text-align: center;\">RUA DESEMBARGADOR HOMERO MAFRA,60 &#8211; Bairro ENSEADA DO SU\u00c1 &#8211; CEP 29050906 &#8211; Vit\u00f3ria &#8211; ES &#8211; www.tjes.jus.br<\/p>\n<\/div>\n<p class=\"Texto_Centralizado_Maiusculas\" style=\"text-align: justify;\">\u00a0<\/p>\n<p class=\"Texto_Centralizado_Maiusculas\" style=\"text-align: center;\"><strong>Resolu\u00e7\u00e3o n\u00ba 046\/2025<\/strong><\/p>\n<p style=\"text-align: justify;\">\u00a0<\/p>\n<p class=\"Tabela_Texto_Alinhado_Direita\" style=\"text-align: justify;\"><em>Disp\u00f5e sobre o uso do Cord\u00e3o de Fitas com Desenhos de Girass\u00f3is no \u00e2mbito do Poder Judici\u00e1rio do Estado do Esp\u00edrito Santo<\/em><\/p>\n<p style=\"text-align: justify;\">\u00a0<\/p>\n<p class=\"Texto_Justificado_Recuo_Primeira_Linha\" style=\"text-align: justify;\"><strong>O PRESIDENTE DO TRIBUNAL DE JUSTI\u00c7A DO ESTADO DO ESP\u00cdRITO SANTO<\/strong>, no uso de suas atribui\u00e7\u00f5es legais e regimentais, tendo em vista o contido no processo SEI n\u00ba\u00a0<a id=\"lnkSei2987715\" class=\"ancora_sei\" href=\"https:\/\/sistemas.tjes.jus.br\/sei\/controlador.php?acao=protocolo_visualizar&amp;id_protocolo=2987715&amp;id_procedimento_atual=2987715&amp;infra_sistema=100000100&amp;infra_unidade_atual=1028&amp;infra_hash=4d9c9a7f0bcf79a59d33a2766a3b7842f43f6b9ea7bea5cf46efb2f5f379dd7764ce32495093daf600a24d3b5a95df2e191e30064041a1949cbc3c9467dee90fb4f5a647ff52b3dcc6b6baf0c92dc8f13d9ff09ca56fed067297a72fdd2c6bed\" target=\"_blank\" rel=\"noopener\">7008505-85.2025.8.08.0000<\/a>\u00a0e\u00a0DECIS\u00c3O\u00a0un\u00e2nime do Egr\u00e9gio Tribunal\u00a0Pleno em sess\u00e3o realizada no dia 30 de outubro de 2025,<\/p>\n<p style=\"text-align: justify;\">\u00a0<\/p>\n<p class=\"Texto_Justificado_Recuo_Primeira_Linha\" style=\"text-align: justify;\"><strong>CONSIDERANDO\u00a0<\/strong>o art. 3\u00ba da Constitui\u00e7\u00e3o Federal de 1988, que enuncia, como objetivo fundamental da Rep\u00fablica Federativa do Brasil, a promo\u00e7\u00e3o do bem de todos, sem preconceitos de origem, ra\u00e7a, sexo, cor, idade e quaisquer outras formas de discrimina\u00e7\u00e3o; e o art. 5\u00ba, caput, o qual disp\u00f5e que todos s\u00e3o iguais perante a lei, sem distin\u00e7\u00e3o de qualquer natureza;<\/p>\n<p style=\"text-align: justify;\">\u00a0<\/p>\n<p class=\"Texto_Justificado_Recuo_Primeira_Linha\" style=\"text-align: justify;\"><strong>CONSIDERANDO\u00a0<\/strong>CONSIDERANDO a Lei n\u00ba 13.146\/2015, que institui a Lei Brasileira de Inclus\u00e3o da Pessoa com Defici\u00eancia (Estatuto da Pessoa com Defici\u00eancia) e normativos correlatos;<\/p>\n<p style=\"text-align: justify;\">\u00a0<\/p>\n<p class=\"Texto_Justificado_Recuo_Primeira_Linha\" style=\"text-align: justify;\"><strong>CONSIDERANDO\u00a0<\/strong>a Lei n\u00ba 14.624\/2023, que altera a Lei n\u00ba 13.146, de 6 de julho de 2015 (Estatuto da Pessoa com Defici\u00eancia), para instituir o uso do cord\u00e3o de fita com desenhos de girass\u00f3is para a identifica\u00e7\u00e3o de pessoas com defici\u00eancias ocultas.<\/p>\n<p style=\"text-align: justify;\">\u00a0<\/p>\n<p class=\"Texto_Justificado_Recuo_Primeira_Linha\" style=\"text-align: justify;\"><strong>CONSIDERANDO\u00a0<\/strong>a Agenda 2030, que contempla os Objetivos do Desenvolvimento Sustent\u00e1vel (ODS), baseados nas dimens\u00f5es do desenvolvimento sustent\u00e1vel econ\u00f4mica, social, ambiental e institucional \u2013 de forma integrada, indivis\u00edvel e transversal para o atingimento das metas associadas; CONSIDERANDO a Resolu\u00e7\u00e3o CNJ n\u00ba 401\/2021, que disp\u00f5e sobre diretrizes de acessibilidade e inclus\u00e3o de pessoas com defici\u00eancia nos \u00f3rg\u00e3os do Poder Judici\u00e1rio e de seus servi\u00e7os auxiliares, e regulamenta o funcionamento de unidades de acessibilidade e inclus\u00e3o;<\/p>\n<p style=\"text-align: justify;\">\u00a0<\/p>\n<p class=\"Texto_Justificado_Recuo_Primeira_Linha\" style=\"text-align: justify;\"><strong>CONSIDERANDO\u00a0<\/strong>, por fim, a necessidade de identificar e eliminar barreiras \u00e0 acessibilidade para assegurar \u00e0s pessoas com defici\u00eancia o acesso pleno \u00e0s instala\u00e7\u00f5es do CNJ, aos servi\u00e7os prestados pelo \u00f3rg\u00e3o e, por conseguinte, a participa\u00e7\u00e3o mais efetiva no processo de consolida\u00e7\u00e3o da democracia no Pa\u00eds;<\/p>\n<p style=\"text-align: justify;\">\u00a0<\/p>\n<p class=\"Texto_Justificado_Recuo_Primeira_Linha\" style=\"text-align: justify;\">RESOLVE:<\/p>\n<p style=\"text-align: justify;\">\u00a0<\/p>\n<p class=\"Texto_Justificado_Recuo_Primeira_Linha\" style=\"text-align: justify;\"><strong>Art. 1\u00ba<\/strong>\u00a0Fica institu\u00eddo o uso do Cord\u00e3o de fitas com desenhos de girass\u00f3is como s\u00edmbolo de identifica\u00e7\u00e3o dos(as) magistrados(as), servidores(as) e estagi\u00e1rios(as) com defici\u00eancias ocultas no \u00e2mbito do Poder Judici\u00e1rio do Estado do Esp\u00edrito Santo (PJES).<\/p>\n<p style=\"text-align: justify;\">\u00a0<\/p>\n<p class=\"Texto_Justificado_Recuo_Primeira_Linha\" style=\"text-align: justify;\">\u00a7 1\u00ba O uso do s\u00edmbolo de que trata o caput deste artigo \u00e9 opcional, e sua aus\u00eancia n\u00e3o prejudica o exerc\u00edcio de direitos e garantias previstos em lei.<\/p>\n<p style=\"text-align: justify;\">\u00a0<\/p>\n<p class=\"Texto_Justificado_Recuo_Primeira_Linha\" style=\"text-align: justify;\">\u00a7 2\u00ba A utiliza\u00e7\u00e3o do s\u00edmbolo de que trata o caput deste artigo n\u00e3o dispensa a apresenta\u00e7\u00e3o de documento comprobat\u00f3rio da defici\u00eancia, caso seja solicitado pelo atendente ou pela autoridade competente.<\/p>\n<p style=\"text-align: justify;\">\u00a0<\/p>\n<p class=\"Texto_Justificado_Recuo_Primeira_Linha\" style=\"text-align: justify;\"><strong>Art. 2\u00ba<\/strong>\u00a0Os(as) magistrados(a), os(as) servidores(as), os(as) estagi\u00e1rios(as) que t\u00eam uma defici\u00eancia oculta e optarem pela utiliza\u00e7\u00e3o do s\u00edmbolo de que trata o artigo 1\u00ba como identifica\u00e7\u00e3o da sua defici\u00eancia, dever\u00e3o solicit\u00e1-lo \u00e0 Coordenadoria de Servi\u00e7os Psicossociais e de Sa\u00fade (CSPS), subordinada \u00e0 Secretaria de Gest\u00e3o de Pessoas (SGP), por meio de formul\u00e1rio espec\u00edfico.<\/p>\n<p style=\"text-align: justify;\">\u00a0<\/p>\n<p class=\"Texto_Justificado_Recuo_Primeira_Linha\" style=\"text-align: justify;\"><strong>Art. 3\u00ba<\/strong>\u00a0O uso do Cord\u00e3o de fita com girass\u00f3is \u00e9 opcional, de inteira responsabilidade do solicitante, tendo sua validade reconhecida apenas nos setores internos do Poder Judici\u00e1rio do Estado do Esp\u00edrito Santo.<\/p>\n<p style=\"text-align: justify;\">\u00a0<\/p>\n<p class=\"Texto_Justificado_Recuo_Primeira_Linha\" style=\"text-align: justify;\"><strong>Art. 4\u00ba<\/strong>\u00a0As pessoas com defici\u00eancia que integram o quadro funcional do PJES poder\u00e3o solicitar a inclus\u00e3o do s\u00edmbolo internacional de acessibilidade em seus crach\u00e1s e identidades funcionais.<\/p>\n<p style=\"text-align: justify;\">\u00a0<\/p>\n<p class=\"Texto_Justificado_Recuo_Primeira_Linha\" style=\"text-align: justify;\"><strong>Art. 5\u00ba<\/strong>\u00a0Fica garantido atendimento priorit\u00e1rio, nas depend\u00eancias do PJES, da pessoa com defici\u00eancia, tal como previsto pelo art. 9\u00ba da Lei n\u00ba 13.146\/2015.<\/p>\n<p style=\"text-align: justify;\">\u00a0<\/p>\n<p class=\"Texto_Justificado_Recuo_Primeira_Linha\" style=\"text-align: justify;\"><strong>Art. 6\u00ba<\/strong>\u00a0Eventuais d\u00favidas quanto a aplica\u00e7\u00e3o desta resolu\u00e7\u00e3o ser\u00e3o dirimidas pela Presid\u00eancia.<\/p>\n<p style=\"text-align: justify;\">\u00a0<\/p>\n<p class=\"Texto_Justificado_Recuo_Primeira_Linha\" style=\"text-align: justify;\"><strong>Art. 7\u00ba<\/strong>\u00a0Esta Resolu\u00e7\u00e3o entra em vigor na data de sua publica\u00e7\u00e3o.<\/p>\n<p style=\"text-align: justify;\">\u00a0<\/p>\n<p class=\"Texto_Justificado_Recuo_Primeira_Linha\" style=\"text-align: justify;\">Publique-se.<\/p>\n<p style=\"text-align: justify;\">\u00a0<\/p>\n<p class=\"Texto_Centralizado\" style=\"text-align: justify;\">Vit\u00f3ria\/ES, 31 de outubro de 2025<\/p>\n<p style=\"text-align: justify;\">\u00a0<\/p>\n<p style=\"text-align: justify;\">\u00a0<\/p>\n<p class=\"Texto_Centralizado\" style=\"text-align: center;\"><strong>Desembargador\u00a0<\/strong><strong>SAMUEL MEIRA BRASIL JR.<\/strong><\/p>\n<p class=\"Texto_Centralizado\" style=\"text-align: center;\"><strong>Presidente<\/strong><\/p>\n","protected":false},"excerpt":{"rendered":"<p>PODER JUDICI\u00c1RIO DO ESTADO DO ESP\u00cdRITO SANTO &#8211; PJES RUA DESEMBARGADOR HOMERO MAFRA,60 &#8211; Bairro ENSEADA DO SU\u00c1 &#8211; CEP 29050906 &#8211; Vit\u00f3ria &#8211; ES &#8211; www.tjes.jus.br \u00a0 Resolu\u00e7\u00e3o n\u00ba 046\/2025 \u00a0 Disp\u00f5e sobre o uso do Cord\u00e3o de Fitas com Desenhos de Girass\u00f3is no \u00e2mbito do Poder Judici\u00e1rio do Estado do Esp\u00edrito Santo \u00a0 [&hellip;]<\/p>\n","protected":false},"author":19,"featured_media":0,"comment_status":"closed","ping_status":"closed","sticky":false,"template":"","format":"standard","meta":{"footnotes":""},"categories":[14,13],"tags":[],"_links":{"self":[{"href":"https:\/\/www.tjes.jus.br\/corregedoria\/wp-json\/wp\/v2\/posts\/45308"}],"collection":[{"href":"https:\/\/www.tjes.jus.br\/corregedoria\/wp-json\/wp\/v2\/posts"}],"about":[{"href":"https:\/\/www.tjes.jus.br\/corregedoria\/wp-json\/wp\/v2\/types\/post"}],"author":[{"embeddable":true,"href":"https:\/\/www.tjes.jus.br\/corregedoria\/wp-json\/wp\/v2\/users\/19"}],"replies":[{"embeddable":true,"href":"https:\/\/www.tjes.jus.br\/corregedoria\/wp-json\/wp\/v2\/comments?post=45308"}],"version-history":[{"count":2,"href":"https:\/\/www.tjes.jus.br\/corregedoria\/wp-json\/wp\/v2\/posts\/45308\/revisions"}],"predecessor-version":[{"id":45311,"href":"https:\/\/www.tjes.jus.br\/corregedoria\/wp-json\/wp\/v2\/posts\/45308\/revisions\/45311"}],"wp:attachment":[{"href":"https:\/\/www.tjes.jus.br\/corregedoria\/wp-json\/wp\/v2\/media?parent=45308"}],"wp:term":[{"taxonomy":"category","embeddable":true,"href":"https:\/\/www.tjes.jus.br\/corregedoria\/wp-json\/wp\/v2\/categories?post=45308"},{"taxonomy":"post_tag","embeddable":true,"href":"https:\/\/www.tjes.jus.br\/corregedoria\/wp-json\/wp\/v2\/tags?post=45308"}],"curies":[{"name":"wp","href":"https:\/\/api.w.org\/{rel}","templated":true}]}}