{"id":45363,"date":"2025-11-26T13:32:26","date_gmt":"2025-11-26T16:32:26","guid":{"rendered":"https:\/\/www.tjes.jus.br\/corregedoria\/?p=45363"},"modified":"2025-11-26T13:51:20","modified_gmt":"2025-11-26T16:51:20","slug":"ato-normativo-no-314-2025-disp-26-11-2025","status":"publish","type":"post","link":"https:\/\/www.tjes.jus.br\/corregedoria\/2025\/11\/26\/ato-normativo-no-314-2025-disp-26-11-2025\/","title":{"rendered":"ATO NORMATIVO N\u00ba 314\/2025 \u2013 DISP. 26\/11\/2025"},"content":{"rendered":"\n<p style=\"text-align: center;\"><strong>PODER JUDICI\u00c1RIO DO ESTADO DO ESP\u00cdRITO SANTO &#8211; PJES<\/strong><\/p>\n<p style=\"text-align: center;\"><strong>RUA DESEMBARGADOR HOMERO MAFRA,60 &#8211; Bairro ENSEADA DO SU\u00c1 &#8211; CEP 29050906 &#8211; Vit\u00f3ria &#8211; ES &#8211; www.tjes.jus.br<\/strong><\/p>\n<p style=\"text-align: justify;\">\u00a0<\/p>\n<p style=\"text-align: center;\"><strong>ATO NORMATIVO N\u00ba 314 \/2025<\/strong><\/p>\n<p style=\"text-align: justify;\">\u00a0<\/p>\n<p style=\"text-align: justify;\">Altera o <a href=\"https:\/\/www.tjes.jus.br\/corregedoria\/2024\/03\/18\/ato-normativo-no-037-2024-disp-11-03-2024\/\">Ato Normativo n\u00ba 037\/2024<\/a> de 11\/04\/2024, que instituiu o N\u00facleo de Acelera\u00e7\u00e3o de Processos do Poder Judici\u00e1rio do Estado do Esp\u00edrito Santo \u2013 NAPES.<\/p>\n<p style=\"text-align: justify;\">\u00a0<\/p>\n<p style=\"text-align: justify;\">O Excelent\u00edssimo Senhor Desembargador SAMUEL MEIRA BRASIL JR., Presidente do Egr\u00e9gio Tribunal de Justi\u00e7a do Estado do Esp\u00edrito Santo, no uso de suas atribui\u00e7\u00f5es legais e regimentais e,<\/p>\n<p style=\"text-align: justify;\">\u00a0<\/p>\n<p style=\"text-align: justify;\">CONSIDERANDO a necessidade de implementar medidas de gest\u00e3o judici\u00e1ria que assegurem a celeridade na tramita\u00e7\u00e3o processual, conforme preceitua o artigo 5\u00ba, inciso LXXVIII, da Constitui\u00e7\u00e3o Federal;<\/p>\n<p style=\"text-align: justify;\">\u00a0<\/p>\n<p style=\"text-align: justify;\">CONSIDERANDO que o Conselho Nacional de Justi\u00e7a estabelece diretrizes e crit\u00e9rios de gest\u00e3o administrativa e judici\u00e1ria, exigindo dos Tribunais a busca pela excel\u00eancia na gest\u00e3o, planejamento e produtividade;<\/p>\n<p style=\"text-align: justify;\">\u00a0<\/p>\n<p style=\"text-align: justify;\">CONSIDERANDO a pol\u00edtica de Gest\u00e3o de Qualidade segmentada nos 4 (quatro) eixos tem\u00e1ticos \u2013 governan\u00e7a, produtividade, transpar\u00eancia, dados e tecnologia \u2013 avaliados conforme metodologia fixada pelo Conselho Nacional de Justi\u00e7a;<\/p>\n<p style=\"text-align: justify;\">\u00a0<\/p>\n<p style=\"text-align: justify;\">CONSIDERANDO o dever institucional do Tribunal de Justi\u00e7a do Estado do Esp\u00edrito Santo de implementar estrat\u00e9gias visando ao incremento da produtividade e da presta\u00e7\u00e3o jurisdicional;<\/p>\n<p style=\"text-align: justify;\">\u00a0<\/p>\n<p style=\"text-align: justify;\">CONSIDERANDO o disposto no artigo 58 da Resolu\u00e7\u00e3o 15\/95 (Regimento Interno do Tribunal de Justi\u00e7a do Estado do Esp\u00edrito Santo), que atribui ao Presidente compet\u00eancia geral para exercer a superintend\u00eancia de todo o servi\u00e7o judici\u00e1rio, na qualidade de chefe da Magistratura do Estado;<\/p>\n<p style=\"text-align: justify;\">\u00a0<\/p>\n<p style=\"text-align: justify;\">RESOLVE:<\/p>\n<p style=\"text-align: justify;\">\u00a0<\/p>\n<p style=\"text-align: justify;\">Art. 1\u00ba O art. 3\u00ba do <a href=\"https:\/\/www.tjes.jus.br\/corregedoria\/2025\/04\/16\/ato-normativo-no-127-2025-disp-16-04-2025\/\">Ato Normativo n\u00ba 127\/2025<\/a> passa a vigorar com a seguinte reda\u00e7\u00e3o:<\/p>\n<p style=\"text-align: justify;\">\u00a0<\/p>\n<p style=\"text-align: justify;\">&#8220;Art. 3\u00ba. [&#8230;]<\/p>\n<p style=\"text-align: justify;\">VI &#8211; Atuar nos processos eleg\u00edveis para a Meta Nacional n\u00ba 02 do Conselho Nacional de Justi\u00e7a.<\/p>\n<p style=\"text-align: justify;\">[&#8230;]&#8221;<\/p>\n<p style=\"text-align: justify;\">\u00a0<\/p>\n<p style=\"text-align: justify;\">Art. 2\u00ba O art. 4\u00ba do <a href=\"https:\/\/www.tjes.jus.br\/corregedoria\/2025\/04\/16\/ato-normativo-no-127-2025-disp-16-04-2025\/\">Ato Normativo n\u00ba 127\/2025<\/a>\u00a0passa a vigorar com a seguinte reda\u00e7\u00e3o:<\/p>\n<p style=\"text-align: justify;\">\u00a0<\/p>\n<p style=\"text-align: justify;\">&#8220;Art. 4\u00ba. [&#8230;]<\/p>\n<p style=\"text-align: justify;\">VI &#8211; Unidades com maior n\u00famero de processos eleg\u00edveis para a Meta Nacional n\u00ba 02 do Conselho Nacional de Justi\u00e7a e, dentre essas, aquelas com maior n\u00famero de processos eleg\u00edveis para a sub-meta de processos superantigos, com quinze anos ou mais de tramita\u00e7\u00e3o.<\/p>\n<p style=\"text-align: justify;\">[&#8230;]&#8221;<\/p>\n<p style=\"text-align: justify;\">\u00a0<\/p>\n<p style=\"text-align: justify;\">Art. 3\u00ba Este Ato Normativo entra em vigor na data de sua publica\u00e7\u00e3o.<\/p>\n<p style=\"text-align: justify;\">\u00a0<\/p>\n<p style=\"text-align: justify;\">Art. 4\u00ba Revogam-se as disposi\u00e7\u00f5es em contr\u00e1rio.<\/p>\n<p style=\"text-align: justify;\"><br \/>\u00a0<\/p>\n<p style=\"text-align: justify;\">Publique-se.<\/p>\n<p style=\"text-align: justify;\">Vit\u00f3ria\/ES, 25 de novembro de 2025.<\/p>\n<p style=\"text-align: justify;\"><br \/>\u00a0<\/p>\n<p style=\"text-align: center;\"><strong>DES. SAMUEL MEIRA BRASIL JR.<\/strong><\/p>\n<p style=\"text-align: center;\"><strong>Presidente do Tribunal de Justi\u00e7a do Esp\u00edrito Santo<\/strong><\/p>\n","protected":false},"excerpt":{"rendered":"<p>PODER JUDICI\u00c1RIO DO ESTADO DO ESP\u00cdRITO SANTO &#8211; PJES RUA DESEMBARGADOR HOMERO MAFRA,60 &#8211; Bairro ENSEADA DO SU\u00c1 &#8211; CEP 29050906 &#8211; Vit\u00f3ria &#8211; ES &#8211; www.tjes.jus.br \u00a0 ATO NORMATIVO N\u00ba 314 \/2025 \u00a0 Altera o Ato Normativo n\u00ba 037\/2024 de 11\/04\/2024, que instituiu o N\u00facleo de Acelera\u00e7\u00e3o de Processos do Poder Judici\u00e1rio do Estado [&hellip;]<\/p>\n","protected":false},"author":19,"featured_media":0,"comment_status":"closed","ping_status":"closed","sticky":false,"template":"","format":"standard","meta":{"footnotes":""},"categories":[4,14],"tags":[],"_links":{"self":[{"href":"https:\/\/www.tjes.jus.br\/corregedoria\/wp-json\/wp\/v2\/posts\/45363"}],"collection":[{"href":"https:\/\/www.tjes.jus.br\/corregedoria\/wp-json\/wp\/v2\/posts"}],"about":[{"href":"https:\/\/www.tjes.jus.br\/corregedoria\/wp-json\/wp\/v2\/types\/post"}],"author":[{"embeddable":true,"href":"https:\/\/www.tjes.jus.br\/corregedoria\/wp-json\/wp\/v2\/users\/19"}],"replies":[{"embeddable":true,"href":"https:\/\/www.tjes.jus.br\/corregedoria\/wp-json\/wp\/v2\/comments?post=45363"}],"version-history":[{"count":2,"href":"https:\/\/www.tjes.jus.br\/corregedoria\/wp-json\/wp\/v2\/posts\/45363\/revisions"}],"predecessor-version":[{"id":45367,"href":"https:\/\/www.tjes.jus.br\/corregedoria\/wp-json\/wp\/v2\/posts\/45363\/revisions\/45367"}],"wp:attachment":[{"href":"https:\/\/www.tjes.jus.br\/corregedoria\/wp-json\/wp\/v2\/media?parent=45363"}],"wp:term":[{"taxonomy":"category","embeddable":true,"href":"https:\/\/www.tjes.jus.br\/corregedoria\/wp-json\/wp\/v2\/categories?post=45363"},{"taxonomy":"post_tag","embeddable":true,"href":"https:\/\/www.tjes.jus.br\/corregedoria\/wp-json\/wp\/v2\/tags?post=45363"}],"curies":[{"name":"wp","href":"https:\/\/api.w.org\/{rel}","templated":true}]}}