{"id":45377,"date":"2025-11-26T15:02:54","date_gmt":"2025-11-26T18:02:54","guid":{"rendered":"https:\/\/www.tjes.jus.br\/corregedoria\/?p=45377"},"modified":"2025-11-26T15:05:17","modified_gmt":"2025-11-26T18:05:17","slug":"provimento-no-17-2025-disp-26-11-2025","status":"publish","type":"post","link":"https:\/\/www.tjes.jus.br\/corregedoria\/2025\/11\/26\/provimento-no-17-2025-disp-26-11-2025\/","title":{"rendered":"PROVIMENTO N\u00ba 17\/2025 \u2013 DISP. 26\/11\/2025"},"content":{"rendered":"\n<p class=\"Texto_Centralizado\" style=\"text-align: center;\"><strong>PROVIMENTO N\u00ba 17\/2025<\/strong><\/p>\n<p style=\"text-align: justify;\">\u00a0<\/p>\n<p class=\"Texto_Justificado\" style=\"text-align: justify;\">O Desembargador\u00a0<strong>WILLIAN SILVA<\/strong>, Corregedor Geral da Justi\u00e7a do Estado do Esp\u00edrito Santo, no uso de suas atribui\u00e7\u00f5es legais e,<\/p>\n<p style=\"text-align: justify;\">\u00a0<\/p>\n<p class=\"Texto_Justificado\" style=\"text-align: justify;\"><strong>CONSIDERANDO<\/strong>\u00a0que a Corregedoria Geral da Justi\u00e7a do Estado do Esp\u00edrito Santo \u00e9 \u00f3rg\u00e3o de fiscaliza\u00e7\u00e3o, que disciplina a orienta\u00e7\u00e3o administrativa, com jurisdi\u00e7\u00e3o em todo Estado, conforme disp\u00f5e o artigo 35, da Lei Complementar Estadual n\u00ba 234\/2002;<\/p>\n<p class=\"Texto_Justificado\" style=\"text-align: justify;\"><strong>CONSIDERANDO<\/strong>\u00a0ser o C\u00f3digo de Normas a principal ferramenta de que disp\u00f5e a Corregedoria Geral da Justi\u00e7a para uniformizar a orienta\u00e7\u00e3o administrativa do foro judicial e extrajudicial em todo o Estado, sendo imperioso e necess\u00e1rio o constante aprimoramento das diversas disposi\u00e7\u00f5es nele contidas;<\/p>\n<p class=\"Texto_Justificado\" style=\"text-align: justify;\"><strong>CONSIDERANDO<\/strong>\u00a0a necessidade de adequa\u00e7\u00e3o do texto do C\u00f3digo de Normas, Tomo II, desta Corregedoria Geral de Justi\u00e7a ao julgamento do\u00a0Pedido de Provid\u00eancias n\u00ba 0007496-70.2024.2.00.0000, pelo Conselho Nacional de Justi\u00e7a, no que diz respeito ao\u00a0desconto de 50% nos emolumentos relativos aos atos vinculados \u00e0 primeira aquisi\u00e7\u00e3o imobili\u00e1ria para fins residenciais, financiada pelo Sistema Financeiro da Habita\u00e7\u00e3o;<\/p>\n<p class=\"Texto_Justificado\" style=\"text-align: justify;\"><strong>CONSIDERANDO<\/strong>\u00a0a an\u00e1lise e conclus\u00e3o da Comiss\u00e3o Revisora nos autos do Processo SEI n\u00ba\u00a0<a id=\"lnkSei2788239\" class=\"ancora_sei\" href=\"https:\/\/sistemas.tjes.jus.br\/sei\/controlador.php?acao=protocolo_visualizar&amp;id_protocolo=2788239&amp;id_procedimento_atual=2788239&amp;infra_sistema=100000100&amp;infra_unidade_atual=2285&amp;infra_hash=45dc02ab77d99fcf92273317bbbe1ceea7e8e337980aeaf6086fdbef032978bf937f90b2e984bff0e6f7389a1ad5c9f31822e5df1e8d12cf1e42becdbcff61a51d7ac07ce3afb045b1b8f7ea67582a1c757e757130d17f811dff36be5f9014c7\" target=\"_blank\" rel=\"noopener\">7004332-18.2025.8.08.0000<\/a>;<\/p>\n<p style=\"text-align: justify;\">\u00a0<\/p>\n<p class=\"Texto_Justificado\" style=\"text-align: justify;\"><strong>RESOLVE:<\/strong><\/p>\n<p class=\"Texto_Justificado\" style=\"text-align: justify;\"><strong>Art. 1\u00ba<\/strong>. Alterar o artigo 109 no C\u00f3digo de Normas &#8211; Foro Extrajudicial &#8211; Tomo II, da Corregedoria Geral de Justi\u00e7a, nos seguintes termos:<\/p>\n<p class=\"Texto_Justificado\" style=\"text-align: justify;\"><strong><em>&#8220;Art. 109. Os emolumentos devidos por todos os atos relacionados com a primeira aquisi\u00e7\u00e3o imobili\u00e1ria para fins residenciais, financiada pelo Sistema Financeiro de Habita\u00e7\u00e3o \u2013 SFH, ser\u00e3o reduzidos em 50% (cinquenta por cento), conforme previsto no artigo 290 da Lei n\u00ba 6.015\/73, sendo irrelevante para a concess\u00e3o do benef\u00edcio a exist\u00eancia de im\u00f3vel anterior adquirido de forma diversa da prevista nesse dispositivo.&#8221;<\/em><\/strong><\/p>\n<p class=\"Texto_Justificado\" style=\"text-align: justify;\"><strong>Art. 2\u00ba<\/strong>. Este provimento entra em vigor na data da publica\u00e7\u00e3o, revogando-se as disposi\u00e7\u00f5es em contr\u00e1rio.<\/p>\n<p class=\"Texto_Justificado\" style=\"text-align: justify;\"><strong>PUBLIQUE-SE. REGISTRE-SE. CUMPRA-SE.<\/strong><\/p>\n","protected":false},"excerpt":{"rendered":"<p>PROVIMENTO N\u00ba 17\/2025 \u00a0 O Desembargador\u00a0WILLIAN SILVA, Corregedor Geral da Justi\u00e7a do Estado do Esp\u00edrito Santo, no uso de suas atribui\u00e7\u00f5es legais e, \u00a0 CONSIDERANDO\u00a0que a Corregedoria Geral da Justi\u00e7a do Estado do Esp\u00edrito Santo \u00e9 \u00f3rg\u00e3o de fiscaliza\u00e7\u00e3o, que disciplina a orienta\u00e7\u00e3o administrativa, com jurisdi\u00e7\u00e3o em todo Estado, conforme disp\u00f5e o artigo 35, da [&hellip;]<\/p>\n","protected":false},"author":19,"featured_media":0,"comment_status":"closed","ping_status":"closed","sticky":false,"template":"","format":"standard","meta":{"footnotes":""},"categories":[14,16],"tags":[],"_links":{"self":[{"href":"https:\/\/www.tjes.jus.br\/corregedoria\/wp-json\/wp\/v2\/posts\/45377"}],"collection":[{"href":"https:\/\/www.tjes.jus.br\/corregedoria\/wp-json\/wp\/v2\/posts"}],"about":[{"href":"https:\/\/www.tjes.jus.br\/corregedoria\/wp-json\/wp\/v2\/types\/post"}],"author":[{"embeddable":true,"href":"https:\/\/www.tjes.jus.br\/corregedoria\/wp-json\/wp\/v2\/users\/19"}],"replies":[{"embeddable":true,"href":"https:\/\/www.tjes.jus.br\/corregedoria\/wp-json\/wp\/v2\/comments?post=45377"}],"version-history":[{"count":2,"href":"https:\/\/www.tjes.jus.br\/corregedoria\/wp-json\/wp\/v2\/posts\/45377\/revisions"}],"predecessor-version":[{"id":45381,"href":"https:\/\/www.tjes.jus.br\/corregedoria\/wp-json\/wp\/v2\/posts\/45377\/revisions\/45381"}],"wp:attachment":[{"href":"https:\/\/www.tjes.jus.br\/corregedoria\/wp-json\/wp\/v2\/media?parent=45377"}],"wp:term":[{"taxonomy":"category","embeddable":true,"href":"https:\/\/www.tjes.jus.br\/corregedoria\/wp-json\/wp\/v2\/categories?post=45377"},{"taxonomy":"post_tag","embeddable":true,"href":"https:\/\/www.tjes.jus.br\/corregedoria\/wp-json\/wp\/v2\/tags?post=45377"}],"curies":[{"name":"wp","href":"https:\/\/api.w.org\/{rel}","templated":true}]}}