{"id":45382,"date":"2025-11-26T15:06:36","date_gmt":"2025-11-26T18:06:36","guid":{"rendered":"https:\/\/www.tjes.jus.br\/corregedoria\/?p=45382"},"modified":"2025-11-26T15:09:12","modified_gmt":"2025-11-26T18:09:12","slug":"provimento-no-20-2025-disp-26-11-2025","status":"publish","type":"post","link":"https:\/\/www.tjes.jus.br\/corregedoria\/2025\/11\/26\/provimento-no-20-2025-disp-26-11-2025\/","title":{"rendered":"PROVIMENTO N\u00ba 20\/2025 \u2013 DISP. 26\/11\/2025"},"content":{"rendered":"\n<p style=\"text-align: center;\">PROVIMENTO N\u00ba 20\/2025<\/p>\n<p style=\"text-align: justify;\">\u00a0<\/p>\n<p style=\"text-align: justify;\">\u00a0<\/p>\n<p style=\"text-align: justify;\">\u00a0O Desembargador WILLIAN SILVA, Corregedor Geral da Justi\u00e7a do Estado do Esp\u00edrito Santo, no uso de suas atribui\u00e7\u00f5es legais e,<\/p>\n<p style=\"text-align: justify;\">\u00a0<\/p>\n<p style=\"text-align: justify;\">CONSIDERANDO que a Corregedoria Geral da Justi\u00e7a \u00e9 \u00f3rg\u00e3o de fiscaliza\u00e7\u00e3o que disciplina a orienta\u00e7\u00e3o administrativa com jurisdi\u00e7\u00e3o em todo o Estado do Esp\u00edrito Santo, conforme artigo 35, caput, da Lei Complementar Estadual n.\u00ba 234\/02 (C\u00f3digo de Organiza\u00e7\u00e3o Judici\u00e1ria);<\/p>\n<p style=\"text-align: justify;\">CONSIDERANDO que compete aos Ju\u00edzes de Direito com compet\u00eancia em Registros P\u00fablicos \u201cdirimir as d\u00favidas, de qualquer natureza, levantadas sobre registro p\u00fablico\u201d, nos termos do artigo 59, VII, da Lei Complementar Estadual n.\u00ba 234\/02 (C\u00f3digo de Organiza\u00e7\u00e3o Judici\u00e1ria);<\/p>\n<p style=\"text-align: justify;\">CONSIDERANDO a necessidade de se criar uma rotina para acompanhamento das solu\u00e7\u00f5es de d\u00favidas exaradas pelas Varas de Registros P\u00fablicos, com o objetivo de formar um banco de dados destinado \u00e0 consulta de magistrados e delegat\u00e1rios, bem como \u00e0 identifica\u00e7\u00e3o de situa\u00e7\u00f5es comuns que permitam solu\u00e7\u00e3o geral pela Corregedoria Geral da Justi\u00e7a;<\/p>\n<p style=\"text-align: justify;\">RESOLVE:<\/p>\n<p style=\"text-align: justify;\">Art. 1\u00ba. Determinar aos Ju\u00edzes de Direito com compet\u00eancia em Registros P\u00fablicos que encaminhem a esta Corregedoria c\u00f3pias de todas as senten\u00e7as proferidas nas Suscita\u00e7\u00f5es de D\u00favida.<\/p>\n<p style=\"text-align: justify;\">Par\u00e1grafo \u00fanico. O encaminhamento dever\u00e1 ser feito pelo malote digital para a Coordenadoria de Monitoramento dos Foros Judicial e Extrajudicial, que dever\u00e1 armazenar as decis\u00f5es em banco de dados, classificando-as por assunto, comarca e serventia.<\/p>\n<p style=\"text-align: justify;\">Art. 2\u00ba. Ap\u00f3s o armazenamento e a classifica\u00e7\u00e3o previstos no artigo anterior, a Coordenadoria de Monitoramento dos Foros Judicial e Extrajudicial encaminhar\u00e1 o expediente \u00e0 Assessoria de Planejamento e Fiscaliza\u00e7\u00e3o \u2013 APF, que dever\u00e1 se manifestar no que guardar pertin\u00eancia com as suas atribui\u00e7\u00f5es.<\/p>\n<p style=\"text-align: justify;\">\u00a7 1\u00ba. Conclu\u00edda a an\u00e1lise pela APF, os autos ser\u00e3o remetidos ao N\u00facleo de Ju\u00edzes Auxiliares, que, com o apoio da Assessoria Jur\u00eddica, avaliar\u00e1 se a mat\u00e9ria tratada na decis\u00e3o configura situa\u00e7\u00e3o recorrente ou de repercuss\u00e3o geral, a justificar solu\u00e7\u00e3o uniforme pela Corregedoria Geral da Justi\u00e7a.<\/p>\n<p style=\"text-align: justify;\">\u00a7 2\u00ba. Verificada a exist\u00eancia de situa\u00e7\u00f5es comuns que demandem uniformiza\u00e7\u00e3o, o N\u00facleo de Ju\u00edzes Auxiliares poder\u00e1 propor ao Corregedor Geral da Justi\u00e7a a ado\u00e7\u00e3o das medidas cab\u00edveis, inclusive:<\/p>\n<p style=\"text-align: justify;\">I \u2013 altera\u00e7\u00e3o do C\u00f3digo de Normas da Corregedoria Geral da Justi\u00e7a;<\/p>\n<p style=\"text-align: justify;\">II \u2013 expedi\u00e7\u00e3o de notas explicativas, recomenda\u00e7\u00f5es ou orienta\u00e7\u00f5es normativas;<\/p>\n<p style=\"text-align: justify;\">III \u2013 outras provid\u00eancias necess\u00e1rias \u00e0 uniformiza\u00e7\u00e3o de procedimentos no \u00e2mbito dos servi\u00e7os judiciais e extrajudiciais.<\/p>\n<p style=\"text-align: justify;\">Art. 3\u00ba. Este Provimento entrar\u00e1 em vigor na data da sua publica\u00e7\u00e3o.<\/p>\n<p style=\"text-align: justify;\">\u00a0<\/p>\n","protected":false},"excerpt":{"rendered":"<p>PROVIMENTO N\u00ba 20\/2025 \u00a0 \u00a0 \u00a0O Desembargador WILLIAN SILVA, Corregedor Geral da Justi\u00e7a do Estado do Esp\u00edrito Santo, no uso de suas atribui\u00e7\u00f5es legais e, \u00a0 CONSIDERANDO que a Corregedoria Geral da Justi\u00e7a \u00e9 \u00f3rg\u00e3o de fiscaliza\u00e7\u00e3o que disciplina a orienta\u00e7\u00e3o administrativa com jurisdi\u00e7\u00e3o em todo o Estado do Esp\u00edrito Santo, conforme artigo 35, caput, [&hellip;]<\/p>\n","protected":false},"author":19,"featured_media":0,"comment_status":"closed","ping_status":"closed","sticky":false,"template":"","format":"standard","meta":{"footnotes":""},"categories":[14,16],"tags":[],"_links":{"self":[{"href":"https:\/\/www.tjes.jus.br\/corregedoria\/wp-json\/wp\/v2\/posts\/45382"}],"collection":[{"href":"https:\/\/www.tjes.jus.br\/corregedoria\/wp-json\/wp\/v2\/posts"}],"about":[{"href":"https:\/\/www.tjes.jus.br\/corregedoria\/wp-json\/wp\/v2\/types\/post"}],"author":[{"embeddable":true,"href":"https:\/\/www.tjes.jus.br\/corregedoria\/wp-json\/wp\/v2\/users\/19"}],"replies":[{"embeddable":true,"href":"https:\/\/www.tjes.jus.br\/corregedoria\/wp-json\/wp\/v2\/comments?post=45382"}],"version-history":[{"count":2,"href":"https:\/\/www.tjes.jus.br\/corregedoria\/wp-json\/wp\/v2\/posts\/45382\/revisions"}],"predecessor-version":[{"id":45385,"href":"https:\/\/www.tjes.jus.br\/corregedoria\/wp-json\/wp\/v2\/posts\/45382\/revisions\/45385"}],"wp:attachment":[{"href":"https:\/\/www.tjes.jus.br\/corregedoria\/wp-json\/wp\/v2\/media?parent=45382"}],"wp:term":[{"taxonomy":"category","embeddable":true,"href":"https:\/\/www.tjes.jus.br\/corregedoria\/wp-json\/wp\/v2\/categories?post=45382"},{"taxonomy":"post_tag","embeddable":true,"href":"https:\/\/www.tjes.jus.br\/corregedoria\/wp-json\/wp\/v2\/tags?post=45382"}],"curies":[{"name":"wp","href":"https:\/\/api.w.org\/{rel}","templated":true}]}}