{"id":45388,"date":"2025-11-28T13:09:48","date_gmt":"2025-11-28T16:09:48","guid":{"rendered":"https:\/\/www.tjes.jus.br\/corregedoria\/?p=45388"},"modified":"2025-11-28T13:11:07","modified_gmt":"2025-11-28T16:11:07","slug":"ato-normativo-no-315-2025-disp-28-11-2025","status":"publish","type":"post","link":"https:\/\/www.tjes.jus.br\/corregedoria\/2025\/11\/28\/ato-normativo-no-315-2025-disp-28-11-2025\/","title":{"rendered":"ATO NORMATIVO N\u00ba 315\/2025 \u2013 DISP. 28\/11\/2025"},"content":{"rendered":"\n<div class=\"override-text\" align=\"center\">\n<p style=\"text-align: center;\">PODER JUDICI\u00c1RIO DO ESTADO DO ESP\u00cdRITO SANTO &#8211; PJES<\/p>\n<p style=\"text-align: center;\">RUA DESEMBARGADOR HOMERO MAFRA,60 &#8211; Bairro ENSEADA DO SU\u00c1 &#8211; CEP 29050906 &#8211; Vit\u00f3ria &#8211; ES &#8211; www.tjes.jus.br<\/p>\n<\/div>\n<p class=\"Texto_Centralizado_Maiusculas\" style=\"text-align: justify;\">\u00a0<\/p>\n<p class=\"Texto_Centralizado\" style=\"text-align: center;\"><strong>ATO NORMATIVO N\u00ba 315\/202<\/strong><strong>5<\/strong><\/p>\n<p style=\"text-align: justify;\">\u00a0<\/p>\n<p class=\"Texto_Justificado_Recuo_Primeira_Linha\" style=\"text-align: justify;\">O Presidente do Tribunal de Justi\u00e7a do Estado do Esp\u00edrito Santo, no uso de suas atribui\u00e7\u00f5es legais e regimentais,<\/p>\n<p style=\"text-align: justify;\">\u00a0<\/p>\n<p class=\"Texto_Justificado_Recuo_Primeira_Linha\" style=\"text-align: justify;\">Considerando o Processo SEI n\u00ba 7000259-67.2025.8.08.0011, inaugurado pelo MM. Juiz de Direito Diretor do Foro da Comarca de Cachoeiro de Itapemirim\/ES,<\/p>\n<p style=\"text-align: justify;\">\u00a0<\/p>\n<p class=\"Texto_Justificado_Recuo_Primeira_Linha\" style=\"text-align: justify;\">Considerando a execu\u00e7\u00e3o das obras no Pr\u00e9dio do F\u00f3rum da Comarca de Cachoeiro de Itapemirim\/ES,<\/p>\n<p style=\"text-align: justify;\">\u00a0<\/p>\n<p class=\"Texto_Justificado_Recuo_Primeira_Linha\" style=\"text-align: justify;\">Considerando a necessidade de evitar preju\u00edzo \u00e0 presta\u00e7\u00e3o jurisdicional,<\/p>\n<p style=\"text-align: justify;\">\u00a0<\/p>\n<p style=\"text-align: justify;\">\u00a0<\/p>\n<p class=\"Texto_Justificado_Recuo_Primeira_Linha\" style=\"text-align: justify;\"><strong>RESOLVE:<\/strong><\/p>\n<p style=\"text-align: justify;\">\u00a0<\/p>\n<p style=\"text-align: justify;\">\u00a0<\/p>\n<p class=\"Texto_Justificado_Recuo_Primeira_Linha\" style=\"text-align: justify;\"><strong>Art. 1\u00ba<\/strong>\u00a0\u2013\u00a0<strong>AUTORIZAR<\/strong>\u00a0o trabalho remoto para os servidores lotados\u00a0<strong><em>i)<\/em><\/strong>\u00a0na Secretaria da 2\u00aa Vara Criminal (Execu\u00e7\u00e3o Penal),\u00a0<strong>no per\u00edodo de 13 de outubro a 28 de novembro de 2025<\/strong>,\u00a0<em><strong>ii)<\/strong>\u00a0<\/em>nos Gabinetes da 1\u00aa Vara da Inf\u00e2ncia e Juventude, da 1\u00aa Vara da Fazenda P\u00fablica Estadual, da 3\u00aa Vara de Fam\u00edlia, na Secretaria de Gest\u00e3o do Foro e na 4\u00aa Secretaria Inteligente,\u00a0<strong>no per\u00edodo de 14 a 21 de outubro de 2025<\/strong>,\u00a0<em><strong>iii)<\/strong>\u00a0<\/em>nos Gabinetes das 1\u00aa, 2\u00aa e 4\u00aa Varas C\u00edveis, na 1\u00aa Secretaria Inteligente, no 6\u00ba CEJUSC \u2013 Centro Judici\u00e1rio de Solu\u00e7\u00e3o de Conflitos e Cidadania e na Turma Recursal, o qual deferido anteriormente no per\u00edodo de 7 a 14 de outubro de 2025,\u00a0<strong>prorrogando-o at\u00e9 o dia 21\/10\/2025<\/strong>,\u00a0<strong><em>iv)<\/em><\/strong>\u00a0na Contadoria e Distribui\u00e7\u00e3o, na Central de Mandados, e nos Gabinetes da 5\u00aa Vara C\u00edvel, da 4\u00aa Criminal, da 3\u00aa Vara C\u00edvel e dos 1\u00ba e 2\u00ba Juizados Especiais C\u00edveis,\u00a0<strong>no per\u00edodo de 22 a 28 de outubro de 2025<\/strong>,\u00a0<strong><em>v)<\/em><\/strong>\u00a0nos Gabinetes das 1\u00aa e 2\u00aa Varas de Fam\u00edlia, \u00d3rf\u00e3os e Sucess\u00f5es, da 2\u00aa Vara da Fazenda P\u00fablica, e na 2\u00aa Secretaria Inteligente,\u00a0<strong>no per\u00edodo de 3 a 12 de novembro de 2025<\/strong>, e\u00a0<strong><em>vi)<\/em><\/strong>\u00a0a realiza\u00e7\u00e3o de trabalho h\u00edbrido pelos servidores que atuam na Central de Antedimento Multidisciplinar,\u00a0<strong>no mesmo per\u00edodo de 3 a 12 de novembro de 2025<\/strong>,\u00a0todos localizados no F\u00f3rum da Comarca de Cachoeiro de Itapemirim\/ES, ficando, via de consequ\u00eancia, dispensados do registro eletr\u00f4nico de frequ\u00eancia, na forma do disposto no art. 14, inciso I, do <a href=\"https:\/\/www.tjes.jus.br\/corregedoria\/2025\/09\/30\/ato-normativo-no-275-2025-disp-30-09-2025\/\">Ato Normativo n\u00ba 275\/2025<\/a>, tudo sem preju\u00edzo da pr\u00e1tica de atos j\u00e1 designados, da realiza\u00e7\u00e3o de atendimentos por meio de balc\u00e3o virtual, pela Central de Atendimento Inteligente e pela Sala de Apoio ao Advogado, assim como do regular desempenho das atividades perante os sistemas SEEU e PJe.<\/p>\n<p style=\"text-align: justify;\">\u00a0<\/p>\n<p class=\"Texto_Justificado_Recuo_Primeira_Linha\" style=\"text-align: justify;\"><strong>A<\/strong><strong>rt.\u00a0<\/strong><strong>2<\/strong><strong>\u00ba<\/strong>\u00a0\u2013 Este ato entra em vigor na data da sua publica\u00e7\u00e3o.<\/p>\n<p style=\"text-align: justify;\">\u00a0<\/p>\n<p class=\"Texto_Justificado_Recuo_Primeira_Linha\" style=\"text-align: justify;\">Publique-se.<\/p>\n<p style=\"text-align: justify;\">\u00a0<\/p>\n<p class=\"Texto_Justificado_Recuo_Primeira_Linha\" style=\"text-align: justify;\">Vit\u00f3ria\/ES, 27 de novembro de 2025.<\/p>\n<p style=\"text-align: justify;\">\u00a0<\/p>\n<p style=\"text-align: justify;\">\u00a0<\/p>\n<p class=\"Texto_Centralizado\" style=\"text-align: center;\"><strong>Desembargador\u00a0<\/strong><strong>SAMUEL MEIRA BRASIL JR.<\/strong><\/p>\n<p class=\"Texto_Centralizado\" style=\"text-align: center;\"><strong>Presidente<\/strong><\/p>\n","protected":false},"excerpt":{"rendered":"<p>PODER JUDICI\u00c1RIO DO ESTADO DO ESP\u00cdRITO SANTO &#8211; PJES RUA DESEMBARGADOR HOMERO MAFRA,60 &#8211; Bairro ENSEADA DO SU\u00c1 &#8211; CEP 29050906 &#8211; Vit\u00f3ria &#8211; ES &#8211; www.tjes.jus.br \u00a0 ATO NORMATIVO N\u00ba 315\/2025 \u00a0 O Presidente do Tribunal de Justi\u00e7a do Estado do Esp\u00edrito Santo, no uso de suas atribui\u00e7\u00f5es legais e regimentais, \u00a0 Considerando o [&hellip;]<\/p>\n","protected":false},"author":19,"featured_media":0,"comment_status":"closed","ping_status":"closed","sticky":false,"template":"","format":"standard","meta":{"footnotes":""},"categories":[4,14],"tags":[],"_links":{"self":[{"href":"https:\/\/www.tjes.jus.br\/corregedoria\/wp-json\/wp\/v2\/posts\/45388"}],"collection":[{"href":"https:\/\/www.tjes.jus.br\/corregedoria\/wp-json\/wp\/v2\/posts"}],"about":[{"href":"https:\/\/www.tjes.jus.br\/corregedoria\/wp-json\/wp\/v2\/types\/post"}],"author":[{"embeddable":true,"href":"https:\/\/www.tjes.jus.br\/corregedoria\/wp-json\/wp\/v2\/users\/19"}],"replies":[{"embeddable":true,"href":"https:\/\/www.tjes.jus.br\/corregedoria\/wp-json\/wp\/v2\/comments?post=45388"}],"version-history":[{"count":2,"href":"https:\/\/www.tjes.jus.br\/corregedoria\/wp-json\/wp\/v2\/posts\/45388\/revisions"}],"predecessor-version":[{"id":45391,"href":"https:\/\/www.tjes.jus.br\/corregedoria\/wp-json\/wp\/v2\/posts\/45388\/revisions\/45391"}],"wp:attachment":[{"href":"https:\/\/www.tjes.jus.br\/corregedoria\/wp-json\/wp\/v2\/media?parent=45388"}],"wp:term":[{"taxonomy":"category","embeddable":true,"href":"https:\/\/www.tjes.jus.br\/corregedoria\/wp-json\/wp\/v2\/categories?post=45388"},{"taxonomy":"post_tag","embeddable":true,"href":"https:\/\/www.tjes.jus.br\/corregedoria\/wp-json\/wp\/v2\/tags?post=45388"}],"curies":[{"name":"wp","href":"https:\/\/api.w.org\/{rel}","templated":true}]}}