{"id":45418,"date":"2025-12-01T13:22:20","date_gmt":"2025-12-01T16:22:20","guid":{"rendered":"https:\/\/www.tjes.jus.br\/corregedoria\/?p=45418"},"modified":"2025-12-01T13:24:03","modified_gmt":"2025-12-01T16:24:03","slug":"ato-normativo-conjunto-no-032-2025-disp-01-12-2025","status":"publish","type":"post","link":"https:\/\/www.tjes.jus.br\/corregedoria\/2025\/12\/01\/ato-normativo-conjunto-no-032-2025-disp-01-12-2025\/","title":{"rendered":"ATO NORMATIVO CONJUNTO N\u00ba 032\/2025 \u2013 DISP. 01\/12\/2025"},"content":{"rendered":"\n<div class=\"override-text\" align=\"center\">\n<p style=\"text-align: center;\">PODER JUDICI\u00c1RIO DO ESTADO DO ESP\u00cdRITO SANTO &#8211; PJES<\/p>\n<p style=\"text-align: center;\">RUA DESEMBARGADOR HOMERO MAFRA,60 &#8211; Bairro ENSEADA DO SU\u00c1 &#8211; CEP 29050906 &#8211; Vit\u00f3ria &#8211; ES &#8211; www.tjes.jus.br<\/p>\n<\/div>\n<p class=\"Texto_Centralizado_Maiusculas\" style=\"text-align: justify;\">\u00a0<\/p>\n<p class=\"Texto_Justificado\" style=\"text-align: center;\"><strong>ATO NORMATIVO\u00a0<\/strong><strong>CONJUNTO\u00a0<\/strong><strong>N\u00ba 032\/2025<\/strong><\/p>\n<p style=\"text-align: justify;\">\u00a0<\/p>\n<p class=\"Texto_Justificado\" style=\"text-align: justify;\"><strong>Disp\u00f5e sobre o controle e movimenta\u00e7\u00e3o de processos antigos nas unidades jurisdicionais do Tribunal de Justi\u00e7a do Estado do Esp\u00edrito Santo.<\/strong><\/p>\n<p style=\"text-align: justify;\">\u00a0<\/p>\n<p class=\"Texto_Justificado\" style=\"text-align: justify;\">O\u00a0<strong>PRESIDENTE DO TRIBUNAL DE JUSTI\u00c7A DO ESTADO DO ESP\u00cdRITO SANTO<\/strong>\u00a0e o\u00a0<strong>CORREGEDOR-GERAL DA JUSTI\u00c7A<\/strong>, no uso de suas atribui\u00e7\u00f5es legais e regimentais,<\/p>\n<p style=\"text-align: justify;\">\u00a0<\/p>\n<p class=\"Texto_Justificado\" style=\"text-align: justify;\"><strong>CONSIDERANDO<\/strong>\u00a0a necessidade de implementar medidas efetivas para o cumprimento das Metas do Conselho Nacional de Justi\u00e7a, especialmente a Meta 2 que consiste em julgar pelo menos, 80% dos processos distribu\u00eddos at\u00e9 31\/12\/2021 no 1\u00ba grau, 95% dos processos distribu\u00eddos at\u00e9 31\/12\/2022 nos Juizados Especiais e Turmas Recursais e 100% dos processos de conhecimento pendentes de julgamento h\u00e1 15 anos (2010) ou mais;<\/p>\n<p style=\"text-align: justify;\">\u00a0<\/p>\n<p class=\"Texto_Justificado\" style=\"text-align: justify;\"><strong>CONSIDERANDO<\/strong>\u00a0a import\u00e2ncia de monitorar sistematicamente os processos mais antigos em tramita\u00e7\u00e3o nas unidades jurisdicionais, visando \u00e0 sua regular movimenta\u00e7\u00e3o e adequado arquivamento;<\/p>\n<p style=\"text-align: justify;\">\u00a0<\/p>\n<p class=\"Texto_Justificado\" style=\"text-align: justify;\"><strong>CONSIDERANDO<\/strong>\u00a0que o controle peri\u00f3dico e a gest\u00e3o eficiente do acervo de processos antigos s\u00e3o fundamentais para a melhoria dos indicadores de produtividade e para a razo\u00e1vel dura\u00e7\u00e3o do processo;<\/p>\n<p style=\"text-align: justify;\">\u00a0<\/p>\n<p class=\"Texto_Justificado\" style=\"text-align: justify;\"><strong>CONSIDERANDO<\/strong>\u00a0a necessidade de estabelecer rotina administrativa que permita o acompanhamento eficiente da tramita\u00e7\u00e3o processual e a identifica\u00e7\u00e3o de eventuais entraves ao regular andamento dos feitos;<\/p>\n<p style=\"text-align: justify;\">\u00a0<\/p>\n<p class=\"Texto_Justificado\" style=\"text-align: justify;\"><strong>CONSIDERANDO<\/strong>\u00a0a relev\u00e2ncia da transpar\u00eancia e do controle das atividades jurisdicionais como instrumentos para o aprimoramento cont\u00ednuo da presta\u00e7\u00e3o jurisdicional;<\/p>\n<p style=\"text-align: justify;\">\u00a0<\/p>\n<p class=\"Texto_Justificado\" style=\"text-align: justify;\"><strong>RESOLVE<\/strong><strong>M<\/strong><strong>:<\/strong><\/p>\n<p style=\"text-align: justify;\">\u00a0<\/p>\n<p class=\"Texto_Justificado\" style=\"text-align: justify;\"><strong>Art. 1\u00ba.\u00a0<\/strong>No primeiro dia \u00fatil de cada m\u00eas, o\u00a0N\u00facleo de Gest\u00e3o da Qualidade deste Tribunal gerar\u00e1 planilha eletr\u00f4nica contendo os processos mais antigos de cada unidade jurisdicional, em especial aqueles que comp\u00f5em o escopo das Metas do Conselho Nacional de Justi\u00e7a.<\/p>\n<p style=\"text-align: justify;\">\u00a0<\/p>\n<p class=\"Texto_Justificado\" style=\"text-align: justify;\"><strong>Art. 2\u00ba.\u00a0<\/strong>Para cada unidade jurisdicional, o N\u00facleo de Gest\u00e3o da Qualidade criar\u00e1 um processo no Sistema Eletr\u00f4nico de Informa\u00e7\u00f5es (SEI), no qual ser\u00e1 anexada a planilha mensal.<\/p>\n<p style=\"text-align: justify;\">\u00a0<\/p>\n<p class=\"Texto_Justificado\" style=\"text-align: justify;\">\u00a7 1\u00ba O processo SEI centralizar\u00e1 o registro de todas as informa\u00e7\u00f5es mensais relativas \u00e0s provid\u00eancias adotadas em cada processo listado na planilha.<\/p>\n<p style=\"text-align: justify;\">\u00a0<\/p>\n<p style=\"text-align: justify;\">\u00a7 2\u00ba Este processo servir\u00e1 como ferramenta oficial de monitoramento das a\u00e7\u00f5es executadas pela unidade jurisdicional.<\/p>\n<p style=\"text-align: justify;\">\u00a0<\/p>\n<p class=\"Texto_Justificado\" style=\"text-align: justify;\"><strong>Art. 3\u00ba.\u00a0<\/strong>Ao receber a planilha, cada unidade jurisdicional dever\u00e1 proceder \u00e0 sua imediata an\u00e1lise e adotar as provid\u00eancias cab\u00edveis para impulsionar os processos identificados, visando \u00e0 sua regular tramita\u00e7\u00e3o ou arquivamento.<\/p>\n<p style=\"text-align: justify;\">\u00a0<\/p>\n<p class=\"Texto_Justificado\" style=\"text-align: justify;\"><strong>Art. 4\u00ba.\u00a0<\/strong>O Magistrado respons\u00e1vel pela unidade jurisdicional dever\u00e1, at\u00e9 o \u00faltimo dia \u00fatil do m\u00eas de refer\u00eancia, registrar no respectivo processo SEI as informa\u00e7\u00f5es sobre as provid\u00eancias adotadas em rela\u00e7\u00e3o a cada processo constante da planilha.<\/p>\n<p style=\"text-align: justify;\">\u00a0<\/p>\n<p class=\"Texto_Justificado\" style=\"text-align: justify;\"><strong>\u00a7 1\u00ba<\/strong>. As informa\u00e7\u00f5es dever\u00e3o detalhar:<\/p>\n<p style=\"text-align: justify;\">\u00a0<\/p>\n<p class=\"Texto_Justificado\" style=\"text-align: justify;\">I &#8211; As medidas efetivamente adotadas em cada processo;<\/p>\n<p style=\"text-align: justify;\">\u00a0<\/p>\n<p class=\"Texto_Justificado\" style=\"text-align: justify;\">II &#8211; A lista dos processos que foram arquivados no per\u00edodo;<\/p>\n<p style=\"text-align: justify;\">\u00a0<\/p>\n<p class=\"Texto_Justificado\" style=\"text-align: justify;\">III &#8211; Eventuais dificuldades ou entraves que impediram a movimenta\u00e7\u00e3o de determinados processos;<\/p>\n<p style=\"text-align: justify;\">\u00a0<\/p>\n<p class=\"Texto_Justificado\" style=\"text-align: justify;\">IV &#8211; A justificativa fundamentada para a aus\u00eancia de movimenta\u00e7\u00e3o, quando for o caso.<\/p>\n<p style=\"text-align: justify;\">\u00a0<\/p>\n<p class=\"Texto_Justificado\" style=\"text-align: justify;\"><strong>\u00a7 2\u00ba.<\/strong>\u00a0O descumprimento do prazo estabelecido no caput deste artigo implicar\u00e1 comunica\u00e7\u00e3o \u00e0 Corregedoria-Geral da Justi\u00e7a.<\/p>\n<p style=\"text-align: justify;\">\u00a0<\/p>\n<p class=\"Texto_Justificado\" style=\"text-align: justify;\"><strong>Art. 5\u00ba.\u00a0<\/strong>Se um mesmo processo constar nas planilhas por 3 (tr\u00eas) meses consecutivos sem movimenta\u00e7\u00e3o efetiva, a Presid\u00eancia comunicar\u00e1 o fato \u00e0 Corregedoria-Geral da Justi\u00e7a para an\u00e1lise das justificativas apresentadas pela unidade.<\/p>\n<p style=\"text-align: justify;\">\u00a0<\/p>\n<p class=\"Texto_Justificado\" style=\"text-align: justify;\"><strong>Art. 6\u00ba.\u00a0<\/strong>Os casos omissos ser\u00e3o resolvidos pela Presid\u00eancia do Tribunal e pela Corregedoria-Geral da Justi\u00e7a, ouvido o N\u00facleo de Gest\u00e3o da Qualidade.<\/p>\n<p style=\"text-align: justify;\">\u00a0<\/p>\n<p class=\"Texto_Justificado\" style=\"text-align: justify;\"><strong>Art. 7\u00ba.\u00a0<\/strong>Este Ato entra em vigor na data de sua publica\u00e7\u00e3o.<\/p>\n<p style=\"text-align: justify;\">\u00a0<\/p>\n<p class=\"Texto_Justificado\" style=\"text-align: justify;\"><strong>Vit\u00f3ria\/ES, 28 de novembro de 2025.<\/strong><\/p>\n<p style=\"text-align: justify;\">\u00a0<\/p>\n<p style=\"text-align: justify;\">\u00a0<\/p>\n<p style=\"text-align: center;\"><strong>Des. Samuel Meira Brasil Jr.<\/strong><\/p>\n<p class=\"Texto_Justificado\" style=\"text-align: center;\"><strong>Presidente do Tribunal de Justi\u00e7a do Estado do Esp\u00edrito Santo<\/strong><\/p>\n<p style=\"text-align: justify;\">\u00a0<\/p>\n<p style=\"text-align: justify;\">\u00a0<\/p>\n<p style=\"text-align: justify;\">\u00a0<\/p>\n<p class=\"Texto_Justificado\" style=\"text-align: center;\"><strong>Des. Willian Silva<\/strong><\/p>\n<p class=\"Texto_Justificado\" style=\"text-align: center;\"><strong>Corregedor-Geral da Justi\u00e7a do Estado do Esp\u00edrito Santo<\/strong><\/p>\n","protected":false},"excerpt":{"rendered":"<p>PODER JUDICI\u00c1RIO DO ESTADO DO ESP\u00cdRITO SANTO &#8211; PJES RUA DESEMBARGADOR HOMERO MAFRA,60 &#8211; Bairro ENSEADA DO SU\u00c1 &#8211; CEP 29050906 &#8211; Vit\u00f3ria &#8211; ES &#8211; www.tjes.jus.br \u00a0 ATO NORMATIVO\u00a0CONJUNTO\u00a0N\u00ba 032\/2025 \u00a0 Disp\u00f5e sobre o controle e movimenta\u00e7\u00e3o de processos antigos nas unidades jurisdicionais do Tribunal de Justi\u00e7a do Estado do Esp\u00edrito Santo. \u00a0 O\u00a0PRESIDENTE [&hellip;]<\/p>\n","protected":false},"author":19,"featured_media":0,"comment_status":"closed","ping_status":"closed","sticky":false,"template":"","format":"standard","meta":{"footnotes":""},"categories":[4,14],"tags":[],"_links":{"self":[{"href":"https:\/\/www.tjes.jus.br\/corregedoria\/wp-json\/wp\/v2\/posts\/45418"}],"collection":[{"href":"https:\/\/www.tjes.jus.br\/corregedoria\/wp-json\/wp\/v2\/posts"}],"about":[{"href":"https:\/\/www.tjes.jus.br\/corregedoria\/wp-json\/wp\/v2\/types\/post"}],"author":[{"embeddable":true,"href":"https:\/\/www.tjes.jus.br\/corregedoria\/wp-json\/wp\/v2\/users\/19"}],"replies":[{"embeddable":true,"href":"https:\/\/www.tjes.jus.br\/corregedoria\/wp-json\/wp\/v2\/comments?post=45418"}],"version-history":[{"count":2,"href":"https:\/\/www.tjes.jus.br\/corregedoria\/wp-json\/wp\/v2\/posts\/45418\/revisions"}],"predecessor-version":[{"id":45421,"href":"https:\/\/www.tjes.jus.br\/corregedoria\/wp-json\/wp\/v2\/posts\/45418\/revisions\/45421"}],"wp:attachment":[{"href":"https:\/\/www.tjes.jus.br\/corregedoria\/wp-json\/wp\/v2\/media?parent=45418"}],"wp:term":[{"taxonomy":"category","embeddable":true,"href":"https:\/\/www.tjes.jus.br\/corregedoria\/wp-json\/wp\/v2\/categories?post=45418"},{"taxonomy":"post_tag","embeddable":true,"href":"https:\/\/www.tjes.jus.br\/corregedoria\/wp-json\/wp\/v2\/tags?post=45418"}],"curies":[{"name":"wp","href":"https:\/\/api.w.org\/{rel}","templated":true}]}}