{"id":45427,"date":"2025-12-01T13:31:51","date_gmt":"2025-12-01T16:31:51","guid":{"rendered":"https:\/\/www.tjes.jus.br\/corregedoria\/?p=45427"},"modified":"2025-12-01T13:46:36","modified_gmt":"2025-12-01T16:46:36","slug":"ato-normativo-no-317-2025-disp-01-12-2025","status":"publish","type":"post","link":"https:\/\/www.tjes.jus.br\/corregedoria\/2025\/12\/01\/ato-normativo-no-317-2025-disp-01-12-2025\/","title":{"rendered":"ATO NORMATIVO N\u00ba 317\/2025 \u2013 DISP. 01\/12\/2025"},"content":{"rendered":"\n<p style=\"text-align: center;\">PODER JUDICI\u00c1RIO DO ESTADO DO ESP\u00cdRITO SANTO &#8211; PJES<\/p>\n<p style=\"text-align: center;\">RUA DESEMBARGADOR HOMERO MAFRA,60 &#8211; Bairro ENSEADA DO SU\u00c1 &#8211; CEP 29050906 &#8211; Vit\u00f3ria &#8211; ES &#8211; www.tjes.jus.br<\/p>\n<p style=\"text-align: justify;\">\u00a0<\/p>\n<p style=\"text-align: center;\"><strong>ATO NORMATIVO N\u00ba 317\/2025<\/strong><\/p>\n<p style=\"text-align: justify;\">\u00a0<\/p>\n<p style=\"text-align: justify;\">Disp\u00f5e sobre a regulariza\u00e7\u00e3o de processos n\u00e3o movimentados em condi\u00e7\u00f5es sugestivas de arquivamento.<\/p>\n<p style=\"text-align: justify;\">\u00a0<\/p>\n<p style=\"text-align: justify;\">O Excelent\u00edssimo Senhor Desembargador Samuel Meira Brasil J\u00fanior, Presidente do Egr\u00e9gio Tribunal de Justi\u00e7a do Estado do Esp\u00edrito Santo, no uso de suas atribui\u00e7\u00f5es legais, e<\/p>\n<p style=\"text-align: justify;\">\u00a0<\/p>\n<p style=\"text-align: justify;\">CONSIDERANDO a relev\u00e2ncia do controle sobre as taxas de congestionamento no primeiro e segundo graus de jurisdi\u00e7\u00e3o, como indicador crucial para mensurar a produtividade;<\/p>\n<p style=\"text-align: justify;\">\u00a0<\/p>\n<p style=\"text-align: justify;\">CONSIDERANDO que o referido indicador sopesa a rela\u00e7\u00e3o entre os processos baixados e os pendentes de julgamento nas Unidades Judici\u00e1rias, o que denota a necessidade imperiosa de que os respectivos n\u00fameros sejam alimentados corretamente no sistema eletr\u00f4nico de processos judiciais;<\/p>\n<p style=\"text-align: justify;\">\u00a0<\/p>\n<p style=\"text-align: justify;\">CONSIDERANDO os levantamentos realizados pela Secretaria de Tecnologia da Informa\u00e7\u00e3o deste Tribunal, que revelam a exist\u00eancia de processos sem movimenta\u00e7\u00e3o por longo per\u00edodo, em condi\u00e7\u00f5es sugestivas da possibilidade de arquivamento iminente;<\/p>\n<p style=\"text-align: justify;\">\u00a0<\/p>\n<p style=\"text-align: justify;\">CONSIDERANDO que a baixa processual integra as m\u00e9tricas estabelecidas pelo Conselho Nacional de Justi\u00e7a para o cumprimento da META n\u00ba 05;<\/p>\n<p style=\"text-align: justify;\">\u00a0<\/p>\n<p style=\"text-align: justify;\">CONSIDERANDO a necessidade de auxiliar as unidades judici\u00e1rias na identifica\u00e7\u00e3o e movimenta\u00e7\u00e3o dos processos em situa\u00e7\u00e3o de potencial arquivamento iminente;<\/p>\n<p style=\"text-align: justify;\">\u00a0<\/p>\n<p style=\"text-align: justify;\">CONSIDERANDO a decis\u00e3o proferida no Procedimento de Controle Administrativo n\u00ba 0000113-07.2025.2.00.0000;<\/p>\n<p style=\"text-align: justify;\">\u00a0<\/p>\n<p style=\"text-align: justify;\">CONSIDERANDO, por fim, que os investimentos na melhoria cont\u00ednua e otimiza\u00e7\u00e3o das rotinas aplic\u00e1veis ao sistema Processo Judicial Eletr\u00f4nico \u2013 PJe constituem prioridade desta Administra\u00e7\u00e3o;<\/p>\n<p style=\"text-align: justify;\">\u00a0<\/p>\n<p style=\"text-align: justify;\">RESOLVE:<\/p>\n<p style=\"text-align: justify;\">\u00a0<\/p>\n<p style=\"text-align: justify;\">Art. 1\u00b0. Publicar as rela\u00e7\u00f5es de processos n\u00e3o movimentados em condi\u00e7\u00f5es sugestivas de arquivamento, considerando as seguintes especifica\u00e7\u00f5es:<\/p>\n<p style=\"text-align: justify;\">\u00a0<\/p>\n<p style=\"text-align: justify;\">I \u2013 Rela\u00e7\u00e3o de processos de compet\u00eancias n\u00e3o criminais julgados (movimentos do ramo 193 da TPU\/CNJ) e sem movimenta\u00e7\u00e3o no sistema h\u00e1 30 dias ou mais (na data do arquivamento provis\u00f3rio \u2013 art. 5\u00ba).<\/p>\n<p style=\"text-align: justify;\">\u00a0<\/p>\n<p style=\"text-align: justify;\">Anexo I \u2013 Dispon\u00edvel em:<\/p>\n<p style=\"text-align: justify;\"><a href=\"https:\/\/docs.google.com\/spreadsheets\/d\/1IFh_vRvO2WNWKmO6XH-tV04-v0tuJaDZ\/edit?usp=sharing&amp;ouid=114885010411499854237&amp;rtpof=true&amp;sd=true\">https:\/\/docs.google.com\/spreadsheets\/d\/1IFh_vRvO2WNWKmO6XH-tV04-v0tuJaDZ\/edit?usp=sharing&amp;ouid=114885010411499854237&amp;rtpof=true&amp;sd=true<\/a><\/p>\n<p style=\"text-align: justify;\">\u00a0<\/p>\n<p style=\"text-align: justify;\">II \u2013 Rela\u00e7\u00e3o de processos n\u00e3o criminais com senten\u00e7a homologat\u00f3ria de acordo ou desist\u00eancia proferida (na data do arquivamento provis\u00f3rio \u2013 art. 5\u00ba).<\/p>\n<p style=\"text-align: justify;\">\u00a0<\/p>\n<p style=\"text-align: justify;\">Anexo II \u2013 Dispon\u00edvel em:<\/p>\n<p style=\"text-align: justify;\"><a href=\"https:\/\/docs.google.com\/spreadsheets\/d\/1ZtkLQRMPE49tG3kRNQblvOhYL2wVhS9S\/edit?usp=sharing&amp;ouid=114885010411499854237&amp;rtpof=true&amp;sd=true\">https:\/\/docs.google.com\/spreadsheets\/d\/1ZtkLQRMPE49tG3kRNQblvOhYL2wVhS9S\/edit?usp=sharing&amp;ouid=114885010411499854237&amp;rtpof=true&amp;sd=true<\/a><\/p>\n<p style=\"text-align: justify;\">\u00a0<\/p>\n<p style=\"text-align: justify;\">III \u2013 Rela\u00e7\u00e3o de processos n\u00e3o criminais com indica\u00e7\u00e3o de tr\u00e2nsito em julgado.<\/p>\n<p style=\"text-align: justify;\">\u00a0<\/p>\n<p style=\"text-align: justify;\">Anexo III \u2013 Dispon\u00edvel em:<\/p>\n<p style=\"text-align: justify;\"><a href=\"https:\/\/docs.google.com\/spreadsheets\/d\/1wjc87dLwSnuR8h4zEkUbxBi2vsuwYXcX\/edit?usp=sharing&amp;ouid=114885010411499854237&amp;rtpof=true&amp;sd=true\">https:\/\/docs.google.com\/spreadsheets\/d\/1wjc87dLwSnuR8h4zEkUbxBi2vsuwYXcX\/edit?usp=sharing&amp;ouid=114885010411499854237&amp;rtpof=true&amp;sd=true<\/a><\/p>\n<p style=\"text-align: justify;\">\u00a0<\/p>\n<p style=\"text-align: justify;\">IV \u2013 Rela\u00e7\u00e3o de procedimentos investigat\u00f3rios n\u00e3o criminais com determina\u00e7\u00e3o de arquivamento.<\/p>\n<p style=\"text-align: justify;\">\u00a0<\/p>\n<p style=\"text-align: justify;\">Anexo IV \u2013 Dispon\u00edvel em:<\/p>\n<p style=\"text-align: justify;\"><a href=\"https:\/\/docs.google.com\/spreadsheets\/d\/1HqO0xOgTnxEaxGduDF4eHKVVAs0b5UsW\/edit?usp=sharing&amp;ouid=114885010411499854237&amp;rtpof=true&amp;sd=true\">https:\/\/docs.google.com\/spreadsheets\/d\/1HqO0xOgTnxEaxGduDF4eHKVVAs0b5UsW\/edit?usp=sharing&amp;ouid=114885010411499854237&amp;rtpof=true&amp;sd=true<\/a><\/p>\n<p style=\"text-align: justify;\">\u00a0<\/p>\n<p style=\"text-align: justify;\">V \u2013 Rela\u00e7\u00e3o de procedimentos investigat\u00f3rios criminais com determina\u00e7\u00e3o de arquivamento.<\/p>\n<p style=\"text-align: justify;\">\u00a0<\/p>\n<p style=\"text-align: justify;\">Anexo V \u2013 Dispon\u00edvel em:<\/p>\n<p style=\"text-align: justify;\"><a href=\"https:\/\/docs.google.com\/spreadsheets\/d\/1_psU3vUsnVNQHVRUAJEHk4Uns04T6gij\/edit?usp=sharing&amp;ouid=114885010411499854237&amp;rtpof=true&amp;sd=true\">https:\/\/docs.google.com\/spreadsheets\/d\/1_psU3vUsnVNQHVRUAJEHk4Uns04T6gij\/edit?usp=sharing&amp;ouid=114885010411499854237&amp;rtpof=true&amp;sd=true<\/a><\/p>\n<p style=\"text-align: justify;\">\u00a0<\/p>\n<p style=\"text-align: justify;\">Art. 2\u00ba. Os processos relacionados nos Anexos I a V estar\u00e3o sujeitos ao arquivamento provis\u00f3rio e definitivo de forma escalonada.<\/p>\n<p style=\"text-align: justify;\">\u00a0<\/p>\n<p style=\"text-align: justify;\">Art. 3\u00ba. Estabelecer a data de 10 de dezembro de 2025 como prazo para que as partes, advogados e demais interessados identifiquem e informem os equ\u00edvocos porventura cometidos na elabora\u00e7\u00e3o das listagens anexas, notadamente relacionados aos processos que, a despeito de paralisados no Sistema, estejam em efetiva tramita\u00e7\u00e3o.<\/p>\n<p style=\"text-align: justify;\">\u00a0<\/p>\n<p style=\"text-align: justify;\">\u00a7 1\u00ba. Todos os processos relacionados nos Anexos I a V receber\u00e3o a etiqueta com o nome \u201carquivamento \u2013 Ato Normativo __\/2025\u201d, para permitir a confer\u00eancia pelos interessados.<\/p>\n<p style=\"text-align: justify;\">\u00a0<\/p>\n<p style=\"text-align: justify;\">\u00a7 2\u00ba. Ap\u00f3s o decurso do prazo mencionado no caput, o desarquivamento poder\u00e1 ser solicitado pelas partes, advogados e demais interessados, a qualquer tempo, por peti\u00e7\u00e3o nos autos ou por meio do formul\u00e1rio eletr\u00f4nico dispon\u00edvel no link:<\/p>\n<p style=\"text-align: justify;\"><a href=\"https:\/\/docs.google.com\/forms\/d\/e\/1FAIpQLSdtwivCBBctvxrmwmoTdBU501dT-cMe0ZV0YX8vWNwdJSz15Q\/viewform\">https:\/\/docs.google.com\/forms\/d\/e\/1FAIpQLSdtwivCBBctvxrmwmoTdBU501dT-cMe0ZV0YX8vWNwdJSz15Q\/viewform<\/a><\/p>\n<p style=\"text-align: justify;\">\u00a0<\/p>\n<p style=\"text-align: justify;\">Art. 4\u00b0. Determinar que, ap\u00f3s o decurso do prazo estipulado pelo artigo 3\u00ba, seja adotado pela Secretaria de Tecnologia da Informa\u00e7\u00e3o o lan\u00e7amento do movimento de arquivamento provis\u00f3rio (245 \u2013 Provis\u00f3rio), com o complemento \u201cAto Normativo __\/2025\u201d, em todos os processos n\u00e3o impugnados constantes das rela\u00e7\u00f5es dos incisos I a V do art. 1\u00ba.<\/p>\n<p style=\"text-align: justify;\">\u00a0<\/p>\n<p style=\"text-align: justify;\">Par\u00e1grafo \u00fanico. As listas dos processos arquivados na forma do caput ser\u00e3o publicadas por tr\u00eas vezes no Di\u00e1rio da Justi\u00e7a, para ci\u00eancia de todos os interessados.<\/p>\n<p style=\"text-align: justify;\">\u00a0<\/p>\n<p style=\"text-align: justify;\">Art. 5\u00b0. Durante o prazo de 06 (seis) meses, a contar do lan\u00e7amento do movimento de arquivamento provis\u00f3rio, cada uma das unidades judici\u00e1rias proceder\u00e1 \u00e0 revis\u00e3o dos processos afetados pelo presente Ato Normativo e, caso n\u00e3o identificada qualquer incorre\u00e7\u00e3o, promover\u00e1 o arquivamento definitivo.<\/p>\n<p style=\"text-align: justify;\">\u00a0<\/p>\n<p style=\"text-align: justify;\">Par\u00e1grafo \u00fanico. Na hip\u00f3tese de incorre\u00e7\u00e3o posteriormente detectada, ou de regular movimenta\u00e7\u00e3o processual ulterior, os processos afetados pelas disposi\u00e7\u00f5es deste artigo poder\u00e3o ser desarquivados pelos pr\u00f3prios usu\u00e1rios das unidades judici\u00e1rias, a qualquer tempo.<\/p>\n<p style=\"text-align: justify;\">\u00a0<\/p>\n<p style=\"text-align: justify;\">Art. 6\u00ba. Publicar a rela\u00e7\u00e3o de processos criminais com indica\u00e7\u00e3o de tr\u00e2nsito em julgado, para confer\u00eancia e movimenta\u00e7\u00e3o das respectivas unidades:<\/p>\n<p style=\"text-align: justify;\">\u00a0<\/p>\n<p style=\"text-align: justify;\">Anexo VI \u2013 Dispon\u00edvel em:<\/p>\n<p style=\"text-align: justify;\"><a href=\"https:\/\/docs.google.com\/spreadsheets\/d\/1bBU84ayt_e41Y7NGlNXglSuVfpeUNrDl\/edit?usp=sharing&amp;ouid=114885010411499854237&amp;rtpof=true&amp;sd=true\">https:\/\/docs.google.com\/spreadsheets\/d\/1bBU84ayt_e41Y7NGlNXglSuVfpeUNrDl\/edit?usp=sharing&amp;ouid=114885010411499854237&amp;rtpof=true&amp;sd=true<\/a><\/p>\n<p style=\"text-align: justify;\">\u00a0<\/p>\n<p style=\"text-align: justify;\">Par\u00e1grafo \u00fanico. Os processos relacionados no Anexo VI receber\u00e3o a etiqueta com o nome \u201cPotencial arquivamento \u2013 Ato Normativo __\/2025\u201d, para permitir a confer\u00eancia pelos interessados, por\u00e9m n\u00e3o estar\u00e3o sujeitos a arquivamento autom\u00e1tico.<\/p>\n<p style=\"text-align: justify;\">\u00a0<\/p>\n<p style=\"text-align: justify;\">Art. 7\u00ba. Este Ato Normativo entra em vigor na data de sua publica\u00e7\u00e3o.<\/p>\n<p style=\"text-align: justify;\">\u00a0<\/p>\n<p style=\"text-align: justify;\">PUBLIQUE-SE.<\/p>\n<p style=\"text-align: justify;\">\u00a0<\/p>\n<p style=\"text-align: justify;\">Vit\u00f3ria\/ES, 28 de novembro de 2025.<\/p>\n<p style=\"text-align: justify;\">\u00a0<\/p>\n<p style=\"text-align: justify;\">\u00a0<\/p>\n<p style=\"text-align: center;\">DES. SAMUEL MEIRA BRASIL JR.<\/p>\n<p style=\"text-align: center;\">Presidente<\/p>\n","protected":false},"excerpt":{"rendered":"<p>PODER JUDICI\u00c1RIO DO ESTADO DO ESP\u00cdRITO SANTO &#8211; PJES RUA DESEMBARGADOR HOMERO MAFRA,60 &#8211; Bairro ENSEADA DO SU\u00c1 &#8211; CEP 29050906 &#8211; Vit\u00f3ria &#8211; ES &#8211; www.tjes.jus.br \u00a0 ATO NORMATIVO N\u00ba 317\/2025 \u00a0 Disp\u00f5e sobre a regulariza\u00e7\u00e3o de processos n\u00e3o movimentados em condi\u00e7\u00f5es sugestivas de arquivamento. \u00a0 O Excelent\u00edssimo Senhor Desembargador Samuel Meira Brasil J\u00fanior, [&hellip;]<\/p>\n","protected":false},"author":19,"featured_media":0,"comment_status":"closed","ping_status":"closed","sticky":false,"template":"","format":"standard","meta":{"footnotes":""},"categories":[4,14],"tags":[],"_links":{"self":[{"href":"https:\/\/www.tjes.jus.br\/corregedoria\/wp-json\/wp\/v2\/posts\/45427"}],"collection":[{"href":"https:\/\/www.tjes.jus.br\/corregedoria\/wp-json\/wp\/v2\/posts"}],"about":[{"href":"https:\/\/www.tjes.jus.br\/corregedoria\/wp-json\/wp\/v2\/types\/post"}],"author":[{"embeddable":true,"href":"https:\/\/www.tjes.jus.br\/corregedoria\/wp-json\/wp\/v2\/users\/19"}],"replies":[{"embeddable":true,"href":"https:\/\/www.tjes.jus.br\/corregedoria\/wp-json\/wp\/v2\/comments?post=45427"}],"version-history":[{"count":2,"href":"https:\/\/www.tjes.jus.br\/corregedoria\/wp-json\/wp\/v2\/posts\/45427\/revisions"}],"predecessor-version":[{"id":45430,"href":"https:\/\/www.tjes.jus.br\/corregedoria\/wp-json\/wp\/v2\/posts\/45427\/revisions\/45430"}],"wp:attachment":[{"href":"https:\/\/www.tjes.jus.br\/corregedoria\/wp-json\/wp\/v2\/media?parent=45427"}],"wp:term":[{"taxonomy":"category","embeddable":true,"href":"https:\/\/www.tjes.jus.br\/corregedoria\/wp-json\/wp\/v2\/categories?post=45427"},{"taxonomy":"post_tag","embeddable":true,"href":"https:\/\/www.tjes.jus.br\/corregedoria\/wp-json\/wp\/v2\/tags?post=45427"}],"curies":[{"name":"wp","href":"https:\/\/api.w.org\/{rel}","templated":true}]}}