{"id":45433,"date":"2025-12-02T13:32:47","date_gmt":"2025-12-02T16:32:47","guid":{"rendered":"https:\/\/www.tjes.jus.br\/corregedoria\/?p=45433"},"modified":"2025-12-02T13:35:31","modified_gmt":"2025-12-02T16:35:31","slug":"ato-normativo-no-318-2025-disp-02-12-2025","status":"publish","type":"post","link":"https:\/\/www.tjes.jus.br\/corregedoria\/2025\/12\/02\/ato-normativo-no-318-2025-disp-02-12-2025\/","title":{"rendered":"ATO NORMATIVO N\u00ba 318\/2025 \u2013 DISP. 02\/12\/2025"},"content":{"rendered":"\n<p style=\"text-align: center;\" align=\"center\"><strong>PODER JUDICI\u00c1RIO DO ESTADO DO ESP\u00cdRITO SANTO &#8211; PJES<\/strong><\/p>\n<p style=\"text-align: center;\" align=\"center\">RUA DESEMBARGADOR HOMERO MAFRA,60 &#8211; Bairro ENSEADA DO SU\u00c1 &#8211; CEP 29050906 &#8211; Vit\u00f3ria &#8211; ES &#8211; www.tjes.jus.br<\/p>\n<p style=\"text-align: justify;\">\u00a0<\/p>\n<p style=\"text-align: justify;\">\u00a0<\/p>\n<p style=\"text-align: center;\" align=\"center\">Ato Normativo N\u00ba 318\/2025<\/p>\n<p style=\"text-align: justify;\">\u00a0<\/p>\n<p style=\"text-align: center;\">\u00a0<\/p>\n<p style=\"text-align: center;\" align=\"center\">ESTADO DO ESP\u00cdRITO SANTO<\/p>\n<p style=\"text-align: center;\" align=\"center\">PODER JUDICI\u00c1RIO\u00a0<\/p>\n<p style=\"text-align: center;\" align=\"center\">TRIBUNAL DE JUSTI\u00c7A<\/p>\n<p style=\"text-align: justify;\">\u00a0<\/p>\n<p style=\"text-align: justify;\">\u00a0<\/p>\n<p style=\"text-align: justify;\">\u00a0<\/p>\n<p style=\"text-align: justify;\" align=\"justify\">Instituir e convocar Equipe de Trabalho para atuar nas Media\u00e7\u00f5es\/Concilia\u00e7\u00f5es Judiciais agendadas no 6\u00ba Centro Judici\u00e1rio de Solu\u00e7\u00e3o de Conflitos e Cidadania &#8211; 6\u00ba Cejusc Cachoeiro de Itapemirim, pelo per\u00edodo de 06 (seis) meses a partir da publica\u00e7\u00e3o deste ato.<\/p>\n<p style=\"text-align: justify;\">\u00a0<\/p>\n<p style=\"text-align: justify;\">\u00a0<\/p>\n<p style=\"text-align: justify;\" align=\"justify\">O Excelent\u00edssimo Desembargador SAMUEL MEIRA BRASIL J\u00daNIOR, DD. Presidente do Egr\u00e9gio Tribunal de Justi\u00e7a do Estado do Esp\u00edrito Santo, no uso de suas atribui\u00e7\u00f5es legais e,<\/p>\n<p style=\"text-align: justify;\">\u00a0<\/p>\n<p style=\"text-align: justify;\">\u00a0<\/p>\n<p style=\"text-align: justify;\" align=\"justify\"><strong>CONSIDERANDO<\/strong>\u00a0o disposto no artigo 58 da Resolu\u00e7\u00e3o n\u00ba 15\/1995 (Regimento Interno do Tribunal de Justi\u00e7a do Estado do Esp\u00edrito Santo) que atribui ao Presidente compet\u00eancia geral para exercer a superintend\u00eancia de todo o servi\u00e7o judici\u00e1rio, na qualidade de Chefe da Magistratura do Estado;<\/p>\n<p style=\"text-align: justify;\">\u00a0<\/p>\n<p style=\"text-align: justify;\">\u00a0<\/p>\n<p style=\"text-align: justify;\" align=\"justify\"><strong>CONSIDERANDO<\/strong>\u00a0a vig\u00eancia do C\u00f3digo de Processo Civil (Lei 13.105\/2015), bem como da Lei de Media\u00e7\u00e3o (Lei 13.140\/2015), da Resolu\u00e7\u00e3o 125\/2010 do Conselho Nacional de Justi\u00e7a \u2013 CNJ e a Resolu\u00e7\u00e3o TJES n. 01\/2021;<\/p>\n<p style=\"text-align: justify;\">\u00a0<\/p>\n<p style=\"text-align: justify;\">\u00a0<\/p>\n<p style=\"text-align: justify;\" align=\"justify\"><strong>CONSIDERANDO<\/strong>, o <a href=\"https:\/\/www.tjes.jus.br\/corregedoria\/2016\/11\/04\/ato-normativo-no-1202016-disp-em-04112016\/\">Ato Normativo n\u00ba 120\/2016<\/a> que autorizou a instala\u00e7\u00e3o do 6\u00ba Centro Judici\u00e1rio de Solu\u00e7\u00e3o de Conflitos\u00a0e Cidadania &#8211; 6\u00ba Cejusc Cachoeiro de Itapemirim com compet\u00eancia para atuar na Comarca de Cachoeiro de Itapemirim.<\/p>\n<p style=\"text-align: justify;\">\u00a0<\/p>\n<p style=\"text-align: justify;\">\u00a0<\/p>\n<p style=\"text-align: justify;\" align=\"justify\">\u00a0<\/p>\n<p style=\"text-align: justify;\" align=\"justify\"><strong>RESOLVE<\/strong>:<\/p>\n<p style=\"text-align: justify;\">\u00a0<\/p>\n<p style=\"text-align: justify;\">\u00a0<\/p>\n<p style=\"text-align: justify;\" align=\"justify\">Art. 1\u00ba. Instituir e convocar Equipe de Trabalho para atuar nas Media\u00e7\u00f5es\/Concilia\u00e7\u00f5es Judiciais agendadas no 6\u00ba Centro Judici\u00e1rio de Solu\u00e7\u00e3o de Conflitos e Cidadania &#8211; 6\u00ba Cejusc Cachoeiro de Itapemirim, pelo per\u00edodo de 06 (seis) meses, a partir da publica\u00e7\u00e3o deste ato, no hor\u00e1rio das 08 h \u00e0s 18 h, conforme listagem abaixo:<\/p>\n<p style=\"text-align: justify;\">\u00a0<\/p>\n<p style=\"text-align: justify;\">\u00a0<\/p>\n<table cellspacing=\"1\" cellpadding=\"4\"><colgroup><col width=\"267\" \/><col width=\"175\" \/><col width=\"72\" \/><\/colgroup>\n<tbody>\n<tr>\n<td>\n<p>LUIZ GUILHERME RIBEIRO JUNIOR<\/p>\n<\/td>\n<td>\n<p>ANALISTA JUDICI\u00c1RIO<\/p>\n<\/td>\n<td>\n<p>4116194<\/p>\n<\/td>\n<\/tr>\n<tr>\n<td>\n<p>MARCELO MACHINI<\/p>\n<\/td>\n<td>\n<p>ANALISTA JUDICI\u00c1RIO<\/p>\n<\/td>\n<td>\n<p>205724-84<\/p>\n<\/td>\n<\/tr>\n<\/tbody>\n<\/table>\n<p style=\"text-align: justify;\">\u00a0<\/p>\n<p style=\"text-align: justify;\">\u00a0<\/p>\n<p style=\"text-align: justify;\" align=\"justify\">Par\u00e1grafo \u00danico. O Servidor informar\u00e1 ao 6\u00ba CEJUSC os dias e hor\u00e1rios de atua\u00e7\u00e3o, mediante deferimento de sua chefia imediata.<\/p>\n<p style=\"text-align: justify;\">\u00a0<\/p>\n<p style=\"text-align: justify;\">\u00a0<\/p>\n<p style=\"text-align: justify;\" align=\"justify\">Art. 2\u00ba. O Grupo de Trabalho dever\u00e1 cumprir o C\u00f3digo de \u00c9tica dos Mediadores Judiciais, estabelecido pela Resolu\u00e7\u00e3o 125\/2010, do Conselho Nacional de Justi\u00e7a.<\/p>\n<p style=\"text-align: justify;\">\u00a0<\/p>\n<p style=\"text-align: justify;\">\u00a0<\/p>\n<p style=\"text-align: justify;\" align=\"justify\">Art. 3\u00ba. O 6\u00ba CEJUSC encaminhar\u00e1 ao N\u00facleo Permanente de M\u00e9todos Consensuais de Solu\u00e7\u00e3o de Conflitos \u2013 NUPEMEC, at\u00e9 o quinto dia \u00fatil de cada m\u00eas, informa\u00e7\u00f5es com rela\u00e7\u00e3o \u00e0s horas trabalhadas al\u00e9m do expediente normal, para anota\u00e7\u00e3o em ficha funcional, para fins de compensa\u00e7\u00e3o e gozo oportuno, mediante autoriza\u00e7\u00e3o da chefia imediata e sem preju\u00edzo do servi\u00e7o. O NUPEMEC encaminhar\u00e1 as informa\u00e7\u00f5es \u00e0 Secretaria de Gest\u00e3o de Pessoas, no prazo de 10 (dez) dias, para as devidas anota\u00e7\u00f5es.<\/p>\n<p style=\"text-align: justify;\">\u00a0<\/p>\n<p style=\"text-align: justify;\">\u00a0<\/p>\n<p style=\"text-align: justify;\" align=\"justify\">Art. 4\u00ba. O servidor atuante dever\u00e1 enviar mensalmente uma declara\u00e7\u00e3o atestando o dia e hor\u00e1rio do contraturno que este efetivamente trabalhou em sua respectiva Unidade Judici\u00e1ria de Origem.<\/p>\n<p style=\"text-align: justify;\">\u00a0<\/p>\n<p style=\"text-align: justify;\">\u00a0<\/p>\n<p style=\"text-align: justify;\" align=\"justify\">Art. 5\u00ba. Os servidores efetivos constantes desta Equipe de Trabalho ter\u00e3o reconhecido, para fins de promo\u00e7\u00e3o na carreira, a pontua\u00e7\u00e3o equivalente \u00e0 participa\u00e7\u00e3o em Equipe Especial de Trabalho, conforme disposto no Ato Normativo 2.773\/2012.<\/p>\n<p style=\"text-align: justify;\">\u00a0<\/p>\n<p style=\"text-align: justify;\">\u00a0<\/p>\n<p style=\"text-align: justify;\" align=\"justify\">Art. 6\u00ba. Este Ato Normativo entra em vigor na data de sua publica\u00e7\u00e3o.<\/p>\n<p style=\"text-align: justify;\" align=\"justify\">\u00a0<\/p>\n<p style=\"text-align: justify;\">\u00a0<\/p>\n<p style=\"text-align: justify;\">\u00a0<\/p>\n<p style=\"text-align: justify;\" align=\"justify\">Publique-se.<\/p>\n<p style=\"text-align: justify;\">\u00a0<\/p>\n<p style=\"text-align: justify;\">\u00a0<\/p>\n<p style=\"text-align: justify;\">Vit\u00f3ria, 28 de novembro de 2025.<\/p>\n<p style=\"text-align: justify;\">\u00a0<\/p>\n<p style=\"text-align: center;\" align=\"center\"><br \/>Desembargador SAMUEL MEIRA BRASIL J\u00daNIOR<\/p>\n<p style=\"text-align: center;\" align=\"center\">PRESIDENTE\u00a0<\/p>\n","protected":false},"excerpt":{"rendered":"<p>PODER JUDICI\u00c1RIO DO ESTADO DO ESP\u00cdRITO SANTO &#8211; PJES RUA DESEMBARGADOR HOMERO MAFRA,60 &#8211; Bairro ENSEADA DO SU\u00c1 &#8211; CEP 29050906 &#8211; Vit\u00f3ria &#8211; ES &#8211; www.tjes.jus.br \u00a0 \u00a0 Ato Normativo N\u00ba 318\/2025 \u00a0 \u00a0 ESTADO DO ESP\u00cdRITO SANTO PODER JUDICI\u00c1RIO\u00a0 TRIBUNAL DE JUSTI\u00c7A \u00a0 \u00a0 \u00a0 Instituir e convocar Equipe de Trabalho para atuar [&hellip;]<\/p>\n","protected":false},"author":19,"featured_media":0,"comment_status":"closed","ping_status":"closed","sticky":false,"template":"","format":"standard","meta":{"footnotes":""},"categories":[4,14],"tags":[],"_links":{"self":[{"href":"https:\/\/www.tjes.jus.br\/corregedoria\/wp-json\/wp\/v2\/posts\/45433"}],"collection":[{"href":"https:\/\/www.tjes.jus.br\/corregedoria\/wp-json\/wp\/v2\/posts"}],"about":[{"href":"https:\/\/www.tjes.jus.br\/corregedoria\/wp-json\/wp\/v2\/types\/post"}],"author":[{"embeddable":true,"href":"https:\/\/www.tjes.jus.br\/corregedoria\/wp-json\/wp\/v2\/users\/19"}],"replies":[{"embeddable":true,"href":"https:\/\/www.tjes.jus.br\/corregedoria\/wp-json\/wp\/v2\/comments?post=45433"}],"version-history":[{"count":2,"href":"https:\/\/www.tjes.jus.br\/corregedoria\/wp-json\/wp\/v2\/posts\/45433\/revisions"}],"predecessor-version":[{"id":45436,"href":"https:\/\/www.tjes.jus.br\/corregedoria\/wp-json\/wp\/v2\/posts\/45433\/revisions\/45436"}],"wp:attachment":[{"href":"https:\/\/www.tjes.jus.br\/corregedoria\/wp-json\/wp\/v2\/media?parent=45433"}],"wp:term":[{"taxonomy":"category","embeddable":true,"href":"https:\/\/www.tjes.jus.br\/corregedoria\/wp-json\/wp\/v2\/categories?post=45433"},{"taxonomy":"post_tag","embeddable":true,"href":"https:\/\/www.tjes.jus.br\/corregedoria\/wp-json\/wp\/v2\/tags?post=45433"}],"curies":[{"name":"wp","href":"https:\/\/api.w.org\/{rel}","templated":true}]}}