{"id":45437,"date":"2025-12-02T13:36:50","date_gmt":"2025-12-02T16:36:50","guid":{"rendered":"https:\/\/www.tjes.jus.br\/corregedoria\/?p=45437"},"modified":"2025-12-02T13:39:20","modified_gmt":"2025-12-02T16:39:20","slug":"ato-normativo-no-319-2025-disp-02-12-2025","status":"publish","type":"post","link":"https:\/\/www.tjes.jus.br\/corregedoria\/2025\/12\/02\/ato-normativo-no-319-2025-disp-02-12-2025\/","title":{"rendered":"ATO NORMATIVO N\u00ba 319\/2025 \u2013 DISP. 02\/12\/2025"},"content":{"rendered":"\n<p style=\"text-align: center;\" align=\"center\"><strong>PODER JUDICI\u00c1RIO DO ESTADO DO ESP\u00cdRITO SANTO &#8211; PJES<\/strong><\/p>\n<p style=\"text-align: center;\" align=\"center\">RUA DESEMBARGADOR HOMERO MAFRA,60 &#8211; Bairro ENSEADA DO SU\u00c1 &#8211; CEP 29050906 &#8211; Vit\u00f3ria &#8211; ES &#8211; www.tjes.jus.br<\/p>\n<p style=\"text-align: justify;\">\u00a0<\/p>\n<p style=\"text-align: justify;\">\u00a0<\/p>\n<p style=\"text-align: center;\" align=\"center\">Ato Normativo N\u00ba 319\/2025<\/p>\n<p style=\"text-align: justify;\">\u00a0<\/p>\n<p style=\"text-align: justify;\">\u00a0<\/p>\n<p style=\"text-align: justify;\" align=\"right\">Disp\u00f5e sobre a rela\u00e7\u00e3o de feriados do ano de 2026.<\/p>\n<p style=\"text-align: justify;\">\u00a0<\/p>\n<p style=\"text-align: justify;\">\u00a0<\/p>\n<p style=\"text-align: justify;\" align=\"right\">\u00a0<\/p>\n<p style=\"text-align: justify;\" align=\"justify\"><strong>O PRESIDENTE DO TRIBUNAL DE JUSTI\u00c7A DO ESTADO DO ESP\u00cdRITO SANTO,<\/strong>\u00a0no uso de suas atribui\u00e7\u00f5es legais e regimentais,<\/p>\n<p style=\"text-align: justify;\" align=\"justify\">\u00a0<\/p>\n<p style=\"text-align: justify;\">\u00a0<\/p>\n<p style=\"text-align: justify;\">\u00a0<\/p>\n<p style=\"text-align: justify;\" align=\"justify\"><strong>CONSIDERANDO<\/strong>\u00a0a\u00a0<a href=\"https:\/\/atos.cnj.jus.br\/atos\/detalhar\/4838\" target=\"_blank\" rel=\"noopener\">Recomenda\u00e7\u00e3o CNJ n\u00ba 44\/2020<\/a>, que orienta os tribunais a editarem ato oficial consolidando os feriados locais de sua jurisdi\u00e7\u00e3o, com divulga\u00e7\u00e3o em local de f\u00e1cil acesso na p\u00e1gina principal na internet;<\/p>\n<p style=\"text-align: justify;\">\u00a0<\/p>\n<p style=\"text-align: justify;\">\u00a0<\/p>\n<p style=\"text-align: justify;\" align=\"justify\"><strong>CONSIDERANDO<\/strong>\u00a0a necessidade de o Poder Judici\u00e1rio estabelecer, com anteced\u00eancia, o calend\u00e1rio de funcionamento de suas unidades administrativas e judici\u00e1rias,<\/p>\n<p style=\"text-align: justify;\" align=\"justify\">\u00a0<\/p>\n<p style=\"text-align: justify;\">\u00a0<\/p>\n<p style=\"text-align: justify;\">\u00a0<\/p>\n<p style=\"text-align: justify;\" align=\"justify\"><strong>RESOLVE:<\/strong><\/p>\n<p style=\"text-align: justify;\" align=\"justify\">\u00a0<\/p>\n<p style=\"text-align: justify;\">\u00a0<\/p>\n<p style=\"text-align: justify;\">\u00a0<\/p>\n<p style=\"text-align: justify;\" align=\"justify\">Art. 1\u00ba\u00a0Publicar a rela\u00e7\u00e3o de feriados do ano de\u00a0<strong>2026<\/strong>, conforme\u00a0<strong>Anexo \u00danico<\/strong>, abrangendo os feriados nacionais e estaduais incidentes no \u00e2mbito do Poder Judici\u00e1rio do Estado do Esp\u00edrito Santo, sem preju\u00edzo dos feriados e pontos facultativos institu\u00eddos pelos Munic\u00edpios sede de Comarcas e\/ou Ju\u00edzos, bem como suspender o expediente das unidades administrativas nos dias 24 e 31 de dezembro de 2025.<\/p>\n<p style=\"text-align: justify;\" align=\"justify\">\u00a0<\/p>\n<p style=\"text-align: justify;\">\u00a0<\/p>\n<p style=\"text-align: justify;\">\u00a0<\/p>\n<p style=\"text-align: justify;\" align=\"justify\">Art. 2\u00ba\u00a0A data de\u00a0<em>Corpus Christi<\/em>, dia\u00a0<strong>04 de junho de 2026<\/strong>\u00a0(quinta-feira), ser\u00e1 considerada\u00a0<strong>ponto facultativo<\/strong>\u00a0nas unidades do Poder Judici\u00e1rio do Estado do Esp\u00edrito Santo localizadas em Munic\u00edpios onde n\u00e3o houver lei espec\u00edfica estabelecendo a data como feriado.<\/p>\n<p style=\"text-align: justify;\" align=\"justify\">\u00a0<\/p>\n<p style=\"text-align: justify;\">\u00a0<\/p>\n<p style=\"text-align: justify;\">\u00a0<\/p>\n<p style=\"text-align: justify;\" align=\"justify\">Art.3\u00ba\u00a0A data\u00a0de\u00a0<em>Nossa Senhora da Vit\u00f3ria<\/em>, dia\u00a0<strong>08 de setembro de 2026<\/strong>\u00a0(ter\u00e7a-feira) ser\u00e1 considerada\u00a0<strong>feriado municipal<\/strong>\u00a0apenas no Munic\u00edpio de Vit\u00f3ria\/ES, nos termos do art. 1\u00ba da Lei Municipal n\u00ba 1.732\/1967.<\/p>\n<p style=\"text-align: justify;\" align=\"justify\">\u00a0<\/p>\n<p style=\"text-align: justify;\">\u00a0<\/p>\n<p style=\"text-align: justify;\">\u00a0<\/p>\n<p style=\"text-align: justify;\" align=\"justify\">Art. 4\u00ba\u00a0Os dias n\u00e3o trabalhados nos pontos facultativos devem ser\u00a0<strong>compensados<\/strong>\u00a0ao longo dos dias \u00fateis seguintes, por meio da extens\u00e3o da jornada de trabalho em 01 (uma) hora, cabendo \u00e0s chefias imediatas a atribui\u00e7\u00e3o de observar o rigoroso cumprimento da carga hor\u00e1ria.<\/p>\n<p style=\"text-align: justify;\">\u00a0<\/p>\n<p style=\"text-align: justify;\">\u00a0<\/p>\n<p style=\"text-align: justify;\" align=\"justify\">\u00a0<\/p>\n<p style=\"text-align: justify;\" align=\"justify\">Art. 5\u00baOs efeitos deste Ato\u00a0<strong>n\u00e3o\u00a0<\/strong>se aplicam \u00e0s\u00a0<strong>Serventias Extrajudiciais<\/strong>.<\/p>\n<p style=\"text-align: justify;\" align=\"justify\">\u00a0<\/p>\n<p style=\"text-align: justify;\">\u00a0<\/p>\n<p style=\"text-align: justify;\">\u00a0<\/p>\n<p style=\"text-align: justify;\" align=\"justify\">Art. 6\u00ba Este Ato Normativo entra em vigor na data de sua publica\u00e7\u00e3o.<\/p>\n<p style=\"text-align: justify;\" align=\"justify\">\u00a0<\/p>\n<p style=\"text-align: justify;\">\u00a0<\/p>\n<p style=\"text-align: justify;\">\u00a0<\/p>\n<p style=\"text-align: justify;\" align=\"justify\">Publique-se.<\/p>\n<p style=\"text-align: justify;\">\u00a0<\/p>\n<p style=\"text-align: justify;\">\u00a0<\/p>\n<p style=\"text-align: justify;\" align=\"justify\">Vit\u00f3ria\/ES, 28 de novembro de 2025.<\/p>\n<p style=\"text-align: justify;\" align=\"justify\">\u00a0<\/p>\n<p style=\"text-align: justify;\" align=\"justify\">\u00a0<\/p>\n<p style=\"text-align: justify;\">\u00a0<\/p>\n<p style=\"text-align: justify;\">\u00a0<\/p>\n<p style=\"text-align: center;\" align=\"center\"><strong>Desembargador SAMUEL MEIRA BRASIL J\u00daNIOR<\/strong><\/p>\n<p style=\"text-align: center;\" align=\"center\"><strong>Presidente<\/strong><\/p>\n<p style=\"text-align: justify;\" align=\"center\">\u00a0<\/p>\n<p style=\"text-align: justify;\" align=\"center\">\u00a0<\/p>\n<p style=\"text-align: justify;\">\u00a0<\/p>\n<p style=\"text-align: justify;\">\u00a0<\/p>\n<p style=\"text-align: center;\" align=\"center\"><strong>ANEXO \u00daNICO \u2013 FERIADOS DO ANO DE\u00a02026<\/strong><\/p>\n<p style=\"text-align: justify;\">\u00a0<\/p>\n<p style=\"text-align: justify;\">\u00a0<\/p>\n<p style=\"text-align: justify;\" align=\"center\">\u00a0<\/p>\n<p style=\"text-align: justify;\" align=\"justify\"><strong>Janeiro<\/strong><\/p>\n<p style=\"text-align: justify;\" align=\"justify\">1\u00ba (quinta-feira) a 06 (ter\u00e7a-feira) \u2013 Recesso Forense (art. 141, &#8220;e&#8221;, da\u00a0<a href=\"https:\/\/www3.al.es.gov.br\/arquivo\/documents\/legislacao\/html\/lec2342002.html\" target=\"_blank\" rel=\"noopener\">Lei Complementar Estadual n\u00ba 234\/2002<\/a>)<\/p>\n<p style=\"text-align: justify;\" align=\"justify\">\u00a0<\/p>\n<p style=\"text-align: justify;\">\u00a0<\/p>\n<p style=\"text-align: justify;\">\u00a0<\/p>\n<p style=\"text-align: justify;\" align=\"justify\"><strong>Fevereiro<\/strong><\/p>\n<p style=\"text-align: justify;\" align=\"justify\">16 (segunda-feira) \u2013 Carnaval (art. 141, \u201cb\u201d, da\u00a0<a href=\"https:\/\/www3.al.es.gov.br\/arquivo\/documents\/legislacao\/html\/lec2342002.html\" target=\"_blank\" rel=\"noopener\">Lei Complementar Estadual n\u00ba 234\/2002<\/a>)<\/p>\n<p style=\"text-align: justify;\" align=\"justify\">17 (ter\u00e7a-feira) \u2013 Carnaval (art. 141, \u201cb\u201d, da\u00a0<a href=\"https:\/\/www3.al.es.gov.br\/arquivo\/documents\/legislacao\/html\/lec2342002.html\" target=\"_blank\" rel=\"noopener\">Lei Complementar Estadual n\u00ba 234\/2002<\/a>)<\/p>\n<p style=\"text-align: justify;\" align=\"justify\">18 (quarta-feira) \u2013 Quarta-Feira de Cinzas (art. 141, \u201cb\u201d, da\u00a0<a href=\"https:\/\/www3.al.es.gov.br\/arquivo\/documents\/legislacao\/html\/lec2342002.html\" target=\"_blank\" rel=\"noopener\">Lei Complementar Estadual n\u00ba 234\/2002<\/a>)<\/p>\n<p style=\"text-align: justify;\" align=\"justify\">\u00a0<\/p>\n<p style=\"text-align: justify;\">\u00a0<\/p>\n<p style=\"text-align: justify;\">\u00a0<\/p>\n<p style=\"text-align: justify;\" align=\"justify\"><strong>Abril<\/strong><\/p>\n<p style=\"text-align: justify;\" align=\"justify\">02 (quinta-feira) \u2013 Quinta-Feira da Semana Santa (art. 141, \u201ca\u201d, da\u00a0<a href=\"https:\/\/www3.al.es.gov.br\/arquivo\/documents\/legislacao\/html\/lec2342002.html\" target=\"_blank\" rel=\"noopener\">Lei Complementar Estadual n\u00ba 234\/2002<\/a>)<\/p>\n<p style=\"text-align: justify;\" align=\"justify\">03 (sexta-feira) \u2013 Sexta-Feira da Semana Santa (art. 141, \u201ca\u201d, da\u00a0<a href=\"https:\/\/www3.al.es.gov.br\/arquivo\/documents\/legislacao\/html\/lec2342002.html\" target=\"_blank\" rel=\"noopener\">Lei Complementar Estadual n\u00ba 234\/2002<\/a>)<\/p>\n<p style=\"text-align: justify;\" align=\"justify\">13 (segunda-feira) \u2013 Nossa Senhora da Penha (art. 1\u00ba da\u00a0<a href=\"https:\/\/www3.al.es.gov.br\/Arquivo\/Documents\/legislacao\/html\/LEI110102019.html\" target=\"_blank\" rel=\"noopener\">Lei Estadual n\u00ba 11.010\/2019<\/a>)<\/p>\n<p style=\"text-align: justify;\" align=\"justify\">20 (segunda-feira) \u2013 Ponto Facultativo<\/p>\n<p style=\"text-align: justify;\" align=\"justify\">21 (ter\u00e7a-feira)\u00a0\u2013 Tiradentes\u00a0(art. 1\u00ba da\u00a0<a href=\"https:\/\/www.planalto.gov.br\/ccivil_03\/Leis\/L0662.htm\" target=\"_blank\" rel=\"noopener\">Lei Federal n\u00ba 662\/1949<\/a>, alterada pela\u00a0<a href=\"https:\/\/www.planalto.gov.br\/ccivil_03\/Leis\/2002\/L10607.htm\" target=\"_blank\" rel=\"noopener\">Lei Federal n\u00ba 10.607\/2002<\/a>)<\/p>\n<p style=\"text-align: justify;\" align=\"justify\">\u00a0<\/p>\n<p style=\"text-align: justify;\">\u00a0<\/p>\n<p style=\"text-align: justify;\">\u00a0<\/p>\n<p style=\"text-align: justify;\" align=\"justify\"><strong>Maio<\/strong><\/p>\n<p style=\"text-align: justify;\" align=\"justify\">1\u00ba (sexta-feira) \u2013 Dia do Trabalho (art. 1\u00ba da\u00a0<a href=\"https:\/\/www.planalto.gov.br\/ccivil_03\/Leis\/L0662.htm\" target=\"_blank\" rel=\"noopener\">Lei Federal n\u00ba 662\/1949<\/a>, alterada pela\u00a0<a href=\"https:\/\/www.planalto.gov.br\/ccivil_03\/Leis\/2002\/L10607.htm\" target=\"_blank\" rel=\"noopener\">Lei Federal n\u00ba 10.607\/2002<\/a>)<\/p>\n<p style=\"text-align: justify;\" align=\"justify\">\u00a0<\/p>\n<p style=\"text-align: justify;\">\u00a0<\/p>\n<p style=\"text-align: justify;\">\u00a0<\/p>\n<p style=\"text-align: justify;\" align=\"justify\"><strong>Junho<\/strong><\/p>\n<p style=\"text-align: justify;\" align=\"justify\">04 (quinta-feira) &#8211; Corpus Christi\u00a0<\/p>\n<p style=\"text-align: justify;\" align=\"justify\">05 (sexta-feira) \u2013 Ponto Facultativo<\/p>\n<p style=\"text-align: justify;\" align=\"justify\">\u00a0<\/p>\n<p style=\"text-align: justify;\">\u00a0<\/p>\n<p style=\"text-align: justify;\">\u00a0<\/p>\n<p style=\"text-align: justify;\" align=\"justify\"><strong>Agosto\u00a0<\/strong><\/p>\n<p style=\"text-align: justify;\" align=\"justify\">10 (segunda-feira) \u2013 Ponto Facultativo<\/p>\n<p style=\"text-align: justify;\" align=\"justify\">11 (ter\u00e7a-feira)\u00a0\u2013\u00a0\u00a0Dia do Advogado\u00a0(art. 141, \u201cd\u201d, da\u00a0<a href=\"https:\/\/www3.al.es.gov.br\/arquivo\/documents\/legislacao\/html\/lec2342002.html\" target=\"_blank\" rel=\"noopener\">Lei Complementar Estadual n\u00ba 234\/2002<\/a>)<\/p>\n<p style=\"text-align: justify;\" align=\"justify\">\u00a0<\/p>\n<p style=\"text-align: justify;\">\u00a0<\/p>\n<p style=\"text-align: justify;\">\u00a0<\/p>\n<p style=\"text-align: justify;\" align=\"justify\"><strong>Setembro<\/strong><\/p>\n<p style=\"text-align: justify;\" align=\"justify\">07 (segunda-feira)\u00a0\u2013\u00a0\u00a0Independ\u00eancia do Brasil (art. 1\u00ba da\u00a0<a href=\"https:\/\/www.planalto.gov.br\/ccivil_03\/Leis\/L0662.htm\" target=\"_blank\" rel=\"noopener\">Lei Federal n\u00ba 662\/1949<\/a>, alterada pela\u00a0<a href=\"https:\/\/www.planalto.gov.br\/ccivil_03\/Leis\/2002\/L10607.htm\" target=\"_blank\" rel=\"noopener\">Lei Federal n\u00ba 10.607\/2002<\/a>)<\/p>\n<p style=\"text-align: justify;\" align=\"justify\">\u00a0<\/p>\n<p style=\"text-align: justify;\">\u00a0<\/p>\n<p style=\"text-align: justify;\">\u00a0<\/p>\n<p style=\"text-align: justify;\" align=\"justify\"><strong>Outubro<\/strong><\/p>\n<p style=\"text-align: justify;\" align=\"justify\">12 (segunda-feira)\u00a0\u2013 Dia de Nossa Senhora Aparecida\u00a0(art. 141, \u201cd\u201d, da\u00a0<a href=\"https:\/\/www3.al.es.gov.br\/arquivo\/documents\/legislacao\/html\/lec2342002.html\" target=\"_blank\" rel=\"noopener\">Lei Complementar Estadual n\u00ba 234\/2002<\/a>)<\/p>\n<p style=\"text-align: justify;\" align=\"justify\">28 (quarta-feira) \u2013 Dia do Servidor P\u00fablico (art. 293 da\u00a0<a href=\"https:\/\/www3.al.es.gov.br\/arquivo\/documents\/legislacao\/html\/lec461994.html\" target=\"_blank\" rel=\"noopener\">Lei Complementar Estadual n\u00ba 46\/1994<\/a>)<\/p>\n<p style=\"text-align: justify;\" align=\"justify\">\u00a0<\/p>\n<p style=\"text-align: justify;\">\u00a0<\/p>\n<p style=\"text-align: justify;\">\u00a0<\/p>\n<p style=\"text-align: justify;\" align=\"justify\"><strong>Novembro<\/strong><\/p>\n<p style=\"text-align: justify;\" align=\"justify\">02 (segunda-feira)\u00a0\u2013 Finados (art. 1\u00ba da\u00a0<a href=\"https:\/\/www.planalto.gov.br\/ccivil_03\/Leis\/L0662.htm\" target=\"_blank\" rel=\"noopener\">Lei Federal n\u00ba 662\/1949<\/a>, alterada pela\u00a0<a href=\"https:\/\/www.planalto.gov.br\/ccivil_03\/Leis\/2002\/L10607.htm\" target=\"_blank\" rel=\"noopener\">Lei Federal n\u00ba 10.607\/2002<\/a>)<\/p>\n<p style=\"text-align: justify;\" align=\"justify\">15 (domingo) \u2013 Proclama\u00e7\u00e3o da Rep\u00fablica (art. 1\u00ba da\u00a0<a href=\"https:\/\/www.planalto.gov.br\/ccivil_03\/Leis\/L0662.htm\" target=\"_blank\" rel=\"noopener\">Lei Federal n\u00ba 662\/1949<\/a>, alterada pela\u00a0<a href=\"https:\/\/www.planalto.gov.br\/ccivil_03\/Leis\/2002\/L10607.htm\" target=\"_blank\" rel=\"noopener\">Lei Federal n\u00ba 10.607\/2002<\/a>)<\/p>\n<p style=\"text-align: justify;\" align=\"justify\">20 (sexta-feira) &#8211;\u00a0Dia Nacional de Zumbi dos Palmares e da Consci\u00eancia Negra,\u00a0conforme art. 1\u00ba da\u00a0<a href=\"https:\/\/www.planalto.gov.br\/ccivil_03\/_ato2023-2026\/2023\/lei\/l14759.htm\" target=\"_blank\" rel=\"noopener\">Lei Federal n\u00ba 14.759\/2023<\/a><\/p>\n<p style=\"text-align: justify;\" align=\"justify\">\u00a0<\/p>\n<p style=\"text-align: justify;\">\u00a0<\/p>\n<p style=\"text-align: justify;\">\u00a0<\/p>\n<p style=\"text-align: justify;\" align=\"justify\"><strong>Dezembro<\/strong><\/p>\n<p style=\"text-align: justify;\" align=\"justify\">07 (segunda-feira) \u2013 Ponto Facultativo<\/p>\n<p style=\"text-align: justify;\" align=\"justify\">08 (ter\u00e7a-feira)\u00a0\u2013\u00a0Dia da Justi\u00e7a\u00a0(art. 141, \u201cd\u201d, da\u00a0<a href=\"https:\/\/www3.al.es.gov.br\/arquivo\/documents\/legislacao\/html\/lec2342002.html\" target=\"_blank\" rel=\"noopener\">Lei Complementar Estadual n\u00ba 234\/2002<\/a>)<\/p>\n<p style=\"text-align: justify;\" align=\"justify\">20 a 31 \u2013 Recesso Forense (art. 141, &#8220;e&#8221;, da\u00a0<a href=\"https:\/\/www3.al.es.gov.br\/arquivo\/documents\/legislacao\/html\/lec2342002.html\" target=\"_blank\" rel=\"noopener\">Lei Complementar Estadual n\u00ba 234\/2002<\/a>)<\/p>\n","protected":false},"excerpt":{"rendered":"<p>PODER JUDICI\u00c1RIO DO ESTADO DO ESP\u00cdRITO SANTO &#8211; PJES RUA DESEMBARGADOR HOMERO MAFRA,60 &#8211; Bairro ENSEADA DO SU\u00c1 &#8211; CEP 29050906 &#8211; Vit\u00f3ria &#8211; ES &#8211; www.tjes.jus.br \u00a0 \u00a0 Ato Normativo N\u00ba 319\/2025 \u00a0 \u00a0 Disp\u00f5e sobre a rela\u00e7\u00e3o de feriados do ano de 2026. \u00a0 \u00a0 \u00a0 O PRESIDENTE DO TRIBUNAL DE JUSTI\u00c7A DO [&hellip;]<\/p>\n","protected":false},"author":19,"featured_media":0,"comment_status":"closed","ping_status":"closed","sticky":false,"template":"","format":"standard","meta":{"footnotes":""},"categories":[4,14],"tags":[],"_links":{"self":[{"href":"https:\/\/www.tjes.jus.br\/corregedoria\/wp-json\/wp\/v2\/posts\/45437"}],"collection":[{"href":"https:\/\/www.tjes.jus.br\/corregedoria\/wp-json\/wp\/v2\/posts"}],"about":[{"href":"https:\/\/www.tjes.jus.br\/corregedoria\/wp-json\/wp\/v2\/types\/post"}],"author":[{"embeddable":true,"href":"https:\/\/www.tjes.jus.br\/corregedoria\/wp-json\/wp\/v2\/users\/19"}],"replies":[{"embeddable":true,"href":"https:\/\/www.tjes.jus.br\/corregedoria\/wp-json\/wp\/v2\/comments?post=45437"}],"version-history":[{"count":2,"href":"https:\/\/www.tjes.jus.br\/corregedoria\/wp-json\/wp\/v2\/posts\/45437\/revisions"}],"predecessor-version":[{"id":45440,"href":"https:\/\/www.tjes.jus.br\/corregedoria\/wp-json\/wp\/v2\/posts\/45437\/revisions\/45440"}],"wp:attachment":[{"href":"https:\/\/www.tjes.jus.br\/corregedoria\/wp-json\/wp\/v2\/media?parent=45437"}],"wp:term":[{"taxonomy":"category","embeddable":true,"href":"https:\/\/www.tjes.jus.br\/corregedoria\/wp-json\/wp\/v2\/categories?post=45437"},{"taxonomy":"post_tag","embeddable":true,"href":"https:\/\/www.tjes.jus.br\/corregedoria\/wp-json\/wp\/v2\/tags?post=45437"}],"curies":[{"name":"wp","href":"https:\/\/api.w.org\/{rel}","templated":true}]}}