{"id":45442,"date":"2025-12-03T13:12:03","date_gmt":"2025-12-03T16:12:03","guid":{"rendered":"https:\/\/www.tjes.jus.br\/corregedoria\/?p=45442"},"modified":"2025-12-03T13:13:19","modified_gmt":"2025-12-03T16:13:19","slug":"resolucao-no-055-2025-disp-03-12-2025","status":"publish","type":"post","link":"https:\/\/www.tjes.jus.br\/corregedoria\/2025\/12\/03\/resolucao-no-055-2025-disp-03-12-2025\/","title":{"rendered":"RESOLU\u00c7\u00c3O N\u00ba 055\/2025 \u2013 DISP. 03\/12\/2025"},"content":{"rendered":"\n<p style=\"text-align: center;\" align=\"center\"><strong>PODER JUDICI\u00c1RIO DO ESTADO DO ESP\u00cdRITO SANTO &#8211; PJES<\/strong><\/p>\n<p style=\"text-align: center;\" align=\"center\">RUA DESEMBARGADOR HOMERO MAFRA,60 &#8211; Bairro ENSEADA DO SU\u00c1 &#8211; CEP 29050906 &#8211; Vit\u00f3ria &#8211; ES &#8211; www.tjes.jus.br<\/p>\n<p style=\"text-align: justify;\" align=\"center\">\u00a0<\/p>\n<p style=\"text-align: justify;\">\u00a0<\/p>\n<p style=\"text-align: justify;\">\u00a0<\/p>\n<p style=\"text-align: center;\" align=\"center\"><strong>RESOLU\u00c7\u00c3O N\u00ba 055\/2025<\/strong><\/p>\n<p style=\"text-align: justify;\">\u00a0<\/p>\n<p style=\"text-align: justify;\">\u00a0<\/p>\n<p style=\"text-align: justify;\">\u00a0<\/p>\n<p style=\"text-align: justify;\" align=\"justify\">O Exm\u00ba Sr. Desembargador SAMUEL MEIRA BRASIL J\u00daNIOR, Presidente deste Egr\u00e9gio Tribunal de Justi\u00e7a, no uso de suas atribui\u00e7\u00f5es legais e regimentais e tendo em vista decis\u00e3o un\u00e2nime do egr\u00e9gio Tribunal Pleno na Sess\u00e3o Administrativa Extraordin\u00e1ria do dia 24 de novembro de 2025,<\/p>\n<p style=\"text-align: justify;\" align=\"justify\">\u00a0<\/p>\n<p style=\"text-align: justify;\">\u00a0<\/p>\n<p style=\"text-align: justify;\">\u00a0<\/p>\n<p style=\"text-align: justify;\" align=\"justify\"><strong>RESOLVE:<\/strong><\/p>\n<p style=\"text-align: justify;\">\u00a0<\/p>\n<p style=\"text-align: justify;\">\u00a0<\/p>\n<p style=\"text-align: justify;\" align=\"justify\">\u00a0<\/p>\n<p style=\"text-align: justify;\" align=\"justify\">Referendar\u00a0a <a href=\"https:\/\/www.tjes.jus.br\/corregedoria\/2025\/11\/12\/resolucao-no-048-2025-disp-12-11-2025\/\">Resolu\u00e7\u00e3o n\u00ba 048\/2025<\/a>, disponibilizada no Di\u00e1rio da Justi\u00e7a Eletr\u00f4nico desta Corte de 12 de novembro de 2025, a qual agraciou,\u00a0<em>\u201cad referendum\u201d<\/em>\u00a0do egr\u00e9gio Tribunal Pleno, o Exm\u00ba Sr. Desembargador\u00a0<strong>Aldary Nunes J\u00fanior<\/strong>, com a Comenda Gr\u00e3-Cruz do M\u00e9rito Judici\u00e1rio, pelo not\u00e1vel desempenho ao longo da sua carreira jur\u00eddica e pelo carinho e especial considera\u00e7\u00e3o devotados \u00e0 Magistratura Capixaba.<\/p>\n<p style=\"text-align: justify;\" align=\"justify\">\u00a0<\/p>\n<p style=\"text-align: justify;\">\u00a0<\/p>\n<p style=\"text-align: justify;\">\u00a0<\/p>\n<p style=\"text-align: justify;\" align=\"justify\">PUBLIQUE-SE.<\/p>\n<p style=\"text-align: justify;\">\u00a0<\/p>\n<p style=\"text-align: justify;\">\u00a0<\/p>\n<p style=\"text-align: justify;\" align=\"justify\">\u00a0<\/p>\n<p style=\"text-align: justify;\" align=\"justify\">Vit\u00f3ria, 28 de novembro de 2025<\/p>\n<p style=\"text-align: justify;\" align=\"justify\">\u00a0<\/p>\n<p style=\"text-align: justify;\">\u00a0<\/p>\n<p style=\"text-align: justify;\">\u00a0<\/p>\n<p style=\"text-align: center;\" align=\"center\"><strong>Desembargador SAMUEL MEIRA BRASIL JR.<\/strong><\/p>\n<p style=\"text-align: center;\" align=\"center\"><strong>Presidente<\/strong><\/p>\n","protected":false},"excerpt":{"rendered":"<p>PODER JUDICI\u00c1RIO DO ESTADO DO ESP\u00cdRITO SANTO &#8211; PJES RUA DESEMBARGADOR HOMERO MAFRA,60 &#8211; Bairro ENSEADA DO SU\u00c1 &#8211; CEP 29050906 &#8211; Vit\u00f3ria &#8211; ES &#8211; www.tjes.jus.br \u00a0 \u00a0 \u00a0 RESOLU\u00c7\u00c3O N\u00ba 055\/2025 \u00a0 \u00a0 \u00a0 O Exm\u00ba Sr. Desembargador SAMUEL MEIRA BRASIL J\u00daNIOR, Presidente deste Egr\u00e9gio Tribunal de Justi\u00e7a, no uso de suas atribui\u00e7\u00f5es [&hellip;]<\/p>\n","protected":false},"author":19,"featured_media":0,"comment_status":"closed","ping_status":"closed","sticky":false,"template":"","format":"standard","meta":{"footnotes":""},"categories":[14,13],"tags":[],"_links":{"self":[{"href":"https:\/\/www.tjes.jus.br\/corregedoria\/wp-json\/wp\/v2\/posts\/45442"}],"collection":[{"href":"https:\/\/www.tjes.jus.br\/corregedoria\/wp-json\/wp\/v2\/posts"}],"about":[{"href":"https:\/\/www.tjes.jus.br\/corregedoria\/wp-json\/wp\/v2\/types\/post"}],"author":[{"embeddable":true,"href":"https:\/\/www.tjes.jus.br\/corregedoria\/wp-json\/wp\/v2\/users\/19"}],"replies":[{"embeddable":true,"href":"https:\/\/www.tjes.jus.br\/corregedoria\/wp-json\/wp\/v2\/comments?post=45442"}],"version-history":[{"count":2,"href":"https:\/\/www.tjes.jus.br\/corregedoria\/wp-json\/wp\/v2\/posts\/45442\/revisions"}],"predecessor-version":[{"id":45446,"href":"https:\/\/www.tjes.jus.br\/corregedoria\/wp-json\/wp\/v2\/posts\/45442\/revisions\/45446"}],"wp:attachment":[{"href":"https:\/\/www.tjes.jus.br\/corregedoria\/wp-json\/wp\/v2\/media?parent=45442"}],"wp:term":[{"taxonomy":"category","embeddable":true,"href":"https:\/\/www.tjes.jus.br\/corregedoria\/wp-json\/wp\/v2\/categories?post=45442"},{"taxonomy":"post_tag","embeddable":true,"href":"https:\/\/www.tjes.jus.br\/corregedoria\/wp-json\/wp\/v2\/tags?post=45442"}],"curies":[{"name":"wp","href":"https:\/\/api.w.org\/{rel}","templated":true}]}}