{"id":45448,"date":"2025-12-03T13:15:48","date_gmt":"2025-12-03T16:15:48","guid":{"rendered":"https:\/\/www.tjes.jus.br\/corregedoria\/?p=45448"},"modified":"2025-12-03T13:17:31","modified_gmt":"2025-12-03T16:17:31","slug":"provimento-no-21-2025-disp-03-12-2025","status":"publish","type":"post","link":"https:\/\/www.tjes.jus.br\/corregedoria\/2025\/12\/03\/provimento-no-21-2025-disp-03-12-2025\/","title":{"rendered":"PROVIMENTO N\u00ba 21\/2025 \u2013 DISP. 03\/12\/2025"},"content":{"rendered":"\n<p class=\"Texto_Centralizado\" style=\"text-align: center;\"><strong>PROVIMENTO N\u00ba 21\/2025<\/strong><\/p>\n<p style=\"text-align: justify;\">\u00a0<\/p>\n<p class=\"Texto_Justificado\" style=\"text-align: justify;\">Disciplina a implanta\u00e7\u00e3o do M\u00f3dulo de Arrecada\u00e7\u00e3o do Sistema de Gest\u00e3o das Serventias Extrajudiciais do Poder Judici\u00e1rio do Estado do Esp\u00edrito Santo \u2013 SIGEX.<\/p>\n<p class=\"Texto_Justificado\" style=\"text-align: justify;\">O Desembargador\u00a0<strong>WILLIAN SILVA<\/strong>, Corregedor Geral da Justi\u00e7a do Estado do Esp\u00edrito Santo, no uso de suas atribui\u00e7\u00f5es legais:<\/p>\n<p class=\"Texto_Justificado\" style=\"text-align: justify;\"><br \/><strong>CONSIDERANDO<\/strong>\u00a0ser a Corregedoria Geral da Justi\u00e7a do Estado do Esp\u00edrito Santo o \u00f3rg\u00e3o de fiscaliza\u00e7\u00e3o que disciplina a orienta\u00e7\u00e3o administrativa, com jurisdi\u00e7\u00e3o em todo o Estado, conforme disp\u00f5e o art. 35, da Lei Complementar Estadual no 234\/2002;<br \/><strong>CONSIDERANDO<\/strong>\u00a0os resultados obtidos com a implanta\u00e7\u00e3o do Projeto Piloto do Sistema de Gest\u00e3o das Serventias Extrajudiciais do Poder Judici\u00e1rio do Estado do Esp\u00edrito Santo \u2013 SIGEX, nos termos do <a href=\"https:\/\/www.tjes.jus.br\/corregedoria\/2023\/12\/11\/provimento-no-22-2023-disp-11-12-2023\/\">Provimento 22\/2023<\/a>;<br \/><strong>CONSIDERANDO<\/strong>\u00a0que j\u00e1 se encontram em produ\u00e7\u00e3o no SIGEX o M\u00f3dulo Serventias Extrajudiciais, M\u00f3dulo de Pessoal e o M\u00f3dulo Servi\u00e7os Prestados e que o M\u00f3dulo de Arrecada\u00e7\u00e3o necessita de regulamenta\u00e7\u00e3o quanto \u00e0s regras de neg\u00f3cio aplicadas.<\/p>\n<p class=\"Texto_Justificado\" style=\"text-align: justify;\"><strong>RESOLVE:<\/strong><\/p>\n<p class=\"Texto_Justificado\" style=\"text-align: justify;\"><br \/><strong>Art. 1\u00ba.<\/strong>\u00a0Disciplinar a implanta\u00e7\u00e3o do M\u00f3dulo de Arrecada\u00e7\u00e3o do Sistema de Gest\u00e3o das Serventias Extrajudiciais do Poder Judici\u00e1rio do Estado do Esp\u00edrito Santo \u2013 SIGEX &#8211; M\u00f3dulo Arrecada\u00e7\u00e3o Extrajudicial.<br \/>\u00a71\u00ba O m\u00f3dulo a que se refere o\u00a0<em>caput<\/em>\u00a0deste artigo tem como objetivo principal substituir o atual sistema do Selo Digital, nas serventias em que for implantado.<br \/>\u00a72\u00ba As funcionalidades deste m\u00f3dulo se conectam com os sistemas das serventias e das Centrais Eletr\u00f4nicas junto \u00e0 Corregedoria, por meio de\u00a0<em>Application Programming Interface \u2013 API,<\/em>\u00a0possibilitando o compartilhamento eficiente e preciso de informa\u00e7\u00f5es em tempo real.<br \/>\u00a73\u00ba Os detalhes da API ser\u00e3o compartilhados com a equipe t\u00e9cnica das serventias, a fim de que seja poss\u00edvel garantir a interoperabilidade entre os sistemas.<\/p>\n<p class=\"Texto_Justificado\" style=\"text-align: justify;\"><strong>Art. 2\u00ba<\/strong>. Todo servi\u00e7o de comunica\u00e7\u00e3o do SIGEX com a serventia ser\u00e1 realizado por meio de notifica\u00e7\u00f5es do sistema, quando da utiliza\u00e7\u00e3o do M\u00f3dulo Serventias Extrajudiciais e do M\u00f3dulo de Pessoal e\/ou por meio do e-mail corporativo (<a href=\"mailto:serventia@tjes.jus.br\">serventia@tjes.jus.br<\/a>), disciplinado no Provimento CGJ\/ES n\u00ba 40\/2011.<\/p>\n<p class=\"Texto_Justificado\" style=\"text-align: justify;\"><strong>Art. 3\u00ba.<\/strong>\u00a0Todo ato cartorial em que conste o nome das partes, estas ter\u00e3o seus dados como atributos obrigat\u00f3rios de informa\u00e7\u00e3o para o SIGEX, juntamente com o CPF e o munic\u00edpio de resid\u00eancia.<br \/>\u00a71\u00ba Se o requerente for um procurador ou pessoa diversa das partes, sua qualifica\u00e7\u00e3o tamb\u00e9m ser\u00e1 obrigat\u00f3ria, nos termos do\u00a0<em>caput<\/em>\u00a0deste artigo.<\/p>\n<p class=\"Texto_Justificado\" style=\"text-align: justify;\"><strong>Art. 4\u00ba.<\/strong>\u00a0Para todo ato cartorial que envolva im\u00f3veis ou t\u00edtulos, com ou sem valor declarado, ser\u00e1 necess\u00e1ria a descri\u00e7\u00e3o individualizada dos mesmos, bem como, no caso de im\u00f3veis, o bairro e o munic\u00edpio como atributos obrigat\u00f3rios de informa\u00e7\u00e3o para o SIGEX.<\/p>\n<p class=\"Texto_Justificado\" style=\"text-align: justify;\"><strong>Art. 5\u00ba.<\/strong>\u00a0Todo ato cartorial que dependa de um ato anterior (p.ex.: escritura de rerratifica\u00e7\u00e3o, escritura de aditamento, averba\u00e7\u00f5es, revoga\u00e7\u00f5es, cancelamentos, etc.), tornam obrigat\u00f3rias a informa\u00e7\u00e3o do selo digital e do protocolo do ato origin\u00e1rio ou anterior.<br \/>\u00a71\u00ba &#8211; Para os efeitos deste artigo, quaisquer traslados excedentes ao primeiro equiparam-se \u00e0 certid\u00f5es para todos os fins e efeitos de direito, sendo tamb\u00e9m obrigat\u00f3ria a informa\u00e7\u00e3o do selo digital e do protocolo do primeiro traslado.<br \/>\u00a72\u00ba &#8211; Aplica-se o disposto no par\u00e1grafo anterior \u00e0s segundas vias de certid\u00f5es de nascimento e casamento.<\/p>\n<p class=\"Texto_Justificado\" style=\"text-align: justify;\"><strong>Art. 6\u00ba.<\/strong>\u00a0Para as escrituras, procura\u00e7\u00f5es e testamentos ser\u00e1 obrigat\u00f3rio o envio do teor do documento para o Sigex.<br \/>\u00a71\u00ba &#8211; Para os efeitos deste artigo, o teor deve ser enviado com marca d\u2019\u00e1gua com os seguintes dizeres: CONFIRMA\u00c7\u00c3O DE AUTENTICIDADE DO TEOR (ESTE N\u00c3O SUBSTITUI O ORIGINAL).<\/p>\n<p class=\"Texto_Justificado\" style=\"text-align: justify;\">Art. 7\u00ba. O SIGEX funciona em modo em tempo real (<em>real time<\/em>), ou seja, todo ato praticado dever\u00e1 ser imediatamente registrado no SIGEX e, da mesma forma, as informa\u00e7\u00f5es ser\u00e3o disponibilizados para consulta.<br \/>\u00a71\u00ba &#8211; Qualquer indisponibilidade da Internet, assim que restabelecida, deve ser comunicada \u00e0 Corregedoria, para que justifique o atraso no envio das informa\u00e7\u00f5es dos atos praticados.<br \/>\u00a72\u00ba &#8211; O atraso no envio das informa\u00e7\u00f5es dos atos cartoriais, quando n\u00e3o justificado, poder\u00e1 ser objeto de apura\u00e7\u00e3o disciplinar.<br \/>\u00a73\u00ba &#8211; Todo ato praticado durante a indisponibilidade da Internet, dever\u00e1 ser imediatamente enviado, assim que a comunica\u00e7\u00e3o for restabelecida.<\/p>\n<p class=\"Texto_Justificado\" style=\"text-align: justify;\"><strong>Art. 8\u00ba<\/strong>. O SIGEX possui mecanismo de retifica\u00e7\u00e3o e cancelamento de Selo Digital.<br \/>\u00a71\u00ba. Havendo imperiosa necessidade de retifica\u00e7\u00e3o dos atos de um Selo Digital, dever\u00e1 ser solicitada autoriza\u00e7\u00e3o para tal, informando qual(is) Selo(s) Digital(is) deseja retificar e apresentando a justificativa detalhada. Recebida a autoriza\u00e7\u00e3o, a serventia poder\u00e1, ent\u00e3o, efetuar o envio das informa\u00e7\u00f5es retificadas do selo.<br \/>\u00a72\u00ba. Havendo imperiosa necessidade de cancelamento de um Selo Digital, dever\u00e1 ser informado qual(is) Selo(s) Digital(is) deseja cancelar e apresentar a justificativa detalhada.<br \/>\u00a73\u00ba. A justificativa para atendimento aos par\u00e1grafos anteriores deve ser detalhada, n\u00e3o sendo admitidos termos gen\u00e9ricos, p.ex.: erro da serventia, complementa\u00e7\u00e3o de atos, etc.<br \/>\u00a74\u00ba. O SIGEX possui mecanismo de compensa\u00e7\u00e3o financeira para os atos cancelados e\/ou retificados, de forma que os valores de cancelamento\/retifica\u00e7\u00e3o ser\u00e3o devidamente debitados ou acrescidos, conforme o caso, e contabilizados no processamento mensal.<\/p>\n<p class=\"Texto_Justificado\" style=\"text-align: justify;\"><strong>Art. 9\u00ba.<\/strong>\u00a0O in\u00edcio da opera\u00e7\u00e3o do M\u00f3dulo de Arrecada\u00e7\u00e3o ser\u00e1 em 1\u00ba de janeiro de 2026 e sua implanta\u00e7\u00e3o ocorrer\u00e1 nas seguintes serventias:<br \/>I \u2013 Cart\u00f3rio de Registro Civil e Tabelionato de Notas da sede \u2013 Vila Velha (CNS 02.462-0);<br \/>II &#8211; Cart\u00f3rio de Registro Civil e Tabelionato de Notas do Distrito do Ibes &#8211; Vila Velha (CNS 02.463-8)<br \/>III &#8211; Cart\u00f3rio de Registro Civil e Tabelionato de Notas da 2\u00aa Zona &#8211; Vit\u00f3ria (CNS 02.195-6);<br \/>IV \u2013 Cart\u00f3rio do 3\u00ba Of\u00edcio de Notas &#8211; Vit\u00f3ria (CNS 02.320-0);<br \/>V &#8211; Cart\u00f3rio de Registro Civil e Tabelionato de Notas do Distrito de Praia Grande &#8211; Fund\u00e3o (CNS 02.175-8)<br \/>VI &#8211; Cart\u00f3rio de Registro Civil e Tabelionato de Notas da sede &#8211; Guarapari (CNS 02.272-3)<br \/>VII &#8211; Cart\u00f3rio do 3\u00ba Of\u00edcio de Notas &#8211; Guarapari (CNS 02.172-5);<br \/>VIII \u2013 Cart\u00f3rio de Registro Geral de Im\u00f3veis da 1\u00aa Zona &#8211; Vit\u00f3ria (CNS 02.465-3);<br \/>IX \u2013 Cart\u00f3rio do 1\u00ba Of\u00edcio &#8211; \u00c1gua Doce do Norte (CNS 02.298-8);<br \/>X \u2013 Cart\u00f3rio do 1\u00ba Of\u00edcio &#8211; Alto Rio Novo (CNS 02.169-1);<br \/>XI \u2013 Cart\u00f3rio do 1\u00ba Of\u00edcio &#8211; Barra de S\u00e3o Francisco (CNS 02.302-8);<br \/>XII \u2013 Cart\u00f3rio do 1\u00ba Of\u00edcio &#8211; Concei\u00e7\u00e3o da Barra (CNS 02.162-6);<br \/>XIII \u2013 Cart\u00f3rio do 1\u00ba Of\u00edcio &#8211; Dores do Rio Preto (CNS 02.325-9);<br \/>XIV \u2013 Cart\u00f3rio do 1\u00ba Of\u00edcio &#8211; Ibira\u00e7u (CNS 02.166-7);<br \/>XV \u2013 Cart\u00f3rio do 1\u00ba Of\u00edcio &#8211; Ibitirama (CNS 02.304-4);<br \/>XVI \u2013 Cart\u00f3rio do 1\u00ba Of\u00edcio &#8211; Itagua\u00e7u (CNS 02.328-3);<br \/>XVII \u2013 Cart\u00f3rio do 1\u00ba Of\u00edcio &#8211; Manten\u00f3polis (CNS 02.283-0);<br \/>XVIII \u2013 Cart\u00f3rio do 1\u00ba Of\u00edcio &#8211; Pancas (CNS 02.307-7);<br \/>XIX \u2013 Cart\u00f3rio de Registro Geral de Im\u00f3veis &#8211; Pedro Can\u00e1rio (CNS 02.289-7);<br \/>XX \u2013 Cart\u00f3rio do 1\u00ba Of\u00edcio &#8211; S\u00e3o Jos\u00e9 do Cal\u00e7ado (CNS 02.135-2);<\/p>\n<p class=\"Texto_Justificado\" style=\"text-align: justify;\"><strong>Art. 10<\/strong>. No SIGEX, o Selo Digital ser\u00e1 gerado no sistema da pr\u00f3pria serventia, seguindo as defini\u00e7\u00f5es descritas na Documenta\u00e7\u00e3o da API e com a seguinte regra de forma\u00e7\u00e3o:<br \/>&lt;CNS&gt;.&lt;DATA&gt;.&lt;ATO&gt;.&lt;CONTADOR&gt;.&lt;HASH&gt;<br \/>Onde:<\/p>\n<ul style=\"text-align: justify;\">\n<li>\n<p class=\"Texto_Justificado\">CNS: N\u00famero de CNS da serventia que praticou o ato;<\/p>\n<\/li>\n<li>\n<p class=\"Texto_Justificado\">DATA: Data no formato YYYYMM referente ao ano e m\u00eas que o ato foi praticado;<\/p>\n<\/li>\n<li>\n<p class=\"Texto_Justificado\">ATO: C\u00f3digo do ato principal, acrescido de zeros \u00e0 esquerda, caso necess\u00e1rio, para ter 4 (quatro) caracteres fixos;<\/p>\n<\/li>\n<li>\n<p class=\"Texto_Justificado\">CONTADOR: Contador anual de todos os selos reservados\/utilizados para a serventia no ano. Esse contador \u00e9 incrementado para cada selo utilizado, independente do tipo de ato. O contador deve ser zerado ao come\u00e7ar um novo ano e deve ser acrescido de zeros \u00e0 esquerda, caso necess\u00e1rio, para ter 7 (sete) caracteres fixos, n\u00e3o admitindo quebra na sequ\u00eancia num\u00e9rica;<\/p>\n<\/li>\n<li>\n<p class=\"Texto_Justificado\">HASH: D\u00edgito verificador do selo, criado conforme descri\u00e7\u00e3o contida na documenta\u00e7\u00e3o da API<\/p>\n<\/li>\n<\/ul>\n<p class=\"Texto_Justificado\" style=\"text-align: justify;\">\u00a71\u00ba. A quantidade de selos utilizados pela serventia ser\u00e1 apurada no processamento mensal, quando ent\u00e3o ser\u00e1 gerada a Guia do Poder Judici\u00e1rio, com o valor equivalente ao quantitativo de Selos Digitais utilizados.<\/p>\n<p class=\"Texto_Justificado\" style=\"text-align: justify;\"><strong>Art. 11.<\/strong>\u00a0\u00c9 obrigat\u00f3ria a impress\u00e3o do QRCode em todos os atos praticados, ainda que seja em etiqueta autoadesiva. Caso n\u00e3o seja poss\u00edvel a impress\u00e3o do QRCode, ele deve ser disponibilizado no recibo de atendimento do usu\u00e1rio.<\/p>\n<p class=\"Texto_Justificado\" style=\"text-align: justify;\"><strong>Art. 12.<\/strong>\u00a0Este Provimento entra em vigor na data da sua publica\u00e7\u00e3o.<\/p>\n<p class=\"Texto_Justificado\" style=\"text-align: justify;\"><strong>PUBLIQUE-SE. REGISTRE-SE. CUMPRA-SE.<\/strong><\/p>\n","protected":false},"excerpt":{"rendered":"<p>PROVIMENTO N\u00ba 21\/2025 \u00a0 Disciplina a implanta\u00e7\u00e3o do M\u00f3dulo de Arrecada\u00e7\u00e3o do Sistema de Gest\u00e3o das Serventias Extrajudiciais do Poder Judici\u00e1rio do Estado do Esp\u00edrito Santo \u2013 SIGEX. O Desembargador\u00a0WILLIAN SILVA, Corregedor Geral da Justi\u00e7a do Estado do Esp\u00edrito Santo, no uso de suas atribui\u00e7\u00f5es legais: CONSIDERANDO\u00a0ser a Corregedoria Geral da Justi\u00e7a do Estado do [&hellip;]<\/p>\n","protected":false},"author":19,"featured_media":0,"comment_status":"closed","ping_status":"closed","sticky":false,"template":"","format":"standard","meta":{"footnotes":""},"categories":[14,16],"tags":[],"_links":{"self":[{"href":"https:\/\/www.tjes.jus.br\/corregedoria\/wp-json\/wp\/v2\/posts\/45448"}],"collection":[{"href":"https:\/\/www.tjes.jus.br\/corregedoria\/wp-json\/wp\/v2\/posts"}],"about":[{"href":"https:\/\/www.tjes.jus.br\/corregedoria\/wp-json\/wp\/v2\/types\/post"}],"author":[{"embeddable":true,"href":"https:\/\/www.tjes.jus.br\/corregedoria\/wp-json\/wp\/v2\/users\/19"}],"replies":[{"embeddable":true,"href":"https:\/\/www.tjes.jus.br\/corregedoria\/wp-json\/wp\/v2\/comments?post=45448"}],"version-history":[{"count":2,"href":"https:\/\/www.tjes.jus.br\/corregedoria\/wp-json\/wp\/v2\/posts\/45448\/revisions"}],"predecessor-version":[{"id":45452,"href":"https:\/\/www.tjes.jus.br\/corregedoria\/wp-json\/wp\/v2\/posts\/45448\/revisions\/45452"}],"wp:attachment":[{"href":"https:\/\/www.tjes.jus.br\/corregedoria\/wp-json\/wp\/v2\/media?parent=45448"}],"wp:term":[{"taxonomy":"category","embeddable":true,"href":"https:\/\/www.tjes.jus.br\/corregedoria\/wp-json\/wp\/v2\/categories?post=45448"},{"taxonomy":"post_tag","embeddable":true,"href":"https:\/\/www.tjes.jus.br\/corregedoria\/wp-json\/wp\/v2\/tags?post=45448"}],"curies":[{"name":"wp","href":"https:\/\/api.w.org\/{rel}","templated":true}]}}