{"id":45458,"date":"2025-12-03T13:20:33","date_gmt":"2025-12-03T16:20:33","guid":{"rendered":"https:\/\/www.tjes.jus.br\/corregedoria\/?p=45458"},"modified":"2025-12-03T13:21:08","modified_gmt":"2025-12-03T16:21:08","slug":"ato-no-09-2025-disp-03-12-2025","status":"publish","type":"post","link":"https:\/\/www.tjes.jus.br\/corregedoria\/2025\/12\/03\/ato-no-09-2025-disp-03-12-2025\/","title":{"rendered":"ATO N\u00ba 09\/2025 \u2013 DISP. 03\/12\/2025"},"content":{"rendered":"\n<p style=\"text-align: center;\">CORREGEDORIA GERAL DA JUSTI\u00c7A<\/p>\n<p style=\"text-align: center;\">PODER JUDICI\u00c1RIO<\/p>\n<p style=\"text-align: center;\">ESTADO DO ESP\u00cdRITO SANTO<\/p>\n<p style=\"text-align: justify;\">\u00a0<\/p>\n<p style=\"text-align: center;\" align=\"center\"><strong>ATO n\u00ba 09\/2025<\/strong><\/p>\n<p style=\"text-align: justify;\">\u00a0<\/p>\n<p class=\"western\" style=\"text-align: justify;\" align=\"justify\">O Desembargador\u00a0<strong>WILLIAN SILVA<\/strong>, Corregedor-Geral da Justi\u00e7a do Estado do Esp\u00edrito Santo, no uso de suas atribui\u00e7\u00f5es legais e de acordo com a r. Decis\u00e3o\u00a0exarada nos autos do Processo\u00a0PJECOR N\u00ba 0000472-55.2025.2.00.0808,<\/p>\n<p style=\"text-align: justify;\">\u00a0<\/p>\n<p class=\"western\" style=\"text-align: justify;\" align=\"justify\"><strong>RESOLVE:<\/strong><\/p>\n<p class=\"western\" style=\"text-align: justify;\" align=\"justify\">\u00a0<\/p>\n<p class=\"western\" style=\"text-align: justify;\" align=\"justify\"><strong>DECRETAR INTERVEN\u00c7\u00c3O<\/strong>\u00a0no\u00a0Cart\u00f3rio do\u00a0Protesto de T\u00edtulos e Documentos, Registro de T\u00edtulos e Documentos e Civis das Pessoas Jur\u00eddicas\u00a0da Comarca de\u00a0Pedro Can\u00e1rio\/ES,\u00a0de acordo com o disposto no\u00a0\u00a7 1\u00ba do\u00a0artigo\u00a036, da Lei Federal n\u00ba 8.935\/1994,\u00a0e designar\u00a0<strong>HOFFMAN MATOS DA CONCEI\u00c7\u00c3O<\/strong>, interventor respons\u00e1vel pela serventia at\u00e9 a decis\u00e3o final do Procedimento Administrativo Disciplinar.<\/p>\n<p class=\"western\" style=\"text-align: justify;\" align=\"justify\">\u00a0<\/p>\n<p class=\"western\" style=\"text-align: justify;\" align=\"justify\">Publique-se.<\/p>\n<p class=\"western\" style=\"text-align: justify;\" align=\"justify\">\u00a0<\/p>\n<p class=\"western\" style=\"text-align: justify;\" align=\"justify\">Vit\u00f3ria-ES, 1\u00ba de dezembro de 2025.<\/p>\n<p style=\"text-align: center;\" align=\"center\"><strong>Desembargador<\/strong>\u00a0<strong>WILLIAN SILVA<\/strong><\/p>\n<p style=\"text-align: center;\" align=\"center\"><strong>Corregedor<\/strong><strong>&#8211;<\/strong><strong>Geral da Justi\u00e7a<\/strong><\/p>\n","protected":false},"excerpt":{"rendered":"<p>CORREGEDORIA GERAL DA JUSTI\u00c7A PODER JUDICI\u00c1RIO ESTADO DO ESP\u00cdRITO SANTO \u00a0 ATO n\u00ba 09\/2025 \u00a0 O Desembargador\u00a0WILLIAN SILVA, Corregedor-Geral da Justi\u00e7a do Estado do Esp\u00edrito Santo, no uso de suas atribui\u00e7\u00f5es legais e de acordo com a r. Decis\u00e3o\u00a0exarada nos autos do Processo\u00a0PJECOR N\u00ba 0000472-55.2025.2.00.0808, \u00a0 RESOLVE: \u00a0 DECRETAR INTERVEN\u00c7\u00c3O\u00a0no\u00a0Cart\u00f3rio do\u00a0Protesto de T\u00edtulos e Documentos, [&hellip;]<\/p>\n","protected":false},"author":19,"featured_media":0,"comment_status":"closed","ping_status":"closed","sticky":false,"template":"","format":"standard","meta":{"footnotes":""},"categories":[18,14],"tags":[],"_links":{"self":[{"href":"https:\/\/www.tjes.jus.br\/corregedoria\/wp-json\/wp\/v2\/posts\/45458"}],"collection":[{"href":"https:\/\/www.tjes.jus.br\/corregedoria\/wp-json\/wp\/v2\/posts"}],"about":[{"href":"https:\/\/www.tjes.jus.br\/corregedoria\/wp-json\/wp\/v2\/types\/post"}],"author":[{"embeddable":true,"href":"https:\/\/www.tjes.jus.br\/corregedoria\/wp-json\/wp\/v2\/users\/19"}],"replies":[{"embeddable":true,"href":"https:\/\/www.tjes.jus.br\/corregedoria\/wp-json\/wp\/v2\/comments?post=45458"}],"version-history":[{"count":2,"href":"https:\/\/www.tjes.jus.br\/corregedoria\/wp-json\/wp\/v2\/posts\/45458\/revisions"}],"predecessor-version":[{"id":45460,"href":"https:\/\/www.tjes.jus.br\/corregedoria\/wp-json\/wp\/v2\/posts\/45458\/revisions\/45460"}],"wp:attachment":[{"href":"https:\/\/www.tjes.jus.br\/corregedoria\/wp-json\/wp\/v2\/media?parent=45458"}],"wp:term":[{"taxonomy":"category","embeddable":true,"href":"https:\/\/www.tjes.jus.br\/corregedoria\/wp-json\/wp\/v2\/categories?post=45458"},{"taxonomy":"post_tag","embeddable":true,"href":"https:\/\/www.tjes.jus.br\/corregedoria\/wp-json\/wp\/v2\/tags?post=45458"}],"curies":[{"name":"wp","href":"https:\/\/api.w.org\/{rel}","templated":true}]}}