{"id":45482,"date":"2025-12-09T13:12:56","date_gmt":"2025-12-09T16:12:56","guid":{"rendered":"https:\/\/www.tjes.jus.br\/corregedoria\/?p=45482"},"modified":"2025-12-09T13:15:41","modified_gmt":"2025-12-09T16:15:41","slug":"oficio-circular-cgjes-2948251-2025-disp-09-12-2025","status":"publish","type":"post","link":"https:\/\/www.tjes.jus.br\/corregedoria\/2025\/12\/09\/oficio-circular-cgjes-2948251-2025-disp-09-12-2025\/","title":{"rendered":"OF\u00cdCIO CIRCULAR CGJES\u00a02948251\/2025 \u2013 DISP. 09\/12\/2025"},"content":{"rendered":"\n<p class=\"Texto_Centralizado\" style=\"text-align: center;\"><strong>PODER JUDICI\u00c1RIO DO ESTADO DO ESP\u00cdRITO SANTO &#8211; PJES<\/strong><\/p>\n<p class=\"Texto_Centralizado\" style=\"text-align: center;\"><strong>CORREGEDORIA GERAL DA\u00a0JUSTI\u00c7A<\/strong><\/p>\n<p class=\"Texto_Cabe\u00e7alho\" style=\"text-align: center;\">Av. Jo\u00e3o Batista Parra, n\u00ba\u00a0320, Enseada do Su\u00e1 &#8211; Vit\u00f3ria\/ES<br \/>CEP: 29.050-375 &#8211;\u00a0Telefone: (27) 3145-3100<br \/>\u00a0<\/p>\n<p style=\"text-align: justify;\">\u00a0<\/p>\n<p class=\"Texto_Centralizado_Maiusculas\" style=\"text-align: center;\"><strong>OF\u00cdCIO CIRCULAR CGJES\u00a02948251\/7009306-98.2025.8.08.0000<\/strong><\/p>\n<p style=\"text-align: justify;\">\u00a0<\/p>\n<p class=\"Texto_Justificado\" style=\"text-align: justify;\" data-end=\"643\" data-start=\"503\">O Desembargador\u00a0<strong data-end=\"536\" data-start=\"519\">WILLIAN SILVA<\/strong>, Corregedor-Geral da Justi\u00e7a do Estado do Esp\u00edrito Santo, no uso de suas atribui\u00e7\u00f5es legais e regimentais,<\/p>\n<p style=\"text-align: justify;\">\u00a0<\/p>\n<p class=\"Texto_Justificado\" style=\"text-align: justify;\" data-end=\"902\" data-start=\"645\"><strong data-end=\"661\" data-start=\"645\">CONSIDERANDO<\/strong>\u00a0que a Corregedoria-Geral da Justi\u00e7a \u00e9 \u00f3rg\u00e3o de fiscaliza\u00e7\u00e3o, disciplina e orienta\u00e7\u00e3o administrativa dos servi\u00e7os notariais e de registro, nos termos do art. 35 da Lei Complementar Estadual n\u00ba 234\/2002 e art. 37 da Lei Federal n\u00ba 8.935\/1994;<\/p>\n<p style=\"text-align: justify;\">\u00a0<\/p>\n<p class=\"Texto_Justificado\" style=\"text-align: justify;\" data-end=\"1194\" data-start=\"904\"><strong data-end=\"920\" data-start=\"904\">CONSIDERANDO<\/strong>\u00a0que os servi\u00e7os notariais e de registro s\u00e3o exercidos em car\u00e1ter privado, por delega\u00e7\u00e3o do Poder P\u00fablico, recaindo sobre o delegat\u00e1rio pessoa f\u00edsica a responsabilidade integral pelos atos de gest\u00e3o (art. 236 da Constitui\u00e7\u00e3o Federal, art. 3\u00ba e arts. 21 e 22 da Lei n\u00ba 8.935\/1994);<\/p>\n<p style=\"text-align: justify;\">\u00a0<\/p>\n<p class=\"Texto_Justificado\" style=\"text-align: justify;\" data-end=\"1524\" data-start=\"1196\"><strong data-end=\"1212\" data-start=\"1196\">CONSIDERANDO<\/strong>\u00a0que as serventias extrajudiciais n\u00e3o possuem personalidade jur\u00eddica, sendo a inscri\u00e7\u00e3o no CNPJ instrumento de identifica\u00e7\u00e3o fiscal obrigat\u00f3rio previsto pela Instru\u00e7\u00e3o Normativa RFB n\u00ba 1.863\/2018 e pela IN RFB n\u00ba 2.119\/2022, sem que disso decorra atribui\u00e7\u00e3o de personifica\u00e7\u00e3o \u00e0 unidade;<\/p>\n<p style=\"text-align: justify;\">\u00a0<\/p>\n<p class=\"Texto_Justificado\" style=\"text-align: justify;\" data-end=\"1524\" data-start=\"1196\"><strong data-end=\"1542\" data-start=\"1526\">CONSIDERANDO\u00a0<\/strong>que a utiliza\u00e7\u00e3o de conta banc\u00e1ria vinculada ao CNPJ da serventia, com titularidade do delegat\u00e1rio pessoa f\u00edsica, favorece a segrega\u00e7\u00e3o entre recursos da atividade delegada e patrim\u00f4nio pessoal, refor\u00e7ando a transpar\u00eancia, a fiscaliza\u00e7\u00e3o, a continuidade do servi\u00e7o e a prote\u00e7\u00e3o do interesse p\u00fablico;<\/p>\n<p style=\"text-align: justify;\">\u00a0<\/p>\n<p class=\"Texto_Justificado\" style=\"text-align: justify;\" data-end=\"1524\" data-start=\"1196\"><strong data-end=\"1542\" data-start=\"1526\">CONSIDERANDO\u00a0<\/strong>a jurisprud\u00eancia consolidada do Superior Tribunal de Justi\u00e7a no sentido de que os cart\u00f3rios n\u00e3o possuem personalidade jur\u00eddica, mas que a inscri\u00e7\u00e3o no CNPJ \u00e9 instrumento fiscal v\u00e1lido e renov\u00e1vel a cada titularidade;<\/p>\n<p style=\"text-align: justify;\">\u00a0<\/p>\n<p class=\"Texto_Justificado\" style=\"text-align: justify;\" data-end=\"1524\" data-start=\"1196\"><strong data-end=\"1542\" data-start=\"1526\">CONSIDERANDO\u00a0<\/strong>a decis\u00e3o proferida por esta Corregedoria no SEI n\u00ba 7009306-98.2025.8.08.0000, deferindo a reconsidera\u00e7\u00e3o do Of\u00edcio-Circular CGJES n\u00ba 0357050 de 2020;<\/p>\n<p style=\"text-align: justify;\">\u00a0<\/p>\n<p class=\"Texto_Justificado\" style=\"text-align: justify;\" data-end=\"2727\" data-start=\"2715\"><strong data-end=\"2727\" data-start=\"2715\">RESOLVE:<\/strong><\/p>\n<p style=\"text-align: justify;\">\u00a0<\/p>\n<p class=\"Texto_Justificado\" style=\"text-align: justify;\" data-end=\"2750\" data-start=\"2734\"><strong data-end=\"2748\" data-start=\"2737\">Art. 1\u00ba. AUTORIZAR<\/strong>, a partir da publica\u00e7\u00e3o deste of\u00edcio circular,\u00a0a utiliza\u00e7\u00e3o do CNPJ como elemento de identifica\u00e7\u00e3o fiscal e operacional da serventia extrajudicial, exclusivamente para as finalidades da atividade delegada, sendo vedada a sua utiliza\u00e7\u00e3o para fins pessoais,\u00a0sob pena de caracteriza\u00e7\u00e3o de infra\u00e7\u00e3o grave, podendo, conforme o caso, ensejar a perda da delega\u00e7\u00e3o.<\/p>\n<p style=\"text-align: justify;\">\u00a0<\/p>\n<p class=\"Texto_Justificado\" style=\"text-align: justify;\" data-end=\"2750\" data-start=\"2734\"><strong data-end=\"3695\" data-start=\"3684\">Art. 2\u00ba.\u00a0<\/strong>\u00c9 obrigat\u00f3ria a utiliza\u00e7\u00e3o do CNPJ da serventia extrajudicial em contas banc\u00e1rias para movimenta\u00e7\u00e3o de dep\u00f3sitos pr\u00e9vios e provisionamentos.<\/p>\n<p style=\"text-align: justify;\">\u00a0<\/p>\n<p class=\"Texto_Justificado\" style=\"text-align: justify;\" data-end=\"3697\" data-start=\"3681\"><strong data-end=\"4029\" data-start=\"4018\">Art. 3\u00ba.\u00a0<\/strong>As serventias extrajudiciais ter\u00e3o\u00a0<strong>at\u00e9 1\u00ba de fevereiro de 2026<\/strong>\u00a0para se adequarem ao disposto neste Of\u00edcio-Circular, devendo, at\u00e9 essa mesma data, encaminhar \u00e0 Assessoria de Planejamento e Fiscaliza\u00e7\u00e3o da\u00a0Corregedoria-Geral da Justi\u00e7a e ao\u00a0Ju\u00edzo com compet\u00eancia em Registros P\u00fablicos da Comarca os comprovantes de cria\u00e7\u00e3o das respectivas contas banc\u00e1rias.<\/p>\n<p style=\"text-align: justify;\">\u00a0<\/p>\n<p class=\"Texto_Justificado\" style=\"text-align: justify;\" data-end=\"4358\" data-start=\"4342\"><strong data-end=\"4522\" data-start=\"4511\">Art. 4\u00ba.<\/strong><strong data-end=\"4522\" data-start=\"4511\">\u00a0<\/strong><strong data-end=\"4522\" data-start=\"4511\">Torna-se<\/strong>\u00a0<strong>sem efeito o<\/strong>\u00a0<a href=\"https:\/\/www.tjes.jus.br\/corregedoria\/2020\/04\/24\/oficio-circular-cgjes-0357050-2020-disp-24-04-2020\/\"><strong data-end=\"4642\" data-start=\"4601\">Of\u00edcio-Circular CGJES n\u00ba 0357050\/2020<\/strong><\/a>.<\/p>\n<p style=\"text-align: justify;\">\u00a0<\/p>\n<p class=\"Texto_Justificado\" style=\"text-align: justify;\" data-end=\"4358\" data-start=\"4342\">Publique-se.<\/p>\n<p style=\"text-align: justify;\">\u00a0<\/p>\n<p class=\"Tabela_Texto_Alinhado_Esquerda\" style=\"text-align: justify;\">Vit\u00f3ria\/ES, 18 de novembro de 2025<\/p>\n<p style=\"text-align: justify;\">\u00a0<\/p>\n<p style=\"text-align: center;\"><strong>Desembargador WILLIAN SILVA<\/strong><\/p>\n<p class=\"Texto_Centralizado\" style=\"text-align: center;\"><strong>Corregedor Geral da Justi\u00e7a<\/strong><\/p>\n","protected":false},"excerpt":{"rendered":"<p>PODER JUDICI\u00c1RIO DO ESTADO DO ESP\u00cdRITO SANTO &#8211; PJES CORREGEDORIA GERAL DA\u00a0JUSTI\u00c7A Av. Jo\u00e3o Batista Parra, n\u00ba\u00a0320, Enseada do Su\u00e1 &#8211; Vit\u00f3ria\/ESCEP: 29.050-375 &#8211;\u00a0Telefone: (27) 3145-3100\u00a0 \u00a0 OF\u00cdCIO CIRCULAR CGJES\u00a02948251\/7009306-98.2025.8.08.0000 \u00a0 O Desembargador\u00a0WILLIAN SILVA, Corregedor-Geral da Justi\u00e7a do Estado do Esp\u00edrito Santo, no uso de suas atribui\u00e7\u00f5es legais e regimentais, \u00a0 CONSIDERANDO\u00a0que a Corregedoria-Geral da [&hellip;]<\/p>\n","protected":false},"author":19,"featured_media":0,"comment_status":"closed","ping_status":"closed","sticky":false,"template":"","format":"standard","meta":{"footnotes":""},"categories":[14,5],"tags":[],"_links":{"self":[{"href":"https:\/\/www.tjes.jus.br\/corregedoria\/wp-json\/wp\/v2\/posts\/45482"}],"collection":[{"href":"https:\/\/www.tjes.jus.br\/corregedoria\/wp-json\/wp\/v2\/posts"}],"about":[{"href":"https:\/\/www.tjes.jus.br\/corregedoria\/wp-json\/wp\/v2\/types\/post"}],"author":[{"embeddable":true,"href":"https:\/\/www.tjes.jus.br\/corregedoria\/wp-json\/wp\/v2\/users\/19"}],"replies":[{"embeddable":true,"href":"https:\/\/www.tjes.jus.br\/corregedoria\/wp-json\/wp\/v2\/comments?post=45482"}],"version-history":[{"count":2,"href":"https:\/\/www.tjes.jus.br\/corregedoria\/wp-json\/wp\/v2\/posts\/45482\/revisions"}],"predecessor-version":[{"id":45486,"href":"https:\/\/www.tjes.jus.br\/corregedoria\/wp-json\/wp\/v2\/posts\/45482\/revisions\/45486"}],"wp:attachment":[{"href":"https:\/\/www.tjes.jus.br\/corregedoria\/wp-json\/wp\/v2\/media?parent=45482"}],"wp:term":[{"taxonomy":"category","embeddable":true,"href":"https:\/\/www.tjes.jus.br\/corregedoria\/wp-json\/wp\/v2\/categories?post=45482"},{"taxonomy":"post_tag","embeddable":true,"href":"https:\/\/www.tjes.jus.br\/corregedoria\/wp-json\/wp\/v2\/tags?post=45482"}],"curies":[{"name":"wp","href":"https:\/\/api.w.org\/{rel}","templated":true}]}}