{"id":45493,"date":"2025-12-09T13:29:39","date_gmt":"2025-12-09T16:29:39","guid":{"rendered":"https:\/\/www.tjes.jus.br\/corregedoria\/?p=45493"},"modified":"2025-12-09T13:30:36","modified_gmt":"2025-12-09T16:30:36","slug":"circular-geral-de-vacancias-cmfe-n-o-024-2025-disp-09-12-2025","status":"publish","type":"post","link":"https:\/\/www.tjes.jus.br\/corregedoria\/2025\/12\/09\/circular-geral-de-vacancias-cmfe-n-o-024-2025-disp-09-12-2025\/","title":{"rendered":"CIRCULAR GERAL DE VAC\u00c2NCIAS CMFE N.\u00ba 024\/2025 \u2013 DISP. 09\/12\/2025"},"content":{"rendered":"\n<p style=\"text-align: center;\" align=\"center\"><strong>ESTADO DO ESP\u00cdRITO SANTO<\/strong><\/p>\n<p style=\"text-align: center;\" align=\"center\"><strong>PODER JUDICI\u00c1RIO<\/strong><\/p>\n<p style=\"text-align: center;\" align=\"center\"><strong>CORREGEDORIA GERAL DA JUSTI\u00c7A<\/strong><\/p>\n<p style=\"text-align: justify;\">\u00a0<\/p>\n<p style=\"text-align: center;\" align=\"center\"><strong>CIRCULAR GERAL DE VAC\u00c2NCIAS CMFE N.\u00ba 024\/2025<\/strong><\/p>\n<p style=\"text-align: justify;\" align=\"center\">\u00a0<\/p>\n<p style=\"text-align: justify;\">\u00a0<\/p>\n<p style=\"text-align: justify;\" align=\"justify\">O\u00a0<strong>Desembargador WILLIAN SILVA<\/strong>, Corregedor Geral da Justi\u00e7a do Estado do Esp\u00edrito Santo, no uso de suas atribui\u00e7\u00f5es e,<\/p>\n<p style=\"text-align: justify;\">\u00a0<\/p>\n<p style=\"text-align: justify;\" align=\"justify\"><strong>CONSIDERANDO\u00a0<\/strong>que a Corregedoria Geral da Justi\u00e7a \u00e9 \u00f3rg\u00e3o de fiscaliza\u00e7\u00e3o, disciplina e orienta\u00e7\u00e3o administrativa do foro extrajudicial, com circunscri\u00e7\u00e3o em todo o Estado, conforme art. 35 da Lei Complementar Estadual n.\u00ba 234\/2002 (COJES) c\/c art. 37 da Lei 9.835\/94 (LNR);<\/p>\n<p style=\"text-align: justify;\">\u00a0<\/p>\n<p style=\"text-align: justify;\" align=\"justify\"><strong>CONSIDERANDO\u00a0<\/strong>o disposto nos \u00a7 3\u00ba do art. 11 da Resolu\u00e7\u00e3o 80, \u00a7 2\u00ba do art. 2\u00ba da Resolu\u00e7\u00e3o n.\u00ba 81, ambas do Conselho Nacional de Justi\u00e7a; bem como na Ordem de Servi\u00e7o n.\u00ba 001\/2014 da Corregedoria Geral da Justi\u00e7a deste Estado;<\/p>\n<p style=\"text-align: justify;\">\u00a0<\/p>\n<p style=\"text-align: justify;\" align=\"justify\"><strong>CONSIDERANDO\u00a0<\/strong>a Decis\u00e3o proferida no\u00a0pedido de provid\u00eancias n\u00ba 0001331-70.2025.2.00.0000, do Conselho Nacional de Justi\u00e7a, bem como a Decis\u00e3o\/Of\u00edcio\u00a0SEI n\u00ba\u00a02964294\/7004076-75.2025.8.08.0000.<\/p>\n<p style=\"text-align: justify;\">\u00a0<\/p>\n<p style=\"text-align: justify;\" align=\"justify\"><strong>RESOLVE:<\/strong><\/p>\n<p style=\"text-align: justify;\">\u00a0<\/p>\n<p style=\"text-align: justify;\" align=\"justify\"><strong>TORNAR P\u00daBLICA\u00a0<\/strong>a Rela\u00e7\u00e3o Geral de Vac\u00e2ncia das Delega\u00e7\u00f5es para a Atividade Notarial e de Registro do Estado do Esp\u00edrito Santo e que se encontram aptas a serem oferecidas em concurso p\u00fablico, respeitado o crit\u00e9rio de ingresso na rela\u00e7\u00e3o (provimento ou remo\u00e7\u00e3o), conforme Anexo I que acompanha a presente Circular,\u00a0<strong>atualizada\u00a0<\/strong><strong>at\u00e9\u00a0<\/strong><strong>01\/12<\/strong><strong>\/2025.<\/strong><\/p>\n<p style=\"text-align: justify;\">\u00a0<\/p>\n<p style=\"text-align: justify;\" align=\"justify\">A rela\u00e7\u00e3o geral de vac\u00e2ncias ser\u00e1 publicada no Di\u00e1rio da Justi\u00e7a Eletr\u00f4nico (e-Di\u00e1rio) pelo prazo de 05 (cinco) dias \u00fateis consecutivos, e poder\u00e1 ser impugnada no prazo de 15 (quinze) dias contados do encerramento da divulga\u00e7\u00e3o.<\/p>\n<p style=\"text-align: justify;\">\u00a0<\/p>\n<p style=\"text-align: justify;\" align=\"justify\"><strong>Publique-se. Cumpra-se.<\/strong><\/p>\n<p style=\"text-align: justify;\">\u00a0<\/p>\n<p style=\"text-align: justify;\" align=\"justify\">Vit\u00f3ria\/ES, 01 de dezembro de 2025.<\/p>\n<p style=\"text-align: justify;\" align=\"justify\">\u00a0<\/p>\n<p style=\"text-align: justify;\">\u00a0<\/p>\n<p style=\"text-align: justify;\">\u00a0<\/p>\n<p style=\"text-align: center;\" align=\"center\"><strong>Desembargador WILLIAN SILVA<\/strong><\/p>\n<p style=\"text-align: center;\" align=\"center\"><strong>Corregedor Geral da Justi\u00e7a<\/strong><\/p>\n<p style=\"text-align: justify;\">\u00a0<\/p>\n<p style=\"text-align: justify;\">\u00a0<\/p>\n<p style=\"text-align: center;\" align=\"center\"><strong><a href=\"https:\/\/sistemas.tjes.jus.br\/ediario\/images\/RGV_24_2025.pdf\">ANEXO I &#8211; CLIQUE AQUI<\/a><\/strong><\/p>\n","protected":false},"excerpt":{"rendered":"<p>ESTADO DO ESP\u00cdRITO SANTO PODER JUDICI\u00c1RIO CORREGEDORIA GERAL DA JUSTI\u00c7A \u00a0 CIRCULAR GERAL DE VAC\u00c2NCIAS CMFE N.\u00ba 024\/2025 \u00a0 \u00a0 O\u00a0Desembargador WILLIAN SILVA, Corregedor Geral da Justi\u00e7a do Estado do Esp\u00edrito Santo, no uso de suas atribui\u00e7\u00f5es e, \u00a0 CONSIDERANDO\u00a0que a Corregedoria Geral da Justi\u00e7a \u00e9 \u00f3rg\u00e3o de fiscaliza\u00e7\u00e3o, disciplina e orienta\u00e7\u00e3o administrativa do foro [&hellip;]<\/p>\n","protected":false},"author":19,"featured_media":0,"comment_status":"closed","ping_status":"closed","sticky":false,"template":"","format":"standard","meta":{"footnotes":""},"categories":[17,14],"tags":[],"_links":{"self":[{"href":"https:\/\/www.tjes.jus.br\/corregedoria\/wp-json\/wp\/v2\/posts\/45493"}],"collection":[{"href":"https:\/\/www.tjes.jus.br\/corregedoria\/wp-json\/wp\/v2\/posts"}],"about":[{"href":"https:\/\/www.tjes.jus.br\/corregedoria\/wp-json\/wp\/v2\/types\/post"}],"author":[{"embeddable":true,"href":"https:\/\/www.tjes.jus.br\/corregedoria\/wp-json\/wp\/v2\/users\/19"}],"replies":[{"embeddable":true,"href":"https:\/\/www.tjes.jus.br\/corregedoria\/wp-json\/wp\/v2\/comments?post=45493"}],"version-history":[{"count":2,"href":"https:\/\/www.tjes.jus.br\/corregedoria\/wp-json\/wp\/v2\/posts\/45493\/revisions"}],"predecessor-version":[{"id":45495,"href":"https:\/\/www.tjes.jus.br\/corregedoria\/wp-json\/wp\/v2\/posts\/45493\/revisions\/45495"}],"wp:attachment":[{"href":"https:\/\/www.tjes.jus.br\/corregedoria\/wp-json\/wp\/v2\/media?parent=45493"}],"wp:term":[{"taxonomy":"category","embeddable":true,"href":"https:\/\/www.tjes.jus.br\/corregedoria\/wp-json\/wp\/v2\/categories?post=45493"},{"taxonomy":"post_tag","embeddable":true,"href":"https:\/\/www.tjes.jus.br\/corregedoria\/wp-json\/wp\/v2\/tags?post=45493"}],"curies":[{"name":"wp","href":"https:\/\/api.w.org\/{rel}","templated":true}]}}