{"id":45660,"date":"2025-12-16T13:14:50","date_gmt":"2025-12-16T16:14:50","guid":{"rendered":"https:\/\/www.tjes.jus.br\/corregedoria\/?p=45660"},"modified":"2025-12-16T13:15:30","modified_gmt":"2025-12-16T16:15:30","slug":"oficio-circular-cgjes-2973672-2025-disp-16-12-2025","status":"publish","type":"post","link":"https:\/\/www.tjes.jus.br\/corregedoria\/2025\/12\/16\/oficio-circular-cgjes-2973672-2025-disp-16-12-2025\/","title":{"rendered":"OF\u00cdCIO CIRCULAR CGJES\u00a02973672\/2025 \u2013 DISP. 16\/12\/2025"},"content":{"rendered":"\n<p class=\"Texto_Centralizado_Maiusculas\" style=\"text-align: center;\"><strong>OF\u00cdCIO CIRCULAR CGJES\u00a02973672\/7009428-14.2025.8.08.0000<\/strong><\/p>\n<p style=\"text-align: justify;\">\u00a0<\/p>\n<p class=\"Texto_Justificado\" style=\"text-align: justify;\" data-end=\"643\" data-start=\"503\">O Desembargador\u00a0<strong data-end=\"536\" data-start=\"519\">WILLIAN SILVA<\/strong>, Corregedor-Geral da Justi\u00e7a do Estado do Esp\u00edrito Santo, no uso de suas atribui\u00e7\u00f5es legais e regimentais,<\/p>\n<p style=\"text-align: justify;\">\u00a0<\/p>\n<p class=\"Texto_Justificado\" style=\"text-align: justify;\" data-end=\"902\" data-start=\"645\"><strong data-end=\"661\" data-start=\"645\">CONSIDERANDO<\/strong>\u00a0que a Corregedoria-Geral da Justi\u00e7a \u00e9 \u00f3rg\u00e3o de fiscaliza\u00e7\u00e3o, disciplina e orienta\u00e7\u00e3o administrativa dos servi\u00e7os notariais e de registro, nos termos do art. 35 da Lei Complementar Estadual n\u00ba 234\/2002 e art. 37 da Lei Federal n\u00ba 8.935\/1994;<\/p>\n<p class=\"Texto_Justificado\" style=\"text-align: justify;\" data-end=\"1194\" data-start=\"904\"><strong data-end=\"920\" data-start=\"904\">CONSIDERANDO<\/strong>\u00a0que os servi\u00e7os notariais e de registro s\u00e3o exercidos em car\u00e1ter privado, por delega\u00e7\u00e3o do Poder P\u00fablico;<\/p>\n<p class=\"Texto_Justificado\" style=\"text-align: justify;\" data-end=\"1524\" data-start=\"1196\"><strong data-end=\"1212\" data-start=\"1196\">CONSIDERANDO<\/strong>\u00a0que \u00e0s serventias extrajudiciais incumbem anota\u00e7\u00e3o, averba\u00e7\u00e3o ou registro que vincule matr\u00edculas imobili\u00e1rias<strong>;<\/strong><\/p>\n<p class=\"Texto_Justificado\" style=\"text-align: justify;\" data-end=\"1524\" data-start=\"1196\"><strong data-end=\"1542\" data-start=\"1526\">CONSIDERANDO\u00a0<\/strong>a necessidade de observ\u00e2ncia \u00e0 reserva legal visando a cria\u00e7\u00e3o de mecanismos tecnol\u00f3gicos destinados \u00e0 otimiza\u00e7\u00e3o dos servi\u00e7os registrais imobili\u00e1rios;<\/p>\n<p class=\"Texto_Justificado\" style=\"text-align: justify;\" data-end=\"1524\" data-start=\"1196\"><strong data-end=\"1542\" data-start=\"1526\">CONSIDERANDO\u00a0<\/strong>a decis\u00e3o proferida por esta Corregedoria no SEI n\u00ba 7007009428-14.2025.8.08.0000;<\/p>\n<p style=\"text-align: justify;\">\u00a0<\/p>\n<p class=\"Texto_Justificado\" style=\"text-align: justify;\" data-end=\"2727\" data-start=\"2715\"><strong data-end=\"2727\" data-start=\"2715\">RESOLVE:<\/strong><\/p>\n<p class=\"Texto_Justificado\" style=\"text-align: justify;\" data-end=\"2750\" data-start=\"2734\"><strong data-end=\"2748\" data-start=\"2737\">Art. 1\u00ba. DETERMINAR<\/strong>, a partir da publica\u00e7\u00e3o deste of\u00edcio circular, que os Oficiais de<strong>\u00a0t<\/strong><strong>odas as serventias extrajudiciais do Estado do Esp\u00edrito Santo se abstenham de qualquer anota\u00e7\u00e3o, averba\u00e7\u00e3o ou registro que vincule a matr\u00edcula imobili\u00e1ria a\u00a0<\/strong><strong><em>tokens<\/em><\/strong><strong>\u00a0digitais, representa\u00e7\u00f5es em<em>\u00a0blockchain<\/em>\u00a0ou qualquer outro instrumento extrarregistral, com ou sem pretens\u00e3o de representar a titularidade do dom\u00ednio<\/strong>.<\/p>\n<p style=\"text-align: justify;\">\u00a0<\/p>\n<p class=\"Texto_Justificado\" style=\"text-align: justify;\" data-end=\"4358\" data-start=\"4342\">Publique-se.<\/p>\n<p class=\"Tabela_Texto_Alinhado_Esquerda\" style=\"text-align: justify;\">Vit\u00f3ria\/ES, 04 de dezembro de 2025.<\/p>\n<p style=\"text-align: justify;\">\u00a0<\/p>\n<p class=\"Texto_Centralizado\" style=\"text-align: center;\"><strong>Corregedor Geral da Justi\u00e7a<\/strong><\/p>\n","protected":false},"excerpt":{"rendered":"<p>OF\u00cdCIO CIRCULAR CGJES\u00a02973672\/7009428-14.2025.8.08.0000 \u00a0 O Desembargador\u00a0WILLIAN SILVA, Corregedor-Geral da Justi\u00e7a do Estado do Esp\u00edrito Santo, no uso de suas atribui\u00e7\u00f5es legais e regimentais, \u00a0 CONSIDERANDO\u00a0que a Corregedoria-Geral da Justi\u00e7a \u00e9 \u00f3rg\u00e3o de fiscaliza\u00e7\u00e3o, disciplina e orienta\u00e7\u00e3o administrativa dos servi\u00e7os notariais e de registro, nos termos do art. 35 da Lei Complementar Estadual n\u00ba 234\/2002 e [&hellip;]<\/p>\n","protected":false},"author":19,"featured_media":0,"comment_status":"closed","ping_status":"closed","sticky":false,"template":"","format":"standard","meta":{"footnotes":""},"categories":[14,5],"tags":[],"_links":{"self":[{"href":"https:\/\/www.tjes.jus.br\/corregedoria\/wp-json\/wp\/v2\/posts\/45660"}],"collection":[{"href":"https:\/\/www.tjes.jus.br\/corregedoria\/wp-json\/wp\/v2\/posts"}],"about":[{"href":"https:\/\/www.tjes.jus.br\/corregedoria\/wp-json\/wp\/v2\/types\/post"}],"author":[{"embeddable":true,"href":"https:\/\/www.tjes.jus.br\/corregedoria\/wp-json\/wp\/v2\/users\/19"}],"replies":[{"embeddable":true,"href":"https:\/\/www.tjes.jus.br\/corregedoria\/wp-json\/wp\/v2\/comments?post=45660"}],"version-history":[{"count":2,"href":"https:\/\/www.tjes.jus.br\/corregedoria\/wp-json\/wp\/v2\/posts\/45660\/revisions"}],"predecessor-version":[{"id":45663,"href":"https:\/\/www.tjes.jus.br\/corregedoria\/wp-json\/wp\/v2\/posts\/45660\/revisions\/45663"}],"wp:attachment":[{"href":"https:\/\/www.tjes.jus.br\/corregedoria\/wp-json\/wp\/v2\/media?parent=45660"}],"wp:term":[{"taxonomy":"category","embeddable":true,"href":"https:\/\/www.tjes.jus.br\/corregedoria\/wp-json\/wp\/v2\/categories?post=45660"},{"taxonomy":"post_tag","embeddable":true,"href":"https:\/\/www.tjes.jus.br\/corregedoria\/wp-json\/wp\/v2\/tags?post=45660"}],"curies":[{"name":"wp","href":"https:\/\/api.w.org\/{rel}","templated":true}]}}