{"id":45896,"date":"2026-01-14T13:07:39","date_gmt":"2026-01-14T16:07:39","guid":{"rendered":"https:\/\/www.tjes.jus.br\/corregedoria\/?p=45896"},"modified":"2026-01-14T13:09:21","modified_gmt":"2026-01-14T16:09:21","slug":"ato-normativo-no-002-2026-disp-14-01-2026","status":"publish","type":"post","link":"https:\/\/www.tjes.jus.br\/corregedoria\/2026\/01\/14\/ato-normativo-no-002-2026-disp-14-01-2026\/","title":{"rendered":"ATO NORMATIVO N\u00ba 002\/2026 \u2013 DISP. 14\/01\/2026"},"content":{"rendered":"\n<p style=\"text-align: center;\"><strong>PODER JUDICI\u00c1RIO DO ESTADO DO ESP\u00cdRITO SANTO &#8211; PJES<\/strong><\/p>\n<p style=\"text-align: center;\">RUA DESEMBARGADOR HOMERO MAFRA,60 &#8211; Bairro ENSEADA DO SU\u00c1 &#8211; CEP 29050906 &#8211; Vit\u00f3ria &#8211; ES &#8211; www.tjes.jus.br<\/p>\n<p style=\"text-align: justify;\">\u00a0<\/p>\n<p style=\"text-align: justify;\">\u00a0<\/p>\n<p style=\"text-align: center;\"><strong>ATO NORMATIVO N\u00ba 002\/2026<\/strong><\/p>\n<p style=\"text-align: justify;\">\u00a0<\/p>\n<p style=\"text-align: center;\"><strong>COORDENADORIA ESTADUAL DA MULHER EM SITUACAO DE VIOLENCIA DOMESTICA E FAMILIAR<\/strong><\/p>\n<p style=\"text-align: justify;\">\u00a0<\/p>\n<p style=\"text-align: justify;\">\u00a0<\/p>\n<p style=\"text-align: justify;\">Processo n\u00ba: 7012039-37.2025.8.08.0000<\/p>\n<p style=\"text-align: justify;\">\u00a0<\/p>\n<p style=\"text-align: justify;\">A Presidente do Tribunal de Justi\u00e7a do Estado do Esp\u00edrito Santo, Desembargadora JANETE VARGAS SIM\u00d5ES, no uso de suas atribui\u00e7\u00f5es legais e regimentais,<\/p>\n<p style=\"text-align: justify;\">\u00a0<\/p>\n<p style=\"text-align: justify;\"><strong>CONSIDERANDO<\/strong>\u00a0a reestrutura\u00e7\u00e3o da Coordenadoria Estadual da Mulher em Situa\u00e7\u00e3o de Viol\u00eancia Dom\u00e9stica e Familiar promovida pela Lei Complementar Estadual n\u00ba 1.113, de 2025;<\/p>\n<p style=\"text-align: justify;\">\u00a0<\/p>\n<p style=\"text-align: justify;\"><strong>CONSIDERANDO<\/strong>\u00a0o disposto no artigo 4\u00ba, \u00a71\u00ba, da Resolu\u00e7\u00e3o n\u00ba 254\/2018 do Conselho Nacional de Justi\u00e7a (CNJ), que faculta a institui\u00e7\u00e3o de Grupo de Trabalho para prestar apoio estrat\u00e9gico e operacional \u00e0 Coordenadoria;<\/p>\n<p style=\"text-align: justify;\">\u00a0<\/p>\n<p style=\"text-align: justify;\"><strong>CONSIDERANDO<\/strong>\u00a0a Recomenda\u00e7\u00e3o n\u00ba 124\/2022 do CNJ, que orienta a implementa\u00e7\u00e3o de programas de reflex\u00e3o e responsabiliza\u00e7\u00e3o para autores de viol\u00eancia dom\u00e9stica e familiar;<\/p>\n<p style=\"text-align: justify;\">\u00a0<\/p>\n<p style=\"text-align: justify;\"><strong>CONSIDERANDO<\/strong>\u00a0o disposto no Processo SEI n\u00ba 7012039-37.2025.8.08.0000, subscrito pela Supervisora da Coordenadoria das Varas de Viol\u00eancia Dom\u00e9stica e Familiar contra a Mulher, Desembargadora RACHEL DUR\u00c3O CORREIA LIMA, que solicita a cria\u00e7\u00e3o do referido Grupo de Trabalho, visando dar suporte estrat\u00e9gico e operacional \u00e0s atividades da Coordenadoria;<\/p>\n<p style=\"text-align: justify;\">\u00a0<\/p>\n<p style=\"text-align: justify;\"><strong>CONSIDERANDO<\/strong>\u00a0a necessidade de aprimoramento dos indicadores de desempenho da Justi\u00e7a Estadual e de refor\u00e7o do compromisso com o cumprimento das Metas Nacionais e a excel\u00eancia na presta\u00e7\u00e3o jurisdicional na \u00e1rea;<\/p>\n<p style=\"text-align: justify;\">\u00a0<\/p>\n<p style=\"text-align: justify;\"><strong>RESOLVE:<\/strong><\/p>\n<p style=\"text-align: justify;\">\u00a0<\/p>\n<p style=\"text-align: justify;\"><strong>Art. 1\u00ba.<\/strong>\u00a0Fica institu\u00eddo o Grupo de Trabalho de Apoio Estrat\u00e9gico e Operacional \u00e0 Coordenadoria Estadual da Mulher em Situa\u00e7\u00e3o de Viol\u00eancia Dom\u00e9stica e Familiar do Tribunal de Justi\u00e7a do Estado do Esp\u00edrito Santo (TJES).<\/p>\n<p style=\"text-align: justify;\">\u00a0<\/p>\n<p style=\"text-align: justify;\"><strong>Par\u00e1grafo \u00fanico.<\/strong>\u00a0O Grupo de Trabalho ter\u00e1 como finalidade:<\/p>\n<p style=\"text-align: justify;\"><strong>I<\/strong>\u00a0\u2013 Prestar suporte estrat\u00e9gico e operacional \u00e0 Coordenadoria para a efetiva\u00e7\u00e3o de suas diretrizes;<\/p>\n<p style=\"text-align: justify;\"><strong>II<\/strong>\u00a0\u2013 Auxiliar na implementa\u00e7\u00e3o dos programas de reflex\u00e3o, conscientiza\u00e7\u00e3o e responsabiliza\u00e7\u00e3o para autores de viol\u00eancia dom\u00e9stica e familiar (Recomenda\u00e7\u00e3o CNJ n\u00ba 124\/2022);<\/p>\n<p style=\"text-align: justify;\"><strong>III<\/strong>\u00a0\u2013 Colaborar na elabora\u00e7\u00e3o de estudos, protocolos e indicadores de desempenho para as Varas especializadas.<\/p>\n<p style=\"text-align: justify;\">\u00a0<\/p>\n<p style=\"text-align: justify;\">\u00a0<\/p>\n<p style=\"text-align: justify;\"><strong>Art. 2\u00ba.<\/strong>\u00a0O Grupo de Trabalho ser\u00e1 composto pelos seguintes membros, sob a supervis\u00e3o da Coordenadoria:<\/p>\n<p style=\"text-align: justify;\">\u00a0<\/p>\n<p style=\"text-align: justify;\"><strong>I<\/strong>\u00a0\u2013 BRUNELLA FAUSTINI BAGLIOLI, Ju\u00edza de Direito Titular da 1\u00aa Vara Especializada em Viol\u00eancia Dom\u00e9stica e Familiar contra a Mulher de Vit\u00f3ria, atuando na condi\u00e7\u00e3o de Ju\u00edza Auxiliar da Presid\u00eancia;<\/p>\n<p style=\"text-align: justify;\"><strong>II<\/strong>\u00a0\u2013 LUCIANNE KEIJOK SPITZ COSTA, Ju\u00edza de Direito Titular da 5\u00aa Vara Criminal de Vila Velha \u2013 Especializada em Viol\u00eancia Dom\u00e9stica e Familiar contra a Mulher;<\/p>\n<p style=\"text-align: justify;\"><strong>III<\/strong>\u00a0\u2013 MARCO AUR\u00c9LIO SOARES PEREIRA, Juiz de Direito da 6\u00aa Vara Criminal da Serra \u2013 Especializada em Viol\u00eancia Dom\u00e9stica e Familiar contra a Mulher;<\/p>\n<p style=\"text-align: justify;\"><strong>IV<\/strong>\u00a0\u2013 EN\u00c9AS JOS\u00c9 FERREIRA MIRANDA, Juiz de Direito da 5\u00aa Vara Criminal de Cariacica \u2013 Especializada em Viol\u00eancia Dom\u00e9stica e Familiar contra a Mulher.<\/p>\n<p style=\"text-align: justify;\">\u00a0<\/p>\n<p style=\"text-align: justify;\">\u00a0<\/p>\n<p style=\"text-align: justify;\"><strong>Art. 3\u00ba.\u00a0<\/strong>A participa\u00e7\u00e3o dos magistrados no Grupo de Trabalho ser\u00e1 considerada de relevante interesse para o servi\u00e7o judici\u00e1rio.<\/p>\n<p style=\"text-align: justify;\">\u00a0<\/p>\n<p style=\"text-align: justify;\"><strong>Par\u00e1grafo \u00fanico<\/strong>. Ser\u00e1 assegurado aos membros do Grupo o direito \u00e0 licen\u00e7a compensat\u00f3ria na propor\u00e7\u00e3o de 01 (um) dia a cada 30 (trinta) dias de trabalho dedicado \u00e0s atividades do Grupo, em conformidade com o artigo 6\u00ba da <a href=\"https:\/\/www.tjes.jus.br\/corregedoria\/2025\/11\/25\/resolucao-no-053-2025-disp-25-11-2025\/\">Resolu\u00e7\u00e3o TJES n\u00ba 053\/2025<\/a>.<\/p>\n<p style=\"text-align: justify;\">\u00a0<\/p>\n<p style=\"text-align: justify;\">\u00a0<\/p>\n<p style=\"text-align: justify;\"><strong>Art. 4\u00ba.<\/strong>\u00a0Este Ato Normativo entra em vigor na data de sua publica\u00e7\u00e3o.<\/p>\n<p style=\"text-align: justify;\">\u00a0<\/p>\n<p style=\"text-align: justify;\">\u00a0<\/p>\n<p style=\"text-align: justify;\"><strong>Art. 5\u00ba.<\/strong>\u00a0D\u00ea-se ci\u00eancia e registre-se.<\/p>\n<p style=\"text-align: justify;\">\u00a0<\/p>\n<p style=\"text-align: justify;\">Vit\u00f3ria, 16 de dezembro de 2025.<\/p>\n<p style=\"text-align: justify;\">\u00a0<\/p>\n<p style=\"text-align: justify;\">\u00a0<\/p>\n<p style=\"text-align: center;\">Desembargadora JANETE VARGAS SIM\u00d5ES<br \/><strong>Presidente do Tribunal de Justi\u00e7a do Estado do Esp\u00edrito Santo<\/strong><\/p>\n","protected":false},"excerpt":{"rendered":"<p>PODER JUDICI\u00c1RIO DO ESTADO DO ESP\u00cdRITO SANTO &#8211; PJES RUA DESEMBARGADOR HOMERO MAFRA,60 &#8211; Bairro ENSEADA DO SU\u00c1 &#8211; CEP 29050906 &#8211; Vit\u00f3ria &#8211; ES &#8211; www.tjes.jus.br \u00a0 \u00a0 ATO NORMATIVO N\u00ba 002\/2026 \u00a0 COORDENADORIA ESTADUAL DA MULHER EM SITUACAO DE VIOLENCIA DOMESTICA E FAMILIAR \u00a0 \u00a0 Processo n\u00ba: 7012039-37.2025.8.08.0000 \u00a0 A Presidente do Tribunal [&hellip;]<\/p>\n","protected":false},"author":19,"featured_media":0,"comment_status":"closed","ping_status":"closed","sticky":false,"template":"","format":"standard","meta":{"footnotes":""},"categories":[4,14],"tags":[],"_links":{"self":[{"href":"https:\/\/www.tjes.jus.br\/corregedoria\/wp-json\/wp\/v2\/posts\/45896"}],"collection":[{"href":"https:\/\/www.tjes.jus.br\/corregedoria\/wp-json\/wp\/v2\/posts"}],"about":[{"href":"https:\/\/www.tjes.jus.br\/corregedoria\/wp-json\/wp\/v2\/types\/post"}],"author":[{"embeddable":true,"href":"https:\/\/www.tjes.jus.br\/corregedoria\/wp-json\/wp\/v2\/users\/19"}],"replies":[{"embeddable":true,"href":"https:\/\/www.tjes.jus.br\/corregedoria\/wp-json\/wp\/v2\/comments?post=45896"}],"version-history":[{"count":2,"href":"https:\/\/www.tjes.jus.br\/corregedoria\/wp-json\/wp\/v2\/posts\/45896\/revisions"}],"predecessor-version":[{"id":45899,"href":"https:\/\/www.tjes.jus.br\/corregedoria\/wp-json\/wp\/v2\/posts\/45896\/revisions\/45899"}],"wp:attachment":[{"href":"https:\/\/www.tjes.jus.br\/corregedoria\/wp-json\/wp\/v2\/media?parent=45896"}],"wp:term":[{"taxonomy":"category","embeddable":true,"href":"https:\/\/www.tjes.jus.br\/corregedoria\/wp-json\/wp\/v2\/categories?post=45896"},{"taxonomy":"post_tag","embeddable":true,"href":"https:\/\/www.tjes.jus.br\/corregedoria\/wp-json\/wp\/v2\/tags?post=45896"}],"curies":[{"name":"wp","href":"https:\/\/api.w.org\/{rel}","templated":true}]}}