{"id":45902,"date":"2026-01-14T13:17:11","date_gmt":"2026-01-14T16:17:11","guid":{"rendered":"https:\/\/www.tjes.jus.br\/corregedoria\/?p=45902"},"modified":"2026-04-16T13:36:37","modified_gmt":"2026-04-16T16:36:37","slug":"ato-normativo-no-001-2026-disp-14-01-2026-republicacao","status":"publish","type":"post","link":"https:\/\/www.tjes.jus.br\/corregedoria\/2026\/01\/14\/ato-normativo-no-001-2026-disp-14-01-2026-republicacao\/","title":{"rendered":"ATO NORMATIVO N\u00ba 001\/2026 \u2013 DISP. 14\/01\/2026 \u2013 REPUBLICA\u00c7\u00c3O \u2013 ALTERADO"},"content":{"rendered":"\n<div class=\"override-text\" align=\"center\">\n<h4><span style=\"color: #ff0000;\"><strong>ALTERADO PELO\u00a0<a href=\"https:\/\/www.tjes.jus.br\/corregedoria\/2026\/04\/16\/ato-normativo-no-056-2026-disp-16-04-2026\/\">ATO NORMATIVO N\u00ba 056\/2026<\/a> DISP. 16\/04\/2026<\/strong><\/span><\/h4>\n<p style=\"text-align: center;\">PODER JUDICI\u00c1RIO DO ESTADO DO ESP\u00cdRITO SANTO &#8211; PJES<\/p>\n<p style=\"text-align: center;\">RUA DESEMBARGADOR HOMERO MAFRA,60 &#8211; Bairro ENSEADA DO SU\u00c1 &#8211; CEP 29050906 &#8211; Vit\u00f3ria &#8211; ES &#8211;\u00a0<a href=\"https:\/\/www.tjes.jus.br\/\">www.tjes.jus.br<\/a><\/p>\n<p style=\"text-align: justify;\">\u00a0<\/p>\n<\/div>\n<p class=\"Texto_Centralizado\" style=\"text-align: center;\"><strong>ATO NORMATIVO N\u00ba 001\/2026<\/strong><\/p>\n<p style=\"text-align: justify;\">\u00a0<\/p>\n<p class=\"Texto_Justificado\" style=\"text-align: justify;\">Disp\u00f5e sobre a recomposi\u00e7\u00e3o do Centro de Intelig\u00eancia do Poder Judici\u00e1rio do Estado do Esp\u00edrito Santo.<\/p>\n<p style=\"text-align: justify;\">\u00a0<\/p>\n<p class=\"Texto_Justificado\" style=\"text-align: justify;\">A Excelent\u00edssima Senhora Desembargadora Janete Vargas Sim\u00f5es, Presidente do Egr\u00e9gio Tribunal de Justi\u00e7a do Estado do Esp\u00edrito Santo e o Excelent\u00edssimo Senhor Desembargador Ewerton Schwab Pinto J\u00fanior, Corregedor Geral de Justi\u00e7a, no uso de suas atribui\u00e7\u00f5es legais e regimentais, e<\/p>\n<p style=\"text-align: justify;\">\u00a0<\/p>\n<p class=\"Texto_Justificado\" style=\"text-align: justify;\"><strong>CONSIDERANDO<\/strong>\u00a0o disposto na Resolu\u00e7\u00e3o CNJ n\u00ba 349\/2020 e suas altera\u00e7\u00f5es, que disp\u00f5em sobre a cria\u00e7\u00e3o do Centro de Intelig\u00eancia do Poder Judici\u00e1rio e d\u00e1 outras provid\u00eancias;<\/p>\n<p style=\"text-align: justify;\">\u00a0<\/p>\n<p class=\"Texto_Justificado\" style=\"text-align: justify;\"><strong>CONSIDERANDO<\/strong>\u00a0item 4 dos Macrodesafios da Estrat\u00e9gia Nacional do Poder Judici\u00e1rio 2021-2026, consistente na \u201cgest\u00e3o de demandas repetitivas e grandes litigantes\u201d, visando reduzir o ac\u00famulo de processos na Justi\u00e7a Estadual, Justi\u00e7a Federal e Justi\u00e7a do Trabalho com especial aten\u00e7\u00e3o para os relativos a lit\u00edgios multitudin\u00e1rios que, ap\u00f3s identificados, comportam solu\u00e7\u00e3o semelhante, com revers\u00e3o ou preven\u00e7\u00e3o de cultura excessiva da judicializa\u00e7\u00e3o;<\/p>\n<p style=\"text-align: justify;\">\u00a0<\/p>\n<p class=\"Texto_Justificado\" style=\"text-align: justify;\"><strong>CONSIDERANDO<\/strong>\u00a0a necessidade de aprimoramento do fluxo de processamento de demandas repetitivas;<\/p>\n<p style=\"text-align: justify;\">\u00a0<\/p>\n<p class=\"Texto_Justificado\" style=\"text-align: justify;\"><strong>CONSIDERANDO<\/strong>\u00a0a necessidade de atualiza\u00e7\u00e3o do <a href=\"https:\/\/www.tjes.jus.br\/corregedoria\/2022\/06\/15\/ato-normativo-no-070-2022-disp-15-06-2022\/\">Ato Normativo n\u00ba 070\/2022<\/a> que instituiu o Centro de Intelig\u00eancia no \u00e2mbito do Poder Judici\u00e1rio;<\/p>\n<p style=\"text-align: justify;\">\u00a0<\/p>\n<p class=\"Texto_Justificado\" style=\"text-align: justify;\"><strong>CONSIDERANDO<\/strong>\u00a0a necessidade de atualiza\u00e7\u00e3o do <a href=\"https:\/\/www.tjes.jus.br\/corregedoria\/2024\/05\/02\/ato-normativo-no-088-2024-disp-18-04-2024-republicacao\/\">Ato Normativo n\u00ba 088\/2024<\/a> que recomp\u00f4s o Centro de Intelig\u00eancia no \u00e2mbito do Poder Judici\u00e1rio;<\/p>\n<p style=\"text-align: justify;\">\u00a0<\/p>\n<p class=\"Texto_Justificado\" style=\"text-align: justify;\"><strong>CONSIDERANDO<\/strong>\u00a0a necessidade de atualiza\u00e7\u00e3o do <a href=\"https:\/\/www.tjes.jus.br\/corregedoria\/2025\/03\/24\/ato-normativo-no-100-2025-disp-24-03-2025\/\">Ato Normativo n\u00ba 100\/2025<\/a> que recomp\u00f4s o Centro de Intelig\u00eancia no \u00e2mbito do Poder Judici\u00e1rio.<\/p>\n<p style=\"text-align: justify;\">\u00a0<\/p>\n<p class=\"Texto_Justificado\" style=\"text-align: justify;\"><strong>RESOLVE<\/strong>:<\/p>\n<p style=\"text-align: justify;\">\u00a0<\/p>\n<p class=\"Texto_Justificado\" style=\"text-align: justify;\">Art. 1\u00ba. Recompor o Centro de Intelig\u00eancia do Poder Judici\u00e1rio do Estado do Esp\u00edrito Santo com objetivo de identificar e propor tratamento adequado de demandas estrat\u00e9gicas ou repetitivas e de massa no \u00e2mbito da Justi\u00e7a Estadual do Esp\u00edrito Santo.<\/p>\n<p style=\"text-align: justify;\">\u00a0<\/p>\n<p class=\"Texto_Justificado\" style=\"text-align: justify;\">Art. 2\u00ba. Compete ao Centro de Intelig\u00eancia do Poder Judici\u00e1rio do Estado do Esp\u00edrito Santo:<\/p>\n<p style=\"text-align: justify;\">\u00a0<\/p>\n<p class=\"Texto_Justificado\" style=\"text-align: justify;\">I \u2013 identificar e monitorar demandas judiciais repetitivas, de grandes litigantes e a\u00e7\u00f5es coletivas de grande repercuss\u00e3o;<\/p>\n<p style=\"text-align: justify;\">\u00a0<\/p>\n<p class=\"Texto_Justificado\" style=\"text-align: justify;\">II \u2013 realizar estudos sobre as causas e consequ\u00eancias do excesso de litigiosidade na Justi\u00e7a Estadual;<\/p>\n<p style=\"text-align: justify;\">\u00a0<\/p>\n<p class=\"Texto_Justificado\" style=\"text-align: justify;\">III \u2013 propor medidas normativas e de gest\u00e3o voltadas \u00e0 moderniza\u00e7\u00e3o das rotinas processuais e \u00e0 organiza\u00e7\u00e3o e estrutura\u00e7\u00e3o das unidades judiciais atingidas pelo excesso de litig\u00e2ncia;<\/p>\n<p style=\"text-align: justify;\">\u00a0<\/p>\n<p class=\"Texto_Justificado\" style=\"text-align: justify;\">IV \u2013 identificar e propor medidas de preven\u00e7\u00e3o e repress\u00e3o da litig\u00e2ncia predat\u00f3ria;<\/p>\n<p style=\"text-align: justify;\">\u00a0<\/p>\n<p class=\"Texto_Justificado\" style=\"text-align: justify;\">V \u2013 sugerir crit\u00e9rios de taxonomia para classifica\u00e7\u00e3o de demandas repetitivas ou em massa;<\/p>\n<p style=\"text-align: justify;\">\u00a0<\/p>\n<p class=\"Texto_Justificado\" style=\"text-align: justify;\">VI \u2013 manter interlocu\u00e7\u00e3o com os Centros de Intelig\u00eancia de outros Tribunais e do Conselho Nacional de Justi\u00e7a \u2013 CIPJ.<\/p>\n<p style=\"text-align: justify;\">\u00a0<\/p>\n<p class=\"Texto_Justificado\" style=\"text-align: justify;\"><del>Art. 3\u00ba. O Centro de Intelig\u00eancia do Poder Judici\u00e1rio do Estado do Esp\u00edrito Santo ser\u00e1 composto pelos seguintes membros:<\/del><\/p>\n<p style=\"text-align: justify;\">\u00a0<\/p>\n<p class=\"Texto_Justificado\" style=\"text-align: justify;\"><del>I \u2013 o Vice-Presidente do Tribunal de Justi\u00e7a, Desembargador Fernando Zardini Antonio, que exercer\u00e1 a fun\u00e7\u00e3o de Coordenador;<\/del><\/p>\n<p style=\"text-align: justify;\">\u00a0<\/p>\n<p class=\"Texto_Justificado\" style=\"text-align: justify;\"><del>II \u2013 o Juiz Auxiliar da Vice-Presid\u00eancia, Dr. Gustavo Mar\u00e7al Silva e Silva;<\/del><\/p>\n<p style=\"text-align: justify;\">\u00a0<\/p>\n<p class=\"Texto_Justificado\" style=\"text-align: justify;\"><del>III \u2013 o Juiz, Dr. Paulo C\u00e9sar de Carvalho;<\/del><\/p>\n<p style=\"text-align: justify;\">\u00a0<\/p>\n<p class=\"Texto_Justificado\" style=\"text-align: justify;\"><del>IV \u2013 a Ju\u00edza, Dr\u00aa Ana Cl\u00e1udia Rodrigues de Faria;<\/del><\/p>\n<p style=\"text-align: justify;\">\u00a0<\/p>\n<p class=\"Texto_Justificado\" style=\"text-align: justify;\"><del>V &#8211; a Ju\u00edza, Dr\u00aa Danielle Nunes Marinho;<\/del><\/p>\n<p style=\"text-align: justify;\">\u00a0<\/p>\n<p class=\"Texto_Justificado\" style=\"text-align: justify;\"><del>VI \u2013 o Assessor de Planejamento, Or\u00e7amento e Gest\u00e3o Estrat\u00e9gica, Fabio Santana Vieira;<\/del><\/p>\n<p style=\"text-align: justify;\">\u00a0<\/p>\n<p class=\"Texto_Justificado\" style=\"text-align: justify;\"><del>VII \u2013 a Servidora do N\u00facleo de Processamento e Estat\u00edstica, Ana Clara Davila Guedes;<\/del><\/p>\n<p style=\"text-align: justify;\">\u00a0<\/p>\n<p class=\"Texto_Justificado\" style=\"text-align: justify;\"><del>VIII \u2013 a Servidora do N\u00facleo de Gerenciamento de Precedentes, Renata Casagrande Martelli.<\/del><\/p>\n<p>\u00a0<\/p>\n<h4><span style=\"color: #ff0000;\"><strong>ALTERADO PELO\u00a0<a href=\"https:\/\/www.tjes.jus.br\/corregedoria\/2026\/04\/16\/ato-normativo-no-056-2026-disp-16-04-2026\/\">ATO NORMATIVO N\u00ba 056\/2026<\/a> DISP. 16\/04\/2026<\/strong><\/span><\/h4>\n<p class=\"Texto_Justificado\" style=\"text-align: justify;\">Art. 3\u00ba. O Centro de Intelig\u00eancia do Poder Judici\u00e1rio do Estado do Esp\u00edrito Santo ser\u00e1 composto pelos seguintes membros:<\/p>\n<p>\u00a0<\/p>\n<p class=\"Texto_Justificado_Recuo_Primeira_Linha\">I \u2013 o Vice-Presidente do Tribunal de Justi\u00e7a, Desembargador Fernando Zardini Antonio, que exercer\u00e1 a fun\u00e7\u00e3o de Coordenador;<\/p>\n<p>\u00a0<\/p>\n<p class=\"Texto_Justificado_Recuo_Primeira_Linha\">II \u2013 o Juiz Auxiliar da Vice-Presid\u00eancia, Dr. Gustavo Mar\u00e7al Silva e Silva;<\/p>\n<p>\u00a0<\/p>\n<p class=\"Texto_Justificado_Recuo_Primeira_Linha\">III \u2013 a Ju\u00edza, Dr\u00aa Ana Cl\u00e1udia Rodrigues de Faria;<\/p>\n<p>\u00a0<\/p>\n<p class=\"Texto_Justificado_Recuo_Primeira_Linha\">IV \u2013 a Ju\u00edza, Dr\u00aa Danielle Nunes Marinho;<\/p>\n<p>\u00a0<\/p>\n<p class=\"Texto_Justificado_Recuo_Primeira_Linha\">V \u2013 o Juiz, Dr. Paulo C\u00e9sar de Carvalho;<\/p>\n<p>\u00a0<\/p>\n<p class=\"Texto_Justificado_Recuo_Primeira_Linha\">VI \u2013 o Juiz de Apoio Colaborador de Tecnologia, Dr. Manoel Cruz Doval;<\/p>\n<p>\u00a0<\/p>\n<p class=\"Texto_Justificado_Recuo_Primeira_Linha\">VII \u2013 o Secret\u00e1rio de Tecnologia da Informa\u00e7\u00e3o e Comunica\u00e7\u00e3o, Te\u00f3filo Teixeira Dias;<\/p>\n<p>\u00a0<\/p>\n<p class=\"Texto_Justificado_Recuo_Primeira_Linha\">VIII \u2013 o Coordenador do Laborat\u00f3rio de Inova\u00e7\u00e3o, Andr\u00e9 Roepke;<\/p>\n<p>\u00a0<\/p>\n<p class=\"Texto_Justificado_Recuo_Primeira_Linha\">IX \u2013 o Assessor de Planejamento, Or\u00e7amento e Gest\u00e3o Estrat\u00e9gica, Fabio Santana Vieira;<\/p>\n<p>\u00a0<\/p>\n<p class=\"Texto_Justificado_Recuo_Primeira_Linha\">X \u2013 a Servidora do N\u00facleo de Processamento e Estat\u00edstica, Ana Clara Davila Guedes;<\/p>\n<p>\u00a0<\/p>\n<p class=\"Texto_Justificado_Recuo_Primeira_Linha\">XI \u2013 a Servidora do N\u00facleo de Gerenciamento de Precedentes e A\u00e7\u00f5es Coletivas, Gisele Holanda Prescholdt;<\/p>\n<p>\u00a0<\/p>\n<p class=\"Texto_Justificado_Recuo_Primeira_Linha\">XII \u2013 a Servidora do N\u00facleo de Gerenciamento de Precedentes e A\u00e7\u00f5es Coletivas, Renata Casagrande Martelli.<\/p>\n<p style=\"text-align: justify;\">\u00a0<\/p>\n<p class=\"Texto_Justificado\" style=\"text-align: justify;\">Art. 4 \u00ba. Este Ato Normativo entra em vigor na data de sua publica\u00e7\u00e3o.<\/p>\n<p style=\"text-align: justify;\">\u00a0<\/p>\n<p class=\"Texto_Justificado\" style=\"text-align: justify;\">Publique-se<\/p>\n<p style=\"text-align: justify;\">\u00a0<\/p>\n<p class=\"Texto_Justificado\" style=\"text-align: justify;\">Vit\u00f3ria\/ES, 09 de janeiro de 2026.<\/p>\n<p class=\"Texto_Justificado\" style=\"text-align: justify;\"><br \/>\u00a0<\/p>\n<p class=\"Texto_Centralizado\" style=\"text-align: center;\"><strong>Desembargadora JANETE VARGAS SIM\u00d5ES<\/strong><br \/><strong>Presidente<\/strong><\/p>\n","protected":false},"excerpt":{"rendered":"<p>ALTERADO PELO\u00a0ATO NORMATIVO N\u00ba 056\/2026 DISP. 16\/04\/2026 PODER JUDICI\u00c1RIO DO ESTADO DO ESP\u00cdRITO SANTO &#8211; PJES RUA DESEMBARGADOR HOMERO MAFRA,60 &#8211; Bairro ENSEADA DO SU\u00c1 &#8211; CEP 29050906 &#8211; Vit\u00f3ria &#8211; ES &#8211;\u00a0www.tjes.jus.br \u00a0 ATO NORMATIVO N\u00ba 001\/2026 \u00a0 Disp\u00f5e sobre a recomposi\u00e7\u00e3o do Centro de Intelig\u00eancia do Poder Judici\u00e1rio do Estado do Esp\u00edrito Santo. [&hellip;]<\/p>\n","protected":false},"author":19,"featured_media":0,"comment_status":"closed","ping_status":"closed","sticky":false,"template":"","format":"standard","meta":{"footnotes":""},"categories":[4,14],"tags":[],"_links":{"self":[{"href":"https:\/\/www.tjes.jus.br\/corregedoria\/wp-json\/wp\/v2\/posts\/45902"}],"collection":[{"href":"https:\/\/www.tjes.jus.br\/corregedoria\/wp-json\/wp\/v2\/posts"}],"about":[{"href":"https:\/\/www.tjes.jus.br\/corregedoria\/wp-json\/wp\/v2\/types\/post"}],"author":[{"embeddable":true,"href":"https:\/\/www.tjes.jus.br\/corregedoria\/wp-json\/wp\/v2\/users\/19"}],"replies":[{"embeddable":true,"href":"https:\/\/www.tjes.jus.br\/corregedoria\/wp-json\/wp\/v2\/comments?post=45902"}],"version-history":[{"count":3,"href":"https:\/\/www.tjes.jus.br\/corregedoria\/wp-json\/wp\/v2\/posts\/45902\/revisions"}],"predecessor-version":[{"id":46973,"href":"https:\/\/www.tjes.jus.br\/corregedoria\/wp-json\/wp\/v2\/posts\/45902\/revisions\/46973"}],"wp:attachment":[{"href":"https:\/\/www.tjes.jus.br\/corregedoria\/wp-json\/wp\/v2\/media?parent=45902"}],"wp:term":[{"taxonomy":"category","embeddable":true,"href":"https:\/\/www.tjes.jus.br\/corregedoria\/wp-json\/wp\/v2\/categories?post=45902"},{"taxonomy":"post_tag","embeddable":true,"href":"https:\/\/www.tjes.jus.br\/corregedoria\/wp-json\/wp\/v2\/tags?post=45902"}],"curies":[{"name":"wp","href":"https:\/\/api.w.org\/{rel}","templated":true}]}}