{"id":45938,"date":"2026-01-16T13:21:55","date_gmt":"2026-01-16T16:21:55","guid":{"rendered":"https:\/\/www.tjes.jus.br\/corregedoria\/?p=45938"},"modified":"2026-01-16T13:23:20","modified_gmt":"2026-01-16T16:23:20","slug":"ato-normativo-no-004-2026-disp-16-01-2026","status":"publish","type":"post","link":"https:\/\/www.tjes.jus.br\/corregedoria\/2026\/01\/16\/ato-normativo-no-004-2026-disp-16-01-2026\/","title":{"rendered":"ATO NORMATIVO N\u00ba 004\/2026 \u2013 DISP. 16\/01\/2026"},"content":{"rendered":"\n<p style=\"text-align: center;\">PODER JUDICI\u00c1RIO DO ESTADO DO ESP\u00cdRITO SANTO &#8211; PJES<\/p>\n<p style=\"text-align: center;\">RUA DESEMBARGADOR HOMERO MAFRA,60 &#8211; Bairro ENSEADA DO SU\u00c1 &#8211; CEP 29050906 &#8211; Vit\u00f3ria &#8211; ES &#8211;\u00a0<a href=\"https:\/\/www.tjes.jus.br\/\">www.tjes.jus.br<\/a><\/p>\n<p style=\"text-align: justify;\">\u00a0<\/p>\n<p style=\"text-align: justify;\"><strong>\u00a0<\/strong><\/p>\n<p style=\"text-align: center;\"><strong>ATO NORMATIVO N\u00ba 04\/2026<\/strong><\/p>\n<p style=\"text-align: justify;\">\u00a0<\/p>\n<p style=\"text-align: justify;\">\u00a0<\/p>\n<p style=\"text-align: justify;\">A PRESIDENTE DO TRIBUNAL DE JUSTI\u00c7A DO ESTADO DO ESP\u00cdRITO SANTO, no uso das atribui\u00e7\u00f5es que lhe s\u00e3o conferidas,<\/p>\n<p style=\"text-align: justify;\">\u00a0<\/p>\n<p style=\"text-align: justify;\">CONSIDERANDO a edi\u00e7\u00e3o da Lei Complementar Federal n\u00ba 226, de 13 de janeiro de 2026, que alterou a Lei Complementar n\u00ba 173, de 27 de maio de 2020;<\/p>\n<p style=\"text-align: justify;\">\u00a0<\/p>\n<p style=\"text-align: justify;\">CONSIDERANDO que a referida norma federal autorizou os entes federativos a reconhecerem, inclusive de forma retroativa, vantagens funcionais suspensas durante o per\u00edodo de enfrentamento da pandemia da Covid-19;<\/p>\n<p style=\"text-align: justify;\">\u00a0<\/p>\n<p style=\"text-align: justify;\">CONSIDERANDO que a exist\u00eancia de legisla\u00e7\u00e3o estadual prevendo os direitos de servidores e magistrados, cuja contagem de tempo foi suspensa por determina\u00e7\u00e3o contida no inciso IX do caput do artigo 8\u00ba de Lei Complementar Federal 173\/2020, revogado pela Lei Complementar 226\/2026;<\/p>\n<p style=\"text-align: justify;\">\u00a0<\/p>\n<p style=\"text-align: justify;\">CONSIDERANDO a necessidade de uniformizar a interpreta\u00e7\u00e3o administrativa no \u00e2mbito do Poder Judici\u00e1rio do Estado do Esp\u00edrito Santo, conferindo seguran\u00e7a jur\u00eddica aos servidores;<\/p>\n<p style=\"text-align: justify;\">\u00a0<\/p>\n<p style=\"text-align: justify;\">CONSIDERANDO que a edi\u00e7\u00e3o de ato administrativo evitar\u00e1 a an\u00e1lise de demandas individuais ou coletivas para esse fim;<\/p>\n<p style=\"text-align: justify;\">\u00a0<\/p>\n<p style=\"text-align: justify;\">CONSIDERANDO a autonomia administrativa e financeira do Poder Judici\u00e1rio, nos termos do art. 99 da Constitui\u00e7\u00e3o Federal;<\/p>\n<p style=\"text-align: justify;\">\u00a0<\/p>\n<p style=\"text-align: justify;\">CONSIDERANDO a necessidade de verifica\u00e7\u00e3o de exist\u00eancia de disponibilidade or\u00e7ament\u00e1ria e financeira, a ser aferida pelos \u00f3rg\u00e3os competentes, em observ\u00e2ncia \u00e0 Lei Complementar n\u00ba 101, de 4 de maio de 2000;<\/p>\n<p style=\"text-align: justify;\">\u00a0<\/p>\n<p style=\"text-align: justify;\">\u00a0<\/p>\n<p style=\"text-align: justify;\">RESOLVE:<\/p>\n<p style=\"text-align: justify;\">\u00a0<\/p>\n<p style=\"text-align: justify;\">\u00a0<\/p>\n<p style=\"text-align: justify;\">Art. 1\u00ba Determinar que o per\u00edodo compreendido entre 28 de maio de 2020 e 31 de dezembro de 2021, nos termos da Lei Complementar Federal n\u00ba 226, de 13 de janeiro de 2026, seja considerado, no \u00e2mbito do Tribunal de Justi\u00e7a do Estado do Esp\u00edrito Santo, para todos os fins, inclusive:<\/p>\n<p style=\"text-align: justify;\">\u00a0<\/p>\n<p style=\"text-align: justify;\">I \u2013 contagem de tempo de servi\u00e7o;<\/p>\n<p style=\"text-align: justify;\">\u00a0<\/p>\n<p style=\"text-align: justify;\">II \u2013 aquisi\u00e7\u00e3o e c\u00e1lculo de vantagens funcionais;<\/p>\n<p style=\"text-align: justify;\">\u00a0<\/p>\n<p style=\"text-align: justify;\">III \u2013 progress\u00f5es, promo\u00e7\u00f5es e demais efeitos funcionais;<\/p>\n<p style=\"text-align: justify;\">\u00a0<\/p>\n<p style=\"text-align: justify;\">IV \u2013 reflexos financeiros, quando cab\u00edveis.<\/p>\n<p style=\"text-align: justify;\">\u00a0<\/p>\n<p style=\"text-align: justify;\">Art. 2\u00ba O reconhecimento dos efeitos financeiros decorrentes do disposto no art. 1\u00ba, retroativos ou prospectivos, ficar\u00e1 condicionado \u00e0 exist\u00eancia de disponibilidade or\u00e7ament\u00e1ria e financeira, bem como \u00e0 observ\u00e2ncia dos limites e condi\u00e7\u00f5es previstos na legisla\u00e7\u00e3o fiscal vigente.<\/p>\n<p style=\"text-align: justify;\">\u00a0<\/p>\n<p style=\"text-align: justify;\">Art. 3\u00ba Compete \u00e0 Secretaria de Gest\u00e3o de Pessoas, em conjunto com a Secretaria de Finan\u00e7as e Execu\u00e7\u00e3o Or\u00e7ament\u00e1ria e com a Assessoria de Planejamento, Or\u00e7amento e Gest\u00e3o Estrat\u00e9gica, adotar as provid\u00eancias necess\u00e1rias \u00e0 execu\u00e7\u00e3o deste Ato Normativo, inclusive quanto \u00e0 defini\u00e7\u00e3o de procedimentos, prazos e eventuais cronogramas.<\/p>\n<p style=\"text-align: justify;\">\u00a0<\/p>\n<p style=\"text-align: justify;\">Art. 4\u00ba Este Ato Normativo entra em vigor na data de sua publica\u00e7\u00e3o.<\/p>\n<p style=\"text-align: justify;\">\u00a0<\/p>\n<p style=\"text-align: justify;\">\u00a0<\/p>\n<p style=\"text-align: justify;\">Vit\u00f3ria\/ES, 15 de janeiro de 2026.<\/p>\n<p style=\"text-align: justify;\">\u00a0<\/p>\n<p style=\"text-align: justify;\">\u00a0<\/p>\n<p style=\"text-align: justify;\">\u00a0<\/p>\n<p style=\"text-align: center;\"><strong>Desembargadora JANETE VARGAS SIM\u00d5ES<\/strong><\/p>\n<p style=\"text-align: center;\"><strong>Presidente do Tribunal de Justi\u00e7a do Estado do Esp\u00edrito Santo<\/strong><\/p>\n","protected":false},"excerpt":{"rendered":"<p>PODER JUDICI\u00c1RIO DO ESTADO DO ESP\u00cdRITO SANTO &#8211; PJES RUA DESEMBARGADOR HOMERO MAFRA,60 &#8211; Bairro ENSEADA DO SU\u00c1 &#8211; CEP 29050906 &#8211; Vit\u00f3ria &#8211; ES &#8211;\u00a0www.tjes.jus.br \u00a0 \u00a0 ATO NORMATIVO N\u00ba 04\/2026 \u00a0 \u00a0 A PRESIDENTE DO TRIBUNAL DE JUSTI\u00c7A DO ESTADO DO ESP\u00cdRITO SANTO, no uso das atribui\u00e7\u00f5es que lhe s\u00e3o conferidas, \u00a0 CONSIDERANDO [&hellip;]<\/p>\n","protected":false},"author":19,"featured_media":0,"comment_status":"closed","ping_status":"closed","sticky":false,"template":"","format":"standard","meta":{"footnotes":""},"categories":[4,14],"tags":[],"_links":{"self":[{"href":"https:\/\/www.tjes.jus.br\/corregedoria\/wp-json\/wp\/v2\/posts\/45938"}],"collection":[{"href":"https:\/\/www.tjes.jus.br\/corregedoria\/wp-json\/wp\/v2\/posts"}],"about":[{"href":"https:\/\/www.tjes.jus.br\/corregedoria\/wp-json\/wp\/v2\/types\/post"}],"author":[{"embeddable":true,"href":"https:\/\/www.tjes.jus.br\/corregedoria\/wp-json\/wp\/v2\/users\/19"}],"replies":[{"embeddable":true,"href":"https:\/\/www.tjes.jus.br\/corregedoria\/wp-json\/wp\/v2\/comments?post=45938"}],"version-history":[{"count":2,"href":"https:\/\/www.tjes.jus.br\/corregedoria\/wp-json\/wp\/v2\/posts\/45938\/revisions"}],"predecessor-version":[{"id":45941,"href":"https:\/\/www.tjes.jus.br\/corregedoria\/wp-json\/wp\/v2\/posts\/45938\/revisions\/45941"}],"wp:attachment":[{"href":"https:\/\/www.tjes.jus.br\/corregedoria\/wp-json\/wp\/v2\/media?parent=45938"}],"wp:term":[{"taxonomy":"category","embeddable":true,"href":"https:\/\/www.tjes.jus.br\/corregedoria\/wp-json\/wp\/v2\/categories?post=45938"},{"taxonomy":"post_tag","embeddable":true,"href":"https:\/\/www.tjes.jus.br\/corregedoria\/wp-json\/wp\/v2\/tags?post=45938"}],"curies":[{"name":"wp","href":"https:\/\/api.w.org\/{rel}","templated":true}]}}