{"id":45943,"date":"2026-01-16T13:26:24","date_gmt":"2026-01-16T16:26:24","guid":{"rendered":"https:\/\/www.tjes.jus.br\/corregedoria\/?p=45943"},"modified":"2026-01-16T13:29:03","modified_gmt":"2026-01-16T16:29:03","slug":"provimento-conjunto-no-01-2026-disp-16-01-2026","status":"publish","type":"post","link":"https:\/\/www.tjes.jus.br\/corregedoria\/2026\/01\/16\/provimento-conjunto-no-01-2026-disp-16-01-2026\/","title":{"rendered":"PROVIMENTO CONJUNTO N\u00ba 01\/2026 \u2013 DISP. 16\/01\/2026"},"content":{"rendered":"\n<p class=\"m_Tabela_Texto_Centralizado\" style=\"text-align: center;\"><strong>PODER JUDICI\u00c1RIO DO ESTADO DO ESP\u00cdRITO SANTO &#8211; PJES<\/strong><\/p>\n<p style=\"text-align: justify;\">\u00a0<\/p>\n<p class=\"m_Texto_Centralizado_Maiusculas\" style=\"text-align: center;\"><strong>PROVIMENTO CONJUNTO N\u00ba 01\/2026<\/strong><\/p>\n<p style=\"text-align: justify;\">\u00a0<\/p>\n<p class=\"m_Texto_Justificado\" style=\"text-align: justify;\">Altera o\u00a0<a href=\"https:\/\/www.google.com\/url?q=https:\/\/www.tjes.jus.br\/corregedoria\/2021\/08\/27\/provimento-conjunto-no-1-2020-disp-12-07-2021\/&amp;source=gmail-html&amp;ust=1768583728173000&amp;usg=AOvVaw3skVF5fsAuZ26VoOwgLAAA\" target=\"_blank\" rel=\"noopener noreferrer\">Provimento Conjunto n\u00ba 01\/2021<\/a>\u00a0para aumentar\u00a0 o n\u00famero de\u00a0Comiss\u00f5es Disciplinares Permanentes \u2013 CDP da 1\u00aa Regi\u00e3o.\u00a0<\/p>\n<p style=\"text-align: justify;\">\u00a0<\/p>\n<p class=\"m_Texto_Justificado\" style=\"text-align: justify;\">A Exma.\u00a0<strong>PRESIDENTE DO EGR\u00c9GIO TRIBUNAL DE JUSTI\u00c7A DO ESTADO DO ESP\u00cdRITO SANTO<\/strong>\u00a0e o Exmo.\u00a0<strong>CORREGEDOR GERAL DA JUSTI\u00c7A DO ESTADO DO ESP\u00cdRITO SANTO<\/strong>, no uso de suas atribui\u00e7\u00f5es legais,<\/p>\n<p style=\"text-align: justify;\">\u00a0<\/p>\n<p class=\"m_Texto_Justificado\" style=\"text-align: justify;\"><strong>CONSIDERANDO\u00a0<\/strong>que o art. 37,\u00a0<em>caput<\/em>, da Constitui\u00e7\u00e3o Federal imp\u00f5e aos servidores p\u00fablicos a estrita observ\u00e2ncia dos princ\u00edpios da legalidade, impessoalidade, moralidade, publicidade e efici\u00eancia;<\/p>\n<p style=\"text-align: justify;\">\u00a0<\/p>\n<p class=\"m_Texto_Justificado\" style=\"text-align: justify;\"><strong>CONSIDERANDO\u00a0<\/strong>a necessidade de assegurar maior celeridade e efic\u00e1cia, com controle mais r\u00edgido dos prazos, nas sindic\u00e2ncias e nos procedimentos administrativos disciplinares instaurados contra servidores p\u00fablicos e delegat\u00e1rios no \u00e2mbito do Poder Judici\u00e1rio;<\/p>\n<p style=\"text-align: justify;\">\u00a0<\/p>\n<p class=\"m_Texto_Justificado\" style=\"text-align: justify;\"><strong>CONSIDERANDO\u00a0<\/strong>que a comiss\u00e3o disciplinar constitu\u00edda posteriormente ao fato ensejador n\u00e3o se harmoniza com o princ\u00edpio constitucional do juiz natural, que prev\u00ea que a autoridade para processar e julgar deve ser definida anteriormente ao fato objeto do processo;<\/p>\n<p style=\"text-align: justify;\">\u00a0<\/p>\n<p class=\"m_Texto_Justificado\" style=\"text-align: justify;\"><strong>CONSIDERANDO<\/strong>\u00a0o elevado n\u00famero de\u00a0procedimentos de sindic\u00e2ncia e processos administrativos disciplinares instaurados em desfavor de servidores atuantes no primeiro grau de jurisdi\u00e7\u00e3o e delegat\u00e1rios dos servi\u00e7os notariais e de registro atribu\u00eddos \u00e0 1\u00aa Regi\u00e3o:<\/p>\n<p style=\"text-align: justify;\">\u00a0<\/p>\n<p class=\"m_Texto_Justificado\" style=\"text-align: justify;\"><strong>RESOLVEM:<\/strong><\/p>\n<p style=\"text-align: justify;\">\u00a0<\/p>\n<p class=\"m_Texto_Justificado\" style=\"text-align: justify;\">Art. 1\u00ba Alterar o artigo 2\u00ba do\u00a0\u00a0<a href=\"https:\/\/www.google.com\/url?q=https:\/\/www.tjes.jus.br\/corregedoria\/2021\/08\/27\/provimento-conjunto-no-1-2020-disp-12-07-2021\/&amp;source=gmail-html&amp;ust=1768583728173000&amp;usg=AOvVaw3skVF5fsAuZ26VoOwgLAAA\" target=\"_blank\" rel=\"noopener noreferrer\">Provimento Conjunto n\u00ba 01\/2021<\/a>\u00a0que passar\u00e1 a ter a seguinte reda\u00e7\u00e3o:<\/p>\n<p style=\"text-align: justify;\">\u00a0<\/p>\n<p class=\"m_Texto_Cita\u00e7\u00e3o\" style=\"text-align: justify;\"><strong>Art. 2\u00ba \u2013<\/strong>\u00a0Cada regi\u00e3o ter\u00e1 3 (tr\u00eas) Comiss\u00f5es Disciplinares Permanentes \u2013 CDP, que ser\u00e3o compostas por 3 (tr\u00eas) servidores efetivos, est\u00e1veis, indicados pelo respectivo Diretor do Foro da sede, para o prazo de 2 (dois) anos, admitida recondu\u00e7\u00e3o, exceto a 1\u00aa Regi\u00e3o, que ter\u00e1 5 (cinco) Comiss\u00f5es Disciplinares Permanentes \u2013 CDP.<\/p>\n<p style=\"text-align: justify;\">\u00a0<\/p>\n<p class=\"m_Texto_Justificado\" style=\"text-align: justify;\">Art. 2\u00ba Este Provimento entra em vigor na data de sua publica\u00e7\u00e3o.<\/p>\n<p style=\"text-align: justify;\">\u00a0<\/p>\n<p class=\"m_Texto_Justificado\" style=\"text-align: justify;\">Publique-se.\u00a0<\/p>\n<p style=\"text-align: justify;\">\u00a0<\/p>\n<p style=\"text-align: justify;\" align=\"justify\">Vit\u00f3ria\/ES, 14 de janeiro de 2026.<\/p>\n<p style=\"text-align: justify;\">\u00a0<\/p>\n<p class=\"Texto_Centralizado\" style=\"text-align: center;\"><strong>Desembargadora JANETE VARGAS SIM\u00d5ES<\/strong><\/p>\n<p class=\"Texto_Centralizado\" style=\"text-align: center;\"><strong>Presidente<\/strong><\/p>\n<p style=\"text-align: justify;\">\u00a0<\/p>\n<p style=\"text-align: center;\" align=\"center\"><strong>Desembargador\u00a0EWERTON SCHWAB PINTO JUNIOR<\/strong><\/p>\n<p style=\"text-align: center;\" align=\"center\"><strong>Corregedor Geral da Justi\u00e7a\u00a0<\/strong><\/p>\n","protected":false},"excerpt":{"rendered":"<p>PODER JUDICI\u00c1RIO DO ESTADO DO ESP\u00cdRITO SANTO &#8211; PJES \u00a0 PROVIMENTO CONJUNTO N\u00ba 01\/2026 \u00a0 Altera o\u00a0Provimento Conjunto n\u00ba 01\/2021\u00a0para aumentar\u00a0 o n\u00famero de\u00a0Comiss\u00f5es Disciplinares Permanentes \u2013 CDP da 1\u00aa Regi\u00e3o.\u00a0 \u00a0 A Exma.\u00a0PRESIDENTE DO EGR\u00c9GIO TRIBUNAL DE JUSTI\u00c7A DO ESTADO DO ESP\u00cdRITO SANTO\u00a0e o Exmo.\u00a0CORREGEDOR GERAL DA JUSTI\u00c7A DO ESTADO DO ESP\u00cdRITO SANTO, no [&hellip;]<\/p>\n","protected":false},"author":19,"featured_media":0,"comment_status":"closed","ping_status":"closed","sticky":false,"template":"","format":"standard","meta":{"footnotes":""},"categories":[14,16],"tags":[],"_links":{"self":[{"href":"https:\/\/www.tjes.jus.br\/corregedoria\/wp-json\/wp\/v2\/posts\/45943"}],"collection":[{"href":"https:\/\/www.tjes.jus.br\/corregedoria\/wp-json\/wp\/v2\/posts"}],"about":[{"href":"https:\/\/www.tjes.jus.br\/corregedoria\/wp-json\/wp\/v2\/types\/post"}],"author":[{"embeddable":true,"href":"https:\/\/www.tjes.jus.br\/corregedoria\/wp-json\/wp\/v2\/users\/19"}],"replies":[{"embeddable":true,"href":"https:\/\/www.tjes.jus.br\/corregedoria\/wp-json\/wp\/v2\/comments?post=45943"}],"version-history":[{"count":2,"href":"https:\/\/www.tjes.jus.br\/corregedoria\/wp-json\/wp\/v2\/posts\/45943\/revisions"}],"predecessor-version":[{"id":45947,"href":"https:\/\/www.tjes.jus.br\/corregedoria\/wp-json\/wp\/v2\/posts\/45943\/revisions\/45947"}],"wp:attachment":[{"href":"https:\/\/www.tjes.jus.br\/corregedoria\/wp-json\/wp\/v2\/media?parent=45943"}],"wp:term":[{"taxonomy":"category","embeddable":true,"href":"https:\/\/www.tjes.jus.br\/corregedoria\/wp-json\/wp\/v2\/categories?post=45943"},{"taxonomy":"post_tag","embeddable":true,"href":"https:\/\/www.tjes.jus.br\/corregedoria\/wp-json\/wp\/v2\/tags?post=45943"}],"curies":[{"name":"wp","href":"https:\/\/api.w.org\/{rel}","templated":true}]}}