{"id":45965,"date":"2026-01-19T13:39:07","date_gmt":"2026-01-19T16:39:07","guid":{"rendered":"https:\/\/www.tjes.jus.br\/corregedoria\/?p=45965"},"modified":"2026-01-19T13:39:43","modified_gmt":"2026-01-19T16:39:43","slug":"portaria-no-09-2025-disp-19-01-2026-republicacao","status":"publish","type":"post","link":"https:\/\/www.tjes.jus.br\/corregedoria\/2026\/01\/19\/portaria-no-09-2025-disp-19-01-2026-republicacao\/","title":{"rendered":"PORTARIA N\u00ba 09\/2025 \u2013 DISP. 19\/01\/2026 \u2013 REPUBLICA\u00c7\u00c3O"},"content":{"rendered":"\n<p style=\"text-align: center;\"><strong>PORTARIA N\u00ba 09\/2025 &#8211; REPUBLICA\u00c7\u00c3O*<\/strong><\/p>\n<p>\u00a0<\/p>\n<p>O Desembargador\u00a0<strong>EWERTON SCHWAB PINTO J\u00daNIOR<\/strong>, Corregedor-Geral da Justi\u00e7a do Estado do Esp\u00edrito Santo, no uso de suas atribui\u00e7\u00f5es legais e,<\/p>\n<p>\u00a0<\/p>\n<p><strong>CONSIDERANDO<\/strong>\u00a0o que prescreve o art. 35, do C\u00f3digo de Organiza\u00e7\u00e3o Judici\u00e1ria do Estado do Esp\u00edrito Santo, no sentido de ser a Corregedoria Geral da Justi\u00e7a o \u00f3rg\u00e3o de fiscaliza\u00e7\u00e3o, que disciplina a orienta\u00e7\u00e3o administrativa com circunscri\u00e7\u00e3o em todo o Estado;<\/p>\n<p>\u00a0<\/p>\n<p><strong>CONSIDERANDO<\/strong>\u00a0a import\u00e2ncia da realiza\u00e7\u00e3o de correi\u00e7\u00f5es, na conformidade das modalidades previstas no art. 13 do C\u00f3digo de Normas &#8211; Foro Judicial &#8211; Tomo I;<\/p>\n<p>\u00a0<\/p>\n<p><strong>CONSIDERANDO<\/strong>, ainda, que o cronograma de correi\u00e7\u00f5es virtuais \u00e9 pautado em crit\u00e9rios objetivos, destacando-se, dentre outros, o decurso temporal da \u00faltima correi\u00e7\u00e3o sobre os servi\u00e7os do foro judicial;<\/p>\n<p>\u00a0<\/p>\n<p><strong>CONSIDERANDO<\/strong>\u00a0a necessidade de ampla divulga\u00e7\u00e3o, transpar\u00eancia e publicidade do cronograma de correi\u00e7\u00f5es do ano de 2026.<\/p>\n<p>\u00a0<\/p>\n<p><strong>RESOLVE:<\/strong><\/p>\n<p><strong>Art. 1\u00ba.<\/strong>\u00a0Determinar a realiza\u00e7\u00e3o de\u00a0<strong>CORREI\u00c7\u00d5ES VIRTUAIS<\/strong>\u00a0nas seguintes unidades judici\u00e1rias do Estado do Esp\u00edrito Santo:<\/p>\n<p>\u00a0<\/p>\n<table border=\"1\" align=\"center\">\n<tbody>\n<tr>\n<td align=\"center\">\n<p><strong>M\u00caS<\/strong><\/p>\n<\/td>\n<td align=\"center\">\n<p><strong>COMARCA\/JU\u00cdZO<\/strong><\/p>\n<\/td>\n<td align=\"center\">\n<p><strong>MODALIDADE<\/strong><\/p>\n<\/td>\n<\/tr>\n<tr>\n<td rowspan=\"5\" align=\"center\">\n<p><strong>JANEIRO<\/strong><\/p>\n<\/td>\n<td>\n<p><strong>ECOPORANGA \u2013 VARA \u00daNICA<\/strong><\/p>\n<\/td>\n<td colspan=\"1\" rowspan=\"5\" align=\"center\">\n<p><strong>VIRTUAL<\/strong><\/p>\n<\/td>\n<\/tr>\n<tr>\n<td>\n<p><strong>PINHEIROS \u2013 VARA \u00daNICA<\/strong><\/p>\n<\/td>\n<\/tr>\n<tr>\n<td>\n<p><strong>IBATIBA \u2013 VARA \u00daNICA<\/strong><\/p>\n<\/td>\n<\/tr>\n<tr>\n<td>\n<p><strong>PANCAS \u2013\u00a0 VARA \u00daNICA<\/strong><\/p>\n<\/td>\n<\/tr>\n<tr>\n<td>\n<p><strong>BAIXO GUANDU \u2013 1\u00aa VARA<\/strong><\/p>\n<\/td>\n<\/tr>\n<tr>\n<td rowspan=\"11\" align=\"center\">\n<p><strong>FEVEREIRO<\/strong><\/p>\n<\/td>\n<td>\n<p><strong>BAIXO GUANDU \u2013 2\u00aa VARA<\/strong><\/p>\n<\/td>\n<td colspan=\"1\" rowspan=\"11\" align=\"center\">\n<p><strong>VIRTUAL<\/strong><\/p>\n<\/td>\n<\/tr>\n<tr>\n<td>\n<p><strong>CASTELO &#8211; 1\u00aa VARA<\/strong><\/p>\n<\/td>\n<\/tr>\n<tr>\n<td>\n<p><strong>CASTELO \u2013 2\u00aa VARA<\/strong><\/p>\n<\/td>\n<\/tr>\n<tr>\n<td>\n<p><strong>VIT\u00d3RIA \u2013 4\u00aa VARA CRIMINAL<\/strong><\/p>\n<\/td>\n<\/tr>\n<tr>\n<td>\n<p><strong>VIT\u00d3RIA \u2013 5\u00aa VARA CRIMINAL<\/strong><\/p>\n<\/td>\n<\/tr>\n<tr>\n<td>\n<p><strong>VIT\u00d3RIA \u2013 8\u00aa VARA CRIMINAL<\/strong><\/p>\n<\/td>\n<\/tr>\n<tr>\n<td>\n<p><strong>VIT\u00d3RIA \u2013 10\u00aa VARA CRIMINAL<\/strong><\/p>\n<\/td>\n<\/tr>\n<\/tbody>\n<\/table>\n<p><strong>Par\u00e1grafo \u00fanico.<\/strong>\u00a0O cronograma descrito nesta Portaria poder\u00e1 sofrer altera\u00e7\u00f5es, a depender de fatores externos n\u00e3o previstos quando de sua elabora\u00e7\u00e3o.<\/p>\n<p>\u00a0<\/p>\n<p><strong>Art. 2\u00ba.\u00a0<\/strong>Durante o per\u00edodo de correi\u00e7\u00e3o, n\u00e3o haver\u00e1 suspens\u00e3o de prazos, interrup\u00e7\u00e3o de distribui\u00e7\u00e3o ou transfer\u00eancia das audi\u00eancias marcadas, procurando-se evitar, ao m\u00e1ximo, preju\u00edzo aos trabalhos ordin\u00e1rios das unidades correicionadas.<\/p>\n<p>\u00a0<\/p>\n<p><strong>Art. 3\u00ba.\u00a0<\/strong>Em conformidade ao art. 13, \u00a7 10\u00ba do C\u00f3digo de Normas &#8211; Foro Judicial &#8211; Tomo I, as unidades judici\u00e1rias mencionadas no art. 1\u00ba desta Portaria,<strong>\u00a0ficam dispensadas da realiza\u00e7\u00e3o de inspe\u00e7\u00f5es judiciais no ano de 2026.<\/strong><\/p>\n<p>\u00a0<\/p>\n<p><strong>Art. 4\u00ba.\u00a0<\/strong>Esta Portaria entrar\u00e1 em vigor na data da sua publica\u00e7\u00e3o.<\/p>\n<p>\u00a0<\/p>\n<p>Publique-se.<\/p>\n<p>\u00a0<\/p>\n<p>Vit\u00f3ria\/ES, 18 de dezembro de 2025.<\/p>\n<p>\u00a0<\/p>\n<p style=\"text-align: center;\"><strong>Desembargador\u00a0<\/strong><strong>EWERTON SCHWAB PINTO J\u00daNIOR<\/strong><\/p>\n<p style=\"text-align: center;\"><strong>Corregedor-Geral da Justi\u00e7a<\/strong><\/p>\n","protected":false},"excerpt":{"rendered":"<p>PORTARIA N\u00ba 09\/2025 &#8211; REPUBLICA\u00c7\u00c3O* \u00a0 O Desembargador\u00a0EWERTON SCHWAB PINTO J\u00daNIOR, Corregedor-Geral da Justi\u00e7a do Estado do Esp\u00edrito Santo, no uso de suas atribui\u00e7\u00f5es legais e, \u00a0 CONSIDERANDO\u00a0o que prescreve o art. 35, do C\u00f3digo de Organiza\u00e7\u00e3o Judici\u00e1ria do Estado do Esp\u00edrito Santo, no sentido de ser a Corregedoria Geral da Justi\u00e7a o \u00f3rg\u00e3o de [&hellip;]<\/p>\n","protected":false},"author":19,"featured_media":0,"comment_status":"closed","ping_status":"closed","sticky":false,"template":"","format":"standard","meta":{"footnotes":""},"categories":[14,6],"tags":[],"_links":{"self":[{"href":"https:\/\/www.tjes.jus.br\/corregedoria\/wp-json\/wp\/v2\/posts\/45965"}],"collection":[{"href":"https:\/\/www.tjes.jus.br\/corregedoria\/wp-json\/wp\/v2\/posts"}],"about":[{"href":"https:\/\/www.tjes.jus.br\/corregedoria\/wp-json\/wp\/v2\/types\/post"}],"author":[{"embeddable":true,"href":"https:\/\/www.tjes.jus.br\/corregedoria\/wp-json\/wp\/v2\/users\/19"}],"replies":[{"embeddable":true,"href":"https:\/\/www.tjes.jus.br\/corregedoria\/wp-json\/wp\/v2\/comments?post=45965"}],"version-history":[{"count":3,"href":"https:\/\/www.tjes.jus.br\/corregedoria\/wp-json\/wp\/v2\/posts\/45965\/revisions"}],"predecessor-version":[{"id":45968,"href":"https:\/\/www.tjes.jus.br\/corregedoria\/wp-json\/wp\/v2\/posts\/45965\/revisions\/45968"}],"wp:attachment":[{"href":"https:\/\/www.tjes.jus.br\/corregedoria\/wp-json\/wp\/v2\/media?parent=45965"}],"wp:term":[{"taxonomy":"category","embeddable":true,"href":"https:\/\/www.tjes.jus.br\/corregedoria\/wp-json\/wp\/v2\/categories?post=45965"},{"taxonomy":"post_tag","embeddable":true,"href":"https:\/\/www.tjes.jus.br\/corregedoria\/wp-json\/wp\/v2\/tags?post=45965"}],"curies":[{"name":"wp","href":"https:\/\/api.w.org\/{rel}","templated":true}]}}