{"id":46008,"date":"2026-01-23T14:50:58","date_gmt":"2026-01-23T17:50:58","guid":{"rendered":"https:\/\/www.tjes.jus.br\/corregedoria\/?p=46008"},"modified":"2026-01-23T14:51:30","modified_gmt":"2026-01-23T17:51:30","slug":"provimento-no-18-2025-disp-25-11-2025","status":"publish","type":"post","link":"https:\/\/www.tjes.jus.br\/corregedoria\/2026\/01\/23\/provimento-no-18-2025-disp-25-11-2025\/","title":{"rendered":"PROVIMENTO N\u00ba 18\/2025 \u2013 DISP. 25\/11\/2025"},"content":{"rendered":"\n<p class=\"Texto_Centralizado\" style=\"text-align: center;\"><strong>PROVIMENTO N\u00ba 18\/2025<\/strong><\/p>\n<p>\u00a0<\/p>\n<p class=\"Texto_Justificado\" style=\"text-align: justify;\">Altera o art. 23-E, caput, e revoga o \u00a76\u00ba do art. 23-E,\u00a0 Tomo II do C\u00f3digo de Normas da Corregedoria Geral da Justi\u00e7a do Estado do Esp\u00edrito Santo.<\/p>\n<p class=\"Texto_Justificado\" style=\"text-align: justify;\"><br \/>\u00a0<\/p>\n<p class=\"Texto_Justificado\" style=\"text-align: justify;\">O\u00a0<strong>Desembargador WILLIAN SILVA<\/strong>, Corregedor Geral da Justi\u00e7a do Estado do Esp\u00edrito Santo, no uso de suas atribui\u00e7\u00f5es legais, e<\/p>\n<p class=\"Texto_Justificado\"><br \/>\u00a0<\/p>\n<p class=\"Texto_Justificado\" style=\"text-align: justify;\"><strong>CONSIDERANDO\u00a0<\/strong>que a Corregedoria Geral da Justi\u00e7a do Estado do Esp\u00edrito Santo \u00e9 \u00f3rg\u00e3o de fiscaliza\u00e7\u00e3o, que disciplina a orienta\u00e7\u00e3o administrativa, com jurisdi\u00e7\u00e3o em todo Estado, conforme disp\u00f5e o art. 35 da Lei Complementar Estadual n\u00ba 234\/2002;<\/p>\n<p class=\"Texto_Justificado\" style=\"text-align: justify;\"><strong>CONSIDERANDO<\/strong>\u00a0que o C\u00f3digo de Normas \u00e9 a principal ferramenta de que disp\u00f5e a Corregedoria Geral da Justi\u00e7a para uniformizar a orienta\u00e7\u00e3o administrativa do foro judicial e extrajudicial em todo o Estado, sendo imperioso e necess\u00e1rio o constante aprimoramento das diversas disposi\u00e7\u00f5es nele contidas;<\/p>\n<p class=\"Texto_Justificado\" style=\"text-align: justify;\"><strong>CONSIDERANDO<\/strong>\u00a0a an\u00e1lise e conclus\u00e3o da Comiss\u00e3o Revisora nos autos do Processo SEI n\u00ba 7003889-67.2025.8.08.0000 e<\/p>\n<p class=\"Texto_Justificado\" style=\"text-align: justify;\"><strong>CONSIDERANDO<\/strong>\u00a0a necessidade de adequa\u00e7\u00e3o do C\u00f3digo de Normas ao Provimento CNJ 149\/2023.<\/p>\n<p class=\"Texto_Justificado\" style=\"text-align: justify;\"><br \/><strong>RESOLVE:<\/strong><\/p>\n<p class=\"Texto_Justificado\" style=\"text-align: justify;\"><strong>Art. 1\u00ba<\/strong>. Alterar a reda\u00e7\u00e3o do artigo Art. 23-E, Tomo II, do C\u00f3digo de Normas da Corregedoria Geral da Justi\u00e7a do Estado do Esp\u00edrito Santo, que passar\u00e1 a ter a seguinte reda\u00e7\u00e3o:<\/p>\n<p class=\"Texto_Cita\u00e7\u00e3o\" style=\"text-align: justify;\">Art. 23-E. Para o tratamento dos dados pessoais os respons\u00e1veis pelas delega\u00e7\u00f5es dos servi\u00e7os extrajudiciais de notas e de registro, sob sua exclusiva responsabilidade,<strong>\u00a0<\/strong>poder\u00e3o nomear operadores ou encarregados externos ao quadro funcional da serventia, desde que na qualidade de prestadores terceirizados de servi\u00e7os t\u00e9cnicos, informando a nomea\u00e7\u00e3o atrav\u00e9s de portaria \u00e0 Corregedoria Geral da Justi\u00e7a. (Inserido pelo Provimento CGJES n\u00ba 045\/2021 de 9.4.2021).\u00a0<\/p>\n<p class=\"Texto_Justificado\" style=\"text-align: justify;\"><strong>Art. 2\u00ba<\/strong>. Revogar o\u00a0\u00a7 6\u00ba do art. 23-E,\u00a0Tomo II, do C\u00f3digo de Normas da Corregedoria Geral da Justi\u00e7a\u00a0do Estado do Esp\u00edrito Santo.\u00a0\u00a0<\/p>\n<p class=\"Texto_Justificado\" style=\"text-align: justify;\"><strong>Art. 3\u00ba<\/strong>. Este provimento entrar\u00e1 em vigor na data da publica\u00e7\u00e3o, revogando-se as disposi\u00e7\u00f5es em contr\u00e1rio.<\/p>\n<p class=\"Texto_Justificado\" style=\"text-align: justify;\"><strong>PUBLIQUE-SE. REGISTRE-SE. CUMPRA-SE.<\/strong><\/p>\n","protected":false},"excerpt":{"rendered":"<p>PROVIMENTO N\u00ba 18\/2025 \u00a0 Altera o art. 23-E, caput, e revoga o \u00a76\u00ba do art. 23-E,\u00a0 Tomo II do C\u00f3digo de Normas da Corregedoria Geral da Justi\u00e7a do Estado do Esp\u00edrito Santo. \u00a0 O\u00a0Desembargador WILLIAN SILVA, Corregedor Geral da Justi\u00e7a do Estado do Esp\u00edrito Santo, no uso de suas atribui\u00e7\u00f5es legais, e \u00a0 CONSIDERANDO\u00a0que a [&hellip;]<\/p>\n","protected":false},"author":8,"featured_media":0,"comment_status":"closed","ping_status":"closed","sticky":false,"template":"","format":"standard","meta":{"footnotes":""},"categories":[14,16],"tags":[],"_links":{"self":[{"href":"https:\/\/www.tjes.jus.br\/corregedoria\/wp-json\/wp\/v2\/posts\/46008"}],"collection":[{"href":"https:\/\/www.tjes.jus.br\/corregedoria\/wp-json\/wp\/v2\/posts"}],"about":[{"href":"https:\/\/www.tjes.jus.br\/corregedoria\/wp-json\/wp\/v2\/types\/post"}],"author":[{"embeddable":true,"href":"https:\/\/www.tjes.jus.br\/corregedoria\/wp-json\/wp\/v2\/users\/8"}],"replies":[{"embeddable":true,"href":"https:\/\/www.tjes.jus.br\/corregedoria\/wp-json\/wp\/v2\/comments?post=46008"}],"version-history":[{"count":2,"href":"https:\/\/www.tjes.jus.br\/corregedoria\/wp-json\/wp\/v2\/posts\/46008\/revisions"}],"predecessor-version":[{"id":46010,"href":"https:\/\/www.tjes.jus.br\/corregedoria\/wp-json\/wp\/v2\/posts\/46008\/revisions\/46010"}],"wp:attachment":[{"href":"https:\/\/www.tjes.jus.br\/corregedoria\/wp-json\/wp\/v2\/media?parent=46008"}],"wp:term":[{"taxonomy":"category","embeddable":true,"href":"https:\/\/www.tjes.jus.br\/corregedoria\/wp-json\/wp\/v2\/categories?post=46008"},{"taxonomy":"post_tag","embeddable":true,"href":"https:\/\/www.tjes.jus.br\/corregedoria\/wp-json\/wp\/v2\/tags?post=46008"}],"curies":[{"name":"wp","href":"https:\/\/api.w.org\/{rel}","templated":true}]}}