{"id":46014,"date":"2026-01-23T15:55:36","date_gmt":"2026-01-23T18:55:36","guid":{"rendered":"https:\/\/www.tjes.jus.br\/corregedoria\/?p=46014"},"modified":"2026-01-23T15:55:59","modified_gmt":"2026-01-23T18:55:59","slug":"resolucao-no-01-2026-disp-21-01-2026","status":"publish","type":"post","link":"https:\/\/www.tjes.jus.br\/corregedoria\/2026\/01\/23\/resolucao-no-01-2026-disp-21-01-2026\/","title":{"rendered":"RESOLU\u00c7\u00c3O N\u00ba 01\/2026 \u2013 DISP. 21\/01\/2026"},"content":{"rendered":"\n<div class=\"override-text\" align=\"center\">\n<p>PODER JUDICI\u00c1RIO DO ESTADO DO ESP\u00cdRITO SANTO &#8211; PJES<\/p>\n<p>RUA DESEMBARGADOR HOMERO MAFRA,60 &#8211; Bairro ENSEADA DO SU\u00c1 &#8211; CEP 29050906 &#8211; Vit\u00f3ria &#8211; ES &#8211; www.tjes.jus.br<\/p>\n<\/div>\n<p class=\"Texto_Centralizado_Maiusculas\">\u00a0<\/p>\n<p class=\"Texto_Centralizado\" style=\"text-align: center;\"><strong>RESOLU\u00c7\u00c3O N\u00ba 01\/2026<\/strong><\/p>\n<p>\u00a0<\/p>\n<p class=\"Texto_Justificado\">A Excelent\u00edssima Senhora Desembargadora Janete Vargas Sim\u00f5es, Presidente do Egr\u00e9gio Tribunal de Justi\u00e7a do Esp\u00edrito Santo, no uso de suas atribui\u00e7\u00f5es legais e regimentais,<\/p>\n<p>\u00a0<\/p>\n<p class=\"Texto_Justificado\">RESOLVE:<\/p>\n<p class=\"Texto_Justificado\" style=\"text-align: justify;\"><br \/><strong>REMOVER<\/strong>, ad referendum do Egr\u00e9gio Tribunal Pleno<strong>,<\/strong>\u00a0o Exmo. Sr. Desembargador\u00a0<strong>EDER PONTES DA SILVA<\/strong>, da 1\u00aa C\u00e2mara Criminal para a 1\u00aa C\u00c2MARA C\u00cdVEL, deste Egr\u00e9gio Tribunal de Justi\u00e7a, a partir de 20\/01\/2026.<\/p>\n<p>\u00a0<\/p>\n<p class=\"Texto_Justificado\">PUBLIQUE-SE.<\/p>\n<p>Vit\u00f3ria, 20 de janeiro de 2026.<\/p>\n<p>\u00a0<\/p>\n<p class=\"Texto_Centralizado\" style=\"text-align: center;\"><strong>Desembargadora JANETE VARGAS SIM\u00d5ES<\/strong><\/p>\n<p class=\"Texto_Centralizado\" style=\"text-align: center;\"><strong>Presidente<\/strong><\/p>\n","protected":false},"excerpt":{"rendered":"<p>PODER JUDICI\u00c1RIO DO ESTADO DO ESP\u00cdRITO SANTO &#8211; PJES RUA DESEMBARGADOR HOMERO MAFRA,60 &#8211; Bairro ENSEADA DO SU\u00c1 &#8211; CEP 29050906 &#8211; Vit\u00f3ria &#8211; ES &#8211; www.tjes.jus.br \u00a0 RESOLU\u00c7\u00c3O N\u00ba 01\/2026 \u00a0 A Excelent\u00edssima Senhora Desembargadora Janete Vargas Sim\u00f5es, Presidente do Egr\u00e9gio Tribunal de Justi\u00e7a do Esp\u00edrito Santo, no uso de suas atribui\u00e7\u00f5es legais e [&hellip;]<\/p>\n","protected":false},"author":8,"featured_media":0,"comment_status":"closed","ping_status":"closed","sticky":false,"template":"","format":"standard","meta":{"footnotes":""},"categories":[14,13],"tags":[],"_links":{"self":[{"href":"https:\/\/www.tjes.jus.br\/corregedoria\/wp-json\/wp\/v2\/posts\/46014"}],"collection":[{"href":"https:\/\/www.tjes.jus.br\/corregedoria\/wp-json\/wp\/v2\/posts"}],"about":[{"href":"https:\/\/www.tjes.jus.br\/corregedoria\/wp-json\/wp\/v2\/types\/post"}],"author":[{"embeddable":true,"href":"https:\/\/www.tjes.jus.br\/corregedoria\/wp-json\/wp\/v2\/users\/8"}],"replies":[{"embeddable":true,"href":"https:\/\/www.tjes.jus.br\/corregedoria\/wp-json\/wp\/v2\/comments?post=46014"}],"version-history":[{"count":2,"href":"https:\/\/www.tjes.jus.br\/corregedoria\/wp-json\/wp\/v2\/posts\/46014\/revisions"}],"predecessor-version":[{"id":46016,"href":"https:\/\/www.tjes.jus.br\/corregedoria\/wp-json\/wp\/v2\/posts\/46014\/revisions\/46016"}],"wp:attachment":[{"href":"https:\/\/www.tjes.jus.br\/corregedoria\/wp-json\/wp\/v2\/media?parent=46014"}],"wp:term":[{"taxonomy":"category","embeddable":true,"href":"https:\/\/www.tjes.jus.br\/corregedoria\/wp-json\/wp\/v2\/categories?post=46014"},{"taxonomy":"post_tag","embeddable":true,"href":"https:\/\/www.tjes.jus.br\/corregedoria\/wp-json\/wp\/v2\/tags?post=46014"}],"curies":[{"name":"wp","href":"https:\/\/api.w.org\/{rel}","templated":true}]}}