{"id":46019,"date":"2026-01-23T16:04:36","date_gmt":"2026-01-23T19:04:36","guid":{"rendered":"https:\/\/www.tjes.jus.br\/corregedoria\/?p=46019"},"modified":"2026-01-23T16:06:35","modified_gmt":"2026-01-23T19:06:35","slug":"ato-normativo-no-006-2026-disp-21-01-2026","status":"publish","type":"post","link":"https:\/\/www.tjes.jus.br\/corregedoria\/2026\/01\/23\/ato-normativo-no-006-2026-disp-21-01-2026\/","title":{"rendered":"ATO NORMATIVO N\u00ba 006\/2026 \u2013 DISP. 21\/01\/2026"},"content":{"rendered":"\n<div class=\"override-text\" align=\"center\">\n<p>PODER JUDICI\u00c1RIO DO ESTADO DO ESP\u00cdRITO SANTO &#8211; PJES<\/p>\n<p>RUA DESEMBARGADOR HOMERO MAFRA,60 &#8211; Bairro ENSEADA DO SU\u00c1 &#8211; CEP 29050906 &#8211; Vit\u00f3ria &#8211; ES &#8211; www.tjes.jus.br<\/p>\n<\/div>\n<p>\u00a0<\/p>\n<p class=\"Texto_Centralizado\" style=\"text-align: center;\"><strong>ATO NORMATIVO N\u00ba 006\/2026<\/strong><\/p>\n<p>\u00a0<\/p>\n<p class=\"Texto_Ementa\" style=\"text-align: justify;\">Altera o <a href=\"https:\/\/www.tjes.jus.br\/corregedoria\/2025\/01\/15\/ato-normativo-no-08-2025-disp-15-01-2025\/\">Ato Normativo n\u00ba 08\/2025,<\/a> de 15 de janeiro de 2025, para recompor o Comit\u00ea Estadual de Apoio \u00e0 Semana Nacional dos Juizados Especiais do Poder Judici\u00e1rio do Estado do Esp\u00edrito Santo.<\/p>\n<p style=\"text-align: justify;\">\u00a0<\/p>\n<p class=\"Texto_Justificado_Recuo_Primeira_Linha\" style=\"text-align: justify;\">A Excelent\u00edssima Senhora Desembargadora JANETE VARGAS SIM\u00d5ES, Presidente do Egr\u00e9gio Tribunal de Justi\u00e7a do Estado do Esp\u00edrito Santo, no uso de suas atribui\u00e7\u00f5es legais,<\/p>\n<p style=\"text-align: justify;\">\u00a0<\/p>\n<p class=\"Texto_Justificado_Recuo_Primeira_Linha\" style=\"text-align: justify;\">CONSIDERANDO o disposto na Resolu\u00e7\u00e3o n\u00ba 359\/2020, do Conselho Nacional de Justi\u00e7a (CNJ), que instituiu o Comit\u00ea Nacional dos Juizados Especiais (Conaje), e na Resolu\u00e7\u00e3o n\u00ba 533\/2023, que instituiu a Semana Nacional dos Juizados Especiais;<\/p>\n<p style=\"text-align: justify;\">\u00a0<\/p>\n<p class=\"Texto_Justificado_Recuo_Primeira_Linha\" style=\"text-align: justify;\" data-end=\"1928\" data-start=\"1805\">CONSIDERANDO a necessidade de promover a visibilidade e o aprimoramento dos Juizados Especiais no Estado do Esp\u00edrito Santo;<\/p>\n<p style=\"text-align: justify;\">\u00a0<\/p>\n<p class=\"Texto_Justificado_Recuo_Primeira_Linha\" style=\"text-align: justify;\" data-end=\"2085\" data-start=\"1935\">CONSIDERANDO a manifesta\u00e7\u00e3o do Excelent\u00edssimo Desembargador Supervisor dos Juizados Especiais, constante do processo SEI n\u00ba 7004516-08.2024.8.08.0000;<\/p>\n<p>\u00a0<\/p>\n<p class=\"Texto_Justificado_Recuo_Primeira_Linha\">RESOLVE:<\/p>\n<p>\u00a0<\/p>\n<p class=\"Texto_Justificado_Recuo_Primeira_Linha\">Art. 1\u00ba &#8211;\u00a0O artigo 2\u00ba do <a href=\"https:\/\/www.tjes.jus.br\/corregedoria\/2025\/01\/15\/ato-normativo-no-08-2025-disp-15-01-2025\/\">Ato Normativo n\u00ba 08\/2025<\/a>, alterado pelo <a href=\"https:\/\/www.tjes.jus.br\/corregedoria\/2025\/02\/03\/ato-normativo-no-025-2025-disp-03-02-2025\/\">Ato Normativo n\u00ba 25\/2025<\/a>, passa a vigorar com a seguinte composi\u00e7\u00e3o do Comit\u00ea Estadual de Apoio \u00e0 Semana Nacional dos Juizados Especiais:<\/p>\n<p>\u00a0<\/p>\n<p class=\"Texto_Justificado_Recuo_Primeira_Linha\" data-end=\"524\" data-start=\"404\">I \u2013 Desembargador Marcos Valls Feu Rosa, Supervisor dos Juizados Especiais do Estado do Esp\u00edrito Santo, que o presidir\u00e1;<\/p>\n<p>\u00a0<\/p>\n<p class=\"Texto_Justificado_Recuo_Primeira_Linha\" data-end=\"630\" data-start=\"526\">II \u2013 Dr. Salom\u00e3o Akhnaton Zoroastro Spencer Elesbon, Juiz de Direito Coordenador dos Juizados Especiais;<\/p>\n<p>\u00a0<\/p>\n<p class=\"Texto_Justificado_Recuo_Primeira_Linha\" data-end=\"759\" data-start=\"632\">III \u2013 Dr. Fernando Augusto de Mendon\u00e7a Rosa, Juiz de Direito do 1\u00ba Juizado Especial Criminal e da Fazenda P\u00fablica de Cariacica;<\/p>\n<p>\u00a0<\/p>\n<p class=\"Texto_Justificado_Recuo_Primeira_Linha\" data-end=\"857\" data-start=\"761\">IV \u2013 Dr. Leonardo Alvarenga da Fonseca, Juiz de Direito do 9\u00ba Juizado Especial C\u00edvel de Vit\u00f3ria;<\/p>\n<p>\u00a0<\/p>\n<p class=\"Texto_Justificado_Recuo_Primeira_Linha\" data-end=\"974\" data-start=\"859\">V \u2013 Dr. F\u00e1bio Pretti, Juiz de Direito do Juizado Especial Criminal e da Fazenda P\u00fablica de Cachoeiro de Itapemirim;<\/p>\n<p>\u00a0<\/p>\n<p class=\"Texto_Justificado_Recuo_Primeira_Linha\" data-end=\"1068\" data-start=\"976\">VI \u2013 Dra. Fab\u00edola Casagrande Sim\u00f5es, Ju\u00edza de Direito do 2\u00ba Juizado Especial C\u00edvel de Serra;<\/p>\n<p>\u00a0<\/p>\n<p class=\"Texto_Justificado_Recuo_Primeira_Linha\" data-end=\"1157\" data-start=\"1070\">VII \u2013 Sr. Juliano Cardoso Bolzan, Chefe da Se\u00e7\u00e3o de Apoio \u00e0 Coordenadoria dos Juizados;<\/p>\n<p>\u00a0<\/p>\n<p class=\"Texto_Justificado_Recuo_Primeira_Linha\" data-end=\"1275\" data-start=\"1159\">VIII \u2013 Sra. Saionara Almeida de Jesus Alvarenga, Servidora da Se\u00e7\u00e3o de Apoio \u00e0 Coordenadoria dos Juizados Especiais;<\/p>\n<p>\u00a0<\/p>\n<p class=\"Texto_Justificado_Recuo_Primeira_Linha\" data-end=\"1392\" data-start=\"1277\">IX \u2013 Sra. Lorrayne Serafim Moro, Coordenadora Administrativa da Escola da Magistratura do Estado do Esp\u00edrito Santo;<\/p>\n<p>\u00a0<\/p>\n<p class=\"Texto_Justificado_Recuo_Primeira_Linha\" data-end=\"1446\" data-start=\"1394\">X \u2013 Sr. Ramon Silva Almeida Cunha, Assessor de Juiz;<\/p>\n<p>\u00a0<\/p>\n<p class=\"Texto_Justificado_Recuo_Primeira_Linha\" data-end=\"1514\" data-start=\"1448\">XI \u2013 Sra. Luciana da Luz Fernandes, Chefe do Setor de Concilia\u00e7\u00e3o;<\/p>\n<p>\u00a0<\/p>\n<p class=\"Texto_Justificado_Recuo_Primeira_Linha\" data-end=\"1608\" data-start=\"1516\">XII \u2013 Sra. Meiryelle Ribeiro Leite Ritto, Ju\u00edza Leiga do 2\u00ba Juizado Especial C\u00edvel de Serra;<\/p>\n<p>\u00a0<\/p>\n<p class=\"Texto_Justificado_Recuo_Primeira_Linha\" data-end=\"1729\" data-start=\"1610\">XIII \u2013 Sr. Gutemberg Pires Novais, Juiz Leigo do 2\u00ba Juizado Especial C\u00edvel, Criminal e da Fazenda P\u00fablica de Cariacica;<\/p>\n<p>\u00a0<\/p>\n<p class=\"Texto_Justificado_Recuo_Primeira_Linha\" data-end=\"1851\" data-start=\"1731\">XIV \u2013 Sra. Anna Karolina Esp\u00edndula Coutinho, integrante do 2\u00ba Juizado Especial Criminal e da Fazenda P\u00fablica de Vit\u00f3ria;<\/p>\n<p>\u00a0<\/p>\n<p class=\"Texto_Justificado_Recuo_Primeira_Linha\" data-end=\"1937\" data-start=\"1853\">XV \u2013 Dr. Diego Silva Frizzera Delboni, Advogado, inscrito na OAB\/ES sob o n\u00ba 15.518.<\/p>\n<p>\u00a0<\/p>\n<p class=\"Texto_Justificado_Recuo_Primeira_Linha\">Art. 2\u00ba &#8211;\u00a0Este Ato Normativo entra em vigor na data de sua publica\u00e7\u00e3o, revogando-se as disposi\u00e7\u00f5es em contr\u00e1rio.<\/p>\n<p>\u00a0<\/p>\n<p class=\"Texto_Justificado_Recuo_Primeira_Linha\">Publique-se.<\/p>\n<p>\u00a0<\/p>\n<p>Vit\u00f3ria\/ES,\u00a020\u00a0de\u00a0janeiro\u00a0de 2026.<\/p>\n<p>\u00a0<\/p>\n<p class=\"Texto_Centralizado\" style=\"text-align: center;\" data-pm-slice=\"1 1 []\"><strong>Desembargadora JANETE VARGAS SIM\u00d5ES<\/strong><\/p>\n<p class=\"Texto_Centralizado\" style=\"text-align: center;\"><strong>Presidente<\/strong><\/p>\n","protected":false},"excerpt":{"rendered":"<p>PODER JUDICI\u00c1RIO DO ESTADO DO ESP\u00cdRITO SANTO &#8211; PJES RUA DESEMBARGADOR HOMERO MAFRA,60 &#8211; Bairro ENSEADA DO SU\u00c1 &#8211; CEP 29050906 &#8211; Vit\u00f3ria &#8211; ES &#8211; www.tjes.jus.br \u00a0 ATO NORMATIVO N\u00ba 006\/2026 \u00a0 Altera o Ato Normativo n\u00ba 08\/2025, de 15 de janeiro de 2025, para recompor o Comit\u00ea Estadual de Apoio \u00e0 Semana Nacional [&hellip;]<\/p>\n","protected":false},"author":8,"featured_media":0,"comment_status":"closed","ping_status":"closed","sticky":false,"template":"","format":"standard","meta":{"footnotes":""},"categories":[4,14],"tags":[],"_links":{"self":[{"href":"https:\/\/www.tjes.jus.br\/corregedoria\/wp-json\/wp\/v2\/posts\/46019"}],"collection":[{"href":"https:\/\/www.tjes.jus.br\/corregedoria\/wp-json\/wp\/v2\/posts"}],"about":[{"href":"https:\/\/www.tjes.jus.br\/corregedoria\/wp-json\/wp\/v2\/types\/post"}],"author":[{"embeddable":true,"href":"https:\/\/www.tjes.jus.br\/corregedoria\/wp-json\/wp\/v2\/users\/8"}],"replies":[{"embeddable":true,"href":"https:\/\/www.tjes.jus.br\/corregedoria\/wp-json\/wp\/v2\/comments?post=46019"}],"version-history":[{"count":2,"href":"https:\/\/www.tjes.jus.br\/corregedoria\/wp-json\/wp\/v2\/posts\/46019\/revisions"}],"predecessor-version":[{"id":46022,"href":"https:\/\/www.tjes.jus.br\/corregedoria\/wp-json\/wp\/v2\/posts\/46019\/revisions\/46022"}],"wp:attachment":[{"href":"https:\/\/www.tjes.jus.br\/corregedoria\/wp-json\/wp\/v2\/media?parent=46019"}],"wp:term":[{"taxonomy":"category","embeddable":true,"href":"https:\/\/www.tjes.jus.br\/corregedoria\/wp-json\/wp\/v2\/categories?post=46019"},{"taxonomy":"post_tag","embeddable":true,"href":"https:\/\/www.tjes.jus.br\/corregedoria\/wp-json\/wp\/v2\/tags?post=46019"}],"curies":[{"name":"wp","href":"https:\/\/api.w.org\/{rel}","templated":true}]}}