{"id":46025,"date":"2026-01-23T16:09:29","date_gmt":"2026-01-23T19:09:29","guid":{"rendered":"https:\/\/www.tjes.jus.br\/corregedoria\/?p=46025"},"modified":"2026-01-23T16:10:01","modified_gmt":"2026-01-23T19:10:01","slug":"oficio-circular-cgjes-2960595-2026-disp-21-01-2026","status":"publish","type":"post","link":"https:\/\/www.tjes.jus.br\/corregedoria\/2026\/01\/23\/oficio-circular-cgjes-2960595-2026-disp-21-01-2026\/","title":{"rendered":"OF\u00cdCIO CIRCULAR CGJES\u00a02960595\/2026 \u2013 DISP. 21\/01\/2026"},"content":{"rendered":"\n<p class=\"m_Texto_Centralizado\"><strong>PODER JUDICI\u00c1RIO DO ESTADO DO ESP\u00cdRITO SANTO &#8211; PJES<\/strong><\/p>\n<p class=\"m_Texto_Centralizado\"><strong>CORREGEDORIA GERAL DA\u00a0JUSTI\u00c7A<\/strong><\/p>\n<p class=\"m_Texto_Cabe\u00e7alho\" style=\"text-align: center;\">Av. Jo\u00e3o Batista Parra, n\u00ba\u00a0320, Enseada do Su\u00e1 &#8211; Vit\u00f3ria\/ES<br \/>CEP: 29.050-375 &#8211;\u00a0Telefone: (27) 3145-3100<br \/>\u00a0<\/p>\n<p class=\"m_Texto_Centralizado_Maiusculas\" style=\"text-align: center;\"><strong>OF\u00cdCIO CIRCULAR CGJES\u00a02960595\/7005303-03.2025.8.08.0000<\/strong><\/p>\n<p style=\"text-align: justify;\">\u00a0<\/p>\n<p class=\"m_Texto_Justificado\" style=\"text-align: justify;\">De ordem do Exmo. Sr. Desembargador Corregedor-Geral da Justi\u00e7a do Estado do Esp\u00edrito Santo, no uso de suas atribui\u00e7\u00f5es legais e,<\/p>\n<p style=\"text-align: justify;\">\u00a0<\/p>\n<p class=\"m_Texto_Justificado\" style=\"text-align: justify;\"><strong>CONSIDERANDO<\/strong>\u00a0que a Corregedoria Geral da Justi\u00e7a \u00e9 \u00f3rg\u00e3o de fiscaliza\u00e7\u00e3o, disciplina e orienta\u00e7\u00e3o administrativa, com circunscri\u00e7\u00e3o em todo o Estado, conforme art. 35 da Lei Complementar Estadual n\u00ba 234\/2002 (COJES);<\/p>\n<p style=\"text-align: justify;\">\u00a0<\/p>\n<p class=\"m_Texto_Justificado\" style=\"text-align: justify;\"><strong>CONSIDERANDO<\/strong>\u00a0o previsto no Art. 1\u00ba do Provimento n\u00ba 052\/2021, disponibilizado no Di\u00e1rio Eletr\u00f4nico da Justi\u00e7a do dia 07 de maio de 2021;<\/p>\n<p style=\"text-align: justify;\">\u00a0<\/p>\n<p class=\"m_Texto_Justificado\" style=\"text-align: justify;\"><strong>CONSIDERANDO<\/strong>\u00a0o recebimento de e-mail, referente ao Oficio Circular<strong>\u00a0n. 50\/2025-GABCIN<\/strong>\u00a0enviado pela\u00a0<strong>Corregedoria das Comarcas do Interior do Estado da Bahia<\/strong>;<\/p>\n<p style=\"text-align: justify;\">\u00a0<\/p>\n<p class=\"m_Texto_Justificado\" style=\"text-align: justify;\"><br \/><strong>CONSIDERANDO<\/strong>\u00a0que a referida comunica\u00e7\u00e3o origin\u00e1ria do CART\u00d3RIO DE OF\u00cdCIO \u00daNICO DE IRAMAIA, comarca de BARRA DA ESTIVA-BA, informa a ocorr\u00eancia de poss\u00edvel falsifica\u00e7\u00e3o de selos digitais, conforme documentos anexados.<\/p>\n<p style=\"text-align: justify;\">\u00a0<\/p>\n<p class=\"m_Texto_Justificado\" style=\"text-align: justify;\"><br \/><strong>CONSIDERANDO<\/strong>\u00a0que,\u00a0de acordo com o informado,\u00a0a referida Serventia j\u00e1 procedeu o registro da ocorr\u00eancia junto a Policia Civil do Estado da Bahia;<\/p>\n<p style=\"text-align: justify;\">\u00a0<\/p>\n<p class=\"m_Texto_Justificado\" style=\"text-align: justify;\"><br \/><strong>RECOMENDO<\/strong>\u00a0aos Ju\u00edzes de Direito Diretores dos F\u00f3runs, Membros do Minist\u00e9rio P\u00fablico, Advogados, Not\u00e1rios e Registradores, Serventu\u00e1rios e a quem mais possa interessar, que observem o comunicado em anexo, e adotem as provid\u00eancias que entenderem pertinentes.<\/p>\n<p>\u00a0<\/p>\n<p class=\"m_Texto_Justificado\"><br \/><strong>Publique-se.<\/strong><\/p>\n<p>\u00a0<\/p>\n<p class=\"m_Tabela_Texto_Centralizado\" style=\"text-align: center;\"><strong>MAGALI BARBOSA DE OLIVEIRA<\/strong><\/p>\n<p class=\"m_Tabela_Texto_Centralizado\" style=\"text-align: center;\"><strong>Coordenadora de Monitoramento do Foro Judicial e Extrajudicial<\/strong><\/p>\n<p style=\"text-align: center;\">\u00a0<\/p>\n<p class=\"m_Tabela_Texto_Alinhado_Esquerda\" style=\"text-align: center;\">Vit\u00f3ria\/ES, 04 de dezembro de 2025.<\/p>\n<p style=\"text-align: center;\">\u00a0<\/p>\n<p class=\"m_Texto_Centralizado\" style=\"text-align: center;\"><strong>Corregedor Geral da Justi\u00e7a<\/strong><\/p>\n<p style=\"text-align: center;\">\u00a0<\/p>\n<p style=\"text-align: center;\"><strong><a href=\"https:\/\/sistemas.tjes.jus.br\/ediario\/images\/Comunicado_2886742_Falsificacao.pdf\">Para visualizar o anexo, clique aqui<\/a><\/strong><\/p>\n<p style=\"text-align: center;\">\u00a0<\/p>\n","protected":false},"excerpt":{"rendered":"<p>PODER JUDICI\u00c1RIO DO ESTADO DO ESP\u00cdRITO SANTO &#8211; PJES CORREGEDORIA GERAL DA\u00a0JUSTI\u00c7A Av. Jo\u00e3o Batista Parra, n\u00ba\u00a0320, Enseada do Su\u00e1 &#8211; Vit\u00f3ria\/ESCEP: 29.050-375 &#8211;\u00a0Telefone: (27) 3145-3100\u00a0 OF\u00cdCIO CIRCULAR CGJES\u00a02960595\/7005303-03.2025.8.08.0000 \u00a0 De ordem do Exmo. Sr. Desembargador Corregedor-Geral da Justi\u00e7a do Estado do Esp\u00edrito Santo, no uso de suas atribui\u00e7\u00f5es legais e, \u00a0 CONSIDERANDO\u00a0que a Corregedoria [&hellip;]<\/p>\n","protected":false},"author":8,"featured_media":0,"comment_status":"closed","ping_status":"closed","sticky":false,"template":"","format":"standard","meta":{"footnotes":""},"categories":[14,5],"tags":[],"_links":{"self":[{"href":"https:\/\/www.tjes.jus.br\/corregedoria\/wp-json\/wp\/v2\/posts\/46025"}],"collection":[{"href":"https:\/\/www.tjes.jus.br\/corregedoria\/wp-json\/wp\/v2\/posts"}],"about":[{"href":"https:\/\/www.tjes.jus.br\/corregedoria\/wp-json\/wp\/v2\/types\/post"}],"author":[{"embeddable":true,"href":"https:\/\/www.tjes.jus.br\/corregedoria\/wp-json\/wp\/v2\/users\/8"}],"replies":[{"embeddable":true,"href":"https:\/\/www.tjes.jus.br\/corregedoria\/wp-json\/wp\/v2\/comments?post=46025"}],"version-history":[{"count":2,"href":"https:\/\/www.tjes.jus.br\/corregedoria\/wp-json\/wp\/v2\/posts\/46025\/revisions"}],"predecessor-version":[{"id":46029,"href":"https:\/\/www.tjes.jus.br\/corregedoria\/wp-json\/wp\/v2\/posts\/46025\/revisions\/46029"}],"wp:attachment":[{"href":"https:\/\/www.tjes.jus.br\/corregedoria\/wp-json\/wp\/v2\/media?parent=46025"}],"wp:term":[{"taxonomy":"category","embeddable":true,"href":"https:\/\/www.tjes.jus.br\/corregedoria\/wp-json\/wp\/v2\/categories?post=46025"},{"taxonomy":"post_tag","embeddable":true,"href":"https:\/\/www.tjes.jus.br\/corregedoria\/wp-json\/wp\/v2\/tags?post=46025"}],"curies":[{"name":"wp","href":"https:\/\/api.w.org\/{rel}","templated":true}]}}