{"id":46034,"date":"2026-01-23T16:30:30","date_gmt":"2026-01-23T19:30:30","guid":{"rendered":"https:\/\/www.tjes.jus.br\/corregedoria\/?p=46034"},"modified":"2026-01-23T16:34:55","modified_gmt":"2026-01-23T19:34:55","slug":"ato-normativo-no-007-2026-disp-21-01-2026","status":"publish","type":"post","link":"https:\/\/www.tjes.jus.br\/corregedoria\/2026\/01\/23\/ato-normativo-no-007-2026-disp-21-01-2026\/","title":{"rendered":"ATO NORMATIVO N\u00ba 007\/2026 \u2013 DISP. 22\/01\/2026"},"content":{"rendered":"\n<div class=\"override-text\" align=\"center\">\n<p>PODER JUDICI\u00c1RIO DO ESTADO DO ESP\u00cdRITO SANTO &#8211; PJES<\/p>\n<p>RUA DESEMBARGADOR HOMERO MAFRA,60 &#8211; Bairro ENSEADA DO SU\u00c1 &#8211; CEP 29050906 &#8211; Vit\u00f3ria &#8211; ES &#8211; www.tjes.jus.br<\/p>\n<\/div>\n<p>\u00a0<\/p>\n<p>\u00a0<\/p>\n<p class=\"Texto_Centralizado_Maiusculas\" style=\"text-align: center;\" data-end=\"529\" data-start=\"334\"><strong>Ato Normativo TJES n\u00ba 007\/2026<\/strong><\/p>\n<p>\u00a0<\/p>\n<p class=\"Texto_Justificado_Recuo_Primeira_Linha\" style=\"text-align: justify;\" data-end=\"529\" data-start=\"334\">Disp\u00f5e sobre a exig\u00eancia de apresenta\u00e7\u00e3o de certid\u00f5es negativas para a contrata\u00e7\u00e3o de estagi\u00e1rios no \u00e2mbito do Poder Judici\u00e1rio do Estado do Esp\u00edrito Santo.<\/p>\n<p>\u00a0<\/p>\n<p class=\"Texto_Justificado_Recuo_Primeira_Linha\" data-end=\"663\" data-start=\"531\">A\u00a0<strong data-end=\"613\" data-start=\"533\">DESEMBARGADORA PRESIDENTE DO TRIBUNAL DE JUSTI\u00c7A DO ESTADO DO ESP\u00cdRITO SANTO<\/strong>, no uso de suas atribui\u00e7\u00f5es legais e regimentais,<\/p>\n<p>\u00a0<\/p>\n<p class=\"Texto_Justificado_Recuo_Primeira_Linha\" style=\"text-align: justify;\" data-end=\"926\" data-start=\"665\"><strong data-end=\"681\" data-start=\"665\">CONSIDERANDO<\/strong>\u00a0o disposto no art. 3\u00ba, inciso IX, da Resolu\u00e7\u00e3o TJES n\u00ba 004\/2020, que atribui \u00e0 Comiss\u00e3o Permanente de Seguran\u00e7a Institucional o dever de propor \u00e0 Administra\u00e7\u00e3o Superior a edi\u00e7\u00e3o de atos normativos voltados \u00e0 promo\u00e7\u00e3o da seguran\u00e7a institucional;<\/p>\n<p style=\"text-align: justify;\">\u00a0<\/p>\n<p class=\"Texto_Justificado_Recuo_Primeira_Linha\" style=\"text-align: justify;\" data-end=\"1099\" data-start=\"928\"><strong data-end=\"944\" data-start=\"928\">CONSIDERANDO<\/strong>\u00a0a necessidade de fortalecimento dos mecanismos de controle e preven\u00e7\u00e3o de riscos institucionais no \u00e2mbito do Poder Judici\u00e1rio do Estado do Esp\u00edrito Santo;<\/p>\n<p style=\"text-align: justify;\">\u00a0<\/p>\n<p class=\"Texto_Justificado_Recuo_Primeira_Linha\" style=\"text-align: justify;\" data-end=\"1283\" data-start=\"1101\"><strong data-end=\"1117\" data-start=\"1101\">CONSIDERANDO<\/strong>\u00a0a elevada rotatividade e a natureza transit\u00f3ria do v\u00ednculo dos estagi\u00e1rios, circunst\u00e2ncias que recomendam a ado\u00e7\u00e3o de cautelas adicionais no processo de contrata\u00e7\u00e3o;<\/p>\n<p style=\"text-align: justify;\">\u00a0<\/p>\n<p class=\"Texto_Justificado_Recuo_Primeira_Linha\" style=\"text-align: justify;\" data-end=\"1473\" data-start=\"1285\"><strong data-end=\"1301\" data-start=\"1285\">CONSIDERANDO<\/strong>\u00a0a exist\u00eancia de precedentes normativos que exigem a apresenta\u00e7\u00e3o de certid\u00f5es negativas para a contrata\u00e7\u00e3o de residentes jur\u00eddicos, como medida de seguran\u00e7a institucional;<\/p>\n<p style=\"text-align: justify;\">\u00a0<\/p>\n<p class=\"Texto_Justificado_Recuo_Primeira_Linha\" style=\"text-align: justify;\" data-end=\"1734\" data-start=\"1722\"><strong data-end=\"1734\" data-start=\"1722\">RESOLVE:<\/strong><\/p>\n<p style=\"text-align: justify;\">\u00a0<\/p>\n<p class=\"Texto_Justificado_Recuo_Primeira_Linha\" style=\"text-align: justify;\" data-end=\"1656\" data-start=\"1439\"><strong data-end=\"1450\" data-start=\"1439\">Art. 1\u00ba<\/strong>\u00a0A\u00a0contrata\u00e7\u00e3o de estagi\u00e1rios no \u00e2mbito do Poder Judici\u00e1rio do Estado do Esp\u00edrito Santo fica condicionada,\u00a0sem preju\u00edzo do cumprimento integral dos documentos j\u00e1 previstos no art. 17 da <a href=\"https:\/\/www.tjes.jus.br\/corregedoria\/2025\/07\/22\/resolucao-no-036-2025-disp-22-07-2025-republicacao\/\">Resolu\u00e7\u00e3o TJES n\u00ba 036\/2025<\/a>,\u00a0\u00e0 apresenta\u00e7\u00e3o, previamente \u00e0 assinatura do termo de compromisso, das seguintes certid\u00f5es negativas dos lugares em que o(a) candidato(a) tenha residido nos \u00faltimos 5 (cinco) anos:<\/p>\n<p style=\"text-align: justify;\">\u00a0<\/p>\n<p class=\"Texto_Justificado_Recuo_Primeira_Linha\" style=\"text-align: justify;\" data-end=\"1881\" data-start=\"1658\">I \u2013 Justi\u00e7a Eleitoral;<\/p>\n<p style=\"text-align: justify;\">\u00a0<\/p>\n<p class=\"Texto_Justificado_Recuo_Primeira_Linha\" style=\"text-align: justify;\" data-end=\"1881\" data-start=\"1658\">II \u2013 Justi\u00e7a Militar;<\/p>\n<p style=\"text-align: justify;\">\u00a0<\/p>\n<p class=\"Texto_Justificado_Recuo_Primeira_Linha\" style=\"text-align: justify;\" data-end=\"1881\" data-start=\"1658\">III \u2013 Distribuidores criminais das Justi\u00e7as Federal, Estadual ou do Distrito Federal.<\/p>\n<p style=\"text-align: justify;\">\u00a0<\/p>\n<p class=\"Texto_Justificado_Recuo_Primeira_Linha\" style=\"text-align: justify;\" data-end=\"2117\" data-start=\"1883\"><strong data-end=\"1894\" data-start=\"1883\">Art. 2\u00ba<\/strong>\u00a0Compete \u00e0 unidade respons\u00e1vel pela formaliza\u00e7\u00e3o do termo de compromisso verificar a regularidade da documenta\u00e7\u00e3o prevista neste Ato Normativo, bem como zelar pelo seu arquivamento nos autos administrativos correspondentes.<\/p>\n<p style=\"text-align: justify;\">\u00a0<\/p>\n<p class=\"Texto_Justificado_Recuo_Primeira_Linha\" style=\"text-align: justify;\" data-end=\"2261\" data-start=\"2119\"><strong data-end=\"2130\" data-start=\"2119\">Art. 3\u00ba<\/strong>\u00a0A aus\u00eancia de apresenta\u00e7\u00e3o das certid\u00f5es previstas neste Ato Normativo impedir\u00e1 a formaliza\u00e7\u00e3o da contrata\u00e7\u00e3o do(a) estagi\u00e1rio(a).<\/p>\n<p style=\"text-align: justify;\">\u00a0<\/p>\n<p class=\"Texto_Justificado_Recuo_Primeira_Linha\" style=\"text-align: justify;\" data-end=\"2379\" data-start=\"2263\"><strong data-end=\"2274\" data-start=\"2263\">Art. 4\u00ba<\/strong>\u00a0Este Ato Normativo aplica-se \u00e0s contrata\u00e7\u00f5es de estagi\u00e1rios realizadas a partir de sua entrada em vigor.<\/p>\n<p>\u00a0<\/p>\n<p class=\"Texto_Justificado_Recuo_Primeira_Linha\" data-end=\"2379\" data-start=\"2263\"><strong data-end=\"2392\" data-start=\"2381\">Art. 5\u00ba<\/strong>\u00a0Este Ato Normativo entra em vigor na data de sua publica\u00e7\u00e3o.<\/p>\n<p>\u00a0<\/p>\n<p align=\"justify\">Vit\u00f3ria\/ES, 21 de janeiro de 2026.<\/p>\n<p>\u00a0<\/p>\n<p>\u00a0<\/p>\n<p class=\"Tabela_Texto_Centralizado\" style=\"text-align: center;\" data-end=\"2467\" data-start=\"2399\"><strong data-end=\"2560\" data-start=\"2521\">Desembargadora JANETE VARGAS SIM\u00d5ES<\/strong><\/p>\n<p class=\"Tabela_Texto_Centralizado\" style=\"text-align: center;\" data-end=\"2467\" data-start=\"2399\"><strong data-end=\"2628\" data-start=\"2563\">Presidente<\/strong><\/p>\n","protected":false},"excerpt":{"rendered":"<p>PODER JUDICI\u00c1RIO DO ESTADO DO ESP\u00cdRITO SANTO &#8211; PJES RUA DESEMBARGADOR HOMERO MAFRA,60 &#8211; Bairro ENSEADA DO SU\u00c1 &#8211; CEP 29050906 &#8211; Vit\u00f3ria &#8211; ES &#8211; www.tjes.jus.br \u00a0 \u00a0 Ato Normativo TJES n\u00ba 007\/2026 \u00a0 Disp\u00f5e sobre a exig\u00eancia de apresenta\u00e7\u00e3o de certid\u00f5es negativas para a contrata\u00e7\u00e3o de estagi\u00e1rios no \u00e2mbito do Poder Judici\u00e1rio do [&hellip;]<\/p>\n","protected":false},"author":8,"featured_media":0,"comment_status":"closed","ping_status":"closed","sticky":false,"template":"","format":"standard","meta":{"footnotes":""},"categories":[4,14],"tags":[],"_links":{"self":[{"href":"https:\/\/www.tjes.jus.br\/corregedoria\/wp-json\/wp\/v2\/posts\/46034"}],"collection":[{"href":"https:\/\/www.tjes.jus.br\/corregedoria\/wp-json\/wp\/v2\/posts"}],"about":[{"href":"https:\/\/www.tjes.jus.br\/corregedoria\/wp-json\/wp\/v2\/types\/post"}],"author":[{"embeddable":true,"href":"https:\/\/www.tjes.jus.br\/corregedoria\/wp-json\/wp\/v2\/users\/8"}],"replies":[{"embeddable":true,"href":"https:\/\/www.tjes.jus.br\/corregedoria\/wp-json\/wp\/v2\/comments?post=46034"}],"version-history":[{"count":4,"href":"https:\/\/www.tjes.jus.br\/corregedoria\/wp-json\/wp\/v2\/posts\/46034\/revisions"}],"predecessor-version":[{"id":46045,"href":"https:\/\/www.tjes.jus.br\/corregedoria\/wp-json\/wp\/v2\/posts\/46034\/revisions\/46045"}],"wp:attachment":[{"href":"https:\/\/www.tjes.jus.br\/corregedoria\/wp-json\/wp\/v2\/media?parent=46034"}],"wp:term":[{"taxonomy":"category","embeddable":true,"href":"https:\/\/www.tjes.jus.br\/corregedoria\/wp-json\/wp\/v2\/categories?post=46034"},{"taxonomy":"post_tag","embeddable":true,"href":"https:\/\/www.tjes.jus.br\/corregedoria\/wp-json\/wp\/v2\/tags?post=46034"}],"curies":[{"name":"wp","href":"https:\/\/api.w.org\/{rel}","templated":true}]}}