{"id":46040,"date":"2026-01-23T16:33:30","date_gmt":"2026-01-23T19:33:30","guid":{"rendered":"https:\/\/www.tjes.jus.br\/corregedoria\/?p=46040"},"modified":"2026-01-23T16:33:44","modified_gmt":"2026-01-23T19:33:44","slug":"ato-normativo-no-008-2026-disp-22-01-2026","status":"publish","type":"post","link":"https:\/\/www.tjes.jus.br\/corregedoria\/2026\/01\/23\/ato-normativo-no-008-2026-disp-22-01-2026\/","title":{"rendered":"ATO NORMATIVO N\u00ba 008\/2026 \u2013 DISP. 22\/01\/2026"},"content":{"rendered":"\n<div class=\"publicacao-text override-text\">\n<p style=\"text-align: center;\">PODER JUDICI\u00c1RIO DO ESTADO DO ESP\u00cdRITO SANTO &#8211; PJES<\/p>\n<p style=\"text-align: center;\">RUA DESEMBARGADOR HOMERO MAFRA,60 &#8211; Bairro ENSEADA DO SU\u00c1 &#8211; CEP 29050906 &#8211; Vit\u00f3ria &#8211; ES &#8211; www.tjes.jus.br<\/p>\n<p><strong>\u00a0<\/strong><\/p>\n<p>\u00a0<\/p>\n<p style=\"text-align: center;\"><strong>ATO NORMATIVO N\u00ba 08\/2026<\/strong><\/p>\n<p>\u00a0<\/p>\n<p>\u00a0<\/p>\n<p>O Presidente do Tribunal de Justi\u00e7a do Estado do Esp\u00edrito Santo, no uso de suas atribui\u00e7\u00f5es legais e regimentais,<\/p>\n<p style=\"text-align: justify;\">\u00a0<\/p>\n<p style=\"text-align: justify;\">\u00a0<\/p>\n<p style=\"text-align: justify;\">Considerando o Processo SEI n\u00ba\u00a0<strong>7000037-51.2026.8.08.0000<\/strong>, inaugurado por Requerimento da MM. Ju\u00edza de Direito Titular da 4\u00aa Vara de Fam\u00edlia da Serra\/ES \u2013 Comarca da Capital, que atua por designa\u00e7\u00e3o desta Presid\u00eancia no Centro Integrado de Atendimento Socioeducativo \u2013 CIASE,<\/p>\n<p style=\"text-align: justify;\">\u00a0<\/p>\n<p style=\"text-align: justify;\">\u00a0<\/p>\n<p style=\"text-align: justify;\">Considerando a ocorr\u00eancia de danos severos na sala de distribui\u00e7\u00e3o de rede do CIASE, e comprometimento dos equipamentos de infraestrutura, do servi\u00e7o de\u00a0<em>internet<\/em>\u00a0e de rede interna, em decorr\u00eancias de fortes chuvas nos \u00faltimos dias,<\/p>\n<p style=\"text-align: justify;\">\u00a0<\/p>\n<p style=\"text-align: justify;\">\u00a0<\/p>\n<p style=\"text-align: justify;\">Considerando a necessidade de evitar preju\u00edzo \u00e0 presta\u00e7\u00e3o jurisdicional,<\/p>\n<p style=\"text-align: justify;\">\u00a0<\/p>\n<p style=\"text-align: justify;\">\u00a0<\/p>\n<p style=\"text-align: justify;\"><strong>RESOLVE:<\/strong><\/p>\n<p style=\"text-align: justify;\">\u00a0<\/p>\n<p style=\"text-align: justify;\">\u00a0<\/p>\n<p style=\"text-align: justify;\"><strong>Art. 1\u00ba \u2013\u00a0SUSPENDER<\/strong>\u00a0o expediente forense no Centro Integrado de Atendimento Socioeducativo \u2013 CIASE, bem como os prazos processuais com rela\u00e7\u00e3o aos processos que tramitam na aludida Unidade Judici\u00e1ria,\u00a0<strong>no dia 21 de janeiro de 2026<\/strong>, sem preju\u00edzo das audi\u00eancias e dos demais atos processuais que puderam ser realizados de forma remota.<\/p>\n<p style=\"text-align: justify;\">\u00a0<\/p>\n<p style=\"text-align: justify;\">\u00a0<\/p>\n<p style=\"text-align: justify;\"><strong>Art. 2\u00ba \u2013 AUTORIZAR\u00a0<\/strong>a realiza\u00e7\u00e3o de trabalho remoto para os servidores lotados no CIASE, com dispensa do registro eletr\u00f4nico de frequ\u00eancia (Ato Normativo n\u00ba 275\/2025, art. 14, inciso I).<\/p>\n<p>\u00a0<\/p>\n<p>\u00a0<\/p>\n<p><strong>Art. 3\u00ba \u2013<\/strong>\u00a0Este ato entra em vigor na data da sua publica\u00e7\u00e3o.<\/p>\n<p>\u00a0<\/p>\n<p>\u00a0<\/p>\n<p>Publique-se.<\/p>\n<p>\u00a0<\/p>\n<p>Vit\u00f3ria\/ES, 21 de janeiro de 2026.<\/p>\n<p>\u00a0<\/p>\n<p>\u00a0<\/p>\n<p>\u00a0<\/p>\n<p style=\"text-align: center;\"><strong>Desembargadora Janete Vargas Sim\u00f5es<\/strong><\/p>\n<p style=\"text-align: center;\"><strong>Presidente<\/strong><\/p>\n<\/div>\n<div class=\"title-orgao\" style=\"text-align: center;\"><strong>PRESID\u00caNCIA<\/strong><\/div>\n","protected":false},"excerpt":{"rendered":"<p>PODER JUDICI\u00c1RIO DO ESTADO DO ESP\u00cdRITO SANTO &#8211; PJES RUA DESEMBARGADOR HOMERO MAFRA,60 &#8211; Bairro ENSEADA DO SU\u00c1 &#8211; CEP 29050906 &#8211; Vit\u00f3ria &#8211; ES &#8211; www.tjes.jus.br \u00a0 \u00a0 ATO NORMATIVO N\u00ba 08\/2026 \u00a0 \u00a0 O Presidente do Tribunal de Justi\u00e7a do Estado do Esp\u00edrito Santo, no uso de suas atribui\u00e7\u00f5es legais e regimentais, \u00a0 [&hellip;]<\/p>\n","protected":false},"author":8,"featured_media":0,"comment_status":"closed","ping_status":"closed","sticky":false,"template":"","format":"standard","meta":{"footnotes":""},"categories":[4,14],"tags":[],"_links":{"self":[{"href":"https:\/\/www.tjes.jus.br\/corregedoria\/wp-json\/wp\/v2\/posts\/46040"}],"collection":[{"href":"https:\/\/www.tjes.jus.br\/corregedoria\/wp-json\/wp\/v2\/posts"}],"about":[{"href":"https:\/\/www.tjes.jus.br\/corregedoria\/wp-json\/wp\/v2\/types\/post"}],"author":[{"embeddable":true,"href":"https:\/\/www.tjes.jus.br\/corregedoria\/wp-json\/wp\/v2\/users\/8"}],"replies":[{"embeddable":true,"href":"https:\/\/www.tjes.jus.br\/corregedoria\/wp-json\/wp\/v2\/comments?post=46040"}],"version-history":[{"count":2,"href":"https:\/\/www.tjes.jus.br\/corregedoria\/wp-json\/wp\/v2\/posts\/46040\/revisions"}],"predecessor-version":[{"id":46043,"href":"https:\/\/www.tjes.jus.br\/corregedoria\/wp-json\/wp\/v2\/posts\/46040\/revisions\/46043"}],"wp:attachment":[{"href":"https:\/\/www.tjes.jus.br\/corregedoria\/wp-json\/wp\/v2\/media?parent=46040"}],"wp:term":[{"taxonomy":"category","embeddable":true,"href":"https:\/\/www.tjes.jus.br\/corregedoria\/wp-json\/wp\/v2\/categories?post=46040"},{"taxonomy":"post_tag","embeddable":true,"href":"https:\/\/www.tjes.jus.br\/corregedoria\/wp-json\/wp\/v2\/tags?post=46040"}],"curies":[{"name":"wp","href":"https:\/\/api.w.org\/{rel}","templated":true}]}}