{"id":46057,"date":"2026-01-23T16:54:47","date_gmt":"2026-01-23T19:54:47","guid":{"rendered":"https:\/\/www.tjes.jus.br\/corregedoria\/?p=46057"},"modified":"2026-03-17T13:35:01","modified_gmt":"2026-03-17T16:35:01","slug":"ato-normativo-no-010-2026-disp-23-01-2026","status":"publish","type":"post","link":"https:\/\/www.tjes.jus.br\/corregedoria\/2026\/01\/23\/ato-normativo-no-010-2026-disp-23-01-2026\/","title":{"rendered":"ATO NORMATIVO N\u00ba 010\/2026 \u2013 DISP. 23\/01\/2026\u00a0 \u2013 REVOGADO"},"content":{"rendered":"\n<h4 style=\"text-align: center;\"><span style=\"color: #ff0000;\"><strong>REVOGADO PELO\u00a0<a href=\"https:\/\/www.tjes.jus.br\/corregedoria\/2026\/03\/17\/ato-normativo-no-048-2026-disp-17-03-2026\/\">ATO NORMATIVO N\u00ba 048\/2026<\/a>\u00a0DISP. 17\/03\/2026<\/strong><\/span><\/h4>\n<p align=\"center\"><del>PODER JUDICI\u00c1RIO DO ESTADO DO ESP\u00cdRITO SANTO &#8211; PJES<\/del><\/p>\n<p align=\"center\"><del>RUA DESEMBARGADOR HOMERO MAFRA,60 &#8211; Bairro ENSEADA DO SU\u00c1 &#8211; CEP 29050906 &#8211; Vit\u00f3ria &#8211; ES &#8211; www.tjes.jus.br<\/del><\/p>\n<p class=\"textocentralizadomaiusculas\" align=\"center\"><del><strong>\u00a0<\/strong><\/del><\/p>\n<p>\u00a0<\/p>\n<p class=\"textocentralizado\" align=\"center\"><del><strong>ATO NORMATIVO N\u00ba 010\/2026<\/strong><\/del><\/p>\n<p>\u00a0<\/p>\n<p>\u00a0<\/p>\n<p class=\"textojustificado\"><del><strong>Disp\u00f5e sobre a recomposi\u00e7\u00e3o do Laborat\u00f3rio de Inova\u00e7\u00e3o e Intelig\u00eancia Artificial \u2013 LI\u00b2\/TJES<\/strong><\/del><\/p>\n<p>\u00a0<\/p>\n<p>\u00a0<\/p>\n<p class=\"textojustificado\" style=\"text-align: justify;\"><del>A EXCELENT\u00cdSSIMA PRESIDENTE DO TRIBUNAL DE JUSTI\u00c7A DO ESTADO DO ESP\u00cdRITO SANTO, no uso de suas atribui\u00e7\u00f5es legais e regimentais, e conforme o disposto no artigo 58 do Regimento Interno desta Corte,<\/del><\/p>\n<p style=\"text-align: justify;\">\u00a0<\/p>\n<p style=\"text-align: justify;\">\u00a0<\/p>\n<p class=\"textojustificado\" style=\"text-align: justify;\"><del>CONSIDERANDO a edi\u00e7\u00e3o do Ato Normativo n. 035\/2024, de 05 de mar\u00e7o de 2024, que disciplinou o funcionamento do Laborat\u00f3rio de Inova\u00e7\u00e3o e Intelig\u00eancia Artificial \u2013 LI\u00b2\/TJES;<\/del><\/p>\n<p style=\"text-align: justify;\">\u00a0<\/p>\n<p style=\"text-align: justify;\">\u00a0<\/p>\n<p class=\"textojustificado\" style=\"text-align: justify;\"><del>CONSIDERANDO a necessidade de recomposi\u00e7\u00e3o do Laborat\u00f3rio de Inova\u00e7\u00e3o e Intelig\u00eancia Artificial \u2013 LI\u00b2\/TJES;<\/del><\/p>\n<p style=\"text-align: justify;\">\u00a0<\/p>\n<p style=\"text-align: justify;\">\u00a0<\/p>\n<p class=\"textojustificado\" style=\"text-align: justify;\"><del>CONSIDERANDO que o Laborat\u00f3rio de Inova\u00e7\u00e3o e Intelig\u00eancia Artificial &#8211; LI\u00b2\/TJES poder\u00e1 contar com o trabalho colaborativo de ju\u00edzes, servidores e estagi\u00e1rios sem preju\u00edzo de suas fun\u00e7\u00f5es e sem qualquer v\u00ednculo de trabalho e tipo de remunera\u00e7\u00e3o pelas suas participa\u00e7\u00f5es;<\/del><\/p>\n<p>\u00a0<\/p>\n<p>\u00a0<\/p>\n<p class=\"textojustificado\"><del><strong>RESOLVE<\/strong>:<\/del><\/p>\n<p>\u00a0<\/p>\n<p>\u00a0<\/p>\n<p class=\"textojustificado\"><del><strong>Art. 1\u00ba.\u00a0<\/strong>Designar os seguintes magistrados e servidores(as) para o Laborat\u00f3rio de Inova\u00e7\u00e3o e Intelig\u00eancia Artificial \u2013 LI\u00b2\/TJES:<\/del><\/p>\n<p>\u00a0<\/p>\n<p class=\"textojustificado\"><del>I \u2013 a Desembargadora Janete Vargas Sim\u00f5es, que o presidir\u00e1;<\/del><\/p>\n<p class=\"textojustificado\"><del>II \u2013 o magistrado Anselmo Laghi Laranja, Secret\u00e1rio Geral do Tribunal de Justi\u00e7a;<\/del><\/p>\n<p class=\"textojustificado\"><del>III \u2013 a magistrada Brunella Faustini Baglioli, Ju\u00edza Assessora Especial da Presid\u00eancia;<\/del><\/p>\n<p class=\"textojustificado\"><del>IV \u2013 o magistrado Daniel Pe\u00e7anha Moreira, Juiz Assessor Especial da Presid\u00eancia;<\/del><\/p>\n<p class=\"textojustificado\"><del>V \u2013 o magistrado Gustavo Mar\u00e7al da Silva e Silva, Juiz Assessor Especial da Vice-Presid\u00eancia;<\/del><\/p>\n<p class=\"textojustificado\"><del>VI \u2013 o magistrado Paulo C\u00e9sar de Carvalho;<\/del><\/p>\n<p class=\"textojustificado\"><del>VII \u2013 a magistrada Maria Izabel Pereira de Azevedo Alto\u00e9;<\/del><\/p>\n<p class=\"textojustificado\"><del>VIII \u2013 o servidor Andr\u00e9 Roepke, que atuar\u00e1 com dedica\u00e7\u00e3o exclusiva;<\/del><\/p>\n<p class=\"textojustificado\"><del>IX \u2013 a servidora Regina Coeli Chequer Bou Habib;<\/del><\/p>\n<p class=\"textojustificado\"><del>X \u2013 o servidor Hudson de Angeli Ferreira.<\/del><\/p>\n<p>\u00a0<\/p>\n<p>\u00a0<\/p>\n<p class=\"textojustificado\"><del><strong>Art. 2\u00ba.<\/strong>\u00a0Torna-se sem efeito a Portaria n\u00b0 11\/2024, disponibilizado no DJES em 08 de outubro de 2024.<\/del><\/p>\n<p>\u00a0<\/p>\n<p>\u00a0<\/p>\n<p class=\"textojustificado\"><del><strong>Art. 3\u00ba.<\/strong>\u00a0Este Ato Normativo entra em vigor na data de sua publica\u00e7\u00e3o.<\/del><\/p>\n<p>\u00a0<\/p>\n<p>\u00a0<\/p>\n<p class=\"textojustificado\"><del>Publique-se.<\/del><\/p>\n<p>\u00a0<\/p>\n<p class=\"textojustificado\"><del>Vit\u00f3ria, 22 de janeiro de 2026.<\/del><\/p>\n<p>\u00a0<\/p>\n<p>\u00a0<\/p>\n<p>\u00a0<\/p>\n<p class=\"textocentralizado\" align=\"center\"><del><strong>Desembargadora Janete Vargas Sim\u00f5es<\/strong><\/del><\/p>\n<p class=\"textocentralizado\" align=\"center\"><del>Presidente<\/del><\/p>\n","protected":false},"excerpt":{"rendered":"<p>REVOGADO PELO\u00a0ATO NORMATIVO N\u00ba 048\/2026\u00a0DISP. 17\/03\/2026 PODER JUDICI\u00c1RIO DO ESTADO DO ESP\u00cdRITO SANTO &#8211; PJES RUA DESEMBARGADOR HOMERO MAFRA,60 &#8211; Bairro ENSEADA DO SU\u00c1 &#8211; CEP 29050906 &#8211; Vit\u00f3ria &#8211; ES &#8211; www.tjes.jus.br \u00a0 \u00a0 ATO NORMATIVO N\u00ba 010\/2026 \u00a0 \u00a0 Disp\u00f5e sobre a recomposi\u00e7\u00e3o do Laborat\u00f3rio de Inova\u00e7\u00e3o e Intelig\u00eancia Artificial \u2013 LI\u00b2\/TJES \u00a0 [&hellip;]<\/p>\n","protected":false},"author":8,"featured_media":0,"comment_status":"closed","ping_status":"closed","sticky":false,"template":"","format":"standard","meta":{"footnotes":""},"categories":[4,14],"tags":[],"_links":{"self":[{"href":"https:\/\/www.tjes.jus.br\/corregedoria\/wp-json\/wp\/v2\/posts\/46057"}],"collection":[{"href":"https:\/\/www.tjes.jus.br\/corregedoria\/wp-json\/wp\/v2\/posts"}],"about":[{"href":"https:\/\/www.tjes.jus.br\/corregedoria\/wp-json\/wp\/v2\/types\/post"}],"author":[{"embeddable":true,"href":"https:\/\/www.tjes.jus.br\/corregedoria\/wp-json\/wp\/v2\/users\/8"}],"replies":[{"embeddable":true,"href":"https:\/\/www.tjes.jus.br\/corregedoria\/wp-json\/wp\/v2\/comments?post=46057"}],"version-history":[{"count":3,"href":"https:\/\/www.tjes.jus.br\/corregedoria\/wp-json\/wp\/v2\/posts\/46057\/revisions"}],"predecessor-version":[{"id":46610,"href":"https:\/\/www.tjes.jus.br\/corregedoria\/wp-json\/wp\/v2\/posts\/46057\/revisions\/46610"}],"wp:attachment":[{"href":"https:\/\/www.tjes.jus.br\/corregedoria\/wp-json\/wp\/v2\/media?parent=46057"}],"wp:term":[{"taxonomy":"category","embeddable":true,"href":"https:\/\/www.tjes.jus.br\/corregedoria\/wp-json\/wp\/v2\/categories?post=46057"},{"taxonomy":"post_tag","embeddable":true,"href":"https:\/\/www.tjes.jus.br\/corregedoria\/wp-json\/wp\/v2\/tags?post=46057"}],"curies":[{"name":"wp","href":"https:\/\/api.w.org\/{rel}","templated":true}]}}