{"id":46062,"date":"2026-01-23T17:09:23","date_gmt":"2026-01-23T20:09:23","guid":{"rendered":"https:\/\/www.tjes.jus.br\/corregedoria\/?p=46062"},"modified":"2026-01-23T17:10:50","modified_gmt":"2026-01-23T20:10:50","slug":"oficio-circular-cgjes-3031068-2026-disp-23-01-2026","status":"publish","type":"post","link":"https:\/\/www.tjes.jus.br\/corregedoria\/2026\/01\/23\/oficio-circular-cgjes-3031068-2026-disp-23-01-2026\/","title":{"rendered":"OF\u00cdCIO CIRCULAR CGJES\u00a03031068\/2026 \u2013 DISP. 23\/01\/2026"},"content":{"rendered":"\n<p class=\"Texto_Centralizado_Maiusculas\" style=\"text-align: center;\"><strong>OF\u00cdCIO CIRCULAR CGJES\u00a03031068\/7005306-55.2025.8.08.0000<\/strong><\/p>\n<p>\u00a0<\/p>\n<p class=\"Texto_Justificado\" data-end=\"693\" data-start=\"590\"><strong data-end=\"602\" data-start=\"590\">Assunto:<\/strong>\u00a0Regulariza\u00e7\u00e3o de pend\u00eancias no Sistema Nacional de Informa\u00e7\u00f5es de Registro Civil \u2013 SIRC.<\/p>\n<p>\u00a0<\/p>\n<p class=\"Texto_Justificado\" data-end=\"739\" data-start=\"695\">Senhor(a) Oficial\/Substituto(a)\/Interino(a),<\/p>\n<p>\u00a0<\/p>\n<p class=\"Texto_Justificado\" style=\"text-align: justify;\" data-end=\"739\" data-start=\"695\">Considerando a norma t\u00e9cnica prevista\u00a0no artigo 234 do Provimento 149\/2023, que determina disponibiliza\u00e7\u00e3o, por parte dos registradores civis \u00e0 CRC, das informa\u00e7\u00f5es definidas pelo ON-RCPN, observada a legisla\u00e7\u00e3o em vigor, no prazo de 1 (um) dia \u00fatil, contado da lavratura dos atos, respeitadas as peculiaridades locais; e da norma t\u00e9cnica disciplinada na Recomenda\u00e7\u00e3o n. 40\/2019, que instruiu serventias extrajudiciais de registro de pessoas naturais a observarem o prazo de 1 (um) dia \u00fatil estabelecido pela Lei n\u00b0 13.846, de 18 de junho de 2019, para remessa ao INSS, pelo Sistema Nacional de Informa\u00e7\u00f5es de Registro Civil (SIRC), ou por outro meio que venha a substitu\u00ed-lo, da rela\u00e7\u00e3o dos nascimentos, dos natimortos, dos casamentos, dos \u00f3bitos, das averba\u00e7\u00f5es, das anota\u00e7\u00f5es e das retifica\u00e7\u00f5es registradas na serventia,\u00a0bem como a responsabilidade das Corregedorias dos Estados pela fiscaliza\u00e7\u00e3o do cumprimento dessa obriga\u00e7\u00e3o legal;<\/p>\n<p class=\"Texto_Justificado\" style=\"text-align: justify;\" data-end=\"1568\" data-start=\"1072\">Considerando a decis\u00e3o exarada pelo Excelent\u00edssimo Ministro Corregedor Nacional de Justi\u00e7a, nos autos do Pedido de Provid\u00eancias\u00a0n\u00ba 0008494-04.2025.2.00.0000\u00a0que determinou \u00e0s Corregedorias-Gerais dos Estados que promovam a intensifica\u00e7\u00e3o da fiscaliza\u00e7\u00e3o das unidades extrajudiciais; o monitoramento dos pr\u00f3prios desempenhos, valendo-se de acessos ao m\u00f3dulo de correi\u00e7\u00e3o online do ON-RCPN;\u00a0a atua\u00e7\u00e3o de forma a obter, ao t\u00e9rmino do prazo definido, a redu\u00e7\u00e3o dos quantitativos indicados na tabela a n\u00edveis, no m\u00ednimo, 50% inferiores aos atuais; provid\u00eancias para que interinos tenham \u00e0 disposi\u00e7\u00e3o, recursos (humanos e materiais) adequados ao cumprimento das respectivas responsabilidades; e a substitui\u00e7\u00e3o de interinos que eventualmente se revelem mal gestores pela manuten\u00e7\u00e3o de situa\u00e7\u00f5es irregulares.\u00a0<\/p>\n<p class=\"Texto_Justificado\" style=\"text-align: justify;\" data-end=\"1568\" data-start=\"1072\">Considerando que o relat\u00f3rio enviado pelo CNJ identificou serventias extrajudiciais do Estado do Esp\u00edrito Santo com atraso m\u00e9dio significativo no envio de registros ao SIRC, algumas delas com atraso superior a 30 (trinta) dias corridos;<\/p>\n<p class=\"Texto_Justificado\" style=\"text-align: justify;\" data-end=\"1938\" data-start=\"1570\">Considerando que a inobserv\u00e2ncia dos prazos legais constitui infra\u00e7\u00e3o funcional, nos termos do art. 31, inciso I, da Lei n\u00ba 8.935\/1994;<\/p>\n<p style=\"text-align: justify;\">\u00a0<\/p>\n<p class=\"Texto_Justificado\" style=\"text-align: justify;\" data-end=\"2349\" data-start=\"2081\"><strong data-end=\"2094\" data-start=\"2081\">DETERMINO<\/strong>\u00a0aos(\u00e0s) Senhores(as) delegat\u00e1rios(as) e interinos(as) respons\u00e1veis pelos Cart\u00f3rios de Registro Civil das Pessoas Naturais do Estado do Esp\u00edrito Santo que, no\u00a0<strong data-end=\"2306\" data-start=\"2253\">prazo de 48 (quarenta e oito) horas<\/strong>, a contar do recebimento deste expediente:<\/p>\n<ol data-end=\"2877\" data-start=\"2351\">\n<li style=\"text-align: justify;\" data-end=\"2573\" data-start=\"2351\">\n<p class=\"Texto_Justificado\" data-end=\"2573\" data-start=\"2354\"><strong data-end=\"2427\" data-start=\"2354\">Regularizem integralmente as pend\u00eancias de envio de registros ao SIRC<\/strong>, promovendo a alimenta\u00e7\u00e3o completa e tempestiva dos dados obrigat\u00f3rios, conforme os par\u00e2metros fixados pela legisla\u00e7\u00e3o e regulamenta\u00e7\u00e3o em vigor;<\/p>\n<\/li>\n<li data-end=\"2877\" data-start=\"2575\">\n<p class=\"Texto_Justificado\" style=\"text-align: justify;\" data-end=\"2877\" data-start=\"2578\"><strong data-end=\"2683\" data-start=\"2578\">Encaminhem \u00e0 Coordenadoria de Monitoramento de Foro Judicial e Extrajudicial desta Corregedoria Geral da Justi\u00e7a,<\/strong>\u00a0no mesmo prazo, comprova\u00e7\u00e3o do cumprimento da obriga\u00e7\u00e3o, com extrato de sistema ou outra documenta\u00e7\u00e3o id\u00f4nea que demonstre a regulariza\u00e7\u00e3o da situa\u00e7\u00e3o funcional da serventia junto ao SIRC.<\/p>\n<\/li>\n<\/ol>\n<p>\u00a0<\/p>\n<p class=\"Texto_Justificado\" style=\"text-align: justify;\" data-end=\"3037\" data-start=\"2879\">O descumprimento desta determina\u00e7\u00e3o poder\u00e1 ensejar a instaura\u00e7\u00e3o de procedimento administrativo disciplinar, sem preju\u00edzo de outras provid\u00eancias cab\u00edveis.<\/p>\n<p class=\"Texto_Justificado\" data-end=\"3089\" data-start=\"3039\">Renovo protestos de elevada estima e considera\u00e7\u00e3o.<\/p>\n<p class=\"Texto_Justificado\" data-end=\"3108\" data-start=\"3091\">Atenciosamente,<\/p>\n<p>\u00a0<\/p>\n<p class=\"Tabela_Texto_Alinhado_Esquerda\">Vit\u00f3ria\/ES, 22 de janeiro de 2026.<\/p>\n<p>\u00a0<\/p>\n<p class=\"Texto_Centralizado\" style=\"text-align: center;\"><strong>Corregedor Geral da Justi\u00e7a<\/strong><\/p>\n","protected":false},"excerpt":{"rendered":"<p>OF\u00cdCIO CIRCULAR CGJES\u00a03031068\/7005306-55.2025.8.08.0000 \u00a0 Assunto:\u00a0Regulariza\u00e7\u00e3o de pend\u00eancias no Sistema Nacional de Informa\u00e7\u00f5es de Registro Civil \u2013 SIRC. \u00a0 Senhor(a) Oficial\/Substituto(a)\/Interino(a), \u00a0 Considerando a norma t\u00e9cnica prevista\u00a0no artigo 234 do Provimento 149\/2023, que determina disponibiliza\u00e7\u00e3o, por parte dos registradores civis \u00e0 CRC, das informa\u00e7\u00f5es definidas pelo ON-RCPN, observada a legisla\u00e7\u00e3o em vigor, no prazo de 1 [&hellip;]<\/p>\n","protected":false},"author":8,"featured_media":0,"comment_status":"closed","ping_status":"closed","sticky":false,"template":"","format":"standard","meta":{"footnotes":""},"categories":[14,5],"tags":[],"_links":{"self":[{"href":"https:\/\/www.tjes.jus.br\/corregedoria\/wp-json\/wp\/v2\/posts\/46062"}],"collection":[{"href":"https:\/\/www.tjes.jus.br\/corregedoria\/wp-json\/wp\/v2\/posts"}],"about":[{"href":"https:\/\/www.tjes.jus.br\/corregedoria\/wp-json\/wp\/v2\/types\/post"}],"author":[{"embeddable":true,"href":"https:\/\/www.tjes.jus.br\/corregedoria\/wp-json\/wp\/v2\/users\/8"}],"replies":[{"embeddable":true,"href":"https:\/\/www.tjes.jus.br\/corregedoria\/wp-json\/wp\/v2\/comments?post=46062"}],"version-history":[{"count":2,"href":"https:\/\/www.tjes.jus.br\/corregedoria\/wp-json\/wp\/v2\/posts\/46062\/revisions"}],"predecessor-version":[{"id":46065,"href":"https:\/\/www.tjes.jus.br\/corregedoria\/wp-json\/wp\/v2\/posts\/46062\/revisions\/46065"}],"wp:attachment":[{"href":"https:\/\/www.tjes.jus.br\/corregedoria\/wp-json\/wp\/v2\/media?parent=46062"}],"wp:term":[{"taxonomy":"category","embeddable":true,"href":"https:\/\/www.tjes.jus.br\/corregedoria\/wp-json\/wp\/v2\/categories?post=46062"},{"taxonomy":"post_tag","embeddable":true,"href":"https:\/\/www.tjes.jus.br\/corregedoria\/wp-json\/wp\/v2\/tags?post=46062"}],"curies":[{"name":"wp","href":"https:\/\/api.w.org\/{rel}","templated":true}]}}