{"id":46080,"date":"2026-01-26T13:41:43","date_gmt":"2026-01-26T16:41:43","guid":{"rendered":"https:\/\/www.tjes.jus.br\/corregedoria\/?p=46080"},"modified":"2026-01-26T13:43:40","modified_gmt":"2026-01-26T16:43:40","slug":"provimento-no-02-2026-disp-26-01-2026","status":"publish","type":"post","link":"https:\/\/www.tjes.jus.br\/corregedoria\/2026\/01\/26\/provimento-no-02-2026-disp-26-01-2026\/","title":{"rendered":"PROVIMENTO N\u00ba 02\/2026 \u2013 DISP. 26\/01\/2026"},"content":{"rendered":"\n<p class=\"Tabela_Texto_Centralizado\" style=\"text-align: center;\"><strong>PODER JUDICI\u00c1RIO DO ESTADO DO ESP\u00cdRITO SANTO &#8211; PJES<\/strong><\/p>\n<p class=\"Tabela_Texto_Centralizado\" style=\"text-align: center;\"><strong>CORREGEDORIA GERAL DA\u00a0JUSTI\u00c7A<\/strong><\/p>\n<p>\u00a0<\/p>\n<p class=\"Texto_Centralizado\" style=\"text-align: center;\"><strong>PROVIMENTO N\u00ba 02\/2026<\/strong><\/p>\n<p>\u00a0<\/p>\n<p class=\"Texto_Justificado\" style=\"text-align: justify;\">O Desembargador\u00a0<strong>EWERTON SCHWAB PINTO JUNIOR<\/strong>, Corregedor Geral da Justi\u00e7a do Estado do Esp\u00edrito Santo, no uso de suas atribui\u00e7\u00f5es legais, e,<\/p>\n<p style=\"text-align: justify;\">\u00a0<\/p>\n<p class=\"Texto_Justificado\" style=\"text-align: justify;\"><strong>CONSIDERANDO<\/strong>\u00a0que a Corregedoria Geral da Justi\u00e7a do Estado do Esp\u00edrito Santo \u00e9 \u00f3rg\u00e3o de fiscaliza\u00e7\u00e3o que disciplina a orienta\u00e7\u00e3o administrativa em todo o Estado, nos termos do art. 35 da Lei Complementar Estadual n\u00ba 234\/2002;<\/p>\n<p style=\"text-align: justify;\">\u00a0<\/p>\n<p class=\"Texto_Justificado\" style=\"text-align: justify;\"><strong>CONSIDERANDO<\/strong>\u00a0que o C\u00f3digo de Normas \u00e9 a principal ferramenta de que disp\u00f5e a Corregedoria Geral da Justi\u00e7a para uniformizar a orienta\u00e7\u00e3o administrativa do foro judicial e extrajudicial em todo o Estado, sendo imperioso e necess\u00e1rio o constante aprimoramento das diversas disposi\u00e7\u00f5es nele contidas;<\/p>\n<p style=\"text-align: justify;\">\u00a0<\/p>\n<p class=\"Texto_Justificado\" style=\"text-align: justify;\"><strong>CONSIDERANDO\u00a0<\/strong>a necessidade de padroniza\u00e7\u00e3o do regime de plant\u00e3o dos oficiais de justi\u00e7a e a execu\u00e7\u00e3o de mandados judiciais;<\/p>\n<p>\u00a0<\/p>\n<p class=\"Texto_Justificado\"><strong>RESOLVE:<\/strong><\/p>\n<p class=\"Texto_Justificado\" style=\"text-align: justify;\"><strong>Art. 1\u00ba.<\/strong>\u00a0Inserir os\u00a0artigos 494-A, 494-B, 494-C e 494-D,\u00a0ao Tomo I do C\u00f3digo de Normas da Corregedoria Geral do Estado do Esp\u00edrito Santo, que passar\u00e1 a vigorar com a seguinte reda\u00e7\u00e3o:<\/p>\n<p class=\"Texto_Cita\u00e7\u00e3o\" style=\"text-align: justify;\"><strong>Art. 494-A.<\/strong>\u00a0O plant\u00e3o di\u00e1rio dos oficiais de justi\u00e7a destina-se a assegurar a continuidade da presta\u00e7\u00e3o jurisdicional mediante o cumprimento de medidas de car\u00e1ter urgente, tais como:<\/p>\n<p class=\"Texto_Cita\u00e7\u00e3o\" style=\"text-align: justify;\"><strong>I<\/strong>\u00a0&#8211; concess\u00e3o ou revoga\u00e7\u00e3o de medidas liminares ou antecipat\u00f3rias;<\/p>\n<p class=\"Texto_Cita\u00e7\u00e3o\" style=\"text-align: justify;\"><strong>II\u00a0<\/strong>&#8211; afastamento do lar;<\/p>\n<p class=\"Texto_Cita\u00e7\u00e3o\" style=\"text-align: justify;\"><strong>III\u00a0<\/strong>&#8211; deferimento de medidas protetivas;<\/p>\n<p class=\"Texto_Cita\u00e7\u00e3o\" style=\"text-align: justify;\"><strong>IV<\/strong>\u00a0&#8211; condu\u00e7\u00e3o coercitiva de testemunhas para audi\u00eancias ou atos designados para a data do plant\u00e3o;<\/p>\n<p class=\"Texto_Cita\u00e7\u00e3o\" style=\"text-align: justify;\"><strong>V\u00a0<\/strong>&#8211; outras medidas necess\u00e1rias \u00e0 preven\u00e7\u00e3o de perecimento de direito ou \u00e0 tutela da liberdade de locomo\u00e7\u00e3o durante o respectivo plant\u00e3o.<\/p>\n<p class=\"Texto_Cita\u00e7\u00e3o\" style=\"text-align: justify;\"><strong>\u00a7<\/strong><strong>1\u00b0\u00a0<\/strong>Os despachos que determinarem medidas urgentes a serem cumpridas pelo oficial de justi\u00e7a plantonista dever\u00e3o ser transcritos no mandado ou anexados a este, devendo constar, de forma destacada, a express\u00e3o\u00a0<strong>&#8220;URGENTE<\/strong>\u00a0<strong>&#8211;<\/strong>\u00a0<strong>PLANT\u00c3O&#8221;.<\/strong><\/p>\n<p class=\"Texto_Cita\u00e7\u00e3o\" style=\"text-align: justify;\"><strong>\u00a7<\/strong><strong>2\u00b0\u00a0<\/strong>Caso o despacho n\u00e3o esteja transcrito ou anexado ao mandado, a Central de Mandados n\u00e3o o distribuir\u00e1 ao oficial de justi\u00e7a, devendo notificar o cart\u00f3rio expedidor para regulariza\u00e7\u00e3o no prazo de 24 (vinte e quatro) horas, sob pena de devolu\u00e7\u00e3o sem cumprimento.<\/p>\n<p class=\"Texto_Cita\u00e7\u00e3o\" style=\"text-align: justify;\"><strong><em>\u00a7<\/em><\/strong><strong>3\u00b0<\/strong>Observado o disposto nos \u00a7\u00a7 1\u00b0 e 2\u00ba, os mandados destinados exclusivamente \u00e0 intima\u00e7\u00e3o para audi\u00eancia poder\u00e3o ser encaminhados ao plant\u00e3o, desde que a audi\u00eancia esteja designada para data igual ou inferior a 10 (dez) dias corridos da data do envio.<\/p>\n<p class=\"Texto_Cita\u00e7\u00e3o\" style=\"text-align: justify;\"><strong>\u00a7<\/strong>4\u00b0 Havendo designa\u00e7\u00e3o de audi\u00eancia para data superior, o mandado deve ser distribu\u00eddo imediatamente ao oficial de justi\u00e7a respons\u00e1vel pela respectiva \u00e1rea de atua\u00e7\u00e3o, que o cumprir\u00e1 em regime ordin\u00e1rio ou de plant\u00e3o, conforme o caso.<\/p>\n<p class=\"Texto_Cita\u00e7\u00e3o\" style=\"text-align: justify;\"><strong>\u00a7<\/strong>5\u00b0 Os mandados de reintegra\u00e7\u00e3o de posse, busca e apreens\u00e3o ou despejo compuls\u00f3rio encaminhados ao plant\u00e3o dever\u00e3o conter o nome completo e o contato das partes e dos respectivos advogados, bem como, se aplic\u00e1vel, documento de autoriza\u00e7\u00e3o para recebimento do bem ou im\u00f3vel na condi\u00e7\u00e3o de deposit\u00e1rio.<\/p>\n<p class=\"Texto_Cita\u00e7\u00e3o\" style=\"text-align: justify;\"><strong>\u00a7<\/strong><strong>6\u00b0\u00a0<\/strong>Caso os mandados mencionados no par\u00e1grafo anterior n\u00e3o estejam devidamente instru\u00eddos, demandem atos preparat\u00f3rios para cumprimento ou prevejam prazo para desocupa\u00e7\u00e3o volunt\u00e1ria ou entrega do bem, dever\u00e3o ser distribu\u00eddos ao oficial de justi\u00e7a da respectiva regi\u00e3o, que os cumprir\u00e1 em regime de plant\u00e3o, observando-se, quando couber, o disposto no inciso II do art. 231 do CPC.<\/p>\n<p class=\"Texto_Cita\u00e7\u00e3o\" style=\"text-align: justify;\"><strong>\u00a7<\/strong><strong>7<\/strong><strong>\u00b0\u00a0<\/strong>Nas hip\u00f3teses previstas nos \u00a7\u00a7 4\u00b0 e 6\u00b0, todos os oficiais de justi\u00e7a da comarca ser\u00e3o considerados plantonistas.<\/p>\n<p class=\"Texto_Cita\u00e7\u00e3o\" style=\"text-align: justify;\"><strong>Art. 494-B.<\/strong>\u00a0Havendo necessidade, o Juiz Diretor do Foro poder\u00e1 designar mais de um oficial de justi\u00e7a para o plant\u00e3o di\u00e1rio.<\/p>\n<p class=\"Texto_Cita\u00e7\u00e3o\" style=\"text-align: justify;\"><strong>Art. 494-C.<\/strong>\u00a0A escala de plant\u00e3o ser\u00e1 encaminhada \u00e0 Central de Mandados com anteced\u00eancia m\u00ednima de 5 (cinco) dias, devendo os oficiais de justi\u00e7a ser cientificados por qualquer meio id\u00f4neo de comunica\u00e7\u00e3o, inclusive aplicativos de mensagens.<\/p>\n<p class=\"Texto_Cita\u00e7\u00e3o\" style=\"text-align: justify;\"><strong>\u00a7<\/strong><strong>1\u00b0<\/strong>\u00a0A Dire\u00e7\u00e3o do Foro poder\u00e1 convocar, em car\u00e1ter extraordin\u00e1rio, oficiais de justi\u00e7a para auxiliar no atendimento do plant\u00e3o.<\/p>\n<p class=\"Texto_Cita\u00e7\u00e3o\" style=\"text-align: justify;\"><strong>\u00a7<\/strong><strong>2\u00b0<\/strong>\u00a0Durante o hor\u00e1rio de expediente normal, o(s) oficial(is) de justi\u00e7a plantonista(s) dever\u00e1(\u00e3o) permanecer integralmente \u00e0 disposi\u00e7\u00e3o dos ju\u00edzes da comarca para o cumprimento de medidas urgentes.<\/p>\n<p class=\"Texto_Cita\u00e7\u00e3o\" style=\"text-align: justify;\"><strong>Art. 494-<\/strong><strong>D<\/strong><strong>.<\/strong>\u00a0Os mandados de urg\u00eancia recebidos durante o plant\u00e3o di\u00e1rio ser\u00e3o cumpridos integralmente pelo oficial de justi\u00e7a plantonista que os recebeu, independentemente da \u00e1rea de origem, podendo ser redistribu\u00eddos quando tal medida se revelar mais eficiente ou necess\u00e1ria \u00e0 observ\u00e2ncia das regras acima dispostas.<\/p>\n<p>\u00a0<\/p>\n<p class=\"Texto_Justificado\"><strong>Art. 2\u00ba<\/strong>. Este Provimento entra em vigor na data de sua publica\u00e7\u00e3o, revogando-se as disposi\u00e7\u00f5es em contr\u00e1rio.<\/p>\n<p>\u00a0<\/p>\n<p>\u00a0<\/p>\n<p class=\"Texto_Justificado\">Publique-se. Registre-se. Cumpra-se.<\/p>\n<p>\u00a0<\/p>\n<p class=\"m_Texto_Centralizado\">Vit\u00f3ria, 23 de janeiro de 2026.<\/p>\n<p>\u00a0<\/p>\n<p>\u00a0<\/p>\n<p class=\"m_Texto_Centralizado\" style=\"text-align: center;\">Desembargador Ewerton Schwab Pinto J\u00fanior<\/p>\n<p class=\"m_Texto_Centralizado\" style=\"text-align: center;\">Corregedor Geral da Justi\u00e7a<\/p>\n","protected":false},"excerpt":{"rendered":"<p>PODER JUDICI\u00c1RIO DO ESTADO DO ESP\u00cdRITO SANTO &#8211; PJES CORREGEDORIA GERAL DA\u00a0JUSTI\u00c7A \u00a0 PROVIMENTO N\u00ba 02\/2026 \u00a0 O Desembargador\u00a0EWERTON SCHWAB PINTO JUNIOR, Corregedor Geral da Justi\u00e7a do Estado do Esp\u00edrito Santo, no uso de suas atribui\u00e7\u00f5es legais, e, \u00a0 CONSIDERANDO\u00a0que a Corregedoria Geral da Justi\u00e7a do Estado do Esp\u00edrito Santo \u00e9 \u00f3rg\u00e3o de fiscaliza\u00e7\u00e3o que [&hellip;]<\/p>\n","protected":false},"author":8,"featured_media":0,"comment_status":"closed","ping_status":"closed","sticky":false,"template":"","format":"standard","meta":{"footnotes":""},"categories":[14,16],"tags":[],"_links":{"self":[{"href":"https:\/\/www.tjes.jus.br\/corregedoria\/wp-json\/wp\/v2\/posts\/46080"}],"collection":[{"href":"https:\/\/www.tjes.jus.br\/corregedoria\/wp-json\/wp\/v2\/posts"}],"about":[{"href":"https:\/\/www.tjes.jus.br\/corregedoria\/wp-json\/wp\/v2\/types\/post"}],"author":[{"embeddable":true,"href":"https:\/\/www.tjes.jus.br\/corregedoria\/wp-json\/wp\/v2\/users\/8"}],"replies":[{"embeddable":true,"href":"https:\/\/www.tjes.jus.br\/corregedoria\/wp-json\/wp\/v2\/comments?post=46080"}],"version-history":[{"count":3,"href":"https:\/\/www.tjes.jus.br\/corregedoria\/wp-json\/wp\/v2\/posts\/46080\/revisions"}],"predecessor-version":[{"id":46085,"href":"https:\/\/www.tjes.jus.br\/corregedoria\/wp-json\/wp\/v2\/posts\/46080\/revisions\/46085"}],"wp:attachment":[{"href":"https:\/\/www.tjes.jus.br\/corregedoria\/wp-json\/wp\/v2\/media?parent=46080"}],"wp:term":[{"taxonomy":"category","embeddable":true,"href":"https:\/\/www.tjes.jus.br\/corregedoria\/wp-json\/wp\/v2\/categories?post=46080"},{"taxonomy":"post_tag","embeddable":true,"href":"https:\/\/www.tjes.jus.br\/corregedoria\/wp-json\/wp\/v2\/tags?post=46080"}],"curies":[{"name":"wp","href":"https:\/\/api.w.org\/{rel}","templated":true}]}}