{"id":46483,"date":"2026-03-10T13:22:45","date_gmt":"2026-03-10T16:22:45","guid":{"rendered":"https:\/\/www.tjes.jus.br\/corregedoria\/?p=46483"},"modified":"2026-03-10T13:25:35","modified_gmt":"2026-03-10T16:25:35","slug":"oficio-circular-no-2-2026-disp-10-03-2026","status":"publish","type":"post","link":"https:\/\/www.tjes.jus.br\/corregedoria\/2026\/03\/10\/oficio-circular-no-2-2026-disp-10-03-2026\/","title":{"rendered":"OF\u00cdCIO CIRCULAR N\u00ba 2\/2026 \u2013 DISP. 10\/03\/2026"},"content":{"rendered":"\n<div class=\"override-text\">\n<p class=\"Tabela_Texto_Centralizado\" style=\"text-align: center;\"><strong>PODER JUDICI\u00c1RIO DO ESTADO DO ESP\u00cdRITO SANTO &#8211; PJES<\/strong><\/p>\n<p class=\"Tabela_Texto_Centralizado\" style=\"text-align: center;\"><strong>RUA DESEMBARGADOR HOMERO MAFRA,60 &#8211; Bairro ENSEADA DO SU\u00c1 &#8211; CEP 29050906 &#8211; Vit\u00f3ria &#8211; ES &#8211; www.tjes.jus.br<br \/><\/strong><\/p>\n<\/div>\n<p>\u00a0<\/p>\n<p class=\"Texto_Centralizado_Maiusculas\" style=\"text-align: center;\"><strong>Of\u00edcio-Circular N\u00ba 2\/2026 &#8211; SECAO DE MONITORAMENTO DE FORO EXTRAJUDICIAL<\/strong><\/p>\n<p>\u00a0<\/p>\n<p class=\"Texto_Justificado\">De ordem do\u00a0Exmo. Sr. Desembargador Corregedor-Geral da Justi\u00e7a do Estado do Esp\u00edrito Santo, no uso de suas atribui\u00e7\u00f5es legais e,<\/p>\n<p>\u00a0<\/p>\n<p class=\"Texto_Justificado\"><strong>CONSIDERANDO<\/strong>\u00a0que a Corregedoria Geral da Justi\u00e7a \u00e9 \u00f3rg\u00e3o de fiscaliza\u00e7\u00e3o, disciplina e orienta\u00e7\u00e3o administrativa, com circunscri\u00e7\u00e3o em todo o Estado, conforme art. 35 da Lei Complementar Estadual n\u00ba 234\/2002 (COJES);<\/p>\n<p>\u00a0<\/p>\n<p class=\"Texto_Justificado\"><strong>CONSIDERANDO<\/strong>\u00a0o previsto no Art. 1\u00ba do <a href=\"https:\/\/www.tjes.jus.br\/corregedoria\/2021\/05\/07\/provimento-no-52-2021\/\">Provimento n\u00ba 052\/2021<\/a>, disponibilizado no Di\u00e1rio Eletr\u00f4nico da Justi\u00e7a do dia 07 de maio de 2021;<\/p>\n<p>\u00a0<\/p>\n<p class=\"Texto_Justificado\"><br \/><strong>CONSIDERANDO<\/strong>\u00a0o recebimento do malote digital n\u00ba 80220261505942, referente a r. Decis\u00e3o enviado pela Corregedoria-Geral da Justi\u00e7a do Estado de Alagoas;<\/p>\n<p>\u00a0<\/p>\n<p class=\"Texto_Justificado\"><br \/><strong>CONSIDERANDO<\/strong>\u00a0a\u00a0comunica\u00e7\u00e3o encaminhada pelo Cart\u00f3rio de Registro e Notas do 7\u00ba Distrito de Macei\u00f3\/AL acerca da lavratura de procura\u00e7\u00e3o p\u00fablica em 28\/11\/2025, supostamente realizada com base em documentos falsos, a pedido de Gilvan Gomes dos Santos, por meio da qual teria sido constitu\u00eddo Jos\u00e9 Armando Vitor dos Santos Pinto como seu procurador, conforme documentos anexos;<\/p>\n<p>\u00a0<\/p>\n<p class=\"Texto_Justificado\"><br \/><strong>CONSIDERANDO<\/strong>\u00a0que a referida Serventia j\u00e1 procedeu o registro da ocorr\u00eancia junto a Policia Civil do Estado de Goi\u00e1s, conforme Boletim de Ocorr\u00eancia em anexo.<\/p>\n<p>\u00a0<\/p>\n<p class=\"Texto_Justificado\"><br \/><strong>RECOMENDO<\/strong>\u00a0aos Ju\u00edzes de Direito Diretores dos F\u00f3runs, Membros do Minist\u00e9rio P\u00fablico, Advogados, Not\u00e1rios e Registradores, Serventu\u00e1rios e a quem mais possa\u00a0interessar, que observem o comunicado em anexo, e adotem as provid\u00eancias que entenderem pertinentes.<\/p>\n<p>\u00a0<\/p>\n<p class=\"Texto_Justificado\"><br \/><strong>Publique-se.\u00a0<\/strong><\/p>\n<p>\u00a0<\/p>\n<p>\u00a0<\/p>\n<p class=\"Tabela_Texto_Centralizado\" style=\"text-align: center;\"><strong>MAGALI BARBOSA DE OLIVEIRA<\/strong><\/p>\n<p class=\"Tabela_Texto_Centralizado\" style=\"text-align: center;\"><strong>Coordenadora\u00a0de Monitoramento do Foro Judicial e Extrajudicial<\/strong><\/p>\n<p>\u00a0<\/p>\n<p style=\"text-align: center;\"><strong><a href=\"https:\/\/sistemas.tjes.jus.br\/ediario\/images\/Peticao_Inicial_3086549_942__1_.pdf\">ANEXO &#8211; CLIQUE AQUI<\/a><\/strong><\/p>\n","protected":false},"excerpt":{"rendered":"<p>PODER JUDICI\u00c1RIO DO ESTADO DO ESP\u00cdRITO SANTO &#8211; PJES RUA DESEMBARGADOR HOMERO MAFRA,60 &#8211; Bairro ENSEADA DO SU\u00c1 &#8211; CEP 29050906 &#8211; Vit\u00f3ria &#8211; ES &#8211; www.tjes.jus.br \u00a0 Of\u00edcio-Circular N\u00ba 2\/2026 &#8211; SECAO DE MONITORAMENTO DE FORO EXTRAJUDICIAL \u00a0 De ordem do\u00a0Exmo. Sr. Desembargador Corregedor-Geral da Justi\u00e7a do Estado do Esp\u00edrito Santo, no uso de [&hellip;]<\/p>\n","protected":false},"author":19,"featured_media":0,"comment_status":"closed","ping_status":"closed","sticky":false,"template":"","format":"standard","meta":{"footnotes":""},"categories":[14,5],"tags":[],"_links":{"self":[{"href":"https:\/\/www.tjes.jus.br\/corregedoria\/wp-json\/wp\/v2\/posts\/46483"}],"collection":[{"href":"https:\/\/www.tjes.jus.br\/corregedoria\/wp-json\/wp\/v2\/posts"}],"about":[{"href":"https:\/\/www.tjes.jus.br\/corregedoria\/wp-json\/wp\/v2\/types\/post"}],"author":[{"embeddable":true,"href":"https:\/\/www.tjes.jus.br\/corregedoria\/wp-json\/wp\/v2\/users\/19"}],"replies":[{"embeddable":true,"href":"https:\/\/www.tjes.jus.br\/corregedoria\/wp-json\/wp\/v2\/comments?post=46483"}],"version-history":[{"count":2,"href":"https:\/\/www.tjes.jus.br\/corregedoria\/wp-json\/wp\/v2\/posts\/46483\/revisions"}],"predecessor-version":[{"id":46488,"href":"https:\/\/www.tjes.jus.br\/corregedoria\/wp-json\/wp\/v2\/posts\/46483\/revisions\/46488"}],"wp:attachment":[{"href":"https:\/\/www.tjes.jus.br\/corregedoria\/wp-json\/wp\/v2\/media?parent=46483"}],"wp:term":[{"taxonomy":"category","embeddable":true,"href":"https:\/\/www.tjes.jus.br\/corregedoria\/wp-json\/wp\/v2\/categories?post=46483"},{"taxonomy":"post_tag","embeddable":true,"href":"https:\/\/www.tjes.jus.br\/corregedoria\/wp-json\/wp\/v2\/tags?post=46483"}],"curies":[{"name":"wp","href":"https:\/\/api.w.org\/{rel}","templated":true}]}}